{"id":12363,"date":"2019-11-07T14:15:41","date_gmt":"2019-11-07T13:15:41","guid":{"rendered":"https:\/\/whatthefrance.org\/?p=12363"},"modified":"2019-11-07T14:15:41","modified_gmt":"2019-11-07T13:15:41","slug":"polo-pan-la-gira-mundial-continua","status":"publish","type":"post","link":"https:\/\/whatthefrance.org\/es\/polo-pan-la-gira-mundial-continua\/","title":{"rendered":"Polo &#038; Pan | La gira mundial contin\u00faa"},"content":{"rendered":"<p><span style=\"font-weight: 400;\">En 2018, la banda <\/span><a href=\"http:\/\/ekleroshock.com\/artist\/polo-pan\/\"><b>Polo &amp; Pan<\/b><\/a><span style=\"font-weight: 400;\"> ha logrado un \u00e9xito incre\u00edble en Estados Unidos, reuniendo a miles de fan\u00e1ticos. Se han presentado en algunas de las m\u00e1s grandes ciudades del pa\u00eds, como Chicago, San Francisco, Los \u00c1ngeles, y Nueva York, donde lograron agotar todas las entradas en tan solo dos d\u00edas.<\/span><\/p>\n<p><span style=\"font-weight: 400;\">\u00a1Y en 2019 el grupo vuelve a\u00fan m\u00e1s fuerte! Ya han tocado en el <\/span><a href=\"https:\/\/www.lebureauexport.fr\/en\/news\/2019\/01\/usa-11-made-in-france-acts-to-perform-at-coachella\/\"><span style=\"font-weight: 400;\">Festival Coachella junto a otras 11 bandas \u201cmade in France\u201d<\/span><\/a><span style=\"font-weight: 400;\">, adem\u00e1s de haber ofrecido una brillante combinaci\u00f3n entre m\u00fasica electr\u00f3nica e instrumentos cl\u00e1sicos, captando as\u00ed la atenci\u00f3n del peri\u00f3dico <\/span><b>Los \u00c1ngeles Time<\/b><span style=\"font-weight: 400;\"> en el art\u00edculo <\/span><a href=\"https:\/\/www.latimes.com\/entertainment\/music\/la-et-ms-coachella-edm-20190414-story.html\"><span style=\"font-weight: 400;\">\u201cQu\u00e9 nos ense\u00f1\u00f3 el Coachella acerca del futuro de la m\u00fasica bailable\u201d<\/span><\/a><span style=\"font-weight: 400;\">:<\/span><\/p>\n<p><i><span style=\"font-weight: 400;\">\u201cMuchos grupos han tratado de hacer trabajos conceptuales en vivo combinando varios g\u00e9neros musicales, desde Polo &amp; Pan con su electro-cumbia hasta la orquestaci\u00f3n diva-house de Gorgon City y el \u00e1lbum Parcels, donde Daft Punk hizo m\u00fasica disco-rock por primera vez\u201d<\/span><\/i><span style=\"font-weight: 400;\">.<\/span><\/p>\n<p><b><i>Billboard<\/i><\/b><span style=\"font-weight: 400;\"> ha listado a Polo &amp; Pan entre <\/span><a href=\"https:\/\/www.billboard.com\/articles\/news\/dance\/8506650\/15-must-see-dance-acts-coachella-2019\"><span style=\"font-weight: 400;\">los 15 artistas a seguir del Coachella 2019<\/span><\/a><span style=\"font-weight: 400;\">. Tambi\u00e9n han entrado entre <\/span><a href=\"https:\/\/www.billboard.com\/articles\/news\/dance\/8506650\/15-must-see-dance-acts-coachella-2019\"><span style=\"font-weight: 400;\">los 10 artistas para ver<\/span><\/a><span style=\"font-weight: 400;\"> en el apartado <\/span><b><i>Ones To Watch<\/i><\/b><span style=\"font-weight: 400;\">.<\/span><\/p>\n<h2><b>Un poco de historia\u2026<\/b><\/h2>\n<p><span style=\"font-weight: 400;\">Los DJs Polocorp (Paul Armand-Delille) y Peter Pan (Alexandre Grynszpan) se conocieron en el sector VIP del club parisino Le Baron. Ambos ten\u00edan una idea similar: <\/span><b>crear puentes entre los diferentes g\u00e9neros musicales<\/b><span style=\"font-weight: 400;\">. Esta pasi\u00f3n en com\u00fan los llev\u00f3 a fundar el grupo <\/span><b>Polo &amp; Pan<\/b><span style=\"font-weight: 400;\">, lanzando en 2013 el EP <\/span><b><i>Rivolta<\/i><\/b><span style=\"font-weight: 400;\"> (a trav\u00e9s de Hamburger Records) que se convirti\u00f3 r\u00e1pidamente en un \u00e9xito. Para ese entonces tambi\u00e9n se uni\u00f3 el sello\u00a0 <\/span><a href=\"http:\/\/ekleroshock.com\/\"><b>Ekler\u2019o\u2019Shock<\/b><\/a><span style=\"font-weight: 400;\"> a la aventura que ya hab\u00eda empezado <\/span><a href=\"https:\/\/www.hamburger-records.com\/\"><b>Hamburger Records<\/b><\/a><span style=\"font-weight: 400;\">: toda la discograf\u00eda del grupo ha sido producida por las dos discogr\u00e1ficas en conjunto. Adem\u00e1s, desde el primer \u00e1lbum de la banda, <\/span><b><i>Caravelle<\/i><\/b><span style=\"font-weight: 400;\">, la distribuci\u00f3n tambi\u00e9n la llev\u00f3 a cabo <\/span><a href=\"https:\/\/www.carolineinternational.com\/\"><b>Caroline International \/ Universal Music Group<\/b><\/a><span style=\"font-weight: 400;\">.<\/span><\/p>\n<p><span style=\"font-weight: 400;\">El grupo cerrar\u00e1 una gira de m\u00e1s de 15 funciones con dos fechas el 16 y el 17 de noviembre en la Ciudad de M\u00e9xico.<\/span><\/p>\n\n","protected":false},"excerpt":{"rendered":"<p>En 2018, la banda Polo &amp; Pan ha logrado un \u00e9xito incre\u00edble en Estados Unidos, reuniendo a miles de fan\u00e1ticos. Se han presentado en algunas de las m\u00e1s grandes ciudades del pa\u00eds, como Chicago, San Francisco, Los \u00c1ngeles, y Nueva York, donde lograron agotar todas las entradas en tan solo dos d\u00edas. \u00a1Y en 2019 [&hellip;]<\/p>\n","protected":false},"author":35,"featured_media":0,"comment_status":"closed","ping_status":"closed","sticky":false,"template":"","format":"standard","meta":{"_acf_changed":false,"footnotes":""},"categories":[1965],"tags":[1936],"class_list":["post-12363","post","type-post","status-publish","format-standard","hentry","category-events-es","tag-electronic-es"],"acf":[],"yoast_head":"<!-- This site is optimized with the Yoast SEO plugin v27.3 - https:\/\/yoast.com\/product\/yoast-seo-wordpress\/ -->\n<title>Polo &amp; Pan | La gira mundial contin\u00faa - What the France<\/title>\n<meta name=\"robots\" content=\"index, follow, max-snippet:-1, max-image-preview:large, max-video-preview:-1\" \/>\n<link rel=\"canonical\" href=\"https:\/\/whatthefrance.org\/es\/polo-pan-la-gira-mundial-continua\/\" \/>\n<meta property=\"og:locale\" content=\"es_ES\" \/>\n<meta property=\"og:type\" content=\"article\" \/>\n<meta property=\"og:title\" content=\"Polo &amp; Pan | La gira mundial contin\u00faa - What the France\" \/>\n<meta property=\"og:description\" content=\"En 2018, la banda Polo &amp; Pan ha logrado un \u00e9xito incre\u00edble en Estados Unidos, reuniendo a miles de fan\u00e1ticos. Se han presentado en algunas de las m\u00e1s grandes ciudades del pa\u00eds, como Chicago, San Francisco, Los \u00c1ngeles, y Nueva York, donde lograron agotar todas las entradas en tan solo dos d\u00edas. \u00a1Y en 2019 [&hellip;]\" \/>\n<meta property=\"og:url\" content=\"https:\/\/whatthefrance.org\/es\/polo-pan-la-gira-mundial-continua\/\" \/>\n<meta property=\"og:site_name\" content=\"What the France\" \/>\n<meta property=\"article:published_time\" content=\"2019-11-07T13:15:41+00:00\" \/>\n<meta property=\"og:image\" content=\"https:\/\/whatthefrance.org\/wp-content\/uploads\/2019\/05\/Polo_Pan_Coachella_2019_Weekend_1_Friday_Gobi_Tent_copy.jpeg\" \/>\n\t<meta property=\"og:image:width\" content=\"1463\" \/>\n\t<meta property=\"og:image:height\" content=\"975\" \/>\n<meta name=\"author\" content=\"ultrapop-gustavo\" \/>\n<meta name=\"twitter:card\" content=\"summary_large_image\" \/>\n<meta name=\"twitter:label1\" content=\"Escrito por\" \/>\n\t<meta name=\"twitter:data1\" content=\"ultrapop-gustavo\" \/>\n\t<meta name=\"twitter:label2\" content=\"Tiempo de lectura\" \/>\n\t<meta name=\"twitter:data2\" content=\"2 minutos\" \/>\n<script type=\"application\/ld+json\" class=\"yoast-schema-graph\">{\"@context\":\"https:\\\/\\\/schema.org\",\"@graph\":[{\"@type\":\"Article\",\"@id\":\"https:\\\/\\\/whatthefrance.org\\\/es\\\/polo-pan-la-gira-mundial-continua\\\/#article\",\"isPartOf\":{\"@id\":\"https:\\\/\\\/whatthefrance.org\\\/es\\\/polo-pan-la-gira-mundial-continua\\\/\"},\"author\":{\"name\":\"ultrapop-gustavo\",\"@id\":\"https:\\\/\\\/whatthefrance.org\\\/es\\\/#\\\/schema\\\/person\\\/ec6689bd96bf81ba9dcf2264cb54c946\"},\"headline\":\"Polo &#038; Pan | La gira mundial contin\u00faa\",\"datePublished\":\"2019-11-07T13:15:41+00:00\",\"mainEntityOfPage\":{\"@id\":\"https:\\\/\\\/whatthefrance.org\\\/es\\\/polo-pan-la-gira-mundial-continua\\\/\"},\"wordCount\":367,\"publisher\":{\"@id\":\"https:\\\/\\\/whatthefrance.org\\\/es\\\/#organization\"},\"keywords\":[\"Electronic\"],\"articleSection\":[\"Event\"],\"inLanguage\":\"es\"},{\"@type\":\"WebPage\",\"@id\":\"https:\\\/\\\/whatthefrance.org\\\/es\\\/polo-pan-la-gira-mundial-continua\\\/\",\"url\":\"https:\\\/\\\/whatthefrance.org\\\/es\\\/polo-pan-la-gira-mundial-continua\\\/\",\"name\":\"Polo & Pan | La gira mundial contin\u00faa - What the France\",\"isPartOf\":{\"@id\":\"https:\\\/\\\/whatthefrance.org\\\/es\\\/#website\"},\"datePublished\":\"2019-11-07T13:15:41+00:00\",\"breadcrumb\":{\"@id\":\"https:\\\/\\\/whatthefrance.org\\\/es\\\/polo-pan-la-gira-mundial-continua\\\/#breadcrumb\"},\"inLanguage\":\"es\",\"potentialAction\":[{\"@type\":\"ReadAction\",\"target\":[\"https:\\\/\\\/whatthefrance.org\\\/es\\\/polo-pan-la-gira-mundial-continua\\\/\"]}]},{\"@type\":\"BreadcrumbList\",\"@id\":\"https:\\\/\\\/whatthefrance.org\\\/es\\\/polo-pan-la-gira-mundial-continua\\\/#breadcrumb\",\"itemListElement\":[{\"@type\":\"ListItem\",\"position\":1,\"name\":\"Home\",\"item\":\"https:\\\/\\\/whatthefrance.org\\\/es\\\/\"},{\"@type\":\"ListItem\",\"position\":2,\"name\":\"Polo &#038; Pan | La gira mundial contin\u00faa\"}]},{\"@type\":\"WebSite\",\"@id\":\"https:\\\/\\\/whatthefrance.org\\\/es\\\/#website\",\"url\":\"https:\\\/\\\/whatthefrance.org\\\/es\\\/\",\"name\":\"What the France\",\"description\":\"The finest music made in France !\",\"publisher\":{\"@id\":\"https:\\\/\\\/whatthefrance.org\\\/es\\\/#organization\"},\"potentialAction\":[{\"@type\":\"SearchAction\",\"target\":{\"@type\":\"EntryPoint\",\"urlTemplate\":\"https:\\\/\\\/whatthefrance.org\\\/es\\\/?s={search_term_string}\"},\"query-input\":{\"@type\":\"PropertyValueSpecification\",\"valueRequired\":true,\"valueName\":\"search_term_string\"}}],\"inLanguage\":\"es\"},{\"@type\":\"Organization\",\"@id\":\"https:\\\/\\\/whatthefrance.org\\\/es\\\/#organization\",\"name\":\"What The France\",\"url\":\"https:\\\/\\\/whatthefrance.org\\\/es\\\/\",\"logo\":{\"@type\":\"ImageObject\",\"inLanguage\":\"es\",\"@id\":\"https:\\\/\\\/whatthefrance.org\\\/es\\\/#\\\/schema\\\/logo\\\/image\\\/\",\"url\":\"https:\\\/\\\/whatthefrance.org\\\/wp-content\\\/uploads\\\/2019\\\/12\\\/44688719_2251580388408837_694180218134331392_n-e1577679609190.png\",\"contentUrl\":\"https:\\\/\\\/whatthefrance.org\\\/wp-content\\\/uploads\\\/2019\\\/12\\\/44688719_2251580388408837_694180218134331392_n-e1577679609190.png\",\"width\":200,\"height\":200,\"caption\":\"What The France\"},\"image\":{\"@id\":\"https:\\\/\\\/whatthefrance.org\\\/es\\\/#\\\/schema\\\/logo\\\/image\\\/\"}},{\"@type\":\"Person\",\"@id\":\"https:\\\/\\\/whatthefrance.org\\\/es\\\/#\\\/schema\\\/person\\\/ec6689bd96bf81ba9dcf2264cb54c946\",\"name\":\"ultrapop-gustavo\",\"image\":{\"@type\":\"ImageObject\",\"inLanguage\":\"es\",\"@id\":\"https:\\\/\\\/secure.gravatar.com\\\/avatar\\\/9f35e3e5944405caa221d3f9ae6c981bac53ada24e0340936c6d6364326ab920?s=96&d=mm&r=g\",\"url\":\"https:\\\/\\\/secure.gravatar.com\\\/avatar\\\/9f35e3e5944405caa221d3f9ae6c981bac53ada24e0340936c6d6364326ab920?s=96&d=mm&r=g\",\"contentUrl\":\"https:\\\/\\\/secure.gravatar.com\\\/avatar\\\/9f35e3e5944405caa221d3f9ae6c981bac53ada24e0340936c6d6364326ab920?s=96&d=mm&r=g\",\"caption\":\"ultrapop-gustavo\"}}]}<\/script>\n<!-- \/ Yoast SEO plugin. -->","yoast_head_json":{"title":"Polo & Pan | La gira mundial contin\u00faa - What the France","robots":{"index":"index","follow":"follow","max-snippet":"max-snippet:-1","max-image-preview":"max-image-preview:large","max-video-preview":"max-video-preview:-1"},"canonical":"https:\/\/whatthefrance.org\/es\/polo-pan-la-gira-mundial-continua\/","og_locale":"es_ES","og_type":"article","og_title":"Polo & Pan | La gira mundial contin\u00faa - What the France","og_description":"En 2018, la banda Polo &amp; Pan ha logrado un \u00e9xito incre\u00edble en Estados Unidos, reuniendo a miles de fan\u00e1ticos. Se han presentado en algunas de las m\u00e1s grandes ciudades del pa\u00eds, como Chicago, San Francisco, Los \u00c1ngeles, y Nueva York, donde lograron agotar todas las entradas en tan solo dos d\u00edas. \u00a1Y en 2019 [&hellip;]","og_url":"https:\/\/whatthefrance.org\/es\/polo-pan-la-gira-mundial-continua\/","og_site_name":"What the France","article_published_time":"2019-11-07T13:15:41+00:00","og_image":[{"url":"https:\/\/whatthefrance.org\/wp-content\/uploads\/2019\/05\/Polo_Pan_Coachella_2019_Weekend_1_Friday_Gobi_Tent_copy.jpeg","height":975,"width":1463,"type":""}],"author":"ultrapop-gustavo","twitter_card":"summary_large_image","twitter_misc":{"Escrito por":"ultrapop-gustavo","Tiempo de lectura":"2 minutos"},"schema":{"@context":"https:\/\/schema.org","@graph":[{"@type":"Article","@id":"https:\/\/whatthefrance.org\/es\/polo-pan-la-gira-mundial-continua\/#article","isPartOf":{"@id":"https:\/\/whatthefrance.org\/es\/polo-pan-la-gira-mundial-continua\/"},"author":{"name":"ultrapop-gustavo","@id":"https:\/\/whatthefrance.org\/es\/#\/schema\/person\/ec6689bd96bf81ba9dcf2264cb54c946"},"headline":"Polo &#038; Pan | La gira mundial contin\u00faa","datePublished":"2019-11-07T13:15:41+00:00","mainEntityOfPage":{"@id":"https:\/\/whatthefrance.org\/es\/polo-pan-la-gira-mundial-continua\/"},"wordCount":367,"publisher":{"@id":"https:\/\/whatthefrance.org\/es\/#organization"},"keywords":["Electronic"],"articleSection":["Event"],"inLanguage":"es"},{"@type":"WebPage","@id":"https:\/\/whatthefrance.org\/es\/polo-pan-la-gira-mundial-continua\/","url":"https:\/\/whatthefrance.org\/es\/polo-pan-la-gira-mundial-continua\/","name":"Polo & Pan | La gira mundial contin\u00faa - What the France","isPartOf":{"@id":"https:\/\/whatthefrance.org\/es\/#website"},"datePublished":"2019-11-07T13:15:41+00:00","breadcrumb":{"@id":"https:\/\/whatthefrance.org\/es\/polo-pan-la-gira-mundial-continua\/#breadcrumb"},"inLanguage":"es","potentialAction":[{"@type":"ReadAction","target":["https:\/\/whatthefrance.org\/es\/polo-pan-la-gira-mundial-continua\/"]}]},{"@type":"BreadcrumbList","@id":"https:\/\/whatthefrance.org\/es\/polo-pan-la-gira-mundial-continua\/#breadcrumb","itemListElement":[{"@type":"ListItem","position":1,"name":"Home","item":"https:\/\/whatthefrance.org\/es\/"},{"@type":"ListItem","position":2,"name":"Polo &#038; Pan | La gira mundial contin\u00faa"}]},{"@type":"WebSite","@id":"https:\/\/whatthefrance.org\/es\/#website","url":"https:\/\/whatthefrance.org\/es\/","name":"What the France","description":"The finest music made in France !","publisher":{"@id":"https:\/\/whatthefrance.org\/es\/#organization"},"potentialAction":[{"@type":"SearchAction","target":{"@type":"EntryPoint","urlTemplate":"https:\/\/whatthefrance.org\/es\/?s={search_term_string}"},"query-input":{"@type":"PropertyValueSpecification","valueRequired":true,"valueName":"search_term_string"}}],"inLanguage":"es"},{"@type":"Organization","@id":"https:\/\/whatthefrance.org\/es\/#organization","name":"What The France","url":"https:\/\/whatthefrance.org\/es\/","logo":{"@type":"ImageObject","inLanguage":"es","@id":"https:\/\/whatthefrance.org\/es\/#\/schema\/logo\/image\/","url":"https:\/\/whatthefrance.org\/wp-content\/uploads\/2019\/12\/44688719_2251580388408837_694180218134331392_n-e1577679609190.png","contentUrl":"https:\/\/whatthefrance.org\/wp-content\/uploads\/2019\/12\/44688719_2251580388408837_694180218134331392_n-e1577679609190.png","width":200,"height":200,"caption":"What The France"},"image":{"@id":"https:\/\/whatthefrance.org\/es\/#\/schema\/logo\/image\/"}},{"@type":"Person","@id":"https:\/\/whatthefrance.org\/es\/#\/schema\/person\/ec6689bd96bf81ba9dcf2264cb54c946","name":"ultrapop-gustavo","image":{"@type":"ImageObject","inLanguage":"es","@id":"https:\/\/secure.gravatar.com\/avatar\/9f35e3e5944405caa221d3f9ae6c981bac53ada24e0340936c6d6364326ab920?s=96&d=mm&r=g","url":"https:\/\/secure.gravatar.com\/avatar\/9f35e3e5944405caa221d3f9ae6c981bac53ada24e0340936c6d6364326ab920?s=96&d=mm&r=g","contentUrl":"https:\/\/secure.gravatar.com\/avatar\/9f35e3e5944405caa221d3f9ae6c981bac53ada24e0340936c6d6364326ab920?s=96&d=mm&r=g","caption":"ultrapop-gustavo"}}]}},"_links":{"self":[{"href":"https:\/\/whatthefrance.org\/es\/wp-json\/wp\/v2\/posts\/12363","targetHints":{"allow":["GET"]}}],"collection":[{"href":"https:\/\/whatthefrance.org\/es\/wp-json\/wp\/v2\/posts"}],"about":[{"href":"https:\/\/whatthefrance.org\/es\/wp-json\/wp\/v2\/types\/post"}],"author":[{"embeddable":true,"href":"https:\/\/whatthefrance.org\/es\/wp-json\/wp\/v2\/users\/35"}],"replies":[{"embeddable":true,"href":"https:\/\/whatthefrance.org\/es\/wp-json\/wp\/v2\/comments?post=12363"}],"version-history":[{"count":4,"href":"https:\/\/whatthefrance.org\/es\/wp-json\/wp\/v2\/posts\/12363\/revisions"}],"predecessor-version":[{"id":12497,"href":"https:\/\/whatthefrance.org\/es\/wp-json\/wp\/v2\/posts\/12363\/revisions\/12497"}],"wp:attachment":[{"href":"https:\/\/whatthefrance.org\/es\/wp-json\/wp\/v2\/media?parent=12363"}],"wp:term":[{"taxonomy":"category","embeddable":true,"href":"https:\/\/whatthefrance.org\/es\/wp-json\/wp\/v2\/categories?post=12363"},{"taxonomy":"post_tag","embeddable":true,"href":"https:\/\/whatthefrance.org\/es\/wp-json\/wp\/v2\/tags?post=12363"}],"curies":[{"name":"wp","href":"https:\/\/api.w.org\/{rel}","templated":true}]}}