{"id":15203,"date":"2020-02-04T15:18:42","date_gmt":"2020-02-04T14:18:42","guid":{"rendered":"https:\/\/whatthefrance.org\/?p=15203"},"modified":"2020-02-05T17:17:39","modified_gmt":"2020-02-05T16:17:39","slug":"francois-xavier-roth-el-director-de-orquesta-crea-una-playlist-exclusiva-para-what-the-france","status":"publish","type":"post","link":"https:\/\/whatthefrance.org\/es\/francois-xavier-roth-el-director-de-orquesta-crea-una-playlist-exclusiva-para-what-the-france\/","title":{"rendered":"Fran\u00e7ois-Xavier Roth | El director de orquesta crea una playlist exclusiva para What The France"},"content":{"rendered":"<p><b>El director de orquesta franc\u00e9s Fran\u00e7ois-Xavier Roth, fundador del ensemble Les Si\u00e8cles, se tom\u00f3 el tiempo de crear una playlist para <\/b><a href=\"https:\/\/whatthefrance.org\/\"><b>What The France<\/b><\/a><b>.<\/b><\/p>\n<p><span style=\"font-weight: 400;\">Fran\u00e7ois-Xavier Roth ha confeccionado una <\/span><b>playlist<\/b><span style=\"font-weight: 400;\"> en la que incluye sus <\/span><b>50 canciones favoritas compuestas o interpretadas por artistas surgidos de Francia<\/b><span style=\"font-weight: 400;\">. En su selecci\u00f3n destacan algunas obras de Bach, Debussy, Dukas, Lully, Boulez, Manoury y sorpresas, como canciones de Daniel Balavoine y de Jacques Brel. Algunas de las canciones seleccionadas honran a varios de sus colegas del grupo Ensembles Correspondances como <\/span><i><span style=\"font-weight: 400;\">Pygmalion, de Raphael Pichon<\/span><\/i><span style=\"font-weight: 400;\">\u00a0o <\/span><i><span style=\"font-weight: 400;\">Le Concert de la Loge,<\/span><\/i><span style=\"font-weight: 400;\">\u00a0de Julien Chauvin. Tambi\u00e9n encontraremos solistas reconocidos internacionalmente como el flautista Emmanuel Pahud, el clavecinista Pierre Hanta\u00ef, el pianista Jean-Fran\u00e7ois Heisser o el Cuarteto Ebene, adem\u00e1s del quinteto que \u00e9l mismo integra: Les Si\u00e8cles.<\/span><\/p>\n<p><span style=\"font-weight: 400;\">Fran\u00e7ois-Xavier Roth es uno de los referentes m\u00e1s carism\u00e1ticos e importantes de su generaci\u00f3n. Ha sido el Director Musical General de la ciudad de Colonia desde 2015 y el director de la \u00d3pera y de la orquesta de G\u00fcrzenich. Fue elegido como el \u201cDirector invitado principal\u201d de la London Symphony Orchestra y como artista asociado de la Filarm\u00f3nica de Par\u00eds. Tambi\u00e9n fue nombrado director art\u00edstico del Taller L\u00edrico de la ciudad de Tourcoing en 2019.<\/span><\/p>\n<p><span style=\"font-weight: 400;\">En 2003 cre\u00f3 el conjunto Les Si\u00e8cles, una novedosa orquesta que se caracteriz\u00f3 desde el primer momento por interpretar su repertorio en los instrumentos hist\u00f3ricos apropiados para cada obra. Con esta orquesta Fran\u00e7ois-Xavier Roth da conciertos en todo el mundo, tocando principalmente el vasto repertorio de canciones rom\u00e1nticas en franc\u00e9s, adem\u00e1s del amplio cat\u00e1logo de ballets rusos, por supuesto, con instrumentos de \u00e9poca. La orquesta debut\u00f3 en la Filarm\u00f3nica de Berl\u00edn en 2019 con un programa emblem\u00e1tico (Rameau\/Lachenmann\/Berlioz) y con tres instrumentaciones diferentes. Les Si\u00e8cles obtuvieron en 2018 y 2019 la nominaci\u00f3n de la revista Gramophone al prestigioso premio de Orquesta del A\u00f1o.<\/span><\/p>\n<div class=\"playListBloc singleBloc\"><div class=\"playListBloc-wrap\">    <div class=\"thumbnail\"><img data-src=\"https:\/\/whatthefrance.org\/wp-content\/uploads\/2020\/02\/WTF-Cover-Collab_Fran\u00e7ois-Xavier-Roth-254x254.jpg\" class=\"lazyload\" alt=\"WTF&#8212;Cover-Collab_Fran\u00e7ois-Xavier Roth\" \/>    <\/div>    <div class=\"infos\">        <span class=\"tag\">Curators<\/span>        <h2>A Made In France Selection By Fran\u00e7ois-Xavier ...<\/h2>        <span class=\"separator\"><\/span>       <span class=\"desc\">Discover a selection of made in France tracks, handpicked by Fran\u00e7ois-Xavier Roth.<\/span><div class=\"share flex flexAlignCenter \">\t<span class=\"label\">Compartir<\/span>\t<a href=\"https:\/\/www.facebook.com\/sharer\/sharer.php?u=https:\/\/whatthefrance.org\/es\/playlists\/a-made-in-france-selection-by-francois-xavier-roth-les-siecles\/\" class=\"facebook\" target=\"_blank\" rel=\"noreferrer\">Facebook<\/a>\t<a href=\"https:\/\/twitter.com\/intent\/tweet?url=https:\/\/whatthefrance.org\/es\/playlists\/a-made-in-france-selection-by-francois-xavier-roth-les-siecles\/&text=A+Made+In+France+Selection+By+Fran%C3%A7ois-Xavier+Roth+%28Les+Si%C3%A8cles%29&hashtags=WTF\" class=\"twitter\" target=\"_blank\" rel=\"noreferrer\">Twitter<\/a>\t<a href=\"mailto:?subject=What%20the%20France%20%3A%20A%20Made%20In%20France%20Selection%20By%20Fran%C3%A7ois-Xavier%20Roth%20%28Les%20Si%C3%A8cles%29&body=https:\/\/whatthefrance.org\/es\/playlists\/a-made-in-france-selection-by-francois-xavier-roth-les-siecles\/\" class=\"mail\" target=\"_blank\" rel=\"noreferrer\">Email<\/a><\/div>        <a href=\"#\" class=\"btn btnPlaylist orange playlist-click\" data-id=\"15176\">            <svg version=\"1.1\" x=\"0px\" y=\"0px\" width=\"40px\" height=\"40px\" viewBox=\"0 0 213.7 213.7\" enable-background=\"new 0 0 213.7 213.7\" xml:space=\"preserve\">                <polygon class=\"triangle\" fill=\"none\" stroke-width=\"10\" stroke-linecap=\"round\" stroke-linejoin=\"round\" stroke-miterlimit=\"10\" points=\"\n            73.5,62.5 148.5,105.8 73.5,149.1 \"\/>                <circle class=\"circle\" fill=\"none\"  stroke-width=\"8\" stroke-linecap=\"round\" stroke-linejoin=\"round\" stroke-miterlimit=\"10\" cx=\"106.8\" cy=\"106.8\" r=\"103.3\"\/>                <circle class=\"circle-white\" fill=\"none\"  stroke-width=\"8\" stroke-linecap=\"round\" stroke-linejoin=\"round\" stroke-miterlimit=\"10\" cx=\"106.8\" cy=\"106.8\" r=\"103.3\"\/>            <\/svg>Escuchar        <\/a>    <\/div>  <\/div><\/div>\n","protected":false},"excerpt":{"rendered":"<p>El director de orquesta franc\u00e9s Fran\u00e7ois-Xavier Roth, fundador del ensemble Les Si\u00e8cles, se tom\u00f3 el tiempo de crear una playlist para What The France. Fran\u00e7ois-Xavier Roth ha confeccionado una playlist en la que incluye sus 50 canciones favoritas compuestas o interpretadas por artistas surgidos de Francia. En su selecci\u00f3n destacan algunas obras de Bach, Debussy, [&hellip;]<\/p>\n","protected":false},"author":35,"featured_media":0,"comment_status":"closed","ping_status":"closed","sticky":false,"template":"","format":"standard","meta":{"_acf_changed":false,"footnotes":""},"categories":[1967],"tags":[1929],"class_list":["post-15203","post","type-post","status-publish","format-standard","hentry","category-curator-es","tag-classical-es"],"acf":[],"yoast_head":"<!-- This site is optimized with the Yoast SEO plugin v27.3 - https:\/\/yoast.com\/product\/yoast-seo-wordpress\/ -->\n<title>Fran\u00e7ois-Xavier Roth | El director de orquesta crea una playlist exclusiva para What The France - What the France<\/title>\n<meta name=\"robots\" content=\"index, follow, max-snippet:-1, max-image-preview:large, max-video-preview:-1\" \/>\n<link rel=\"canonical\" href=\"https:\/\/whatthefrance.org\/es\/francois-xavier-roth-el-director-de-orquesta-crea-una-playlist-exclusiva-para-what-the-france\/\" \/>\n<meta property=\"og:locale\" content=\"es_ES\" \/>\n<meta property=\"og:type\" content=\"article\" \/>\n<meta property=\"og:title\" content=\"Fran\u00e7ois-Xavier Roth | El director de orquesta crea una playlist exclusiva para What The France - What the France\" \/>\n<meta property=\"og:description\" content=\"El director de orquesta franc\u00e9s Fran\u00e7ois-Xavier Roth, fundador del ensemble Les Si\u00e8cles, se tom\u00f3 el tiempo de crear una playlist para What The France. Fran\u00e7ois-Xavier Roth ha confeccionado una playlist en la que incluye sus 50 canciones favoritas compuestas o interpretadas por artistas surgidos de Francia. En su selecci\u00f3n destacan algunas obras de Bach, Debussy, [&hellip;]\" \/>\n<meta property=\"og:url\" content=\"https:\/\/whatthefrance.org\/es\/francois-xavier-roth-el-director-de-orquesta-crea-una-playlist-exclusiva-para-what-the-france\/\" \/>\n<meta property=\"og:site_name\" content=\"What the France\" \/>\n<meta property=\"article:published_time\" content=\"2020-02-04T14:18:42+00:00\" \/>\n<meta property=\"article:modified_time\" content=\"2020-02-05T16:17:39+00:00\" \/>\n<meta property=\"og:image\" content=\"https:\/\/whatthefrance.org\/wp-content\/uploads\/2020\/02\/Fran\u00e7ois_Xavier_Roth.jpg\" \/>\n\t<meta property=\"og:image:width\" content=\"1084\" \/>\n\t<meta property=\"og:image:height\" content=\"525\" \/>\n<meta name=\"author\" content=\"ultrapop-gustavo\" \/>\n<meta name=\"twitter:card\" content=\"summary_large_image\" \/>\n<meta name=\"twitter:label1\" content=\"Escrito por\" \/>\n\t<meta name=\"twitter:data1\" content=\"ultrapop-gustavo\" \/>\n\t<meta name=\"twitter:label2\" content=\"Tiempo de lectura\" \/>\n\t<meta name=\"twitter:data2\" content=\"2 minutos\" \/>\n<script type=\"application\/ld+json\" class=\"yoast-schema-graph\">{\"@context\":\"https:\\\/\\\/schema.org\",\"@graph\":[{\"@type\":\"Article\",\"@id\":\"https:\\\/\\\/whatthefrance.org\\\/es\\\/francois-xavier-roth-el-director-de-orquesta-crea-una-playlist-exclusiva-para-what-the-france\\\/#article\",\"isPartOf\":{\"@id\":\"https:\\\/\\\/whatthefrance.org\\\/es\\\/francois-xavier-roth-el-director-de-orquesta-crea-una-playlist-exclusiva-para-what-the-france\\\/\"},\"author\":{\"name\":\"ultrapop-gustavo\",\"@id\":\"https:\\\/\\\/whatthefrance.org\\\/es\\\/#\\\/schema\\\/person\\\/ec6689bd96bf81ba9dcf2264cb54c946\"},\"headline\":\"Fran\u00e7ois-Xavier Roth | El director de orquesta crea una playlist exclusiva para What The France\",\"datePublished\":\"2020-02-04T14:18:42+00:00\",\"dateModified\":\"2020-02-05T16:17:39+00:00\",\"mainEntityOfPage\":{\"@id\":\"https:\\\/\\\/whatthefrance.org\\\/es\\\/francois-xavier-roth-el-director-de-orquesta-crea-una-playlist-exclusiva-para-what-the-france\\\/\"},\"wordCount\":352,\"publisher\":{\"@id\":\"https:\\\/\\\/whatthefrance.org\\\/es\\\/#organization\"},\"keywords\":[\"Classical\"],\"articleSection\":[\"Curator\"],\"inLanguage\":\"es\"},{\"@type\":\"WebPage\",\"@id\":\"https:\\\/\\\/whatthefrance.org\\\/es\\\/francois-xavier-roth-el-director-de-orquesta-crea-una-playlist-exclusiva-para-what-the-france\\\/\",\"url\":\"https:\\\/\\\/whatthefrance.org\\\/es\\\/francois-xavier-roth-el-director-de-orquesta-crea-una-playlist-exclusiva-para-what-the-france\\\/\",\"name\":\"Fran\u00e7ois-Xavier Roth | El director de orquesta crea una playlist exclusiva para What The France - What the France\",\"isPartOf\":{\"@id\":\"https:\\\/\\\/whatthefrance.org\\\/es\\\/#website\"},\"datePublished\":\"2020-02-04T14:18:42+00:00\",\"dateModified\":\"2020-02-05T16:17:39+00:00\",\"breadcrumb\":{\"@id\":\"https:\\\/\\\/whatthefrance.org\\\/es\\\/francois-xavier-roth-el-director-de-orquesta-crea-una-playlist-exclusiva-para-what-the-france\\\/#breadcrumb\"},\"inLanguage\":\"es\",\"potentialAction\":[{\"@type\":\"ReadAction\",\"target\":[\"https:\\\/\\\/whatthefrance.org\\\/es\\\/francois-xavier-roth-el-director-de-orquesta-crea-una-playlist-exclusiva-para-what-the-france\\\/\"]}]},{\"@type\":\"BreadcrumbList\",\"@id\":\"https:\\\/\\\/whatthefrance.org\\\/es\\\/francois-xavier-roth-el-director-de-orquesta-crea-una-playlist-exclusiva-para-what-the-france\\\/#breadcrumb\",\"itemListElement\":[{\"@type\":\"ListItem\",\"position\":1,\"name\":\"Home\",\"item\":\"https:\\\/\\\/whatthefrance.org\\\/es\\\/\"},{\"@type\":\"ListItem\",\"position\":2,\"name\":\"Fran\u00e7ois-Xavier Roth | El director de orquesta crea una playlist exclusiva para What The France\"}]},{\"@type\":\"WebSite\",\"@id\":\"https:\\\/\\\/whatthefrance.org\\\/es\\\/#website\",\"url\":\"https:\\\/\\\/whatthefrance.org\\\/es\\\/\",\"name\":\"What the France\",\"description\":\"The finest music made in France !\",\"publisher\":{\"@id\":\"https:\\\/\\\/whatthefrance.org\\\/es\\\/#organization\"},\"potentialAction\":[{\"@type\":\"SearchAction\",\"target\":{\"@type\":\"EntryPoint\",\"urlTemplate\":\"https:\\\/\\\/whatthefrance.org\\\/es\\\/?s={search_term_string}\"},\"query-input\":{\"@type\":\"PropertyValueSpecification\",\"valueRequired\":true,\"valueName\":\"search_term_string\"}}],\"inLanguage\":\"es\"},{\"@type\":\"Organization\",\"@id\":\"https:\\\/\\\/whatthefrance.org\\\/es\\\/#organization\",\"name\":\"What The France\",\"url\":\"https:\\\/\\\/whatthefrance.org\\\/es\\\/\",\"logo\":{\"@type\":\"ImageObject\",\"inLanguage\":\"es\",\"@id\":\"https:\\\/\\\/whatthefrance.org\\\/es\\\/#\\\/schema\\\/logo\\\/image\\\/\",\"url\":\"https:\\\/\\\/whatthefrance.org\\\/wp-content\\\/uploads\\\/2019\\\/12\\\/44688719_2251580388408837_694180218134331392_n-e1577679609190.png\",\"contentUrl\":\"https:\\\/\\\/whatthefrance.org\\\/wp-content\\\/uploads\\\/2019\\\/12\\\/44688719_2251580388408837_694180218134331392_n-e1577679609190.png\",\"width\":200,\"height\":200,\"caption\":\"What The France\"},\"image\":{\"@id\":\"https:\\\/\\\/whatthefrance.org\\\/es\\\/#\\\/schema\\\/logo\\\/image\\\/\"}},{\"@type\":\"Person\",\"@id\":\"https:\\\/\\\/whatthefrance.org\\\/es\\\/#\\\/schema\\\/person\\\/ec6689bd96bf81ba9dcf2264cb54c946\",\"name\":\"ultrapop-gustavo\",\"image\":{\"@type\":\"ImageObject\",\"inLanguage\":\"es\",\"@id\":\"https:\\\/\\\/secure.gravatar.com\\\/avatar\\\/9f35e3e5944405caa221d3f9ae6c981bac53ada24e0340936c6d6364326ab920?s=96&d=mm&r=g\",\"url\":\"https:\\\/\\\/secure.gravatar.com\\\/avatar\\\/9f35e3e5944405caa221d3f9ae6c981bac53ada24e0340936c6d6364326ab920?s=96&d=mm&r=g\",\"contentUrl\":\"https:\\\/\\\/secure.gravatar.com\\\/avatar\\\/9f35e3e5944405caa221d3f9ae6c981bac53ada24e0340936c6d6364326ab920?s=96&d=mm&r=g\",\"caption\":\"ultrapop-gustavo\"}}]}<\/script>\n<!-- \/ Yoast SEO plugin. -->","yoast_head_json":{"title":"Fran\u00e7ois-Xavier Roth | El director de orquesta crea una playlist exclusiva para What The France - What the France","robots":{"index":"index","follow":"follow","max-snippet":"max-snippet:-1","max-image-preview":"max-image-preview:large","max-video-preview":"max-video-preview:-1"},"canonical":"https:\/\/whatthefrance.org\/es\/francois-xavier-roth-el-director-de-orquesta-crea-una-playlist-exclusiva-para-what-the-france\/","og_locale":"es_ES","og_type":"article","og_title":"Fran\u00e7ois-Xavier Roth | El director de orquesta crea una playlist exclusiva para What The France - What the France","og_description":"El director de orquesta franc\u00e9s Fran\u00e7ois-Xavier Roth, fundador del ensemble Les Si\u00e8cles, se tom\u00f3 el tiempo de crear una playlist para What The France. Fran\u00e7ois-Xavier Roth ha confeccionado una playlist en la que incluye sus 50 canciones favoritas compuestas o interpretadas por artistas surgidos de Francia. En su selecci\u00f3n destacan algunas obras de Bach, Debussy, [&hellip;]","og_url":"https:\/\/whatthefrance.org\/es\/francois-xavier-roth-el-director-de-orquesta-crea-una-playlist-exclusiva-para-what-the-france\/","og_site_name":"What the France","article_published_time":"2020-02-04T14:18:42+00:00","article_modified_time":"2020-02-05T16:17:39+00:00","og_image":[{"url":"https:\/\/whatthefrance.org\/wp-content\/uploads\/2020\/02\/Fran\u00e7ois_Xavier_Roth.jpg","height":525,"width":1084,"type":""}],"author":"ultrapop-gustavo","twitter_card":"summary_large_image","twitter_misc":{"Escrito por":"ultrapop-gustavo","Tiempo de lectura":"2 minutos"},"schema":{"@context":"https:\/\/schema.org","@graph":[{"@type":"Article","@id":"https:\/\/whatthefrance.org\/es\/francois-xavier-roth-el-director-de-orquesta-crea-una-playlist-exclusiva-para-what-the-france\/#article","isPartOf":{"@id":"https:\/\/whatthefrance.org\/es\/francois-xavier-roth-el-director-de-orquesta-crea-una-playlist-exclusiva-para-what-the-france\/"},"author":{"name":"ultrapop-gustavo","@id":"https:\/\/whatthefrance.org\/es\/#\/schema\/person\/ec6689bd96bf81ba9dcf2264cb54c946"},"headline":"Fran\u00e7ois-Xavier Roth | El director de orquesta crea una playlist exclusiva para What The France","datePublished":"2020-02-04T14:18:42+00:00","dateModified":"2020-02-05T16:17:39+00:00","mainEntityOfPage":{"@id":"https:\/\/whatthefrance.org\/es\/francois-xavier-roth-el-director-de-orquesta-crea-una-playlist-exclusiva-para-what-the-france\/"},"wordCount":352,"publisher":{"@id":"https:\/\/whatthefrance.org\/es\/#organization"},"keywords":["Classical"],"articleSection":["Curator"],"inLanguage":"es"},{"@type":"WebPage","@id":"https:\/\/whatthefrance.org\/es\/francois-xavier-roth-el-director-de-orquesta-crea-una-playlist-exclusiva-para-what-the-france\/","url":"https:\/\/whatthefrance.org\/es\/francois-xavier-roth-el-director-de-orquesta-crea-una-playlist-exclusiva-para-what-the-france\/","name":"Fran\u00e7ois-Xavier Roth | El director de orquesta crea una playlist exclusiva para What The France - What the France","isPartOf":{"@id":"https:\/\/whatthefrance.org\/es\/#website"},"datePublished":"2020-02-04T14:18:42+00:00","dateModified":"2020-02-05T16:17:39+00:00","breadcrumb":{"@id":"https:\/\/whatthefrance.org\/es\/francois-xavier-roth-el-director-de-orquesta-crea-una-playlist-exclusiva-para-what-the-france\/#breadcrumb"},"inLanguage":"es","potentialAction":[{"@type":"ReadAction","target":["https:\/\/whatthefrance.org\/es\/francois-xavier-roth-el-director-de-orquesta-crea-una-playlist-exclusiva-para-what-the-france\/"]}]},{"@type":"BreadcrumbList","@id":"https:\/\/whatthefrance.org\/es\/francois-xavier-roth-el-director-de-orquesta-crea-una-playlist-exclusiva-para-what-the-france\/#breadcrumb","itemListElement":[{"@type":"ListItem","position":1,"name":"Home","item":"https:\/\/whatthefrance.org\/es\/"},{"@type":"ListItem","position":2,"name":"Fran\u00e7ois-Xavier Roth | El director de orquesta crea una playlist exclusiva para What The France"}]},{"@type":"WebSite","@id":"https:\/\/whatthefrance.org\/es\/#website","url":"https:\/\/whatthefrance.org\/es\/","name":"What the France","description":"The finest music made in France !","publisher":{"@id":"https:\/\/whatthefrance.org\/es\/#organization"},"potentialAction":[{"@type":"SearchAction","target":{"@type":"EntryPoint","urlTemplate":"https:\/\/whatthefrance.org\/es\/?s={search_term_string}"},"query-input":{"@type":"PropertyValueSpecification","valueRequired":true,"valueName":"search_term_string"}}],"inLanguage":"es"},{"@type":"Organization","@id":"https:\/\/whatthefrance.org\/es\/#organization","name":"What The France","url":"https:\/\/whatthefrance.org\/es\/","logo":{"@type":"ImageObject","inLanguage":"es","@id":"https:\/\/whatthefrance.org\/es\/#\/schema\/logo\/image\/","url":"https:\/\/whatthefrance.org\/wp-content\/uploads\/2019\/12\/44688719_2251580388408837_694180218134331392_n-e1577679609190.png","contentUrl":"https:\/\/whatthefrance.org\/wp-content\/uploads\/2019\/12\/44688719_2251580388408837_694180218134331392_n-e1577679609190.png","width":200,"height":200,"caption":"What The France"},"image":{"@id":"https:\/\/whatthefrance.org\/es\/#\/schema\/logo\/image\/"}},{"@type":"Person","@id":"https:\/\/whatthefrance.org\/es\/#\/schema\/person\/ec6689bd96bf81ba9dcf2264cb54c946","name":"ultrapop-gustavo","image":{"@type":"ImageObject","inLanguage":"es","@id":"https:\/\/secure.gravatar.com\/avatar\/9f35e3e5944405caa221d3f9ae6c981bac53ada24e0340936c6d6364326ab920?s=96&d=mm&r=g","url":"https:\/\/secure.gravatar.com\/avatar\/9f35e3e5944405caa221d3f9ae6c981bac53ada24e0340936c6d6364326ab920?s=96&d=mm&r=g","contentUrl":"https:\/\/secure.gravatar.com\/avatar\/9f35e3e5944405caa221d3f9ae6c981bac53ada24e0340936c6d6364326ab920?s=96&d=mm&r=g","caption":"ultrapop-gustavo"}}]}},"_links":{"self":[{"href":"https:\/\/whatthefrance.org\/es\/wp-json\/wp\/v2\/posts\/15203","targetHints":{"allow":["GET"]}}],"collection":[{"href":"https:\/\/whatthefrance.org\/es\/wp-json\/wp\/v2\/posts"}],"about":[{"href":"https:\/\/whatthefrance.org\/es\/wp-json\/wp\/v2\/types\/post"}],"author":[{"embeddable":true,"href":"https:\/\/whatthefrance.org\/es\/wp-json\/wp\/v2\/users\/35"}],"replies":[{"embeddable":true,"href":"https:\/\/whatthefrance.org\/es\/wp-json\/wp\/v2\/comments?post=15203"}],"version-history":[{"count":11,"href":"https:\/\/whatthefrance.org\/es\/wp-json\/wp\/v2\/posts\/15203\/revisions"}],"predecessor-version":[{"id":15412,"href":"https:\/\/whatthefrance.org\/es\/wp-json\/wp\/v2\/posts\/15203\/revisions\/15412"}],"wp:attachment":[{"href":"https:\/\/whatthefrance.org\/es\/wp-json\/wp\/v2\/media?parent=15203"}],"wp:term":[{"taxonomy":"category","embeddable":true,"href":"https:\/\/whatthefrance.org\/es\/wp-json\/wp\/v2\/categories?post=15203"},{"taxonomy":"post_tag","embeddable":true,"href":"https:\/\/whatthefrance.org\/es\/wp-json\/wp\/v2\/tags?post=15203"}],"curies":[{"name":"wp","href":"https:\/\/api.w.org\/{rel}","templated":true}]}}