{"id":17455,"date":"2020-03-17T15:41:51","date_gmt":"2020-03-17T14:41:51","guid":{"rendered":"https:\/\/whatthefrance.org\/?p=17455"},"modified":"2020-03-17T15:41:51","modified_gmt":"2020-03-17T14:41:51","slug":"una-seleccion-de-musica-francesa-por-emicida","status":"publish","type":"post","link":"https:\/\/whatthefrance.org\/es\/una-seleccion-de-musica-francesa-por-emicida\/","title":{"rendered":"Una selecci\u00f3n de m\u00fasica francesa, por Emicida"},"content":{"rendered":"<p><span style=\"font-weight: 400;\">\u00a1Es el turno de Leandro Roque de Oliveira, mejor conocido como <\/span><a href=\"https:\/\/fr-fr.facebook.com\/EmicidaOficial\/\"><b>Emicida<\/b><\/a><span style=\"font-weight: 400;\">, de proveernos una selecci\u00f3n de sus artistas favoritos \u201cmade in France\u201d!<\/span><\/p>\n<p><span style=\"font-weight: 400;\">Este peso pesado de la escena musical brasilera, nacido en San Pablo, es considerado uno de los mejores raperos de su generaci\u00f3n. Su nombre art\u00edstico combina el t\u00e9rmico \u201cMC\u201d con la palabra \u201chomicida\u201d. Habiendo ganado varias competencias de freestyle, lanz\u00f3 en 2008 su simple debut \u201cTriumfo\u201d, que r\u00e1pidamente consigui\u00f3 millones de reproducciones. Tambi\u00e9n lanz\u00f3 varios mixtapes, tres \u00e1lbumes de estudio y tres \u00e1lbumes en vivo. En 2011 alcanz\u00f3 la fama internacional, lo que le permiti\u00f3 traspasar la frontera de Brasil y hacer giras por los Estados Unidos y Europa. En 2018 colabor\u00f3 con <\/span><b>Ibeyi<\/b><span style=\"font-weight: 400;\">, el d\u00fao franco-cubano formado por las hermanas Lisa-Kaind\u00e9 y Naomi D\u00edaz, en las canciones \u201cHacia el amor\u201d y \u201cLibre\u201d, que present\u00f3 por primera vez en vivo en el Rock in Rio de 2019. Estas canciones forman parte de su nuevo \u00e1lbum <\/span><b><i>Amarelo<\/i><\/b><span style=\"font-weight: 400;\">, que fue lanzado el 13 de marzo.<\/span><\/p>\n<p><span style=\"font-weight: 400;\">Entonces no resulta sorprendente encontrarnos con Ibeyi en la playlist exclusiva que Emicida ha preparado para What The France, junto a otras estrellas francesas del g\u00e9nero urbano como <\/span><b>Aya Nakamura<\/b><span style=\"font-weight: 400;\">, <\/span><b>Booba<\/b><span style=\"font-weight: 400;\">, <\/span><b>MC Solaar<\/b><span style=\"font-weight: 400;\">, Maes, <\/span><b>PNL<\/b><span style=\"font-weight: 400;\">, <\/span><b>Oxmo Puccino<\/b><span style=\"font-weight: 400;\"> y <\/span><b>Niska<\/b><span style=\"font-weight: 400;\">, as\u00ed como aparecen \u00edconos mundiales como <\/span><b>Mayra Andrade<\/b><span style=\"font-weight: 400;\"> y <\/span><b>Fatoumata Diawara<\/b><span style=\"font-weight: 400;\">.<\/span><\/p>\n<p><span style=\"font-weight: 400;\"><div class=\"playListBloc singleBloc\"><div class=\"playListBloc-wrap\">    <div class=\"thumbnail\"><img data-src=\"https:\/\/whatthefrance.org\/wp-content\/uploads\/2020\/03\/WTF-Cover-Collab_emicida-254x254.jpg\" class=\"lazyload\" alt=\"WTF&#8212;Cover-Collab_emicida\" \/>    <\/div>    <div class=\"infos\">        <span class=\"tag\">Curators<\/span>        <h2>A Made In France Selection By Emicida<\/h2>        <span class=\"separator\"><\/span>       <span class=\"desc\">Listen to selection of made in France tracks, handpicked by Emicida ! Pic @Julia Rodrigues<\/span><div class=\"share flex flexAlignCenter \">\t<span class=\"label\">Compartir<\/span>\t<a href=\"https:\/\/www.facebook.com\/sharer\/sharer.php?u=https:\/\/whatthefrance.org\/es\/playlists\/a-made-in-france-selection-by-emicida\/\" class=\"facebook\" target=\"_blank\" rel=\"noreferrer\">Facebook<\/a>\t<a href=\"https:\/\/twitter.com\/intent\/tweet?url=https:\/\/whatthefrance.org\/es\/playlists\/a-made-in-france-selection-by-emicida\/&text=A+Made+In+France+Selection+By+Emicida&hashtags=WTF\" class=\"twitter\" target=\"_blank\" rel=\"noreferrer\">Twitter<\/a>\t<a href=\"mailto:?subject=What%20the%20France%20%3A%20A%20Made%20In%20France%20Selection%20By%20Emicida&body=https:\/\/whatthefrance.org\/es\/playlists\/a-made-in-france-selection-by-emicida\/\" class=\"mail\" target=\"_blank\" rel=\"noreferrer\">Email<\/a><\/div>        <a href=\"#\" class=\"btn btnPlaylist orange playlist-click\" data-id=\"17432\">            <svg version=\"1.1\" x=\"0px\" y=\"0px\" width=\"40px\" height=\"40px\" viewBox=\"0 0 213.7 213.7\" enable-background=\"new 0 0 213.7 213.7\" xml:space=\"preserve\">                <polygon class=\"triangle\" fill=\"none\" stroke-width=\"10\" stroke-linecap=\"round\" stroke-linejoin=\"round\" stroke-miterlimit=\"10\" points=\"\n            73.5,62.5 148.5,105.8 73.5,149.1 \"\/>                <circle class=\"circle\" fill=\"none\"  stroke-width=\"8\" stroke-linecap=\"round\" stroke-linejoin=\"round\" stroke-miterlimit=\"10\" cx=\"106.8\" cy=\"106.8\" r=\"103.3\"\/>                <circle class=\"circle-white\" fill=\"none\"  stroke-width=\"8\" stroke-linecap=\"round\" stroke-linejoin=\"round\" stroke-miterlimit=\"10\" cx=\"106.8\" cy=\"106.8\" r=\"103.3\"\/>            <\/svg>Escuchar        <\/a>    <\/div>  <\/div><\/div><\/span><\/p>\n<h3>Y por si te la perdiste, aqu\u00ed est\u00e1 la playlist de What The France compilada por Ibeyi.<\/h3>\n<p><span style=\"font-weight: 400;\"><div class=\"playListBloc singleBloc\"><div class=\"playListBloc-wrap\">    <div class=\"thumbnail\"><img data-src=\"https:\/\/whatthefrance.org\/wp-content\/uploads\/2018\/11\/WTF-Cover-Collab_-Ibeyi-1-254x254.jpg\" class=\"lazyload\" alt=\"WTF&#8212;Cover-Collab_ Ibeyi\" \/>    <\/div>    <div class=\"infos\">        <span class=\"tag\">Curators<\/span>        <h2>A Made in France Selection By Ibeyi<\/h2>        <span class=\"separator\"><\/span>       <span class=\"desc\">Listen to a selection of made in France tracks, handpicked by Ibeyi ! <\/span><div class=\"share flex flexAlignCenter \">\t<span class=\"label\">Compartir<\/span>\t<a href=\"https:\/\/www.facebook.com\/sharer\/sharer.php?u=https:\/\/whatthefrance.org\/es\/playlists\/a-made-in-france-selection-by-ibeyi\/\" class=\"facebook\" target=\"_blank\" rel=\"noreferrer\">Facebook<\/a>\t<a href=\"https:\/\/twitter.com\/intent\/tweet?url=https:\/\/whatthefrance.org\/es\/playlists\/a-made-in-france-selection-by-ibeyi\/&text=A+Made+in+France+Selection+By+Ibeyi&hashtags=WTF\" class=\"twitter\" target=\"_blank\" rel=\"noreferrer\">Twitter<\/a>\t<a href=\"mailto:?subject=What%20the%20France%20%3A%20A%20Made%20in%20France%20Selection%20By%20Ibeyi&body=https:\/\/whatthefrance.org\/es\/playlists\/a-made-in-france-selection-by-ibeyi\/\" class=\"mail\" target=\"_blank\" rel=\"noreferrer\">Email<\/a><\/div>        <a href=\"#\" class=\"btn btnPlaylist orange playlist-click\" data-id=\"10014\">            <svg version=\"1.1\" x=\"0px\" y=\"0px\" width=\"40px\" height=\"40px\" viewBox=\"0 0 213.7 213.7\" enable-background=\"new 0 0 213.7 213.7\" xml:space=\"preserve\">                <polygon class=\"triangle\" fill=\"none\" stroke-width=\"10\" stroke-linecap=\"round\" stroke-linejoin=\"round\" stroke-miterlimit=\"10\" points=\"\n            73.5,62.5 148.5,105.8 73.5,149.1 \"\/>                <circle class=\"circle\" fill=\"none\"  stroke-width=\"8\" stroke-linecap=\"round\" stroke-linejoin=\"round\" stroke-miterlimit=\"10\" cx=\"106.8\" cy=\"106.8\" r=\"103.3\"\/>                <circle class=\"circle-white\" fill=\"none\"  stroke-width=\"8\" stroke-linecap=\"round\" stroke-linejoin=\"round\" stroke-miterlimit=\"10\" cx=\"106.8\" cy=\"106.8\" r=\"103.3\"\/>            <\/svg>Escuchar        <\/a>    <\/div>  <\/div><\/div><\/span><\/p>\n","protected":false},"excerpt":{"rendered":"<p>\u00a1Es el turno de Leandro Roque de Oliveira, mejor conocido como Emicida, de proveernos una selecci\u00f3n de sus artistas favoritos \u201cmade in France\u201d! Este peso pesado de la escena musical brasilera, nacido en San Pablo, es considerado uno de los mejores raperos de su generaci\u00f3n. Su nombre art\u00edstico combina el t\u00e9rmico \u201cMC\u201d con la palabra [&hellip;]<\/p>\n","protected":false},"author":35,"featured_media":0,"comment_status":"closed","ping_status":"closed","sticky":false,"template":"","format":"standard","meta":{"_acf_changed":false,"footnotes":""},"categories":[1967],"tags":[1954],"class_list":["post-17455","post","type-post","status-publish","format-standard","hentry","category-curator-es","tag-urban-es"],"acf":[],"yoast_head":"<!-- This site is optimized with the Yoast SEO plugin v27.3 - https:\/\/yoast.com\/product\/yoast-seo-wordpress\/ -->\n<title>Una selecci\u00f3n de m\u00fasica francesa, por Emicida - What the France<\/title>\n<meta name=\"robots\" content=\"index, follow, max-snippet:-1, max-image-preview:large, max-video-preview:-1\" \/>\n<link rel=\"canonical\" href=\"https:\/\/whatthefrance.org\/es\/una-seleccion-de-musica-francesa-por-emicida\/\" \/>\n<meta property=\"og:locale\" content=\"es_ES\" \/>\n<meta property=\"og:type\" content=\"article\" \/>\n<meta property=\"og:title\" content=\"Una selecci\u00f3n de m\u00fasica francesa, por Emicida - What the France\" \/>\n<meta property=\"og:description\" content=\"\u00a1Es el turno de Leandro Roque de Oliveira, mejor conocido como Emicida, de proveernos una selecci\u00f3n de sus artistas favoritos \u201cmade in France\u201d! Este peso pesado de la escena musical brasilera, nacido en San Pablo, es considerado uno de los mejores raperos de su generaci\u00f3n. Su nombre art\u00edstico combina el t\u00e9rmico \u201cMC\u201d con la palabra [&hellip;]\" \/>\n<meta property=\"og:url\" content=\"https:\/\/whatthefrance.org\/es\/una-seleccion-de-musica-francesa-por-emicida\/\" \/>\n<meta property=\"og:site_name\" content=\"What the France\" \/>\n<meta property=\"article:published_time\" content=\"2020-03-17T14:41:51+00:00\" \/>\n<meta property=\"og:image\" content=\"https:\/\/whatthefrance.org\/wp-content\/uploads\/2020\/03\/emici_what_the_france.jpg\" \/>\n\t<meta property=\"og:image:width\" content=\"1084\" \/>\n\t<meta property=\"og:image:height\" content=\"525\" \/>\n<meta name=\"author\" content=\"ultrapop-gustavo\" \/>\n<meta name=\"twitter:card\" content=\"summary_large_image\" \/>\n<meta name=\"twitter:label1\" content=\"Escrito por\" \/>\n\t<meta name=\"twitter:data1\" content=\"ultrapop-gustavo\" \/>\n\t<meta name=\"twitter:label2\" content=\"Tiempo de lectura\" \/>\n\t<meta name=\"twitter:data2\" content=\"1 minuto\" \/>\n<script type=\"application\/ld+json\" class=\"yoast-schema-graph\">{\"@context\":\"https:\\\/\\\/schema.org\",\"@graph\":[{\"@type\":\"Article\",\"@id\":\"https:\\\/\\\/whatthefrance.org\\\/es\\\/una-seleccion-de-musica-francesa-por-emicida\\\/#article\",\"isPartOf\":{\"@id\":\"https:\\\/\\\/whatthefrance.org\\\/es\\\/una-seleccion-de-musica-francesa-por-emicida\\\/\"},\"author\":{\"name\":\"ultrapop-gustavo\",\"@id\":\"https:\\\/\\\/whatthefrance.org\\\/es\\\/#\\\/schema\\\/person\\\/ec6689bd96bf81ba9dcf2264cb54c946\"},\"headline\":\"Una selecci\u00f3n de m\u00fasica francesa, por Emicida\",\"datePublished\":\"2020-03-17T14:41:51+00:00\",\"mainEntityOfPage\":{\"@id\":\"https:\\\/\\\/whatthefrance.org\\\/es\\\/una-seleccion-de-musica-francesa-por-emicida\\\/\"},\"wordCount\":250,\"publisher\":{\"@id\":\"https:\\\/\\\/whatthefrance.org\\\/es\\\/#organization\"},\"keywords\":[\"Urban\"],\"articleSection\":[\"Curator\"],\"inLanguage\":\"es\"},{\"@type\":\"WebPage\",\"@id\":\"https:\\\/\\\/whatthefrance.org\\\/es\\\/una-seleccion-de-musica-francesa-por-emicida\\\/\",\"url\":\"https:\\\/\\\/whatthefrance.org\\\/es\\\/una-seleccion-de-musica-francesa-por-emicida\\\/\",\"name\":\"Una selecci\u00f3n de m\u00fasica francesa, por Emicida - What the France\",\"isPartOf\":{\"@id\":\"https:\\\/\\\/whatthefrance.org\\\/es\\\/#website\"},\"datePublished\":\"2020-03-17T14:41:51+00:00\",\"breadcrumb\":{\"@id\":\"https:\\\/\\\/whatthefrance.org\\\/es\\\/una-seleccion-de-musica-francesa-por-emicida\\\/#breadcrumb\"},\"inLanguage\":\"es\",\"potentialAction\":[{\"@type\":\"ReadAction\",\"target\":[\"https:\\\/\\\/whatthefrance.org\\\/es\\\/una-seleccion-de-musica-francesa-por-emicida\\\/\"]}]},{\"@type\":\"BreadcrumbList\",\"@id\":\"https:\\\/\\\/whatthefrance.org\\\/es\\\/una-seleccion-de-musica-francesa-por-emicida\\\/#breadcrumb\",\"itemListElement\":[{\"@type\":\"ListItem\",\"position\":1,\"name\":\"Home\",\"item\":\"https:\\\/\\\/whatthefrance.org\\\/es\\\/\"},{\"@type\":\"ListItem\",\"position\":2,\"name\":\"Una selecci\u00f3n de m\u00fasica francesa, por Emicida\"}]},{\"@type\":\"WebSite\",\"@id\":\"https:\\\/\\\/whatthefrance.org\\\/es\\\/#website\",\"url\":\"https:\\\/\\\/whatthefrance.org\\\/es\\\/\",\"name\":\"What the France\",\"description\":\"The finest music made in France !\",\"publisher\":{\"@id\":\"https:\\\/\\\/whatthefrance.org\\\/es\\\/#organization\"},\"potentialAction\":[{\"@type\":\"SearchAction\",\"target\":{\"@type\":\"EntryPoint\",\"urlTemplate\":\"https:\\\/\\\/whatthefrance.org\\\/es\\\/?s={search_term_string}\"},\"query-input\":{\"@type\":\"PropertyValueSpecification\",\"valueRequired\":true,\"valueName\":\"search_term_string\"}}],\"inLanguage\":\"es\"},{\"@type\":\"Organization\",\"@id\":\"https:\\\/\\\/whatthefrance.org\\\/es\\\/#organization\",\"name\":\"What The France\",\"url\":\"https:\\\/\\\/whatthefrance.org\\\/es\\\/\",\"logo\":{\"@type\":\"ImageObject\",\"inLanguage\":\"es\",\"@id\":\"https:\\\/\\\/whatthefrance.org\\\/es\\\/#\\\/schema\\\/logo\\\/image\\\/\",\"url\":\"https:\\\/\\\/whatthefrance.org\\\/wp-content\\\/uploads\\\/2019\\\/12\\\/44688719_2251580388408837_694180218134331392_n-e1577679609190.png\",\"contentUrl\":\"https:\\\/\\\/whatthefrance.org\\\/wp-content\\\/uploads\\\/2019\\\/12\\\/44688719_2251580388408837_694180218134331392_n-e1577679609190.png\",\"width\":200,\"height\":200,\"caption\":\"What The France\"},\"image\":{\"@id\":\"https:\\\/\\\/whatthefrance.org\\\/es\\\/#\\\/schema\\\/logo\\\/image\\\/\"}},{\"@type\":\"Person\",\"@id\":\"https:\\\/\\\/whatthefrance.org\\\/es\\\/#\\\/schema\\\/person\\\/ec6689bd96bf81ba9dcf2264cb54c946\",\"name\":\"ultrapop-gustavo\",\"image\":{\"@type\":\"ImageObject\",\"inLanguage\":\"es\",\"@id\":\"https:\\\/\\\/secure.gravatar.com\\\/avatar\\\/9f35e3e5944405caa221d3f9ae6c981bac53ada24e0340936c6d6364326ab920?s=96&d=mm&r=g\",\"url\":\"https:\\\/\\\/secure.gravatar.com\\\/avatar\\\/9f35e3e5944405caa221d3f9ae6c981bac53ada24e0340936c6d6364326ab920?s=96&d=mm&r=g\",\"contentUrl\":\"https:\\\/\\\/secure.gravatar.com\\\/avatar\\\/9f35e3e5944405caa221d3f9ae6c981bac53ada24e0340936c6d6364326ab920?s=96&d=mm&r=g\",\"caption\":\"ultrapop-gustavo\"}}]}<\/script>\n<!-- \/ Yoast SEO plugin. -->","yoast_head_json":{"title":"Una selecci\u00f3n de m\u00fasica francesa, por Emicida - What the France","robots":{"index":"index","follow":"follow","max-snippet":"max-snippet:-1","max-image-preview":"max-image-preview:large","max-video-preview":"max-video-preview:-1"},"canonical":"https:\/\/whatthefrance.org\/es\/una-seleccion-de-musica-francesa-por-emicida\/","og_locale":"es_ES","og_type":"article","og_title":"Una selecci\u00f3n de m\u00fasica francesa, por Emicida - What the France","og_description":"\u00a1Es el turno de Leandro Roque de Oliveira, mejor conocido como Emicida, de proveernos una selecci\u00f3n de sus artistas favoritos \u201cmade in France\u201d! Este peso pesado de la escena musical brasilera, nacido en San Pablo, es considerado uno de los mejores raperos de su generaci\u00f3n. Su nombre art\u00edstico combina el t\u00e9rmico \u201cMC\u201d con la palabra [&hellip;]","og_url":"https:\/\/whatthefrance.org\/es\/una-seleccion-de-musica-francesa-por-emicida\/","og_site_name":"What the France","article_published_time":"2020-03-17T14:41:51+00:00","og_image":[{"url":"https:\/\/whatthefrance.org\/wp-content\/uploads\/2020\/03\/emici_what_the_france.jpg","height":525,"width":1084,"type":""}],"author":"ultrapop-gustavo","twitter_card":"summary_large_image","twitter_misc":{"Escrito por":"ultrapop-gustavo","Tiempo de lectura":"1 minuto"},"schema":{"@context":"https:\/\/schema.org","@graph":[{"@type":"Article","@id":"https:\/\/whatthefrance.org\/es\/una-seleccion-de-musica-francesa-por-emicida\/#article","isPartOf":{"@id":"https:\/\/whatthefrance.org\/es\/una-seleccion-de-musica-francesa-por-emicida\/"},"author":{"name":"ultrapop-gustavo","@id":"https:\/\/whatthefrance.org\/es\/#\/schema\/person\/ec6689bd96bf81ba9dcf2264cb54c946"},"headline":"Una selecci\u00f3n de m\u00fasica francesa, por Emicida","datePublished":"2020-03-17T14:41:51+00:00","mainEntityOfPage":{"@id":"https:\/\/whatthefrance.org\/es\/una-seleccion-de-musica-francesa-por-emicida\/"},"wordCount":250,"publisher":{"@id":"https:\/\/whatthefrance.org\/es\/#organization"},"keywords":["Urban"],"articleSection":["Curator"],"inLanguage":"es"},{"@type":"WebPage","@id":"https:\/\/whatthefrance.org\/es\/una-seleccion-de-musica-francesa-por-emicida\/","url":"https:\/\/whatthefrance.org\/es\/una-seleccion-de-musica-francesa-por-emicida\/","name":"Una selecci\u00f3n de m\u00fasica francesa, por Emicida - What the France","isPartOf":{"@id":"https:\/\/whatthefrance.org\/es\/#website"},"datePublished":"2020-03-17T14:41:51+00:00","breadcrumb":{"@id":"https:\/\/whatthefrance.org\/es\/una-seleccion-de-musica-francesa-por-emicida\/#breadcrumb"},"inLanguage":"es","potentialAction":[{"@type":"ReadAction","target":["https:\/\/whatthefrance.org\/es\/una-seleccion-de-musica-francesa-por-emicida\/"]}]},{"@type":"BreadcrumbList","@id":"https:\/\/whatthefrance.org\/es\/una-seleccion-de-musica-francesa-por-emicida\/#breadcrumb","itemListElement":[{"@type":"ListItem","position":1,"name":"Home","item":"https:\/\/whatthefrance.org\/es\/"},{"@type":"ListItem","position":2,"name":"Una selecci\u00f3n de m\u00fasica francesa, por Emicida"}]},{"@type":"WebSite","@id":"https:\/\/whatthefrance.org\/es\/#website","url":"https:\/\/whatthefrance.org\/es\/","name":"What the France","description":"The finest music made in France !","publisher":{"@id":"https:\/\/whatthefrance.org\/es\/#organization"},"potentialAction":[{"@type":"SearchAction","target":{"@type":"EntryPoint","urlTemplate":"https:\/\/whatthefrance.org\/es\/?s={search_term_string}"},"query-input":{"@type":"PropertyValueSpecification","valueRequired":true,"valueName":"search_term_string"}}],"inLanguage":"es"},{"@type":"Organization","@id":"https:\/\/whatthefrance.org\/es\/#organization","name":"What The France","url":"https:\/\/whatthefrance.org\/es\/","logo":{"@type":"ImageObject","inLanguage":"es","@id":"https:\/\/whatthefrance.org\/es\/#\/schema\/logo\/image\/","url":"https:\/\/whatthefrance.org\/wp-content\/uploads\/2019\/12\/44688719_2251580388408837_694180218134331392_n-e1577679609190.png","contentUrl":"https:\/\/whatthefrance.org\/wp-content\/uploads\/2019\/12\/44688719_2251580388408837_694180218134331392_n-e1577679609190.png","width":200,"height":200,"caption":"What The France"},"image":{"@id":"https:\/\/whatthefrance.org\/es\/#\/schema\/logo\/image\/"}},{"@type":"Person","@id":"https:\/\/whatthefrance.org\/es\/#\/schema\/person\/ec6689bd96bf81ba9dcf2264cb54c946","name":"ultrapop-gustavo","image":{"@type":"ImageObject","inLanguage":"es","@id":"https:\/\/secure.gravatar.com\/avatar\/9f35e3e5944405caa221d3f9ae6c981bac53ada24e0340936c6d6364326ab920?s=96&d=mm&r=g","url":"https:\/\/secure.gravatar.com\/avatar\/9f35e3e5944405caa221d3f9ae6c981bac53ada24e0340936c6d6364326ab920?s=96&d=mm&r=g","contentUrl":"https:\/\/secure.gravatar.com\/avatar\/9f35e3e5944405caa221d3f9ae6c981bac53ada24e0340936c6d6364326ab920?s=96&d=mm&r=g","caption":"ultrapop-gustavo"}}]}},"_links":{"self":[{"href":"https:\/\/whatthefrance.org\/es\/wp-json\/wp\/v2\/posts\/17455","targetHints":{"allow":["GET"]}}],"collection":[{"href":"https:\/\/whatthefrance.org\/es\/wp-json\/wp\/v2\/posts"}],"about":[{"href":"https:\/\/whatthefrance.org\/es\/wp-json\/wp\/v2\/types\/post"}],"author":[{"embeddable":true,"href":"https:\/\/whatthefrance.org\/es\/wp-json\/wp\/v2\/users\/35"}],"replies":[{"embeddable":true,"href":"https:\/\/whatthefrance.org\/es\/wp-json\/wp\/v2\/comments?post=17455"}],"version-history":[{"count":2,"href":"https:\/\/whatthefrance.org\/es\/wp-json\/wp\/v2\/posts\/17455\/revisions"}],"predecessor-version":[{"id":17457,"href":"https:\/\/whatthefrance.org\/es\/wp-json\/wp\/v2\/posts\/17455\/revisions\/17457"}],"wp:attachment":[{"href":"https:\/\/whatthefrance.org\/es\/wp-json\/wp\/v2\/media?parent=17455"}],"wp:term":[{"taxonomy":"category","embeddable":true,"href":"https:\/\/whatthefrance.org\/es\/wp-json\/wp\/v2\/categories?post=17455"},{"taxonomy":"post_tag","embeddable":true,"href":"https:\/\/whatthefrance.org\/es\/wp-json\/wp\/v2\/tags?post=17455"}],"curies":[{"name":"wp","href":"https:\/\/api.w.org\/{rel}","templated":true}]}}