{"id":19106,"date":"2020-05-06T16:25:12","date_gmt":"2020-05-06T14:25:12","guid":{"rendered":"https:\/\/whatthefrance.org\/?p=19106"},"modified":"2020-05-06T17:26:33","modified_gmt":"2020-05-06T15:26:33","slug":"jehnny-beth-su-primer-album-solista-sale-en-mayo","status":"publish","type":"post","link":"https:\/\/whatthefrance.org\/es\/jehnny-beth-su-primer-album-solista-sale-en-mayo\/","title":{"rendered":"Jehnny Beth | \u00a1Su primer \u00e1lbum solista sale en junio!"},"content":{"rendered":"<p><span style=\"font-weight: 400;\">Los que ya la han visto en vivo lo saben: <\/span><a href=\"https:\/\/www.jehnnybeth.com\/\"><b>Jehnny Beth<\/b><\/a><span style=\"font-weight: 400;\"> es una bestia arriba del escenario. La carism\u00e1tica cantante y l\u00edder de Savages, suele arrojarse a menudo al p\u00fablico. Arriba del escenario se arroja a la primera fila y canta con pasi\u00f3n. El 12 de junio lanza su primer \u00e1lbum en solitario, <\/span><b><i>TO LOVE IS TO LIVE<\/i><\/b><span style=\"font-weight: 400;\">.<\/span><\/p>\n<p><iframe loading=\"lazy\" title=\"Jehnny Beth | Flower (Official Video)\" width=\"500\" height=\"281\" src=\"https:\/\/www.youtube.com\/embed\/XwOjI60EsTw?feature=oembed\" frameborder=\"0\" allow=\"accelerometer; autoplay; clipboard-write; encrypted-media; gyroscope; picture-in-picture; web-share\" referrerpolicy=\"strict-origin-when-cross-origin\" allowfullscreen><\/iframe><\/p>\n<p><span style=\"font-weight: 400;\">Savages se ha tomado un descanso desde 2017 y Jehnny Beth lo aprovech\u00f3 para dedicarse a otros proyectos igualmente emocionantes. Ha sido invitada por Gorillaz en algunos de sus conciertos, colabor\u00f3 con The XX, con Anna Calvi y con PJ Harvey, mencionando en varias entrevistas que podr\u00eda preparar un \u00e1lbum. Tambi\u00e9n produjo con Johnny Hostile la banda sonora incre\u00edblemente exitosa y oscura del documental \u201cXY Chelsea\u201d, que trata sobre la denunciante Chelsea Manning.<\/span><\/p>\n<h3><b>\u201cI\u2019m The Man\u201d<\/b><\/h3>\n<p><span style=\"font-weight: 400;\">M\u00e1s recientemente contribuy\u00f3 a la formidable banda sonora de la serie \u201cPeaky Blinders\u201d con su canci\u00f3n \u201cI\u2019m The Man\u201d. Este impactante simple es incre\u00edble, mitad industrial, mitad rock y con letras como \u201cI\u2019m the man \/ I fuck all I can \/ Cause I\u2019m the man\u201d. El videoclip es igual de fuerte, lo cual no es sorprendente cuando sabes que Jehnny Beth tambi\u00e9n trabaja como artista visual.<\/span><\/p>\n<p><span style=\"font-weight: 400;\"><div class=\"playListBloc singleBloc\"><div class=\"playListBloc-wrap\">    <div class=\"thumbnail\"><img data-src=\"https:\/\/whatthefrance.org\/wp-content\/uploads\/2018\/11\/WTF-Pochettes_rock_8-1-254x254.jpg\" class=\"lazyload\" alt=\"WTF&#8212;Pochettes_rock_8\" \/>    <\/div>    <div class=\"infos\">        <span class=\"tag\">Genres<\/span>        <h2>Rock around the Eiffel<\/h2>        <span class=\"separator\"><\/span>       <span class=\"desc\">Discover the latest rock hits made in France.<\/span><div class=\"share flex flexAlignCenter \">\t<span class=\"label\">Compartir<\/span>\t<a href=\"https:\/\/www.facebook.com\/sharer\/sharer.php?u=https:\/\/whatthefrance.org\/fr\/playlists\/rock-around-the-eiffel\/\" class=\"facebook\" target=\"_blank\" rel=\"noreferrer\">Facebook<\/a>\t<a href=\"https:\/\/twitter.com\/intent\/tweet?url=https:\/\/whatthefrance.org\/fr\/playlists\/rock-around-the-eiffel\/&text=Rock+around+the+Eiffel&hashtags=WTF\" class=\"twitter\" target=\"_blank\" rel=\"noreferrer\">Twitter<\/a>\t<a href=\"mailto:?subject=What%20the%20France%20%3A%20Rock%20around%20the%20Eiffel&body=https:\/\/whatthefrance.org\/fr\/playlists\/rock-around-the-eiffel\/\" class=\"mail\" target=\"_blank\" rel=\"noreferrer\">Email<\/a><\/div>        <a href=\"#\" class=\"btn btnPlaylist orange playlist-click\" data-id=\"900\">            <svg version=\"1.1\" x=\"0px\" y=\"0px\" width=\"40px\" height=\"40px\" viewBox=\"0 0 213.7 213.7\" enable-background=\"new 0 0 213.7 213.7\" xml:space=\"preserve\">                <polygon class=\"triangle\" fill=\"none\" stroke-width=\"10\" stroke-linecap=\"round\" stroke-linejoin=\"round\" stroke-miterlimit=\"10\" points=\"\n            73.5,62.5 148.5,105.8 73.5,149.1 \"\/>                <circle class=\"circle\" fill=\"none\"  stroke-width=\"8\" stroke-linecap=\"round\" stroke-linejoin=\"round\" stroke-miterlimit=\"10\" cx=\"106.8\" cy=\"106.8\" r=\"103.3\"\/>                <circle class=\"circle-white\" fill=\"none\"  stroke-width=\"8\" stroke-linecap=\"round\" stroke-linejoin=\"round\" stroke-miterlimit=\"10\" cx=\"106.8\" cy=\"106.8\" r=\"103.3\"\/>            <\/svg>Escuchar        <\/a>    <\/div>  <\/div><\/div><\/span><\/p>\n","protected":false},"excerpt":{"rendered":"<p>Los que ya la han visto en vivo lo saben: Jehnny Beth es una bestia arriba del escenario. La carism\u00e1tica cantante y l\u00edder de Savages, suele arrojarse a menudo al p\u00fablico. Arriba del escenario se arroja a la primera fila y canta con pasi\u00f3n. El 12 de junio lanza su primer \u00e1lbum en solitario, TO [&hellip;]<\/p>\n","protected":false},"author":35,"featured_media":0,"comment_status":"closed","ping_status":"closed","sticky":false,"template":"","format":"standard","meta":{"_acf_changed":false,"footnotes":""},"categories":[1968],"tags":[1950],"class_list":["post-19106","post","type-post","status-publish","format-standard","hentry","category-release-es","tag-rock-es"],"acf":[],"yoast_head":"<!-- This site is optimized with the Yoast SEO plugin v27.3 - https:\/\/yoast.com\/product\/yoast-seo-wordpress\/ -->\n<title>Jehnny Beth | \u00a1Su primer \u00e1lbum solista sale en junio! - What the France<\/title>\n<meta name=\"robots\" content=\"index, follow, max-snippet:-1, max-image-preview:large, max-video-preview:-1\" \/>\n<link rel=\"canonical\" href=\"https:\/\/whatthefrance.org\/es\/jehnny-beth-su-primer-album-solista-sale-en-mayo\/\" \/>\n<meta property=\"og:locale\" content=\"es_ES\" \/>\n<meta property=\"og:type\" content=\"article\" \/>\n<meta property=\"og:title\" content=\"Jehnny Beth | \u00a1Su primer \u00e1lbum solista sale en junio! - What the France\" \/>\n<meta property=\"og:description\" content=\"Los que ya la han visto en vivo lo saben: Jehnny Beth es una bestia arriba del escenario. La carism\u00e1tica cantante y l\u00edder de Savages, suele arrojarse a menudo al p\u00fablico. Arriba del escenario se arroja a la primera fila y canta con pasi\u00f3n. El 12 de junio lanza su primer \u00e1lbum en solitario, TO [&hellip;]\" \/>\n<meta property=\"og:url\" content=\"https:\/\/whatthefrance.org\/es\/jehnny-beth-su-primer-album-solista-sale-en-mayo\/\" \/>\n<meta property=\"og:site_name\" content=\"What the France\" \/>\n<meta property=\"article:published_time\" content=\"2020-05-06T14:25:12+00:00\" \/>\n<meta property=\"article:modified_time\" content=\"2020-05-06T15:26:33+00:00\" \/>\n<meta property=\"og:image\" content=\"https:\/\/whatthefrance.org\/wp-content\/uploads\/2020\/03\/JehnnyB_Wordpress1.png\" \/>\n\t<meta property=\"og:image:width\" content=\"1084\" \/>\n\t<meta property=\"og:image:height\" content=\"525\" \/>\n<meta name=\"author\" content=\"ultrapop-gustavo\" \/>\n<meta name=\"twitter:card\" content=\"summary_large_image\" \/>\n<meta name=\"twitter:label1\" content=\"Escrito por\" \/>\n\t<meta name=\"twitter:data1\" content=\"ultrapop-gustavo\" \/>\n\t<meta name=\"twitter:label2\" content=\"Tiempo de lectura\" \/>\n\t<meta name=\"twitter:data2\" content=\"1 minuto\" \/>\n<script type=\"application\/ld+json\" class=\"yoast-schema-graph\">{\"@context\":\"https:\\\/\\\/schema.org\",\"@graph\":[{\"@type\":\"Article\",\"@id\":\"https:\\\/\\\/whatthefrance.org\\\/es\\\/jehnny-beth-su-primer-album-solista-sale-en-mayo\\\/#article\",\"isPartOf\":{\"@id\":\"https:\\\/\\\/whatthefrance.org\\\/es\\\/jehnny-beth-su-primer-album-solista-sale-en-mayo\\\/\"},\"author\":{\"name\":\"ultrapop-gustavo\",\"@id\":\"https:\\\/\\\/whatthefrance.org\\\/es\\\/#\\\/schema\\\/person\\\/ec6689bd96bf81ba9dcf2264cb54c946\"},\"headline\":\"Jehnny Beth | \u00a1Su primer \u00e1lbum solista sale en junio!\",\"datePublished\":\"2020-05-06T14:25:12+00:00\",\"dateModified\":\"2020-05-06T15:26:33+00:00\",\"mainEntityOfPage\":{\"@id\":\"https:\\\/\\\/whatthefrance.org\\\/es\\\/jehnny-beth-su-primer-album-solista-sale-en-mayo\\\/\"},\"wordCount\":229,\"publisher\":{\"@id\":\"https:\\\/\\\/whatthefrance.org\\\/es\\\/#organization\"},\"keywords\":[\"Rock\"],\"articleSection\":[\"Release\"],\"inLanguage\":\"es\"},{\"@type\":\"WebPage\",\"@id\":\"https:\\\/\\\/whatthefrance.org\\\/es\\\/jehnny-beth-su-primer-album-solista-sale-en-mayo\\\/\",\"url\":\"https:\\\/\\\/whatthefrance.org\\\/es\\\/jehnny-beth-su-primer-album-solista-sale-en-mayo\\\/\",\"name\":\"Jehnny Beth | \u00a1Su primer \u00e1lbum solista sale en junio! - What the France\",\"isPartOf\":{\"@id\":\"https:\\\/\\\/whatthefrance.org\\\/es\\\/#website\"},\"datePublished\":\"2020-05-06T14:25:12+00:00\",\"dateModified\":\"2020-05-06T15:26:33+00:00\",\"breadcrumb\":{\"@id\":\"https:\\\/\\\/whatthefrance.org\\\/es\\\/jehnny-beth-su-primer-album-solista-sale-en-mayo\\\/#breadcrumb\"},\"inLanguage\":\"es\",\"potentialAction\":[{\"@type\":\"ReadAction\",\"target\":[\"https:\\\/\\\/whatthefrance.org\\\/es\\\/jehnny-beth-su-primer-album-solista-sale-en-mayo\\\/\"]}]},{\"@type\":\"BreadcrumbList\",\"@id\":\"https:\\\/\\\/whatthefrance.org\\\/es\\\/jehnny-beth-su-primer-album-solista-sale-en-mayo\\\/#breadcrumb\",\"itemListElement\":[{\"@type\":\"ListItem\",\"position\":1,\"name\":\"Home\",\"item\":\"https:\\\/\\\/whatthefrance.org\\\/es\\\/\"},{\"@type\":\"ListItem\",\"position\":2,\"name\":\"Jehnny Beth | \u00a1Su primer \u00e1lbum solista sale en junio!\"}]},{\"@type\":\"WebSite\",\"@id\":\"https:\\\/\\\/whatthefrance.org\\\/es\\\/#website\",\"url\":\"https:\\\/\\\/whatthefrance.org\\\/es\\\/\",\"name\":\"What the France\",\"description\":\"The finest music made in France !\",\"publisher\":{\"@id\":\"https:\\\/\\\/whatthefrance.org\\\/es\\\/#organization\"},\"potentialAction\":[{\"@type\":\"SearchAction\",\"target\":{\"@type\":\"EntryPoint\",\"urlTemplate\":\"https:\\\/\\\/whatthefrance.org\\\/es\\\/?s={search_term_string}\"},\"query-input\":{\"@type\":\"PropertyValueSpecification\",\"valueRequired\":true,\"valueName\":\"search_term_string\"}}],\"inLanguage\":\"es\"},{\"@type\":\"Organization\",\"@id\":\"https:\\\/\\\/whatthefrance.org\\\/es\\\/#organization\",\"name\":\"What The France\",\"url\":\"https:\\\/\\\/whatthefrance.org\\\/es\\\/\",\"logo\":{\"@type\":\"ImageObject\",\"inLanguage\":\"es\",\"@id\":\"https:\\\/\\\/whatthefrance.org\\\/es\\\/#\\\/schema\\\/logo\\\/image\\\/\",\"url\":\"https:\\\/\\\/whatthefrance.org\\\/wp-content\\\/uploads\\\/2019\\\/12\\\/44688719_2251580388408837_694180218134331392_n-e1577679609190.png\",\"contentUrl\":\"https:\\\/\\\/whatthefrance.org\\\/wp-content\\\/uploads\\\/2019\\\/12\\\/44688719_2251580388408837_694180218134331392_n-e1577679609190.png\",\"width\":200,\"height\":200,\"caption\":\"What The France\"},\"image\":{\"@id\":\"https:\\\/\\\/whatthefrance.org\\\/es\\\/#\\\/schema\\\/logo\\\/image\\\/\"}},{\"@type\":\"Person\",\"@id\":\"https:\\\/\\\/whatthefrance.org\\\/es\\\/#\\\/schema\\\/person\\\/ec6689bd96bf81ba9dcf2264cb54c946\",\"name\":\"ultrapop-gustavo\",\"image\":{\"@type\":\"ImageObject\",\"inLanguage\":\"es\",\"@id\":\"https:\\\/\\\/secure.gravatar.com\\\/avatar\\\/9f35e3e5944405caa221d3f9ae6c981bac53ada24e0340936c6d6364326ab920?s=96&d=mm&r=g\",\"url\":\"https:\\\/\\\/secure.gravatar.com\\\/avatar\\\/9f35e3e5944405caa221d3f9ae6c981bac53ada24e0340936c6d6364326ab920?s=96&d=mm&r=g\",\"contentUrl\":\"https:\\\/\\\/secure.gravatar.com\\\/avatar\\\/9f35e3e5944405caa221d3f9ae6c981bac53ada24e0340936c6d6364326ab920?s=96&d=mm&r=g\",\"caption\":\"ultrapop-gustavo\"}}]}<\/script>\n<!-- \/ Yoast SEO plugin. -->","yoast_head_json":{"title":"Jehnny Beth | \u00a1Su primer \u00e1lbum solista sale en junio! - What the France","robots":{"index":"index","follow":"follow","max-snippet":"max-snippet:-1","max-image-preview":"max-image-preview:large","max-video-preview":"max-video-preview:-1"},"canonical":"https:\/\/whatthefrance.org\/es\/jehnny-beth-su-primer-album-solista-sale-en-mayo\/","og_locale":"es_ES","og_type":"article","og_title":"Jehnny Beth | \u00a1Su primer \u00e1lbum solista sale en junio! - What the France","og_description":"Los que ya la han visto en vivo lo saben: Jehnny Beth es una bestia arriba del escenario. La carism\u00e1tica cantante y l\u00edder de Savages, suele arrojarse a menudo al p\u00fablico. Arriba del escenario se arroja a la primera fila y canta con pasi\u00f3n. El 12 de junio lanza su primer \u00e1lbum en solitario, TO [&hellip;]","og_url":"https:\/\/whatthefrance.org\/es\/jehnny-beth-su-primer-album-solista-sale-en-mayo\/","og_site_name":"What the France","article_published_time":"2020-05-06T14:25:12+00:00","article_modified_time":"2020-05-06T15:26:33+00:00","og_image":[{"url":"https:\/\/whatthefrance.org\/wp-content\/uploads\/2020\/03\/JehnnyB_Wordpress1.png","height":525,"width":1084,"type":""}],"author":"ultrapop-gustavo","twitter_card":"summary_large_image","twitter_misc":{"Escrito por":"ultrapop-gustavo","Tiempo de lectura":"1 minuto"},"schema":{"@context":"https:\/\/schema.org","@graph":[{"@type":"Article","@id":"https:\/\/whatthefrance.org\/es\/jehnny-beth-su-primer-album-solista-sale-en-mayo\/#article","isPartOf":{"@id":"https:\/\/whatthefrance.org\/es\/jehnny-beth-su-primer-album-solista-sale-en-mayo\/"},"author":{"name":"ultrapop-gustavo","@id":"https:\/\/whatthefrance.org\/es\/#\/schema\/person\/ec6689bd96bf81ba9dcf2264cb54c946"},"headline":"Jehnny Beth | \u00a1Su primer \u00e1lbum solista sale en junio!","datePublished":"2020-05-06T14:25:12+00:00","dateModified":"2020-05-06T15:26:33+00:00","mainEntityOfPage":{"@id":"https:\/\/whatthefrance.org\/es\/jehnny-beth-su-primer-album-solista-sale-en-mayo\/"},"wordCount":229,"publisher":{"@id":"https:\/\/whatthefrance.org\/es\/#organization"},"keywords":["Rock"],"articleSection":["Release"],"inLanguage":"es"},{"@type":"WebPage","@id":"https:\/\/whatthefrance.org\/es\/jehnny-beth-su-primer-album-solista-sale-en-mayo\/","url":"https:\/\/whatthefrance.org\/es\/jehnny-beth-su-primer-album-solista-sale-en-mayo\/","name":"Jehnny Beth | \u00a1Su primer \u00e1lbum solista sale en junio! - What the France","isPartOf":{"@id":"https:\/\/whatthefrance.org\/es\/#website"},"datePublished":"2020-05-06T14:25:12+00:00","dateModified":"2020-05-06T15:26:33+00:00","breadcrumb":{"@id":"https:\/\/whatthefrance.org\/es\/jehnny-beth-su-primer-album-solista-sale-en-mayo\/#breadcrumb"},"inLanguage":"es","potentialAction":[{"@type":"ReadAction","target":["https:\/\/whatthefrance.org\/es\/jehnny-beth-su-primer-album-solista-sale-en-mayo\/"]}]},{"@type":"BreadcrumbList","@id":"https:\/\/whatthefrance.org\/es\/jehnny-beth-su-primer-album-solista-sale-en-mayo\/#breadcrumb","itemListElement":[{"@type":"ListItem","position":1,"name":"Home","item":"https:\/\/whatthefrance.org\/es\/"},{"@type":"ListItem","position":2,"name":"Jehnny Beth | \u00a1Su primer \u00e1lbum solista sale en junio!"}]},{"@type":"WebSite","@id":"https:\/\/whatthefrance.org\/es\/#website","url":"https:\/\/whatthefrance.org\/es\/","name":"What the France","description":"The finest music made in France !","publisher":{"@id":"https:\/\/whatthefrance.org\/es\/#organization"},"potentialAction":[{"@type":"SearchAction","target":{"@type":"EntryPoint","urlTemplate":"https:\/\/whatthefrance.org\/es\/?s={search_term_string}"},"query-input":{"@type":"PropertyValueSpecification","valueRequired":true,"valueName":"search_term_string"}}],"inLanguage":"es"},{"@type":"Organization","@id":"https:\/\/whatthefrance.org\/es\/#organization","name":"What The France","url":"https:\/\/whatthefrance.org\/es\/","logo":{"@type":"ImageObject","inLanguage":"es","@id":"https:\/\/whatthefrance.org\/es\/#\/schema\/logo\/image\/","url":"https:\/\/whatthefrance.org\/wp-content\/uploads\/2019\/12\/44688719_2251580388408837_694180218134331392_n-e1577679609190.png","contentUrl":"https:\/\/whatthefrance.org\/wp-content\/uploads\/2019\/12\/44688719_2251580388408837_694180218134331392_n-e1577679609190.png","width":200,"height":200,"caption":"What The France"},"image":{"@id":"https:\/\/whatthefrance.org\/es\/#\/schema\/logo\/image\/"}},{"@type":"Person","@id":"https:\/\/whatthefrance.org\/es\/#\/schema\/person\/ec6689bd96bf81ba9dcf2264cb54c946","name":"ultrapop-gustavo","image":{"@type":"ImageObject","inLanguage":"es","@id":"https:\/\/secure.gravatar.com\/avatar\/9f35e3e5944405caa221d3f9ae6c981bac53ada24e0340936c6d6364326ab920?s=96&d=mm&r=g","url":"https:\/\/secure.gravatar.com\/avatar\/9f35e3e5944405caa221d3f9ae6c981bac53ada24e0340936c6d6364326ab920?s=96&d=mm&r=g","contentUrl":"https:\/\/secure.gravatar.com\/avatar\/9f35e3e5944405caa221d3f9ae6c981bac53ada24e0340936c6d6364326ab920?s=96&d=mm&r=g","caption":"ultrapop-gustavo"}}]}},"_links":{"self":[{"href":"https:\/\/whatthefrance.org\/es\/wp-json\/wp\/v2\/posts\/19106","targetHints":{"allow":["GET"]}}],"collection":[{"href":"https:\/\/whatthefrance.org\/es\/wp-json\/wp\/v2\/posts"}],"about":[{"href":"https:\/\/whatthefrance.org\/es\/wp-json\/wp\/v2\/types\/post"}],"author":[{"embeddable":true,"href":"https:\/\/whatthefrance.org\/es\/wp-json\/wp\/v2\/users\/35"}],"replies":[{"embeddable":true,"href":"https:\/\/whatthefrance.org\/es\/wp-json\/wp\/v2\/comments?post=19106"}],"version-history":[{"count":4,"href":"https:\/\/whatthefrance.org\/es\/wp-json\/wp\/v2\/posts\/19106\/revisions"}],"predecessor-version":[{"id":19116,"href":"https:\/\/whatthefrance.org\/es\/wp-json\/wp\/v2\/posts\/19106\/revisions\/19116"}],"wp:attachment":[{"href":"https:\/\/whatthefrance.org\/es\/wp-json\/wp\/v2\/media?parent=19106"}],"wp:term":[{"taxonomy":"category","embeddable":true,"href":"https:\/\/whatthefrance.org\/es\/wp-json\/wp\/v2\/categories?post=19106"},{"taxonomy":"post_tag","embeddable":true,"href":"https:\/\/whatthefrance.org\/es\/wp-json\/wp\/v2\/tags?post=19106"}],"curies":[{"name":"wp","href":"https:\/\/api.w.org\/{rel}","templated":true}]}}