{"id":19691,"date":"2020-06-08T16:59:28","date_gmt":"2020-06-08T14:59:28","guid":{"rendered":"https:\/\/whatthefrance.org\/?p=19691"},"modified":"2020-06-08T17:11:19","modified_gmt":"2020-06-08T15:11:19","slug":"benjamin-biolay-su-noveno-album-llega-a-finales-de-junio","status":"publish","type":"post","link":"https:\/\/whatthefrance.org\/es\/benjamin-biolay-su-noveno-album-llega-a-finales-de-junio\/","title":{"rendered":"Benjamin Biolay | Su noveno \u00e1lbum llega a finales de junio"},"content":{"rendered":"<p><span style=\"font-weight: 400;\">Tres a\u00f1os despu\u00e9s de declarar su amor por Buenos Aires con su \u00e1lbum <\/span><i><span style=\"font-weight: 400;\">Palermo Hollywood<\/span><\/i><span style=\"font-weight: 400;\"> (en 2016), premiado con el galard\u00f3n Victoire de la musique, y <\/span><i><span style=\"font-weight: 400;\">Volver<\/span><\/i><span style=\"font-weight: 400;\"> (en 2017), \u00a1<\/span><a href=\"https:\/\/www.facebook.com\/benjaminbiolayofficiel\/\"><b>Benjamin Biolay<\/b><\/a><span style=\"font-weight: 400;\"> regresar\u00e1 el 26 de junio con su noveno \u00e1lbum!<\/span><\/p>\n<p><iframe loading=\"lazy\" title=\"Benjamin Biolay - Comment est ta peine ? (Clip officiel)\" width=\"500\" height=\"281\" src=\"https:\/\/www.youtube.com\/embed\/Ba7TB4QXzmU?feature=oembed\" frameborder=\"0\" allow=\"accelerometer; autoplay; clipboard-write; encrypted-media; gyroscope; picture-in-picture; web-share\" referrerpolicy=\"strict-origin-when-cross-origin\" allowfullscreen><\/iframe><\/p>\n<p><b><i>Grand Prix<\/i><\/b><span style=\"font-weight: 400;\">, el t\u00edtulo del \u00e1lbum, se refiere tanto al \u00e1lbum de <\/span><b>Teenage Fanclub<\/b><span style=\"font-weight: 400;\"> como a la pel\u00edcula de culto de <\/span><b>John Frankenheimer <\/b><span style=\"font-weight: 400;\">sobre la F\u00f3rmula 1 de 1966, que cuenta con leyendas como Yves Montand y Fran\u00e7oise Hardy. \u201cLa vida de los pilotos de carreras siempre me ha fascinado desde un punto de vista rom\u00e1ntico y casi Shakespeariano\u201d, admite Benjamin Biolay.<\/span><\/p>\n<p><span style=\"font-weight: 400;\">Por lo tanto, siempre se refiere a la F\u00f3rmula 1 en sus palabras, por ejemplo, al fatal accidente del conductor Jules Bianchi en el Gran Premio de Suzuka 2014, que lo conmocion\u00f3. Como siempre busca referencias musicales de sus bandas favoritas de Manchester (The Smiths, New Order, The Happy Mondays) y de New York (Television, The Strokes).<\/span><\/p>\n<p><span style=\"font-weight: 400;\"><div class=\"playListBloc singleBloc\"><div class=\"playListBloc-wrap\">    <div class=\"thumbnail\"><img data-src=\"https:\/\/whatthefrance.org\/wp-content\/uploads\/2018\/11\/wtf-pochettes_chanson_3-254x254.jpg\" class=\"lazyload\" alt=\"wtf&#8212;pochettes_chanson_3\" \/>    <\/div>    <div class=\"infos\">        <span class=\"tag\">Genres<\/span>        <h2>Pardon My Chanson<\/h2>        <span class=\"separator\"><\/span>       <span class=\"desc\">Sing along with to the latest French chanson hits made in France. <\/span><div class=\"share flex flexAlignCenter \">\t<span class=\"label\">Compartir<\/span>\t<a href=\"https:\/\/www.facebook.com\/sharer\/sharer.php?u=https:\/\/whatthefrance.org\/fr\/playlists\/pardon-my-chanson\/\" class=\"facebook\" target=\"_blank\" rel=\"noreferrer\">Facebook<\/a>\t<a href=\"https:\/\/twitter.com\/intent\/tweet?url=https:\/\/whatthefrance.org\/fr\/playlists\/pardon-my-chanson\/&text=Pardon+My+Chanson&hashtags=WTF\" class=\"twitter\" target=\"_blank\" rel=\"noreferrer\">Twitter<\/a>\t<a href=\"mailto:?subject=What%20the%20France%20%3A%20Pardon%20My%20Chanson&body=https:\/\/whatthefrance.org\/fr\/playlists\/pardon-my-chanson\/\" class=\"mail\" target=\"_blank\" rel=\"noreferrer\">Email<\/a><\/div>        <a href=\"#\" class=\"btn btnPlaylist orange playlist-click\" data-id=\"904\">            <svg version=\"1.1\" x=\"0px\" y=\"0px\" width=\"40px\" height=\"40px\" viewBox=\"0 0 213.7 213.7\" enable-background=\"new 0 0 213.7 213.7\" xml:space=\"preserve\">                <polygon class=\"triangle\" fill=\"none\" stroke-width=\"10\" stroke-linecap=\"round\" stroke-linejoin=\"round\" stroke-miterlimit=\"10\" points=\"\n            73.5,62.5 148.5,105.8 73.5,149.1 \"\/>                <circle class=\"circle\" fill=\"none\"  stroke-width=\"8\" stroke-linecap=\"round\" stroke-linejoin=\"round\" stroke-miterlimit=\"10\" cx=\"106.8\" cy=\"106.8\" r=\"103.3\"\/>                <circle class=\"circle-white\" fill=\"none\"  stroke-width=\"8\" stroke-linecap=\"round\" stroke-linejoin=\"round\" stroke-miterlimit=\"10\" cx=\"106.8\" cy=\"106.8\" r=\"103.3\"\/>            <\/svg>Escuchar        <\/a>    <\/div>  <\/div><\/div><\/span><\/p>\n","protected":false},"excerpt":{"rendered":"<p>Tres a\u00f1os despu\u00e9s de declarar su amor por Buenos Aires con su \u00e1lbum Palermo Hollywood (en 2016), premiado con el galard\u00f3n Victoire de la musique, y Volver (en 2017), \u00a1Benjamin Biolay regresar\u00e1 el 26 de junio con su noveno \u00e1lbum! Grand Prix, el t\u00edtulo del \u00e1lbum, se refiere tanto al \u00e1lbum de Teenage Fanclub como [&hellip;]<\/p>\n","protected":false},"author":35,"featured_media":0,"comment_status":"closed","ping_status":"closed","sticky":false,"template":"","format":"standard","meta":{"_acf_changed":false,"footnotes":""},"categories":[1968],"tags":[1928],"class_list":["post-19691","post","type-post","status-publish","format-standard","hentry","category-release-es","tag-chanson-es"],"acf":[],"yoast_head":"<!-- This site is optimized with the Yoast SEO plugin v27.3 - https:\/\/yoast.com\/product\/yoast-seo-wordpress\/ -->\n<title>Benjamin Biolay | Su noveno \u00e1lbum llega a finales de junio - What the France<\/title>\n<meta name=\"robots\" content=\"index, follow, max-snippet:-1, max-image-preview:large, max-video-preview:-1\" \/>\n<link rel=\"canonical\" href=\"https:\/\/whatthefrance.org\/es\/benjamin-biolay-su-noveno-album-llega-a-finales-de-junio\/\" \/>\n<meta property=\"og:locale\" content=\"es_ES\" \/>\n<meta property=\"og:type\" content=\"article\" \/>\n<meta property=\"og:title\" content=\"Benjamin Biolay | Su noveno \u00e1lbum llega a finales de junio - What the France\" \/>\n<meta property=\"og:description\" content=\"Tres a\u00f1os despu\u00e9s de declarar su amor por Buenos Aires con su \u00e1lbum Palermo Hollywood (en 2016), premiado con el galard\u00f3n Victoire de la musique, y Volver (en 2017), \u00a1Benjamin Biolay regresar\u00e1 el 26 de junio con su noveno \u00e1lbum! Grand Prix, el t\u00edtulo del \u00e1lbum, se refiere tanto al \u00e1lbum de Teenage Fanclub como [&hellip;]\" \/>\n<meta property=\"og:url\" content=\"https:\/\/whatthefrance.org\/es\/benjamin-biolay-su-noveno-album-llega-a-finales-de-junio\/\" \/>\n<meta property=\"og:site_name\" content=\"What the France\" \/>\n<meta property=\"article:published_time\" content=\"2020-06-08T14:59:28+00:00\" \/>\n<meta property=\"article:modified_time\" content=\"2020-06-08T15:11:19+00:00\" \/>\n<meta property=\"og:image\" content=\"https:\/\/whatthefrance.org\/wp-content\/uploads\/2020\/05\/1-1.png\" \/>\n\t<meta property=\"og:image:width\" content=\"1084\" \/>\n\t<meta property=\"og:image:height\" content=\"525\" \/>\n<meta name=\"author\" content=\"ultrapop-gustavo\" \/>\n<meta name=\"twitter:card\" content=\"summary_large_image\" \/>\n<meta name=\"twitter:label1\" content=\"Escrito por\" \/>\n\t<meta name=\"twitter:data1\" content=\"ultrapop-gustavo\" \/>\n\t<meta name=\"twitter:label2\" content=\"Tiempo de lectura\" \/>\n\t<meta name=\"twitter:data2\" content=\"1 minuto\" \/>\n<script type=\"application\/ld+json\" class=\"yoast-schema-graph\">{\"@context\":\"https:\\\/\\\/schema.org\",\"@graph\":[{\"@type\":\"Article\",\"@id\":\"https:\\\/\\\/whatthefrance.org\\\/es\\\/benjamin-biolay-su-noveno-album-llega-a-finales-de-junio\\\/#article\",\"isPartOf\":{\"@id\":\"https:\\\/\\\/whatthefrance.org\\\/es\\\/benjamin-biolay-su-noveno-album-llega-a-finales-de-junio\\\/\"},\"author\":{\"name\":\"ultrapop-gustavo\",\"@id\":\"https:\\\/\\\/whatthefrance.org\\\/es\\\/#\\\/schema\\\/person\\\/ec6689bd96bf81ba9dcf2264cb54c946\"},\"headline\":\"Benjamin Biolay | Su noveno \u00e1lbum llega a finales de junio\",\"datePublished\":\"2020-06-08T14:59:28+00:00\",\"dateModified\":\"2020-06-08T15:11:19+00:00\",\"mainEntityOfPage\":{\"@id\":\"https:\\\/\\\/whatthefrance.org\\\/es\\\/benjamin-biolay-su-noveno-album-llega-a-finales-de-junio\\\/\"},\"wordCount\":179,\"publisher\":{\"@id\":\"https:\\\/\\\/whatthefrance.org\\\/es\\\/#organization\"},\"keywords\":[\"Chanson\"],\"articleSection\":[\"Release\"],\"inLanguage\":\"es\"},{\"@type\":\"WebPage\",\"@id\":\"https:\\\/\\\/whatthefrance.org\\\/es\\\/benjamin-biolay-su-noveno-album-llega-a-finales-de-junio\\\/\",\"url\":\"https:\\\/\\\/whatthefrance.org\\\/es\\\/benjamin-biolay-su-noveno-album-llega-a-finales-de-junio\\\/\",\"name\":\"Benjamin Biolay | Su noveno \u00e1lbum llega a finales de junio - What the France\",\"isPartOf\":{\"@id\":\"https:\\\/\\\/whatthefrance.org\\\/es\\\/#website\"},\"datePublished\":\"2020-06-08T14:59:28+00:00\",\"dateModified\":\"2020-06-08T15:11:19+00:00\",\"breadcrumb\":{\"@id\":\"https:\\\/\\\/whatthefrance.org\\\/es\\\/benjamin-biolay-su-noveno-album-llega-a-finales-de-junio\\\/#breadcrumb\"},\"inLanguage\":\"es\",\"potentialAction\":[{\"@type\":\"ReadAction\",\"target\":[\"https:\\\/\\\/whatthefrance.org\\\/es\\\/benjamin-biolay-su-noveno-album-llega-a-finales-de-junio\\\/\"]}]},{\"@type\":\"BreadcrumbList\",\"@id\":\"https:\\\/\\\/whatthefrance.org\\\/es\\\/benjamin-biolay-su-noveno-album-llega-a-finales-de-junio\\\/#breadcrumb\",\"itemListElement\":[{\"@type\":\"ListItem\",\"position\":1,\"name\":\"Home\",\"item\":\"https:\\\/\\\/whatthefrance.org\\\/es\\\/\"},{\"@type\":\"ListItem\",\"position\":2,\"name\":\"Benjamin Biolay | Su noveno \u00e1lbum llega a finales de junio\"}]},{\"@type\":\"WebSite\",\"@id\":\"https:\\\/\\\/whatthefrance.org\\\/es\\\/#website\",\"url\":\"https:\\\/\\\/whatthefrance.org\\\/es\\\/\",\"name\":\"What the France\",\"description\":\"The finest music made in France !\",\"publisher\":{\"@id\":\"https:\\\/\\\/whatthefrance.org\\\/es\\\/#organization\"},\"potentialAction\":[{\"@type\":\"SearchAction\",\"target\":{\"@type\":\"EntryPoint\",\"urlTemplate\":\"https:\\\/\\\/whatthefrance.org\\\/es\\\/?s={search_term_string}\"},\"query-input\":{\"@type\":\"PropertyValueSpecification\",\"valueRequired\":true,\"valueName\":\"search_term_string\"}}],\"inLanguage\":\"es\"},{\"@type\":\"Organization\",\"@id\":\"https:\\\/\\\/whatthefrance.org\\\/es\\\/#organization\",\"name\":\"What The France\",\"url\":\"https:\\\/\\\/whatthefrance.org\\\/es\\\/\",\"logo\":{\"@type\":\"ImageObject\",\"inLanguage\":\"es\",\"@id\":\"https:\\\/\\\/whatthefrance.org\\\/es\\\/#\\\/schema\\\/logo\\\/image\\\/\",\"url\":\"https:\\\/\\\/whatthefrance.org\\\/wp-content\\\/uploads\\\/2019\\\/12\\\/44688719_2251580388408837_694180218134331392_n-e1577679609190.png\",\"contentUrl\":\"https:\\\/\\\/whatthefrance.org\\\/wp-content\\\/uploads\\\/2019\\\/12\\\/44688719_2251580388408837_694180218134331392_n-e1577679609190.png\",\"width\":200,\"height\":200,\"caption\":\"What The France\"},\"image\":{\"@id\":\"https:\\\/\\\/whatthefrance.org\\\/es\\\/#\\\/schema\\\/logo\\\/image\\\/\"}},{\"@type\":\"Person\",\"@id\":\"https:\\\/\\\/whatthefrance.org\\\/es\\\/#\\\/schema\\\/person\\\/ec6689bd96bf81ba9dcf2264cb54c946\",\"name\":\"ultrapop-gustavo\",\"image\":{\"@type\":\"ImageObject\",\"inLanguage\":\"es\",\"@id\":\"https:\\\/\\\/secure.gravatar.com\\\/avatar\\\/9f35e3e5944405caa221d3f9ae6c981bac53ada24e0340936c6d6364326ab920?s=96&d=mm&r=g\",\"url\":\"https:\\\/\\\/secure.gravatar.com\\\/avatar\\\/9f35e3e5944405caa221d3f9ae6c981bac53ada24e0340936c6d6364326ab920?s=96&d=mm&r=g\",\"contentUrl\":\"https:\\\/\\\/secure.gravatar.com\\\/avatar\\\/9f35e3e5944405caa221d3f9ae6c981bac53ada24e0340936c6d6364326ab920?s=96&d=mm&r=g\",\"caption\":\"ultrapop-gustavo\"}}]}<\/script>\n<!-- \/ Yoast SEO plugin. -->","yoast_head_json":{"title":"Benjamin Biolay | Su noveno \u00e1lbum llega a finales de junio - What the France","robots":{"index":"index","follow":"follow","max-snippet":"max-snippet:-1","max-image-preview":"max-image-preview:large","max-video-preview":"max-video-preview:-1"},"canonical":"https:\/\/whatthefrance.org\/es\/benjamin-biolay-su-noveno-album-llega-a-finales-de-junio\/","og_locale":"es_ES","og_type":"article","og_title":"Benjamin Biolay | Su noveno \u00e1lbum llega a finales de junio - What the France","og_description":"Tres a\u00f1os despu\u00e9s de declarar su amor por Buenos Aires con su \u00e1lbum Palermo Hollywood (en 2016), premiado con el galard\u00f3n Victoire de la musique, y Volver (en 2017), \u00a1Benjamin Biolay regresar\u00e1 el 26 de junio con su noveno \u00e1lbum! Grand Prix, el t\u00edtulo del \u00e1lbum, se refiere tanto al \u00e1lbum de Teenage Fanclub como [&hellip;]","og_url":"https:\/\/whatthefrance.org\/es\/benjamin-biolay-su-noveno-album-llega-a-finales-de-junio\/","og_site_name":"What the France","article_published_time":"2020-06-08T14:59:28+00:00","article_modified_time":"2020-06-08T15:11:19+00:00","og_image":[{"url":"https:\/\/whatthefrance.org\/wp-content\/uploads\/2020\/05\/1-1.png","height":525,"width":1084,"type":""}],"author":"ultrapop-gustavo","twitter_card":"summary_large_image","twitter_misc":{"Escrito por":"ultrapop-gustavo","Tiempo de lectura":"1 minuto"},"schema":{"@context":"https:\/\/schema.org","@graph":[{"@type":"Article","@id":"https:\/\/whatthefrance.org\/es\/benjamin-biolay-su-noveno-album-llega-a-finales-de-junio\/#article","isPartOf":{"@id":"https:\/\/whatthefrance.org\/es\/benjamin-biolay-su-noveno-album-llega-a-finales-de-junio\/"},"author":{"name":"ultrapop-gustavo","@id":"https:\/\/whatthefrance.org\/es\/#\/schema\/person\/ec6689bd96bf81ba9dcf2264cb54c946"},"headline":"Benjamin Biolay | Su noveno \u00e1lbum llega a finales de junio","datePublished":"2020-06-08T14:59:28+00:00","dateModified":"2020-06-08T15:11:19+00:00","mainEntityOfPage":{"@id":"https:\/\/whatthefrance.org\/es\/benjamin-biolay-su-noveno-album-llega-a-finales-de-junio\/"},"wordCount":179,"publisher":{"@id":"https:\/\/whatthefrance.org\/es\/#organization"},"keywords":["Chanson"],"articleSection":["Release"],"inLanguage":"es"},{"@type":"WebPage","@id":"https:\/\/whatthefrance.org\/es\/benjamin-biolay-su-noveno-album-llega-a-finales-de-junio\/","url":"https:\/\/whatthefrance.org\/es\/benjamin-biolay-su-noveno-album-llega-a-finales-de-junio\/","name":"Benjamin Biolay | Su noveno \u00e1lbum llega a finales de junio - What the France","isPartOf":{"@id":"https:\/\/whatthefrance.org\/es\/#website"},"datePublished":"2020-06-08T14:59:28+00:00","dateModified":"2020-06-08T15:11:19+00:00","breadcrumb":{"@id":"https:\/\/whatthefrance.org\/es\/benjamin-biolay-su-noveno-album-llega-a-finales-de-junio\/#breadcrumb"},"inLanguage":"es","potentialAction":[{"@type":"ReadAction","target":["https:\/\/whatthefrance.org\/es\/benjamin-biolay-su-noveno-album-llega-a-finales-de-junio\/"]}]},{"@type":"BreadcrumbList","@id":"https:\/\/whatthefrance.org\/es\/benjamin-biolay-su-noveno-album-llega-a-finales-de-junio\/#breadcrumb","itemListElement":[{"@type":"ListItem","position":1,"name":"Home","item":"https:\/\/whatthefrance.org\/es\/"},{"@type":"ListItem","position":2,"name":"Benjamin Biolay | Su noveno \u00e1lbum llega a finales de junio"}]},{"@type":"WebSite","@id":"https:\/\/whatthefrance.org\/es\/#website","url":"https:\/\/whatthefrance.org\/es\/","name":"What the France","description":"The finest music made in France !","publisher":{"@id":"https:\/\/whatthefrance.org\/es\/#organization"},"potentialAction":[{"@type":"SearchAction","target":{"@type":"EntryPoint","urlTemplate":"https:\/\/whatthefrance.org\/es\/?s={search_term_string}"},"query-input":{"@type":"PropertyValueSpecification","valueRequired":true,"valueName":"search_term_string"}}],"inLanguage":"es"},{"@type":"Organization","@id":"https:\/\/whatthefrance.org\/es\/#organization","name":"What The France","url":"https:\/\/whatthefrance.org\/es\/","logo":{"@type":"ImageObject","inLanguage":"es","@id":"https:\/\/whatthefrance.org\/es\/#\/schema\/logo\/image\/","url":"https:\/\/whatthefrance.org\/wp-content\/uploads\/2019\/12\/44688719_2251580388408837_694180218134331392_n-e1577679609190.png","contentUrl":"https:\/\/whatthefrance.org\/wp-content\/uploads\/2019\/12\/44688719_2251580388408837_694180218134331392_n-e1577679609190.png","width":200,"height":200,"caption":"What The France"},"image":{"@id":"https:\/\/whatthefrance.org\/es\/#\/schema\/logo\/image\/"}},{"@type":"Person","@id":"https:\/\/whatthefrance.org\/es\/#\/schema\/person\/ec6689bd96bf81ba9dcf2264cb54c946","name":"ultrapop-gustavo","image":{"@type":"ImageObject","inLanguage":"es","@id":"https:\/\/secure.gravatar.com\/avatar\/9f35e3e5944405caa221d3f9ae6c981bac53ada24e0340936c6d6364326ab920?s=96&d=mm&r=g","url":"https:\/\/secure.gravatar.com\/avatar\/9f35e3e5944405caa221d3f9ae6c981bac53ada24e0340936c6d6364326ab920?s=96&d=mm&r=g","contentUrl":"https:\/\/secure.gravatar.com\/avatar\/9f35e3e5944405caa221d3f9ae6c981bac53ada24e0340936c6d6364326ab920?s=96&d=mm&r=g","caption":"ultrapop-gustavo"}}]}},"_links":{"self":[{"href":"https:\/\/whatthefrance.org\/es\/wp-json\/wp\/v2\/posts\/19691","targetHints":{"allow":["GET"]}}],"collection":[{"href":"https:\/\/whatthefrance.org\/es\/wp-json\/wp\/v2\/posts"}],"about":[{"href":"https:\/\/whatthefrance.org\/es\/wp-json\/wp\/v2\/types\/post"}],"author":[{"embeddable":true,"href":"https:\/\/whatthefrance.org\/es\/wp-json\/wp\/v2\/users\/35"}],"replies":[{"embeddable":true,"href":"https:\/\/whatthefrance.org\/es\/wp-json\/wp\/v2\/comments?post=19691"}],"version-history":[{"count":2,"href":"https:\/\/whatthefrance.org\/es\/wp-json\/wp\/v2\/posts\/19691\/revisions"}],"predecessor-version":[{"id":19698,"href":"https:\/\/whatthefrance.org\/es\/wp-json\/wp\/v2\/posts\/19691\/revisions\/19698"}],"wp:attachment":[{"href":"https:\/\/whatthefrance.org\/es\/wp-json\/wp\/v2\/media?parent=19691"}],"wp:term":[{"taxonomy":"category","embeddable":true,"href":"https:\/\/whatthefrance.org\/es\/wp-json\/wp\/v2\/categories?post=19691"},{"taxonomy":"post_tag","embeddable":true,"href":"https:\/\/whatthefrance.org\/es\/wp-json\/wp\/v2\/tags?post=19691"}],"curies":[{"name":"wp","href":"https:\/\/api.w.org\/{rel}","templated":true}]}}