{"id":20165,"date":"2020-06-30T15:58:06","date_gmt":"2020-06-30T13:58:06","guid":{"rendered":"https:\/\/whatthefrance.org\/?p=20165"},"modified":"2020-06-30T16:10:38","modified_gmt":"2020-06-30T14:10:38","slug":"oumou-sangare-una-entrevista-exclusiva-por-acoustic","status":"publish","type":"post","link":"https:\/\/whatthefrance.org\/es\/oumou-sangare-una-entrevista-exclusiva-por-acoustic\/","title":{"rendered":"Oumou Sangar\u00e9 | Una entrevista exclusiva por \u201cAcoustic\u201d"},"content":{"rendered":"<p><span style=\"font-weight: 400;\">El \u00faltimo \u00e1lbum de <\/span><a href=\"https:\/\/www.facebook.com\/oumousangareofficiel\/\"><b>Oumou Sangar\u00e9<\/b><\/a><span style=\"font-weight: 400;\">, <\/span><b><i>Mogoya<\/i><\/b><span style=\"font-weight: 400;\">, fue lanzado en 2017. En ese \u00e1lbum, grabado en Estocolmo y en Par\u00eds, la cantante, que vend\u00eda agua en las calles de Bamako, camina en una delgada l\u00ednea entre la m\u00fasica tradicional de su regi\u00f3n natal, Wassoulou, Mali y un desarraigo impulsado por la tecnolog\u00eda.Fue as\u00ed como Oumou Sangar\u00e9 se encontr\u00f3 repentinamente catapultado a una nueva dimensi\u00f3n de la cultura pop. La artista congole\u00f1a <\/span><b>JP Mika<\/b><span style=\"font-weight: 400;\"> pint\u00f3 la portada del \u00e1lbum; los remixes de Sampha, St Germain, Malik Djoudi y de otros siguieron para el \u00e1lbum Mogoya Remixed y <\/span><b>Beyonc\u00e9<\/b><span style=\"font-weight: 400;\"> us\u00f3 un sample de la canci\u00f3n \u201c<\/span><b>MOOD 4 EVA<\/b><span style=\"font-weight: 400;\">\u201d. Oumou Sangar\u00e9 no parec\u00eda estar tan lejos de su pa\u00eds de origen.<\/span><\/p>\n<p><b>El 19 de junio<\/b><span style=\"font-weight: 400;\"> lanz\u00f3 su nuevo \u00e1lbum <\/span><b><i>Acoustic<\/i><\/b><span style=\"font-weight: 400;\">. Aunque atrapada en Nueva York debido al encierro, acept\u00f3 responder nuestras preguntas.<\/span><\/p>\n<p><iframe loading=\"lazy\" title=\"Oumou Sangar\u00e9 - Djoukourou (Acoustic)\" width=\"500\" height=\"281\" src=\"https:\/\/www.youtube.com\/embed\/EgECCyIPYz4?feature=oembed\" frameborder=\"0\" allow=\"accelerometer; autoplay; clipboard-write; encrypted-media; gyroscope; picture-in-picture; web-share\" referrerpolicy=\"strict-origin-when-cross-origin\" allowfullscreen><\/iframe><\/p>\n<p><b><i>Muchas gracias por darnos un poco de tiempo. \u00bfC\u00f3mo est\u00e1? \u00bfC\u00f3mo pasa el confinamiento?<\/i><\/b><\/p>\n<p><span style=\"font-weight: 400;\">\u00a1Todo va bien! Estoy confinada en Nueva York. Fui all\u00ed con parte de mi familia durante las vacaciones y nos quedamos atrapados con la pandemia de COVID-19. Esto me permiti\u00f3 finalmente descansar despu\u00e9s de una larga gira, la organizaci\u00f3n de mi festival \u201cFIWA\u201d en Mal\u00ed y la gesti\u00f3n de mis negocios fuera de la m\u00fasica. Tambi\u00e9n me di cuenta de que hab\u00eda extra\u00f1ado la vida familiar. Despu\u00e9s de 30 a\u00f1os viajando por el mundo pude tomar un descanso real. Disfrutar de mis nietos, jugar con ellos, cocinar y pasar m\u00e1s tiempo con mis seres queridos.<\/span><\/p>\n<p><b><i>El 19 de junio lanz\u00f3 su nuevo \u00e1lbum Acoustic que, como su nombre lo indica, retoma (con dos excepciones) en formato ac\u00fastico las canciones de Mogoya, lanzadas en 2017. La grabaci\u00f3n se realiz\u00f3 en una sola toma, sin amplificaci\u00f3n, sin auriculares y en condiciones \u201cen vivo\u201d. \u00bfFue un desaf\u00edo f\u00e1cil? \u00bfQue recuerdas? \u00bfCrees que repetir\u00e1s la experiencia alg\u00fan d\u00eda?<\/i><\/b><\/p>\n<p><span style=\"font-weight: 400;\">S\u00ed, este es mi primer \u00e1lbum totalmente ac\u00fastico pero no fue dif\u00edcil de hacer. Grabamos el \u00e1lbum en dos d\u00edas y con m\u00fasicos que conozco muy bien (mis cantantes <\/span><b>Emma Lamadji<\/b><span style=\"font-weight: 400;\">, <\/span><b>Kandy Guira<\/b><span style=\"font-weight: 400;\">, <\/span><b>Benogo<\/b><span style=\"font-weight: 400;\"> y <\/span><b>Kamele Ngoni<\/b><span style=\"font-weight: 400;\">; <\/span><b>Guimba Kouyat\u00e9<\/b><span style=\"font-weight: 400;\"> en guitarra; <\/span><b>Vincent Taurelle<\/b><span style=\"font-weight: 400;\"> del colectivo A.L.B.E.R.T., en el celesta y \u00f3rgano de juguete). Hab\u00eda una atm\u00f3sfera muy \u00edntima que te permit\u00eda \u201csoltarte\u201d y tocar m\u00fasica espont\u00e1neamente. Fue una especie de m\u00fasica de c\u00e1mara entre amigos. Este enfoque ac\u00fastico me llev\u00f3 de regreso a mi infancia, cuando cantaba en la calle o cuando acompa\u00f1aba a mi madre en bodas o ceremonias de bautismo. Mi voz es natural, sin artificios. Revivir\u00e9 esta experiencia \u201cunplugged\u201d durante mis pr\u00f3ximos conciertos.<\/span><\/p>\n<p><b><i>Has lanzado un primer adelanto de Acoustic: \u201cDjoukourou\u201d. \u00bfPuedes contarnos un poco m\u00e1s sobre esta canci\u00f3n? \u00bfPor qu\u00e9 la elegiste para promocionar este nuevo \u00e1lbum?<\/i><\/b><\/p>\n<p><span style=\"font-weight: 400;\">Djoukourou significa \u201capoyo\u201d, \u201cprotecci\u00f3n\u201d. No hay nada mejor que tener a alguien en quien confiar en esta vida. Un jefe de estado no es nada sin el apoyo de su gente, un cantante no es nada sin buenos m\u00fasicos. A menudo digo con humor que debemos tener una persona que vigile \u201cnuestro trasero\u201d. Es una canci\u00f3n que a mi audiencia le encanta en el escenario: cantan y bailan con nosotros. Volver con este simple fue una forma de poner un b\u00e1lsamo en mi coraz\u00f3n, mi manera de consolar a quienes sufren y luchan en este dif\u00edcil per\u00edodo.<\/span><\/p>\n<p><b><i>\u00bfPor qu\u00e9 quer\u00edas volver a visitar \u201cDiaraby Nene\u201d y \u201cSaa Magni\u201d, canciones que te han seguido durante muchos a\u00f1os y que no est\u00e1n en el \u00e1lbum Mogoya?<\/i><\/b><\/p>\n<p><span style=\"font-weight: 400;\">Es una decisi\u00f3n que tom\u00e9 con mi sello N\u00f8 F\u00f8rmat. Pensamos que ser\u00eda agradable darle nueva vida a estas dos grandes canciones de mi repertorio. Siempre me han seguido en mi carrera. Se han convertido en \u201ccl\u00e1sicos\u201d de alguna manera, adoptados por todas las generaciones. El formato ac\u00fastico les permite sublimarse, hay m\u00e1s espacio para resaltar el sonido de los instrumentos y melod\u00edas de Wassoulou.<\/span><\/p>\n<p><b><i>Has estado yendo a festivales durante casi 30 a\u00f1os y has montado el Festival International du Wassoulou (FIWA), cuya tercera edici\u00f3n tuvo lugar entre el 5 y el 7 de marzo. \u00bfEchas de menos los escenarios? \u00bfC\u00f3mo crees que ser\u00e1 el regreso despu\u00e9s de este per\u00edodo problem\u00e1tico?<\/i><\/b><\/p>\n<p><span style=\"font-weight: 400;\">La tercera edici\u00f3n de FIWA fue un \u00e9xito, estoy muy orgullosa de este proyecto que estoy organizando en mi regi\u00f3n natal y en torno a mi cultura. Me gusta mucho el escenario, me permite compartir mi cultura, mis tradiciones y mi m\u00fasica. Como muchos artistas, tuve que posponer mi gira pero soy paciente y no me quejo. Lo urgente es la salud de todos. Estoy impaciente por encontrarme con el resto de mi familia en Mal\u00ed.<\/span><\/p>\n<p><b><i>La crisis sanitaria se ha agravado en las \u00faltimas semanas por una profunda crisis social que est\u00e1 sacudiendo al mundo entero. Usted que es conocida y reconocida por su compromiso, \u00bfqu\u00e9 piensa de la juventud de hoy?<\/i><\/b><\/p>\n<p><span style=\"font-weight: 400;\">Tengo plena confianza en la juventud, que es lo que corre los l\u00edmites y modifica nuestras mentalidades. Cuando lanc\u00e9 mi \u00e1lbum <\/span><i><span style=\"font-weight: 400;\">Moussolou<\/span><\/i><span style=\"font-weight: 400;\">, fue la juventud maliense la que primero me apoy\u00f3. A la sociedad conservadora no le gustaron en absoluto mis palabras. Estaba abordando temas que eran demasiado tab\u00fa. Con el tiempo, mis canciones fueron aceptadas. Todos los d\u00edas trato de mantener este esp\u00edritu joven y libre.<\/span><\/p>\n<p><b>Muchas gracias Oumou Sangar\u00e9 por esta entrevista<\/b><span style=\"font-weight: 400;\">.<\/span><\/p>\n<p><span style=\"font-weight: 400;\"><div class=\"playListBloc singleBloc\"><div class=\"playListBloc-wrap\">    <div class=\"thumbnail\"><img data-src=\"https:\/\/whatthefrance.org\/wp-content\/uploads\/2018\/11\/WTF-Pochettes_world_4-254x254.jpg\" class=\"lazyload\" alt=\"WTF&#8212;Pochettes_world_4\" \/>    <\/div>    <div class=\"infos\">        <span class=\"tag\">Genres<\/span>        <h2>Around The World<\/h2>        <span class=\"separator\"><\/span>       <span class=\"desc\">Explore the latest world music hits made in France. Follow us for weekly updates !<\/span><div class=\"share flex flexAlignCenter \">\t<span class=\"label\">Compartir<\/span>\t<a href=\"https:\/\/www.facebook.com\/sharer\/sharer.php?u=https:\/\/whatthefrance.org\/fr\/playlists\/around-the-world\/\" class=\"facebook\" target=\"_blank\" rel=\"noreferrer\">Facebook<\/a>\t<a href=\"https:\/\/twitter.com\/intent\/tweet?url=https:\/\/whatthefrance.org\/fr\/playlists\/around-the-world\/&text=Around+The+World&hashtags=WTF\" class=\"twitter\" target=\"_blank\" rel=\"noreferrer\">Twitter<\/a>\t<a href=\"mailto:?subject=What%20the%20France%20%3A%20Around%20The%20World&body=https:\/\/whatthefrance.org\/fr\/playlists\/around-the-world\/\" class=\"mail\" target=\"_blank\" rel=\"noreferrer\">Email<\/a><\/div>        <a href=\"#\" class=\"btn btnPlaylist orange playlist-click\" data-id=\"841\">            <svg version=\"1.1\" x=\"0px\" y=\"0px\" width=\"40px\" height=\"40px\" viewBox=\"0 0 213.7 213.7\" enable-background=\"new 0 0 213.7 213.7\" xml:space=\"preserve\">                <polygon class=\"triangle\" fill=\"none\" stroke-width=\"10\" stroke-linecap=\"round\" stroke-linejoin=\"round\" stroke-miterlimit=\"10\" points=\"\n            73.5,62.5 148.5,105.8 73.5,149.1 \"\/>                <circle class=\"circle\" fill=\"none\"  stroke-width=\"8\" stroke-linecap=\"round\" stroke-linejoin=\"round\" stroke-miterlimit=\"10\" cx=\"106.8\" cy=\"106.8\" r=\"103.3\"\/>                <circle class=\"circle-white\" fill=\"none\"  stroke-width=\"8\" stroke-linecap=\"round\" stroke-linejoin=\"round\" stroke-miterlimit=\"10\" cx=\"106.8\" cy=\"106.8\" r=\"103.3\"\/>            <\/svg>Escuchar        <\/a>    <\/div>  <\/div><\/div><\/span><\/p>\n","protected":false},"excerpt":{"rendered":"<p>El \u00faltimo \u00e1lbum de Oumou Sangar\u00e9, Mogoya, fue lanzado en 2017. En ese \u00e1lbum, grabado en Estocolmo y en Par\u00eds, la cantante, que vend\u00eda agua en las calles de Bamako, camina en una delgada l\u00ednea entre la m\u00fasica tradicional de su regi\u00f3n natal, Wassoulou, Mali y un desarraigo impulsado por la tecnolog\u00eda.Fue as\u00ed como Oumou [&hellip;]<\/p>\n","protected":false},"author":35,"featured_media":0,"comment_status":"closed","ping_status":"closed","sticky":false,"template":"","format":"standard","meta":{"_acf_changed":false,"footnotes":""},"categories":[1968],"tags":[1956],"class_list":["post-20165","post","type-post","status-publish","format-standard","hentry","category-release-es","tag-world-es"],"acf":[],"yoast_head":"<!-- This site is optimized with the Yoast SEO plugin v27.3 - https:\/\/yoast.com\/product\/yoast-seo-wordpress\/ -->\n<title>Oumou Sangar\u00e9 | Una entrevista exclusiva por \u201cAcoustic\u201d - What the France<\/title>\n<meta name=\"robots\" content=\"index, follow, max-snippet:-1, max-image-preview:large, max-video-preview:-1\" \/>\n<link rel=\"canonical\" href=\"https:\/\/whatthefrance.org\/es\/oumou-sangare-una-entrevista-exclusiva-por-acoustic\/\" \/>\n<meta property=\"og:locale\" content=\"es_ES\" \/>\n<meta property=\"og:type\" content=\"article\" \/>\n<meta property=\"og:title\" content=\"Oumou Sangar\u00e9 | Una entrevista exclusiva por \u201cAcoustic\u201d - What the France\" \/>\n<meta property=\"og:description\" content=\"El \u00faltimo \u00e1lbum de Oumou Sangar\u00e9, Mogoya, fue lanzado en 2017. En ese \u00e1lbum, grabado en Estocolmo y en Par\u00eds, la cantante, que vend\u00eda agua en las calles de Bamako, camina en una delgada l\u00ednea entre la m\u00fasica tradicional de su regi\u00f3n natal, Wassoulou, Mali y un desarraigo impulsado por la tecnolog\u00eda.Fue as\u00ed como Oumou [&hellip;]\" \/>\n<meta property=\"og:url\" content=\"https:\/\/whatthefrance.org\/es\/oumou-sangare-una-entrevista-exclusiva-por-acoustic\/\" \/>\n<meta property=\"og:site_name\" content=\"What the France\" \/>\n<meta property=\"article:published_time\" content=\"2020-06-30T13:58:06+00:00\" \/>\n<meta property=\"article:modified_time\" content=\"2020-06-30T14:10:38+00:00\" \/>\n<meta property=\"og:image\" content=\"https:\/\/whatthefrance.org\/wp-content\/uploads\/2020\/06\/Sans-titre1.png\" \/>\n\t<meta property=\"og:image:width\" content=\"2240\" \/>\n\t<meta property=\"og:image:height\" content=\"1260\" \/>\n<meta name=\"author\" content=\"ultrapop-gustavo\" \/>\n<meta name=\"twitter:card\" content=\"summary_large_image\" \/>\n<meta name=\"twitter:label1\" content=\"Escrito por\" \/>\n\t<meta name=\"twitter:data1\" content=\"ultrapop-gustavo\" \/>\n\t<meta name=\"twitter:label2\" content=\"Tiempo de lectura\" \/>\n\t<meta name=\"twitter:data2\" content=\"5 minutos\" \/>\n<script type=\"application\/ld+json\" class=\"yoast-schema-graph\">{\"@context\":\"https:\\\/\\\/schema.org\",\"@graph\":[{\"@type\":\"Article\",\"@id\":\"https:\\\/\\\/whatthefrance.org\\\/es\\\/oumou-sangare-una-entrevista-exclusiva-por-acoustic\\\/#article\",\"isPartOf\":{\"@id\":\"https:\\\/\\\/whatthefrance.org\\\/es\\\/oumou-sangare-una-entrevista-exclusiva-por-acoustic\\\/\"},\"author\":{\"name\":\"ultrapop-gustavo\",\"@id\":\"https:\\\/\\\/whatthefrance.org\\\/es\\\/#\\\/schema\\\/person\\\/ec6689bd96bf81ba9dcf2264cb54c946\"},\"headline\":\"Oumou Sangar\u00e9 | Una entrevista exclusiva por \u201cAcoustic\u201d\",\"datePublished\":\"2020-06-30T13:58:06+00:00\",\"dateModified\":\"2020-06-30T14:10:38+00:00\",\"mainEntityOfPage\":{\"@id\":\"https:\\\/\\\/whatthefrance.org\\\/es\\\/oumou-sangare-una-entrevista-exclusiva-por-acoustic\\\/\"},\"wordCount\":957,\"publisher\":{\"@id\":\"https:\\\/\\\/whatthefrance.org\\\/es\\\/#organization\"},\"keywords\":[\"World\"],\"articleSection\":[\"Release\"],\"inLanguage\":\"es\"},{\"@type\":\"WebPage\",\"@id\":\"https:\\\/\\\/whatthefrance.org\\\/es\\\/oumou-sangare-una-entrevista-exclusiva-por-acoustic\\\/\",\"url\":\"https:\\\/\\\/whatthefrance.org\\\/es\\\/oumou-sangare-una-entrevista-exclusiva-por-acoustic\\\/\",\"name\":\"Oumou Sangar\u00e9 | Una entrevista exclusiva por \u201cAcoustic\u201d - What the France\",\"isPartOf\":{\"@id\":\"https:\\\/\\\/whatthefrance.org\\\/es\\\/#website\"},\"datePublished\":\"2020-06-30T13:58:06+00:00\",\"dateModified\":\"2020-06-30T14:10:38+00:00\",\"breadcrumb\":{\"@id\":\"https:\\\/\\\/whatthefrance.org\\\/es\\\/oumou-sangare-una-entrevista-exclusiva-por-acoustic\\\/#breadcrumb\"},\"inLanguage\":\"es\",\"potentialAction\":[{\"@type\":\"ReadAction\",\"target\":[\"https:\\\/\\\/whatthefrance.org\\\/es\\\/oumou-sangare-una-entrevista-exclusiva-por-acoustic\\\/\"]}]},{\"@type\":\"BreadcrumbList\",\"@id\":\"https:\\\/\\\/whatthefrance.org\\\/es\\\/oumou-sangare-una-entrevista-exclusiva-por-acoustic\\\/#breadcrumb\",\"itemListElement\":[{\"@type\":\"ListItem\",\"position\":1,\"name\":\"Home\",\"item\":\"https:\\\/\\\/whatthefrance.org\\\/es\\\/\"},{\"@type\":\"ListItem\",\"position\":2,\"name\":\"Oumou Sangar\u00e9 | Una entrevista exclusiva por \u201cAcoustic\u201d\"}]},{\"@type\":\"WebSite\",\"@id\":\"https:\\\/\\\/whatthefrance.org\\\/es\\\/#website\",\"url\":\"https:\\\/\\\/whatthefrance.org\\\/es\\\/\",\"name\":\"What the France\",\"description\":\"The finest music made in France !\",\"publisher\":{\"@id\":\"https:\\\/\\\/whatthefrance.org\\\/es\\\/#organization\"},\"potentialAction\":[{\"@type\":\"SearchAction\",\"target\":{\"@type\":\"EntryPoint\",\"urlTemplate\":\"https:\\\/\\\/whatthefrance.org\\\/es\\\/?s={search_term_string}\"},\"query-input\":{\"@type\":\"PropertyValueSpecification\",\"valueRequired\":true,\"valueName\":\"search_term_string\"}}],\"inLanguage\":\"es\"},{\"@type\":\"Organization\",\"@id\":\"https:\\\/\\\/whatthefrance.org\\\/es\\\/#organization\",\"name\":\"What The France\",\"url\":\"https:\\\/\\\/whatthefrance.org\\\/es\\\/\",\"logo\":{\"@type\":\"ImageObject\",\"inLanguage\":\"es\",\"@id\":\"https:\\\/\\\/whatthefrance.org\\\/es\\\/#\\\/schema\\\/logo\\\/image\\\/\",\"url\":\"https:\\\/\\\/whatthefrance.org\\\/wp-content\\\/uploads\\\/2019\\\/12\\\/44688719_2251580388408837_694180218134331392_n-e1577679609190.png\",\"contentUrl\":\"https:\\\/\\\/whatthefrance.org\\\/wp-content\\\/uploads\\\/2019\\\/12\\\/44688719_2251580388408837_694180218134331392_n-e1577679609190.png\",\"width\":200,\"height\":200,\"caption\":\"What The France\"},\"image\":{\"@id\":\"https:\\\/\\\/whatthefrance.org\\\/es\\\/#\\\/schema\\\/logo\\\/image\\\/\"}},{\"@type\":\"Person\",\"@id\":\"https:\\\/\\\/whatthefrance.org\\\/es\\\/#\\\/schema\\\/person\\\/ec6689bd96bf81ba9dcf2264cb54c946\",\"name\":\"ultrapop-gustavo\",\"image\":{\"@type\":\"ImageObject\",\"inLanguage\":\"es\",\"@id\":\"https:\\\/\\\/secure.gravatar.com\\\/avatar\\\/9f35e3e5944405caa221d3f9ae6c981bac53ada24e0340936c6d6364326ab920?s=96&d=mm&r=g\",\"url\":\"https:\\\/\\\/secure.gravatar.com\\\/avatar\\\/9f35e3e5944405caa221d3f9ae6c981bac53ada24e0340936c6d6364326ab920?s=96&d=mm&r=g\",\"contentUrl\":\"https:\\\/\\\/secure.gravatar.com\\\/avatar\\\/9f35e3e5944405caa221d3f9ae6c981bac53ada24e0340936c6d6364326ab920?s=96&d=mm&r=g\",\"caption\":\"ultrapop-gustavo\"}}]}<\/script>\n<!-- \/ Yoast SEO plugin. -->","yoast_head_json":{"title":"Oumou Sangar\u00e9 | Una entrevista exclusiva por \u201cAcoustic\u201d - What the France","robots":{"index":"index","follow":"follow","max-snippet":"max-snippet:-1","max-image-preview":"max-image-preview:large","max-video-preview":"max-video-preview:-1"},"canonical":"https:\/\/whatthefrance.org\/es\/oumou-sangare-una-entrevista-exclusiva-por-acoustic\/","og_locale":"es_ES","og_type":"article","og_title":"Oumou Sangar\u00e9 | Una entrevista exclusiva por \u201cAcoustic\u201d - What the France","og_description":"El \u00faltimo \u00e1lbum de Oumou Sangar\u00e9, Mogoya, fue lanzado en 2017. En ese \u00e1lbum, grabado en Estocolmo y en Par\u00eds, la cantante, que vend\u00eda agua en las calles de Bamako, camina en una delgada l\u00ednea entre la m\u00fasica tradicional de su regi\u00f3n natal, Wassoulou, Mali y un desarraigo impulsado por la tecnolog\u00eda.Fue as\u00ed como Oumou [&hellip;]","og_url":"https:\/\/whatthefrance.org\/es\/oumou-sangare-una-entrevista-exclusiva-por-acoustic\/","og_site_name":"What the France","article_published_time":"2020-06-30T13:58:06+00:00","article_modified_time":"2020-06-30T14:10:38+00:00","og_image":[{"url":"https:\/\/whatthefrance.org\/wp-content\/uploads\/2020\/06\/Sans-titre1.png","height":1260,"width":2240,"type":""}],"author":"ultrapop-gustavo","twitter_card":"summary_large_image","twitter_misc":{"Escrito por":"ultrapop-gustavo","Tiempo de lectura":"5 minutos"},"schema":{"@context":"https:\/\/schema.org","@graph":[{"@type":"Article","@id":"https:\/\/whatthefrance.org\/es\/oumou-sangare-una-entrevista-exclusiva-por-acoustic\/#article","isPartOf":{"@id":"https:\/\/whatthefrance.org\/es\/oumou-sangare-una-entrevista-exclusiva-por-acoustic\/"},"author":{"name":"ultrapop-gustavo","@id":"https:\/\/whatthefrance.org\/es\/#\/schema\/person\/ec6689bd96bf81ba9dcf2264cb54c946"},"headline":"Oumou Sangar\u00e9 | Una entrevista exclusiva por \u201cAcoustic\u201d","datePublished":"2020-06-30T13:58:06+00:00","dateModified":"2020-06-30T14:10:38+00:00","mainEntityOfPage":{"@id":"https:\/\/whatthefrance.org\/es\/oumou-sangare-una-entrevista-exclusiva-por-acoustic\/"},"wordCount":957,"publisher":{"@id":"https:\/\/whatthefrance.org\/es\/#organization"},"keywords":["World"],"articleSection":["Release"],"inLanguage":"es"},{"@type":"WebPage","@id":"https:\/\/whatthefrance.org\/es\/oumou-sangare-una-entrevista-exclusiva-por-acoustic\/","url":"https:\/\/whatthefrance.org\/es\/oumou-sangare-una-entrevista-exclusiva-por-acoustic\/","name":"Oumou Sangar\u00e9 | Una entrevista exclusiva por \u201cAcoustic\u201d - What the France","isPartOf":{"@id":"https:\/\/whatthefrance.org\/es\/#website"},"datePublished":"2020-06-30T13:58:06+00:00","dateModified":"2020-06-30T14:10:38+00:00","breadcrumb":{"@id":"https:\/\/whatthefrance.org\/es\/oumou-sangare-una-entrevista-exclusiva-por-acoustic\/#breadcrumb"},"inLanguage":"es","potentialAction":[{"@type":"ReadAction","target":["https:\/\/whatthefrance.org\/es\/oumou-sangare-una-entrevista-exclusiva-por-acoustic\/"]}]},{"@type":"BreadcrumbList","@id":"https:\/\/whatthefrance.org\/es\/oumou-sangare-una-entrevista-exclusiva-por-acoustic\/#breadcrumb","itemListElement":[{"@type":"ListItem","position":1,"name":"Home","item":"https:\/\/whatthefrance.org\/es\/"},{"@type":"ListItem","position":2,"name":"Oumou Sangar\u00e9 | Una entrevista exclusiva por \u201cAcoustic\u201d"}]},{"@type":"WebSite","@id":"https:\/\/whatthefrance.org\/es\/#website","url":"https:\/\/whatthefrance.org\/es\/","name":"What the France","description":"The finest music made in France !","publisher":{"@id":"https:\/\/whatthefrance.org\/es\/#organization"},"potentialAction":[{"@type":"SearchAction","target":{"@type":"EntryPoint","urlTemplate":"https:\/\/whatthefrance.org\/es\/?s={search_term_string}"},"query-input":{"@type":"PropertyValueSpecification","valueRequired":true,"valueName":"search_term_string"}}],"inLanguage":"es"},{"@type":"Organization","@id":"https:\/\/whatthefrance.org\/es\/#organization","name":"What The France","url":"https:\/\/whatthefrance.org\/es\/","logo":{"@type":"ImageObject","inLanguage":"es","@id":"https:\/\/whatthefrance.org\/es\/#\/schema\/logo\/image\/","url":"https:\/\/whatthefrance.org\/wp-content\/uploads\/2019\/12\/44688719_2251580388408837_694180218134331392_n-e1577679609190.png","contentUrl":"https:\/\/whatthefrance.org\/wp-content\/uploads\/2019\/12\/44688719_2251580388408837_694180218134331392_n-e1577679609190.png","width":200,"height":200,"caption":"What The France"},"image":{"@id":"https:\/\/whatthefrance.org\/es\/#\/schema\/logo\/image\/"}},{"@type":"Person","@id":"https:\/\/whatthefrance.org\/es\/#\/schema\/person\/ec6689bd96bf81ba9dcf2264cb54c946","name":"ultrapop-gustavo","image":{"@type":"ImageObject","inLanguage":"es","@id":"https:\/\/secure.gravatar.com\/avatar\/9f35e3e5944405caa221d3f9ae6c981bac53ada24e0340936c6d6364326ab920?s=96&d=mm&r=g","url":"https:\/\/secure.gravatar.com\/avatar\/9f35e3e5944405caa221d3f9ae6c981bac53ada24e0340936c6d6364326ab920?s=96&d=mm&r=g","contentUrl":"https:\/\/secure.gravatar.com\/avatar\/9f35e3e5944405caa221d3f9ae6c981bac53ada24e0340936c6d6364326ab920?s=96&d=mm&r=g","caption":"ultrapop-gustavo"}}]}},"_links":{"self":[{"href":"https:\/\/whatthefrance.org\/es\/wp-json\/wp\/v2\/posts\/20165","targetHints":{"allow":["GET"]}}],"collection":[{"href":"https:\/\/whatthefrance.org\/es\/wp-json\/wp\/v2\/posts"}],"about":[{"href":"https:\/\/whatthefrance.org\/es\/wp-json\/wp\/v2\/types\/post"}],"author":[{"embeddable":true,"href":"https:\/\/whatthefrance.org\/es\/wp-json\/wp\/v2\/users\/35"}],"replies":[{"embeddable":true,"href":"https:\/\/whatthefrance.org\/es\/wp-json\/wp\/v2\/comments?post=20165"}],"version-history":[{"count":4,"href":"https:\/\/whatthefrance.org\/es\/wp-json\/wp\/v2\/posts\/20165\/revisions"}],"predecessor-version":[{"id":20175,"href":"https:\/\/whatthefrance.org\/es\/wp-json\/wp\/v2\/posts\/20165\/revisions\/20175"}],"wp:attachment":[{"href":"https:\/\/whatthefrance.org\/es\/wp-json\/wp\/v2\/media?parent=20165"}],"wp:term":[{"taxonomy":"category","embeddable":true,"href":"https:\/\/whatthefrance.org\/es\/wp-json\/wp\/v2\/categories?post=20165"},{"taxonomy":"post_tag","embeddable":true,"href":"https:\/\/whatthefrance.org\/es\/wp-json\/wp\/v2\/tags?post=20165"}],"curies":[{"name":"wp","href":"https:\/\/api.w.org\/{rel}","templated":true}]}}