{"id":20919,"date":"2020-08-13T19:16:18","date_gmt":"2020-08-13T17:16:18","guid":{"rendered":"https:\/\/whatthefrance.org\/?p=20919"},"modified":"2020-08-13T19:17:40","modified_gmt":"2020-08-13T17:17:40","slug":"el-artista-destacado-de-agosto-deluxe","status":"publish","type":"post","link":"https:\/\/whatthefrance.org\/es\/el-artista-destacado-de-agosto-deluxe\/","title":{"rendered":"El artista destacado de agosto | DELUXE"},"content":{"rendered":"<p><span class=\"em-orange\"><span style=\"font-weight: 400;\">Pasaron de tocar en las calles del sur de Francia a viajar por todo el mundo. Hoy, los <\/span><b>Deluxe<\/b><span style=\"font-weight: 400;\"> son el grupo que da los mejores shows en vivo en todo Francia. Recientemente lanzaron <\/span><b>\u201cEn Confinement\u201d<\/b><span style=\"font-weight: 400;\">, un \u00e1lbum grabado durante la cuarentena -o el French Lock Down- junto a invitados especiales como <\/span><b>M<\/b><span style=\"font-weight: 400;\">, <\/span><b>Youthstar<\/b><span style=\"font-weight: 400;\"> o <\/span><b>Stogie T<\/b><span style=\"font-weight: 400;\">.<\/span><\/span><\/p>\n<p><img decoding=\"async\" class=\"size-medium wp-image-20766 aligncenter\" src=\"https:\/\/whatthefrance.org\/wp-content\/uploads\/2020\/08\/1594116946_front-1-300x300.jpg\" alt=\"\" width=\"300\" height=\"300\" srcset=\"https:\/\/whatthefrance.org\/wp-content\/uploads\/2020\/08\/1594116946_front-1-300x300.jpg 300w, https:\/\/whatthefrance.org\/wp-content\/uploads\/2020\/08\/1594116946_front-1-150x150.jpg 150w, https:\/\/whatthefrance.org\/wp-content\/uploads\/2020\/08\/1594116946_front-1-452x452.jpg 452w, https:\/\/whatthefrance.org\/wp-content\/uploads\/2020\/08\/1594116946_front-1-348x348.jpg 348w, https:\/\/whatthefrance.org\/wp-content\/uploads\/2020\/08\/1594116946_front-1-254x254.jpg 254w, https:\/\/whatthefrance.org\/wp-content\/uploads\/2020\/08\/1594116946_front-1-170x170.jpg 170w, https:\/\/whatthefrance.org\/wp-content\/uploads\/2020\/08\/1594116946_front-1.jpg 500w\" sizes=\"(max-width: 300px) 100vw, 300px\" \/><\/p>\n<p><span style=\"font-weight: 400;\">El grupo <\/span><a href=\"https:\/\/www.facebook.com\/Deluxemoustache\"><b>Deluxe<\/b><\/a><span style=\"font-weight: 400;\"> comenz\u00f3 su carrera musical en 2007 actuando gratuitamente en las calles de Aix-en-Provence, ciudad universitaria al sur de Francia. Liliboy, la cantante principal, se uni\u00f3 a la formaci\u00f3n original en 2010: con ella la banda quedo completa y lista para salir a comerse al mundo. Los ic\u00f3nicos bigotes que forman parte del logo del grupo han sido su emblema desde en principio, todos los hombres de Deluxe usan bigote e incluso Liliboy suele usar una falda con forma de bigote en los shows.<\/span><\/p>\n<p><span style=\"font-weight: 400;\">Hoy son conocidos por sus extravagantes conciertos, en los que salen vestidos con disfraces extravagantes y bigotes fornidos. El sonido del grupo es \u00fanico, una mezcla de g\u00e9neros que incluyen hip-hop, jazz, electro, pop y funk. Est\u00e1n directamente influenciados por artistas como Beat Assailant, The Roots, General Elektriks y Matthieu Chedid.<\/span><\/p>\n<p><span style=\"font-weight: 400;\">En la actualidad la banda ya dio m\u00e1s de 300 conciertos en todo el mundo. Conocen todos los rincones de Europa, incluidos Reino Unido, Suiza, B\u00e9lgica y, por supuesto, Francia. Tambi\u00e9n realizaron giras por Estados Unidos, China e incluso por Australia como parte del festival \u201cSo Frenchy So Chic\u201d, realizado en 2017.<\/span><\/p>\n<h3><span style=\"font-weight: 400;\">\u201cEn Confinement\u201d \u2013 Su cuarto \u00e1lbum<\/span><\/h3>\n<p><span style=\"font-weight: 400;\">Los <\/span><i><span style=\"font-weight: 400;\">Deluxe<\/span><\/i><span style=\"font-weight: 400;\"> grabaron un \u00e1lbum en vivo con canciones de \u00e1lbumes anteriores y reinterpretadas desde sus hogares durante el aislamiento por la cuarentena. <\/span><i><span style=\"font-weight: 400;\">En Confinement<\/span><\/i><span style=\"font-weight: 400;\"> es una recopilaci\u00f3n de sus mejores simples que fue grabado para compartir durante la Cuarentena o en conciertos en vivo por YouTube. Tambi\u00e9n incluye incre\u00edbles covers grabados con artistas como <\/span><a href=\"https:\/\/www.facebook.com\/MatthieuChedid\/\"><span style=\"font-weight: 400;\">M<\/span><\/a><span style=\"font-weight: 400;\">, <\/span><a href=\"https:\/\/www.facebook.com\/mcyouthstar\/\"><span style=\"font-weight: 400;\">Youthstar<\/span><\/a><span style=\"font-weight: 400;\"> y <\/span><a href=\"https:\/\/www.facebook.com\/Stogie-T_RSA-1446917835377897\"><span style=\"font-weight: 400;\">Stogie T<\/span><\/a><span style=\"font-weight: 400;\">.<\/span><\/p>\n<h3><span style=\"font-weight: 400;\">\u201cMojo Remix\u201d ft. -M-<\/span><\/h3>\n<p><iframe loading=\"lazy\" title=\"Deluxe en confinement - &quot;Mojo Remix&quot; feat -M-\" width=\"500\" height=\"375\" src=\"https:\/\/www.youtube.com\/embed\/pVGUoWCD_Y0?feature=oembed\" frameborder=\"0\" allow=\"accelerometer; autoplay; clipboard-write; encrypted-media; gyroscope; picture-in-picture; web-share\" referrerpolicy=\"strict-origin-when-cross-origin\" allowfullscreen><\/iframe><\/p>\n<h3><span style=\"font-weight: 400;\">\u201cPony\u201d &#8211; del \u00e1lbum Polishing Peanuts (2011)<\/span><\/h3>\n<p><span style=\"font-weight: 400;\">\u00a1Aqu\u00ed fue donde empez\u00f3 todo! Desde la salida de su primer EP, <\/span><i><span style=\"font-weight: 400;\">\u201cPony\u201d<\/span><\/i><span style=\"font-weight: 400;\"> fue el simple que inici\u00f3 su ascenso a la fama. \u00a1Y es su canci\u00f3n m\u00e1s famosa hasta el momento!<\/span><\/p>\n<p><iframe loading=\"lazy\" title=\"Deluxe - &quot;Pony&quot; dans le salon\" width=\"500\" height=\"281\" src=\"https:\/\/www.youtube.com\/embed\/8TPHKA71TPg?feature=oembed\" frameborder=\"0\" allow=\"accelerometer; autoplay; clipboard-write; encrypted-media; gyroscope; picture-in-picture; web-share\" referrerpolicy=\"strict-origin-when-cross-origin\" allowfullscreen><\/iframe><\/p>\n<h3><span style=\"font-weight: 400;\">\u201cBarcelonnette\u201d &#8211; del \u00e1lbum Boys &amp; Girls (2019)<\/span><\/h3>\n<p><span style=\"font-weight: 400;\">El videoclip de <\/span><i><span style=\"font-weight: 400;\">\u201cBarcelonnette\u201d<\/span><\/i><span style=\"font-weight: 400;\"> refleja a la perfecci\u00f3n sus shows en vivo y lo comprometidos que est\u00e1n con su p\u00fablico durante los espect\u00e1culos.<\/span><\/p>\n<p><iframe loading=\"lazy\" title=\"Deluxe - Barcelonnette (Official Video)\" width=\"500\" height=\"281\" src=\"https:\/\/www.youtube.com\/embed\/14PZY7yOIus?feature=oembed\" frameborder=\"0\" allow=\"accelerometer; autoplay; clipboard-write; encrypted-media; gyroscope; picture-in-picture; web-share\" referrerpolicy=\"strict-origin-when-cross-origin\" allowfullscreen><\/iframe><\/p>\n<p><span style=\"font-weight: 400;\">Siga a Deluxe en sus redes sociales: <\/span><a href=\"https:\/\/www.facebook.com\/Deluxemoustache\"><span style=\"font-weight: 400;\">Facebook<\/span><\/a><span style=\"font-weight: 400;\">, <\/span><a href=\"https:\/\/twitter.com\/deluxemoustache\"><span style=\"font-weight: 400;\">Twitter<\/span><\/a><span style=\"font-weight: 400;\"> e <\/span><a href=\"https:\/\/www.instagram.com\/deluxemoustache\/?hl=en\"><span style=\"font-weight: 400;\">Instagram<\/span><\/a><span style=\"font-weight: 400;\">.<\/span><\/p>\n<div class=\"playListBloc singleBloc\"><div class=\"playListBloc-wrap\">    <div class=\"thumbnail\"><img data-src=\"https:\/\/whatthefrance.org\/wp-content\/uploads\/2020\/02\/Unknown-8-254x254.jpeg\" class=\"lazyload\" alt=\"Unknown\" \/>    <\/div>    <div class=\"infos\">        <span class=\"tag\">Partners<\/span>        <h2>New Music &#8211; WTF It\u2019s French?<\/h2>        <span class=\"separator\"><\/span>       <span class=\"desc\">How much do you know about music made in France? You might be surprised! <\/span><div class=\"share flex flexAlignCenter \">\t<span class=\"label\">Compartir<\/span>\t<a href=\"https:\/\/www.facebook.com\/sharer\/sharer.php?u=https:\/\/whatthefrance.org\/playlists\/wtf-itsfrench\/\" class=\"facebook\" target=\"_blank\" rel=\"noreferrer\">Facebook<\/a>\t<a href=\"https:\/\/twitter.com\/intent\/tweet?url=https:\/\/whatthefrance.org\/playlists\/wtf-itsfrench\/&text=New+Music+-+WTF+It%E2%80%99s+French%3F&hashtags=WTF\" class=\"twitter\" target=\"_blank\" rel=\"noreferrer\">Twitter<\/a>\t<a href=\"mailto:?subject=What%20the%20France%20%3A%20New%20Music%20-%20WTF%20It%E2%80%99s%20French%3F&body=https:\/\/whatthefrance.org\/playlists\/wtf-itsfrench\/\" class=\"mail\" target=\"_blank\" rel=\"noreferrer\">Email<\/a><\/div>        <a href=\"#\" class=\"btn btnPlaylist orange playlist-click\" data-id=\"16204\">            <svg version=\"1.1\" x=\"0px\" y=\"0px\" width=\"40px\" height=\"40px\" viewBox=\"0 0 213.7 213.7\" enable-background=\"new 0 0 213.7 213.7\" xml:space=\"preserve\">                <polygon class=\"triangle\" fill=\"none\" stroke-width=\"10\" stroke-linecap=\"round\" stroke-linejoin=\"round\" stroke-miterlimit=\"10\" points=\"\n            73.5,62.5 148.5,105.8 73.5,149.1 \"\/>                <circle class=\"circle\" fill=\"none\"  stroke-width=\"8\" stroke-linecap=\"round\" stroke-linejoin=\"round\" stroke-miterlimit=\"10\" cx=\"106.8\" cy=\"106.8\" r=\"103.3\"\/>                <circle class=\"circle-white\" fill=\"none\"  stroke-width=\"8\" stroke-linecap=\"round\" stroke-linejoin=\"round\" stroke-miterlimit=\"10\" cx=\"106.8\" cy=\"106.8\" r=\"103.3\"\/>            <\/svg>Escuchar        <\/a>    <\/div>  <\/div><\/div>\n","protected":false},"excerpt":{"rendered":"<p>Pasaron de tocar en las calles del sur de Francia a viajar por todo el mundo. Hoy, los Deluxe son el grupo que da los mejores shows en vivo en todo Francia. Recientemente lanzaron \u201cEn Confinement\u201d, un \u00e1lbum grabado durante la cuarentena -o el French Lock Down- junto a invitados especiales como M, Youthstar o [&hellip;]<\/p>\n","protected":false},"author":35,"featured_media":0,"comment_status":"closed","ping_status":"closed","sticky":false,"template":"","format":"standard","meta":{"_acf_changed":false,"footnotes":""},"categories":[1967],"tags":[1936,1939,1940,1942,1945],"class_list":["post-20919","post","type-post","status-publish","format-standard","hentry","category-curator-es","tag-electronic-es","tag-funk-es","tag-hip-hop-es","tag-jazz-es","tag-pop-es"],"acf":[],"yoast_head":"<!-- This site is optimized with the Yoast SEO plugin v27.3 - https:\/\/yoast.com\/product\/yoast-seo-wordpress\/ -->\n<title>El artista destacado de agosto | DELUXE - What the France<\/title>\n<meta name=\"robots\" content=\"index, follow, max-snippet:-1, max-image-preview:large, max-video-preview:-1\" \/>\n<link rel=\"canonical\" href=\"https:\/\/whatthefrance.org\/es\/el-artista-destacado-de-agosto-deluxe\/\" \/>\n<meta property=\"og:locale\" content=\"es_ES\" \/>\n<meta property=\"og:type\" content=\"article\" \/>\n<meta property=\"og:title\" content=\"El artista destacado de agosto | DELUXE - What the France\" \/>\n<meta property=\"og:description\" content=\"Pasaron de tocar en las calles del sur de Francia a viajar por todo el mundo. Hoy, los Deluxe son el grupo que da los mejores shows en vivo en todo Francia. Recientemente lanzaron \u201cEn Confinement\u201d, un \u00e1lbum grabado durante la cuarentena -o el French Lock Down- junto a invitados especiales como M, Youthstar o [&hellip;]\" \/>\n<meta property=\"og:url\" content=\"https:\/\/whatthefrance.org\/es\/el-artista-destacado-de-agosto-deluxe\/\" \/>\n<meta property=\"og:site_name\" content=\"What the France\" \/>\n<meta property=\"article:published_time\" content=\"2020-08-13T17:16:18+00:00\" \/>\n<meta property=\"article:modified_time\" content=\"2020-08-13T17:17:40+00:00\" \/>\n<meta property=\"og:image\" content=\"https:\/\/whatthefrance.org\/wp-content\/uploads\/2020\/08\/Affiche-TOUR-2020.jpg\" \/>\n\t<meta property=\"og:image:width\" content=\"1706\" \/>\n\t<meta property=\"og:image:height\" content=\"2560\" \/><meta property=\"og:image\" content=\"https:\/\/whatthefrance.org\/wp-content\/uploads\/2020\/08\/Affiche-TOUR-2020-683x1024.jpg\" \/>\n\t<meta property=\"og:image:width\" content=\"683\" \/>\n\t<meta property=\"og:image:height\" content=\"1024\" \/>\n\t<meta property=\"og:image:type\" content=\"image\/jpeg\" \/>\n<meta name=\"author\" content=\"ultrapop-gustavo\" \/>\n<meta name=\"twitter:card\" content=\"summary_large_image\" \/>\n<meta name=\"twitter:label1\" content=\"Escrito por\" \/>\n\t<meta name=\"twitter:data1\" content=\"ultrapop-gustavo\" \/>\n\t<meta name=\"twitter:label2\" content=\"Tiempo de lectura\" \/>\n\t<meta name=\"twitter:data2\" content=\"2 minutos\" \/>\n<script type=\"application\/ld+json\" class=\"yoast-schema-graph\">{\"@context\":\"https:\\\/\\\/schema.org\",\"@graph\":[{\"@type\":\"Article\",\"@id\":\"https:\\\/\\\/whatthefrance.org\\\/es\\\/el-artista-destacado-de-agosto-deluxe\\\/#article\",\"isPartOf\":{\"@id\":\"https:\\\/\\\/whatthefrance.org\\\/es\\\/el-artista-destacado-de-agosto-deluxe\\\/\"},\"author\":{\"name\":\"ultrapop-gustavo\",\"@id\":\"https:\\\/\\\/whatthefrance.org\\\/es\\\/#\\\/schema\\\/person\\\/ec6689bd96bf81ba9dcf2264cb54c946\"},\"headline\":\"El artista destacado de agosto | DELUXE\",\"datePublished\":\"2020-08-13T17:16:18+00:00\",\"dateModified\":\"2020-08-13T17:17:40+00:00\",\"mainEntityOfPage\":{\"@id\":\"https:\\\/\\\/whatthefrance.org\\\/es\\\/el-artista-destacado-de-agosto-deluxe\\\/\"},\"wordCount\":429,\"publisher\":{\"@id\":\"https:\\\/\\\/whatthefrance.org\\\/es\\\/#organization\"},\"image\":{\"@id\":\"https:\\\/\\\/whatthefrance.org\\\/es\\\/el-artista-destacado-de-agosto-deluxe\\\/#primaryimage\"},\"thumbnailUrl\":\"https:\\\/\\\/whatthefrance.org\\\/wp-content\\\/uploads\\\/2020\\\/08\\\/1594116946_front-1-300x300.jpg\",\"keywords\":[\"Electronic\",\"Funk\",\"Hip-Hop\",\"Jazz\",\"Pop\"],\"articleSection\":[\"Curator\"],\"inLanguage\":\"es\"},{\"@type\":\"WebPage\",\"@id\":\"https:\\\/\\\/whatthefrance.org\\\/es\\\/el-artista-destacado-de-agosto-deluxe\\\/\",\"url\":\"https:\\\/\\\/whatthefrance.org\\\/es\\\/el-artista-destacado-de-agosto-deluxe\\\/\",\"name\":\"El artista destacado de agosto | DELUXE - What the France\",\"isPartOf\":{\"@id\":\"https:\\\/\\\/whatthefrance.org\\\/es\\\/#website\"},\"primaryImageOfPage\":{\"@id\":\"https:\\\/\\\/whatthefrance.org\\\/es\\\/el-artista-destacado-de-agosto-deluxe\\\/#primaryimage\"},\"image\":{\"@id\":\"https:\\\/\\\/whatthefrance.org\\\/es\\\/el-artista-destacado-de-agosto-deluxe\\\/#primaryimage\"},\"thumbnailUrl\":\"https:\\\/\\\/whatthefrance.org\\\/wp-content\\\/uploads\\\/2020\\\/08\\\/1594116946_front-1-300x300.jpg\",\"datePublished\":\"2020-08-13T17:16:18+00:00\",\"dateModified\":\"2020-08-13T17:17:40+00:00\",\"breadcrumb\":{\"@id\":\"https:\\\/\\\/whatthefrance.org\\\/es\\\/el-artista-destacado-de-agosto-deluxe\\\/#breadcrumb\"},\"inLanguage\":\"es\",\"potentialAction\":[{\"@type\":\"ReadAction\",\"target\":[\"https:\\\/\\\/whatthefrance.org\\\/es\\\/el-artista-destacado-de-agosto-deluxe\\\/\"]}]},{\"@type\":\"ImageObject\",\"inLanguage\":\"es\",\"@id\":\"https:\\\/\\\/whatthefrance.org\\\/es\\\/el-artista-destacado-de-agosto-deluxe\\\/#primaryimage\",\"url\":\"https:\\\/\\\/whatthefrance.org\\\/wp-content\\\/uploads\\\/2020\\\/08\\\/1594116946_front-1-300x300.jpg\",\"contentUrl\":\"https:\\\/\\\/whatthefrance.org\\\/wp-content\\\/uploads\\\/2020\\\/08\\\/1594116946_front-1-300x300.jpg\"},{\"@type\":\"BreadcrumbList\",\"@id\":\"https:\\\/\\\/whatthefrance.org\\\/es\\\/el-artista-destacado-de-agosto-deluxe\\\/#breadcrumb\",\"itemListElement\":[{\"@type\":\"ListItem\",\"position\":1,\"name\":\"Home\",\"item\":\"https:\\\/\\\/whatthefrance.org\\\/es\\\/\"},{\"@type\":\"ListItem\",\"position\":2,\"name\":\"El artista destacado de agosto | DELUXE\"}]},{\"@type\":\"WebSite\",\"@id\":\"https:\\\/\\\/whatthefrance.org\\\/es\\\/#website\",\"url\":\"https:\\\/\\\/whatthefrance.org\\\/es\\\/\",\"name\":\"What the France\",\"description\":\"The finest music made in France !\",\"publisher\":{\"@id\":\"https:\\\/\\\/whatthefrance.org\\\/es\\\/#organization\"},\"potentialAction\":[{\"@type\":\"SearchAction\",\"target\":{\"@type\":\"EntryPoint\",\"urlTemplate\":\"https:\\\/\\\/whatthefrance.org\\\/es\\\/?s={search_term_string}\"},\"query-input\":{\"@type\":\"PropertyValueSpecification\",\"valueRequired\":true,\"valueName\":\"search_term_string\"}}],\"inLanguage\":\"es\"},{\"@type\":\"Organization\",\"@id\":\"https:\\\/\\\/whatthefrance.org\\\/es\\\/#organization\",\"name\":\"What The France\",\"url\":\"https:\\\/\\\/whatthefrance.org\\\/es\\\/\",\"logo\":{\"@type\":\"ImageObject\",\"inLanguage\":\"es\",\"@id\":\"https:\\\/\\\/whatthefrance.org\\\/es\\\/#\\\/schema\\\/logo\\\/image\\\/\",\"url\":\"https:\\\/\\\/whatthefrance.org\\\/wp-content\\\/uploads\\\/2019\\\/12\\\/44688719_2251580388408837_694180218134331392_n-e1577679609190.png\",\"contentUrl\":\"https:\\\/\\\/whatthefrance.org\\\/wp-content\\\/uploads\\\/2019\\\/12\\\/44688719_2251580388408837_694180218134331392_n-e1577679609190.png\",\"width\":200,\"height\":200,\"caption\":\"What The France\"},\"image\":{\"@id\":\"https:\\\/\\\/whatthefrance.org\\\/es\\\/#\\\/schema\\\/logo\\\/image\\\/\"}},{\"@type\":\"Person\",\"@id\":\"https:\\\/\\\/whatthefrance.org\\\/es\\\/#\\\/schema\\\/person\\\/ec6689bd96bf81ba9dcf2264cb54c946\",\"name\":\"ultrapop-gustavo\",\"image\":{\"@type\":\"ImageObject\",\"inLanguage\":\"es\",\"@id\":\"https:\\\/\\\/secure.gravatar.com\\\/avatar\\\/9f35e3e5944405caa221d3f9ae6c981bac53ada24e0340936c6d6364326ab920?s=96&d=mm&r=g\",\"url\":\"https:\\\/\\\/secure.gravatar.com\\\/avatar\\\/9f35e3e5944405caa221d3f9ae6c981bac53ada24e0340936c6d6364326ab920?s=96&d=mm&r=g\",\"contentUrl\":\"https:\\\/\\\/secure.gravatar.com\\\/avatar\\\/9f35e3e5944405caa221d3f9ae6c981bac53ada24e0340936c6d6364326ab920?s=96&d=mm&r=g\",\"caption\":\"ultrapop-gustavo\"}}]}<\/script>\n<!-- \/ Yoast SEO plugin. -->","yoast_head_json":{"title":"El artista destacado de agosto | DELUXE - What the France","robots":{"index":"index","follow":"follow","max-snippet":"max-snippet:-1","max-image-preview":"max-image-preview:large","max-video-preview":"max-video-preview:-1"},"canonical":"https:\/\/whatthefrance.org\/es\/el-artista-destacado-de-agosto-deluxe\/","og_locale":"es_ES","og_type":"article","og_title":"El artista destacado de agosto | DELUXE - What the France","og_description":"Pasaron de tocar en las calles del sur de Francia a viajar por todo el mundo. Hoy, los Deluxe son el grupo que da los mejores shows en vivo en todo Francia. Recientemente lanzaron \u201cEn Confinement\u201d, un \u00e1lbum grabado durante la cuarentena -o el French Lock Down- junto a invitados especiales como M, Youthstar o [&hellip;]","og_url":"https:\/\/whatthefrance.org\/es\/el-artista-destacado-de-agosto-deluxe\/","og_site_name":"What the France","article_published_time":"2020-08-13T17:16:18+00:00","article_modified_time":"2020-08-13T17:17:40+00:00","og_image":[{"url":"https:\/\/whatthefrance.org\/wp-content\/uploads\/2020\/08\/Affiche-TOUR-2020.jpg","height":2560,"width":1706,"type":""},{"width":683,"height":1024,"url":"https:\/\/whatthefrance.org\/wp-content\/uploads\/2020\/08\/Affiche-TOUR-2020-683x1024.jpg","type":"image\/jpeg"}],"author":"ultrapop-gustavo","twitter_card":"summary_large_image","twitter_misc":{"Escrito por":"ultrapop-gustavo","Tiempo de lectura":"2 minutos"},"schema":{"@context":"https:\/\/schema.org","@graph":[{"@type":"Article","@id":"https:\/\/whatthefrance.org\/es\/el-artista-destacado-de-agosto-deluxe\/#article","isPartOf":{"@id":"https:\/\/whatthefrance.org\/es\/el-artista-destacado-de-agosto-deluxe\/"},"author":{"name":"ultrapop-gustavo","@id":"https:\/\/whatthefrance.org\/es\/#\/schema\/person\/ec6689bd96bf81ba9dcf2264cb54c946"},"headline":"El artista destacado de agosto | DELUXE","datePublished":"2020-08-13T17:16:18+00:00","dateModified":"2020-08-13T17:17:40+00:00","mainEntityOfPage":{"@id":"https:\/\/whatthefrance.org\/es\/el-artista-destacado-de-agosto-deluxe\/"},"wordCount":429,"publisher":{"@id":"https:\/\/whatthefrance.org\/es\/#organization"},"image":{"@id":"https:\/\/whatthefrance.org\/es\/el-artista-destacado-de-agosto-deluxe\/#primaryimage"},"thumbnailUrl":"https:\/\/whatthefrance.org\/wp-content\/uploads\/2020\/08\/1594116946_front-1-300x300.jpg","keywords":["Electronic","Funk","Hip-Hop","Jazz","Pop"],"articleSection":["Curator"],"inLanguage":"es"},{"@type":"WebPage","@id":"https:\/\/whatthefrance.org\/es\/el-artista-destacado-de-agosto-deluxe\/","url":"https:\/\/whatthefrance.org\/es\/el-artista-destacado-de-agosto-deluxe\/","name":"El artista destacado de agosto | DELUXE - What the France","isPartOf":{"@id":"https:\/\/whatthefrance.org\/es\/#website"},"primaryImageOfPage":{"@id":"https:\/\/whatthefrance.org\/es\/el-artista-destacado-de-agosto-deluxe\/#primaryimage"},"image":{"@id":"https:\/\/whatthefrance.org\/es\/el-artista-destacado-de-agosto-deluxe\/#primaryimage"},"thumbnailUrl":"https:\/\/whatthefrance.org\/wp-content\/uploads\/2020\/08\/1594116946_front-1-300x300.jpg","datePublished":"2020-08-13T17:16:18+00:00","dateModified":"2020-08-13T17:17:40+00:00","breadcrumb":{"@id":"https:\/\/whatthefrance.org\/es\/el-artista-destacado-de-agosto-deluxe\/#breadcrumb"},"inLanguage":"es","potentialAction":[{"@type":"ReadAction","target":["https:\/\/whatthefrance.org\/es\/el-artista-destacado-de-agosto-deluxe\/"]}]},{"@type":"ImageObject","inLanguage":"es","@id":"https:\/\/whatthefrance.org\/es\/el-artista-destacado-de-agosto-deluxe\/#primaryimage","url":"https:\/\/whatthefrance.org\/wp-content\/uploads\/2020\/08\/1594116946_front-1-300x300.jpg","contentUrl":"https:\/\/whatthefrance.org\/wp-content\/uploads\/2020\/08\/1594116946_front-1-300x300.jpg"},{"@type":"BreadcrumbList","@id":"https:\/\/whatthefrance.org\/es\/el-artista-destacado-de-agosto-deluxe\/#breadcrumb","itemListElement":[{"@type":"ListItem","position":1,"name":"Home","item":"https:\/\/whatthefrance.org\/es\/"},{"@type":"ListItem","position":2,"name":"El artista destacado de agosto | DELUXE"}]},{"@type":"WebSite","@id":"https:\/\/whatthefrance.org\/es\/#website","url":"https:\/\/whatthefrance.org\/es\/","name":"What the France","description":"The finest music made in France !","publisher":{"@id":"https:\/\/whatthefrance.org\/es\/#organization"},"potentialAction":[{"@type":"SearchAction","target":{"@type":"EntryPoint","urlTemplate":"https:\/\/whatthefrance.org\/es\/?s={search_term_string}"},"query-input":{"@type":"PropertyValueSpecification","valueRequired":true,"valueName":"search_term_string"}}],"inLanguage":"es"},{"@type":"Organization","@id":"https:\/\/whatthefrance.org\/es\/#organization","name":"What The France","url":"https:\/\/whatthefrance.org\/es\/","logo":{"@type":"ImageObject","inLanguage":"es","@id":"https:\/\/whatthefrance.org\/es\/#\/schema\/logo\/image\/","url":"https:\/\/whatthefrance.org\/wp-content\/uploads\/2019\/12\/44688719_2251580388408837_694180218134331392_n-e1577679609190.png","contentUrl":"https:\/\/whatthefrance.org\/wp-content\/uploads\/2019\/12\/44688719_2251580388408837_694180218134331392_n-e1577679609190.png","width":200,"height":200,"caption":"What The France"},"image":{"@id":"https:\/\/whatthefrance.org\/es\/#\/schema\/logo\/image\/"}},{"@type":"Person","@id":"https:\/\/whatthefrance.org\/es\/#\/schema\/person\/ec6689bd96bf81ba9dcf2264cb54c946","name":"ultrapop-gustavo","image":{"@type":"ImageObject","inLanguage":"es","@id":"https:\/\/secure.gravatar.com\/avatar\/9f35e3e5944405caa221d3f9ae6c981bac53ada24e0340936c6d6364326ab920?s=96&d=mm&r=g","url":"https:\/\/secure.gravatar.com\/avatar\/9f35e3e5944405caa221d3f9ae6c981bac53ada24e0340936c6d6364326ab920?s=96&d=mm&r=g","contentUrl":"https:\/\/secure.gravatar.com\/avatar\/9f35e3e5944405caa221d3f9ae6c981bac53ada24e0340936c6d6364326ab920?s=96&d=mm&r=g","caption":"ultrapop-gustavo"}}]}},"_links":{"self":[{"href":"https:\/\/whatthefrance.org\/es\/wp-json\/wp\/v2\/posts\/20919","targetHints":{"allow":["GET"]}}],"collection":[{"href":"https:\/\/whatthefrance.org\/es\/wp-json\/wp\/v2\/posts"}],"about":[{"href":"https:\/\/whatthefrance.org\/es\/wp-json\/wp\/v2\/types\/post"}],"author":[{"embeddable":true,"href":"https:\/\/whatthefrance.org\/es\/wp-json\/wp\/v2\/users\/35"}],"replies":[{"embeddable":true,"href":"https:\/\/whatthefrance.org\/es\/wp-json\/wp\/v2\/comments?post=20919"}],"version-history":[{"count":2,"href":"https:\/\/whatthefrance.org\/es\/wp-json\/wp\/v2\/posts\/20919\/revisions"}],"predecessor-version":[{"id":20921,"href":"https:\/\/whatthefrance.org\/es\/wp-json\/wp\/v2\/posts\/20919\/revisions\/20921"}],"wp:attachment":[{"href":"https:\/\/whatthefrance.org\/es\/wp-json\/wp\/v2\/media?parent=20919"}],"wp:term":[{"taxonomy":"category","embeddable":true,"href":"https:\/\/whatthefrance.org\/es\/wp-json\/wp\/v2\/categories?post=20919"},{"taxonomy":"post_tag","embeddable":true,"href":"https:\/\/whatthefrance.org\/es\/wp-json\/wp\/v2\/tags?post=20919"}],"curies":[{"name":"wp","href":"https:\/\/api.w.org\/{rel}","templated":true}]}}