{"id":21348,"date":"2020-09-02T17:43:03","date_gmt":"2020-09-02T15:43:03","guid":{"rendered":"https:\/\/whatthefrance.org\/?p=21348"},"modified":"2022-05-10T11:58:33","modified_gmt":"2022-05-10T09:58:33","slug":"i-me-mine-en-vivo-este-viernes-4-de-septiembre-en-streaming","status":"publish","type":"post","link":"https:\/\/whatthefrance.org\/es\/i-me-mine-en-vivo-este-viernes-4-de-septiembre-en-streaming\/","title":{"rendered":"I Me Mine | \u00a1En vivo este viernes 4 de Septiembre en streaming!"},"content":{"rendered":"<p><span style=\"font-weight: 400;\">El <\/span><a href=\"https:\/\/www.instagram.com\/if_argentine\/\"><b>Institut Fran\u00e7ais d&#8217;Argentine<\/b><\/a><span style=\"font-weight: 400;\"> retoma su serie de conciertos por streaming con la funci\u00f3n del conjunto <\/span><a href=\"https:\/\/www.facebook.com\/imeminepop\"><b>I Me Mine<\/b><\/a><span style=\"font-weight: 400;\">, el grupo que lanz\u00f3 su primer \u00e1lbum en 2015 y que hace tan solo dos a\u00f1os present\u00f3 <\/span><b><i>Ellipsis<\/i><\/b><span style=\"font-weight: 400;\">, su segundo material.<\/span><\/p>\n<p><span style=\"font-weight: 400;\">Los I Me Mine tuvieron su primer avance musical en 2014 tras aparecer en el festival TransMusicales de Rennes. Hoy, con unos a\u00f1os en carrera, la banda revela todo su potencial en el escenario tras haber tocado en m\u00e1s de 300 conciertos en cuatro pa\u00edses diferentes, a la vez que abrieron para bandas de renombre, como <\/span><b>Placebo<\/b><span style=\"font-weight: 400;\"> o <\/span><b>Sixto Rodr\u00edguez<\/b><span style=\"font-weight: 400;\">.<\/span><\/p>\n<p><iframe loading=\"lazy\" title=\"I Me Mine - Here Comes the Man (Official Audio)\" width=\"500\" height=\"281\" src=\"https:\/\/www.youtube.com\/embed\/RV7xZpdX1J4?list=PLoA3wVDCukuIVql5PCson6L6TTkGrkii-\" frameborder=\"0\" allow=\"accelerometer; autoplay; clipboard-write; encrypted-media; gyroscope; picture-in-picture; web-share\" referrerpolicy=\"strict-origin-when-cross-origin\" allowfullscreen><\/iframe><\/p>\n<p><span style=\"font-weight: 400;\">En medio de un 2020 agitado, el \u00e1lbum de I Me Mine sigue vigente y representa una poderosa reflexi\u00f3n sobre la relaci\u00f3n de nuestra generaci\u00f3n con uno mismo, con los dem\u00e1s y con el tiempo. Con sus fuertes melod\u00edas pop, los cr\u00edticos son un\u00e1nimes: la versi\u00f3n francesa de la revista Rolling Stone los nombra como el \u201cgrupo m\u00e1s prometedor de los \u00faltimos meses\u201d.<\/span><\/p>\n<p style=\"text-align: center;\"><b>V\u00e9alos en concierto el viernes 4 de septiembre en canal de YouTube del <\/b><a href=\"https:\/\/www.youtube.com\/channel\/UC7ssSsUjs9G8aOPj3ozvC4Q\"><b>Institut Fran\u00e7ais d&#8217;Argentine<\/b><\/a><span style=\"font-weight: 400;\">.<br \/>\n<strong>Quienes est\u00e9n en Chile tambi\u00e9n podr\u00e1n ver la funci\u00f3n desde la web de <a href=\"https:\/\/www.m100.cl\/m100tv\/\">Matucana 100<\/a>, De la misma forma podr\u00e1n hacerlo en el sitio <a href=\"https:\/\/www.jahecha.com.py\/\">Jahecha<\/a> quienes se encuentren en Paraguay mientras que, por \u00faltimo, los lectores de Uruguay podr\u00e1n ingresar desde los sitios de la <a href=\"https:\/\/salazitarrosa.montevideo.gub.uy\/\">Sala Zitarrosa<\/a> y desde la p\u00e1gina de la <a href=\"https:\/\/www.alianzafrancesa.edu.uy\/\">Alianza Francesa de Montevideo<\/a>.<\/strong><\/span><\/p>\n<p>Esc\u00fachelos en nuestra playlist <strong>Rock Around The Eiffel<\/strong>.<\/p>\n<div class=\"playListBloc singleBloc\"><div class=\"playListBloc-wrap\">    <div class=\"thumbnail\"><img data-src=\"https:\/\/whatthefrance.org\/wp-content\/uploads\/2018\/11\/WTF-Pochettes_rock_8-1-254x254.jpg\" class=\"lazyload\" alt=\"WTF&#8212;Pochettes_rock_8\" \/>    <\/div>    <div class=\"infos\">        <span class=\"tag\">Genres<\/span>        <h2>Rock around the Eiffel<\/h2>        <span class=\"separator\"><\/span>       <span class=\"desc\">Discover the latest rock hits made in France.<\/span><div class=\"share flex flexAlignCenter \">\t<span class=\"label\">Compartir<\/span>\t<a href=\"https:\/\/www.facebook.com\/sharer\/sharer.php?u=https:\/\/whatthefrance.org\/es\/playlists\/rock-around-the-eiffel\/\" class=\"facebook\" target=\"_blank\" rel=\"noreferrer\">Facebook<\/a>\t<a href=\"https:\/\/twitter.com\/intent\/tweet?url=https:\/\/whatthefrance.org\/es\/playlists\/rock-around-the-eiffel\/&text=Rock+around+the+Eiffel&hashtags=WTF\" class=\"twitter\" target=\"_blank\" rel=\"noreferrer\">Twitter<\/a>\t<a href=\"mailto:?subject=What%20the%20France%20%3A%20Rock%20around%20the%20Eiffel&body=https:\/\/whatthefrance.org\/es\/playlists\/rock-around-the-eiffel\/\" class=\"mail\" target=\"_blank\" rel=\"noreferrer\">Email<\/a><\/div>        <a href=\"#\" class=\"btn btnPlaylist orange playlist-click\" data-id=\"9895\">            <svg version=\"1.1\" x=\"0px\" y=\"0px\" width=\"40px\" height=\"40px\" viewBox=\"0 0 213.7 213.7\" enable-background=\"new 0 0 213.7 213.7\" xml:space=\"preserve\">                <polygon class=\"triangle\" fill=\"none\" stroke-width=\"10\" stroke-linecap=\"round\" stroke-linejoin=\"round\" stroke-miterlimit=\"10\" points=\"\n            73.5,62.5 148.5,105.8 73.5,149.1 \"\/>                <circle class=\"circle\" fill=\"none\"  stroke-width=\"8\" stroke-linecap=\"round\" stroke-linejoin=\"round\" stroke-miterlimit=\"10\" cx=\"106.8\" cy=\"106.8\" r=\"103.3\"\/>                <circle class=\"circle-white\" fill=\"none\"  stroke-width=\"8\" stroke-linecap=\"round\" stroke-linejoin=\"round\" stroke-miterlimit=\"10\" cx=\"106.8\" cy=\"106.8\" r=\"103.3\"\/>            <\/svg>Escuchar        <\/a>    <\/div>  <\/div><\/div>\n","protected":false},"excerpt":{"rendered":"<p>El Institut Fran\u00e7ais d&#8217;Argentine retoma su serie de conciertos por streaming con la funci\u00f3n del conjunto I Me Mine, el grupo que lanz\u00f3 su primer \u00e1lbum en 2015 y que hace tan solo dos a\u00f1os present\u00f3 Ellipsis, su segundo material. Los I Me Mine tuvieron su primer avance musical en 2014 tras aparecer en el [&hellip;]<\/p>\n","protected":false},"author":35,"featured_media":0,"comment_status":"closed","ping_status":"closed","sticky":false,"template":"","format":"standard","meta":{"_acf_changed":false,"footnotes":""},"categories":[1965],"tags":[1950],"class_list":["post-21348","post","type-post","status-publish","format-standard","hentry","category-events-es","tag-rock-es"],"acf":[],"yoast_head":"<!-- This site is optimized with the Yoast SEO plugin v27.3 - https:\/\/yoast.com\/product\/yoast-seo-wordpress\/ -->\n<title>I Me Mine | \u00a1En vivo este viernes 4 de Septiembre en streaming! - What the France<\/title>\n<meta name=\"robots\" content=\"index, follow, max-snippet:-1, max-image-preview:large, max-video-preview:-1\" \/>\n<link rel=\"canonical\" href=\"https:\/\/whatthefrance.org\/es\/i-me-mine-en-vivo-este-viernes-4-de-septiembre-en-streaming\/\" \/>\n<meta property=\"og:locale\" content=\"es_ES\" \/>\n<meta property=\"og:type\" content=\"article\" \/>\n<meta property=\"og:title\" content=\"I Me Mine | \u00a1En vivo este viernes 4 de Septiembre en streaming! - What the France\" \/>\n<meta property=\"og:description\" content=\"El Institut Fran\u00e7ais d&#8217;Argentine retoma su serie de conciertos por streaming con la funci\u00f3n del conjunto I Me Mine, el grupo que lanz\u00f3 su primer \u00e1lbum en 2015 y que hace tan solo dos a\u00f1os present\u00f3 Ellipsis, su segundo material. Los I Me Mine tuvieron su primer avance musical en 2014 tras aparecer en el [&hellip;]\" \/>\n<meta property=\"og:url\" content=\"https:\/\/whatthefrance.org\/es\/i-me-mine-en-vivo-este-viernes-4-de-septiembre-en-streaming\/\" \/>\n<meta property=\"og:site_name\" content=\"What the France\" \/>\n<meta property=\"article:published_time\" content=\"2020-09-02T15:43:03+00:00\" \/>\n<meta property=\"article:modified_time\" content=\"2022-05-10T09:58:33+00:00\" \/>\n<meta property=\"og:image\" content=\"https:\/\/whatthefrance.org\/wp-content\/uploads\/2020\/09\/I_Me_Mine.jpg\" \/>\n\t<meta property=\"og:image:width\" content=\"1600\" \/>\n\t<meta property=\"og:image:height\" content=\"914\" \/>\n<meta name=\"author\" content=\"ultrapop-gustavo\" \/>\n<meta name=\"twitter:card\" content=\"summary_large_image\" \/>\n<meta name=\"twitter:label1\" content=\"Escrito por\" \/>\n\t<meta name=\"twitter:data1\" content=\"ultrapop-gustavo\" \/>\n\t<meta name=\"twitter:label2\" content=\"Tiempo de lectura\" \/>\n\t<meta name=\"twitter:data2\" content=\"1 minuto\" \/>\n<script type=\"application\/ld+json\" class=\"yoast-schema-graph\">{\"@context\":\"https:\\\/\\\/schema.org\",\"@graph\":[{\"@type\":\"Article\",\"@id\":\"https:\\\/\\\/whatthefrance.org\\\/es\\\/i-me-mine-en-vivo-este-viernes-4-de-septiembre-en-streaming\\\/#article\",\"isPartOf\":{\"@id\":\"https:\\\/\\\/whatthefrance.org\\\/es\\\/i-me-mine-en-vivo-este-viernes-4-de-septiembre-en-streaming\\\/\"},\"author\":{\"name\":\"ultrapop-gustavo\",\"@id\":\"https:\\\/\\\/whatthefrance.org\\\/es\\\/#\\\/schema\\\/person\\\/ec6689bd96bf81ba9dcf2264cb54c946\"},\"headline\":\"I Me Mine | \u00a1En vivo este viernes 4 de Septiembre en streaming!\",\"datePublished\":\"2020-09-02T15:43:03+00:00\",\"dateModified\":\"2022-05-10T09:58:33+00:00\",\"mainEntityOfPage\":{\"@id\":\"https:\\\/\\\/whatthefrance.org\\\/es\\\/i-me-mine-en-vivo-este-viernes-4-de-septiembre-en-streaming\\\/\"},\"wordCount\":295,\"publisher\":{\"@id\":\"https:\\\/\\\/whatthefrance.org\\\/es\\\/#organization\"},\"keywords\":[\"Rock\"],\"articleSection\":[\"Event\"],\"inLanguage\":\"es\"},{\"@type\":\"WebPage\",\"@id\":\"https:\\\/\\\/whatthefrance.org\\\/es\\\/i-me-mine-en-vivo-este-viernes-4-de-septiembre-en-streaming\\\/\",\"url\":\"https:\\\/\\\/whatthefrance.org\\\/es\\\/i-me-mine-en-vivo-este-viernes-4-de-septiembre-en-streaming\\\/\",\"name\":\"I Me Mine | \u00a1En vivo este viernes 4 de Septiembre en streaming! - What the France\",\"isPartOf\":{\"@id\":\"https:\\\/\\\/whatthefrance.org\\\/es\\\/#website\"},\"datePublished\":\"2020-09-02T15:43:03+00:00\",\"dateModified\":\"2022-05-10T09:58:33+00:00\",\"breadcrumb\":{\"@id\":\"https:\\\/\\\/whatthefrance.org\\\/es\\\/i-me-mine-en-vivo-este-viernes-4-de-septiembre-en-streaming\\\/#breadcrumb\"},\"inLanguage\":\"es\",\"potentialAction\":[{\"@type\":\"ReadAction\",\"target\":[\"https:\\\/\\\/whatthefrance.org\\\/es\\\/i-me-mine-en-vivo-este-viernes-4-de-septiembre-en-streaming\\\/\"]}]},{\"@type\":\"BreadcrumbList\",\"@id\":\"https:\\\/\\\/whatthefrance.org\\\/es\\\/i-me-mine-en-vivo-este-viernes-4-de-septiembre-en-streaming\\\/#breadcrumb\",\"itemListElement\":[{\"@type\":\"ListItem\",\"position\":1,\"name\":\"Home\",\"item\":\"https:\\\/\\\/whatthefrance.org\\\/es\\\/\"},{\"@type\":\"ListItem\",\"position\":2,\"name\":\"I Me Mine | \u00a1En vivo este viernes 4 de Septiembre en streaming!\"}]},{\"@type\":\"WebSite\",\"@id\":\"https:\\\/\\\/whatthefrance.org\\\/es\\\/#website\",\"url\":\"https:\\\/\\\/whatthefrance.org\\\/es\\\/\",\"name\":\"What the France\",\"description\":\"The finest music made in France !\",\"publisher\":{\"@id\":\"https:\\\/\\\/whatthefrance.org\\\/es\\\/#organization\"},\"potentialAction\":[{\"@type\":\"SearchAction\",\"target\":{\"@type\":\"EntryPoint\",\"urlTemplate\":\"https:\\\/\\\/whatthefrance.org\\\/es\\\/?s={search_term_string}\"},\"query-input\":{\"@type\":\"PropertyValueSpecification\",\"valueRequired\":true,\"valueName\":\"search_term_string\"}}],\"inLanguage\":\"es\"},{\"@type\":\"Organization\",\"@id\":\"https:\\\/\\\/whatthefrance.org\\\/es\\\/#organization\",\"name\":\"What The France\",\"url\":\"https:\\\/\\\/whatthefrance.org\\\/es\\\/\",\"logo\":{\"@type\":\"ImageObject\",\"inLanguage\":\"es\",\"@id\":\"https:\\\/\\\/whatthefrance.org\\\/es\\\/#\\\/schema\\\/logo\\\/image\\\/\",\"url\":\"https:\\\/\\\/whatthefrance.org\\\/wp-content\\\/uploads\\\/2019\\\/12\\\/44688719_2251580388408837_694180218134331392_n-e1577679609190.png\",\"contentUrl\":\"https:\\\/\\\/whatthefrance.org\\\/wp-content\\\/uploads\\\/2019\\\/12\\\/44688719_2251580388408837_694180218134331392_n-e1577679609190.png\",\"width\":200,\"height\":200,\"caption\":\"What The France\"},\"image\":{\"@id\":\"https:\\\/\\\/whatthefrance.org\\\/es\\\/#\\\/schema\\\/logo\\\/image\\\/\"}},{\"@type\":\"Person\",\"@id\":\"https:\\\/\\\/whatthefrance.org\\\/es\\\/#\\\/schema\\\/person\\\/ec6689bd96bf81ba9dcf2264cb54c946\",\"name\":\"ultrapop-gustavo\",\"image\":{\"@type\":\"ImageObject\",\"inLanguage\":\"es\",\"@id\":\"https:\\\/\\\/secure.gravatar.com\\\/avatar\\\/9f35e3e5944405caa221d3f9ae6c981bac53ada24e0340936c6d6364326ab920?s=96&d=mm&r=g\",\"url\":\"https:\\\/\\\/secure.gravatar.com\\\/avatar\\\/9f35e3e5944405caa221d3f9ae6c981bac53ada24e0340936c6d6364326ab920?s=96&d=mm&r=g\",\"contentUrl\":\"https:\\\/\\\/secure.gravatar.com\\\/avatar\\\/9f35e3e5944405caa221d3f9ae6c981bac53ada24e0340936c6d6364326ab920?s=96&d=mm&r=g\",\"caption\":\"ultrapop-gustavo\"}}]}<\/script>\n<!-- \/ Yoast SEO plugin. -->","yoast_head_json":{"title":"I Me Mine | \u00a1En vivo este viernes 4 de Septiembre en streaming! - What the France","robots":{"index":"index","follow":"follow","max-snippet":"max-snippet:-1","max-image-preview":"max-image-preview:large","max-video-preview":"max-video-preview:-1"},"canonical":"https:\/\/whatthefrance.org\/es\/i-me-mine-en-vivo-este-viernes-4-de-septiembre-en-streaming\/","og_locale":"es_ES","og_type":"article","og_title":"I Me Mine | \u00a1En vivo este viernes 4 de Septiembre en streaming! - What the France","og_description":"El Institut Fran\u00e7ais d&#8217;Argentine retoma su serie de conciertos por streaming con la funci\u00f3n del conjunto I Me Mine, el grupo que lanz\u00f3 su primer \u00e1lbum en 2015 y que hace tan solo dos a\u00f1os present\u00f3 Ellipsis, su segundo material. Los I Me Mine tuvieron su primer avance musical en 2014 tras aparecer en el [&hellip;]","og_url":"https:\/\/whatthefrance.org\/es\/i-me-mine-en-vivo-este-viernes-4-de-septiembre-en-streaming\/","og_site_name":"What the France","article_published_time":"2020-09-02T15:43:03+00:00","article_modified_time":"2022-05-10T09:58:33+00:00","og_image":[{"url":"https:\/\/whatthefrance.org\/wp-content\/uploads\/2020\/09\/I_Me_Mine.jpg","height":914,"width":1600,"type":""}],"author":"ultrapop-gustavo","twitter_card":"summary_large_image","twitter_misc":{"Escrito por":"ultrapop-gustavo","Tiempo de lectura":"1 minuto"},"schema":{"@context":"https:\/\/schema.org","@graph":[{"@type":"Article","@id":"https:\/\/whatthefrance.org\/es\/i-me-mine-en-vivo-este-viernes-4-de-septiembre-en-streaming\/#article","isPartOf":{"@id":"https:\/\/whatthefrance.org\/es\/i-me-mine-en-vivo-este-viernes-4-de-septiembre-en-streaming\/"},"author":{"name":"ultrapop-gustavo","@id":"https:\/\/whatthefrance.org\/es\/#\/schema\/person\/ec6689bd96bf81ba9dcf2264cb54c946"},"headline":"I Me Mine | \u00a1En vivo este viernes 4 de Septiembre en streaming!","datePublished":"2020-09-02T15:43:03+00:00","dateModified":"2022-05-10T09:58:33+00:00","mainEntityOfPage":{"@id":"https:\/\/whatthefrance.org\/es\/i-me-mine-en-vivo-este-viernes-4-de-septiembre-en-streaming\/"},"wordCount":295,"publisher":{"@id":"https:\/\/whatthefrance.org\/es\/#organization"},"keywords":["Rock"],"articleSection":["Event"],"inLanguage":"es"},{"@type":"WebPage","@id":"https:\/\/whatthefrance.org\/es\/i-me-mine-en-vivo-este-viernes-4-de-septiembre-en-streaming\/","url":"https:\/\/whatthefrance.org\/es\/i-me-mine-en-vivo-este-viernes-4-de-septiembre-en-streaming\/","name":"I Me Mine | \u00a1En vivo este viernes 4 de Septiembre en streaming! - What the France","isPartOf":{"@id":"https:\/\/whatthefrance.org\/es\/#website"},"datePublished":"2020-09-02T15:43:03+00:00","dateModified":"2022-05-10T09:58:33+00:00","breadcrumb":{"@id":"https:\/\/whatthefrance.org\/es\/i-me-mine-en-vivo-este-viernes-4-de-septiembre-en-streaming\/#breadcrumb"},"inLanguage":"es","potentialAction":[{"@type":"ReadAction","target":["https:\/\/whatthefrance.org\/es\/i-me-mine-en-vivo-este-viernes-4-de-septiembre-en-streaming\/"]}]},{"@type":"BreadcrumbList","@id":"https:\/\/whatthefrance.org\/es\/i-me-mine-en-vivo-este-viernes-4-de-septiembre-en-streaming\/#breadcrumb","itemListElement":[{"@type":"ListItem","position":1,"name":"Home","item":"https:\/\/whatthefrance.org\/es\/"},{"@type":"ListItem","position":2,"name":"I Me Mine | \u00a1En vivo este viernes 4 de Septiembre en streaming!"}]},{"@type":"WebSite","@id":"https:\/\/whatthefrance.org\/es\/#website","url":"https:\/\/whatthefrance.org\/es\/","name":"What the France","description":"The finest music made in France !","publisher":{"@id":"https:\/\/whatthefrance.org\/es\/#organization"},"potentialAction":[{"@type":"SearchAction","target":{"@type":"EntryPoint","urlTemplate":"https:\/\/whatthefrance.org\/es\/?s={search_term_string}"},"query-input":{"@type":"PropertyValueSpecification","valueRequired":true,"valueName":"search_term_string"}}],"inLanguage":"es"},{"@type":"Organization","@id":"https:\/\/whatthefrance.org\/es\/#organization","name":"What The France","url":"https:\/\/whatthefrance.org\/es\/","logo":{"@type":"ImageObject","inLanguage":"es","@id":"https:\/\/whatthefrance.org\/es\/#\/schema\/logo\/image\/","url":"https:\/\/whatthefrance.org\/wp-content\/uploads\/2019\/12\/44688719_2251580388408837_694180218134331392_n-e1577679609190.png","contentUrl":"https:\/\/whatthefrance.org\/wp-content\/uploads\/2019\/12\/44688719_2251580388408837_694180218134331392_n-e1577679609190.png","width":200,"height":200,"caption":"What The France"},"image":{"@id":"https:\/\/whatthefrance.org\/es\/#\/schema\/logo\/image\/"}},{"@type":"Person","@id":"https:\/\/whatthefrance.org\/es\/#\/schema\/person\/ec6689bd96bf81ba9dcf2264cb54c946","name":"ultrapop-gustavo","image":{"@type":"ImageObject","inLanguage":"es","@id":"https:\/\/secure.gravatar.com\/avatar\/9f35e3e5944405caa221d3f9ae6c981bac53ada24e0340936c6d6364326ab920?s=96&d=mm&r=g","url":"https:\/\/secure.gravatar.com\/avatar\/9f35e3e5944405caa221d3f9ae6c981bac53ada24e0340936c6d6364326ab920?s=96&d=mm&r=g","contentUrl":"https:\/\/secure.gravatar.com\/avatar\/9f35e3e5944405caa221d3f9ae6c981bac53ada24e0340936c6d6364326ab920?s=96&d=mm&r=g","caption":"ultrapop-gustavo"}}]}},"_links":{"self":[{"href":"https:\/\/whatthefrance.org\/es\/wp-json\/wp\/v2\/posts\/21348","targetHints":{"allow":["GET"]}}],"collection":[{"href":"https:\/\/whatthefrance.org\/es\/wp-json\/wp\/v2\/posts"}],"about":[{"href":"https:\/\/whatthefrance.org\/es\/wp-json\/wp\/v2\/types\/post"}],"author":[{"embeddable":true,"href":"https:\/\/whatthefrance.org\/es\/wp-json\/wp\/v2\/users\/35"}],"replies":[{"embeddable":true,"href":"https:\/\/whatthefrance.org\/es\/wp-json\/wp\/v2\/comments?post=21348"}],"version-history":[{"count":9,"href":"https:\/\/whatthefrance.org\/es\/wp-json\/wp\/v2\/posts\/21348\/revisions"}],"predecessor-version":[{"id":41662,"href":"https:\/\/whatthefrance.org\/es\/wp-json\/wp\/v2\/posts\/21348\/revisions\/41662"}],"wp:attachment":[{"href":"https:\/\/whatthefrance.org\/es\/wp-json\/wp\/v2\/media?parent=21348"}],"wp:term":[{"taxonomy":"category","embeddable":true,"href":"https:\/\/whatthefrance.org\/es\/wp-json\/wp\/v2\/categories?post=21348"},{"taxonomy":"post_tag","embeddable":true,"href":"https:\/\/whatthefrance.org\/es\/wp-json\/wp\/v2\/tags?post=21348"}],"curies":[{"name":"wp","href":"https:\/\/api.w.org\/{rel}","templated":true}]}}