{"id":24562,"date":"2020-12-29T10:58:44","date_gmt":"2020-12-29T09:58:44","guid":{"rendered":"https:\/\/whatthefrance.org\/?p=24562"},"modified":"2021-01-04T15:27:31","modified_gmt":"2021-01-04T14:27:31","slug":"louane-entrevista-para-what-the-france","status":"publish","type":"post","link":"https:\/\/whatthefrance.org\/es\/louane-entrevista-para-what-the-france\/","title":{"rendered":"Louane | \u00a1Entrevista para What the France!"},"content":{"rendered":"<p><a href=\"https:\/\/www.facebook.com\/watchoutforthetornado\" target=\"_blank\" rel=\"noopener noreferrer\"><strong>Louane<\/strong><\/a> se dio a conocer en 2013 como participante en el show de talentos franc\u00e9s \u00abThe Voice, la plus belle voix\u00bb. Con su canci\u00f3n <a href=\"https:\/\/www.facebook.com\/watchoutforthetornado\" target=\"_blank\" rel=\"noopener noreferrer\">\u00abAvenir\u00bb<\/a>, lleg\u00f3 al n\u00famero tres en las listas de simples alemanas en 2014 y al n\u00famero uno en las listas francesas. Hasta ahora hab\u00eda lanzado dos \u00e1lbumes de estudio los cuales tambi\u00e9n llegaron al n\u00famero uno en las listas de \u00e1lbumes franceses. El \u00e1lbum <a href=\"https:\/\/www.facebook.com\/watchoutforthetornado\" target=\"_blank\" rel=\"noopener noreferrer\"><em>Chambre 12<\/em><\/a>, lanzado en 2015, que fue galardonado con doble disco de diamante en Francia y su \u00e1lbum de 2017, <a href=\"https:\/\/open.spotify.com\/album\/1f1C1CjidKcWQyiIYcMvP2?si=G6xjytpVSwiF1U_QEep4wg\" target=\"_blank\" rel=\"noopener noreferrer\"><em>Louane,<\/em><\/a> que fue triple platino en Francia. Su tercer \u00e1lbum, <a href=\"https:\/\/whatthefrance.org\/es\/louane-estrena-su-nuevo-album-joie-de-vivre-y-una-playlist-especial\/\" target=\"_blank\" rel=\"noopener noreferrer\"><em>Joie de Vivre,<\/em><\/a> fue lanzado el 23 de octubre.<\/p>\n<p>Adem\u00e1s de su carrera como cantante, Louane tambi\u00e9n est\u00e1 muy activa como actriz. Por su papel en \u00ab<em>La famille B\u00e9lier<\/em>\u00bb fue galardonada con el C\u00e9sar a la Mejor Actriz Joven en 2015. En 2017, prest\u00f3 su voz a uno de los personajes principales de la pel\u00edcula de animaci\u00f3n \u00ab<em>Sahara<\/em>\u00bb as\u00ed como en 2017 en la pel\u00edcula hist\u00f3rica \u00ab<em>Nos Patriotes<\/em>\u00bb que se estren\u00f3 en los cines franceses.<\/p>\n<p>Durante el confinamiento en Francia, Louane acept\u00f3 responder nuestras preguntas desde su habitaci\u00f3n.<\/p>\n<h3>\u00a1Descubre la entrevista con la joven artista aqu\u00ed!<\/h3>\n<p><iframe loading=\"lazy\" title=\"Louane Interview - What the France\" width=\"500\" height=\"375\" src=\"https:\/\/www.youtube.com\/embed\/OjOdNMVt5YY?feature=oembed\" frameborder=\"0\" allow=\"accelerometer; autoplay; clipboard-write; encrypted-media; gyroscope; picture-in-picture; web-share\" referrerpolicy=\"strict-origin-when-cross-origin\" allowfullscreen><\/iframe><\/p>\n<h3>\u00a1No te pierdas la playlist creada por Louane con sus canciones favoritas \u00abMade in France\u00bb!<\/h3>\n<div class=\"playListBloc singleBloc\"><div class=\"playListBloc-wrap\">    <div class=\"thumbnail\"><img data-src=\"https:\/\/whatthefrance.org\/wp-content\/uploads\/2020\/10\/WTF-Cover-Collab_Louane-254x254.jpg\" class=\"lazyload\" alt=\"WTF&#8212;Cover-Collab_Louane\" \/>    <\/div>    <div class=\"infos\">        <span class=\"tag\">Curators<\/span>        <h2>A Made in France Selection By Louane<\/h2>        <span class=\"separator\"><\/span>       <span class=\"desc\">Discover a made in France selection handpicked by Louane! Photo @ Louane<\/span><div class=\"share flex flexAlignCenter \">\t<span class=\"label\">Compartir<\/span>\t<a href=\"https:\/\/www.facebook.com\/sharer\/sharer.php?u=https:\/\/whatthefrance.org\/es\/playlists\/a-made-in-france-selection-by-louane\/\" class=\"facebook\" target=\"_blank\" rel=\"noreferrer\">Facebook<\/a>\t<a href=\"https:\/\/twitter.com\/intent\/tweet?url=https:\/\/whatthefrance.org\/es\/playlists\/a-made-in-france-selection-by-louane\/&text=A+Made+in+France+Selection+By+Louane&hashtags=WTF\" class=\"twitter\" target=\"_blank\" rel=\"noreferrer\">Twitter<\/a>\t<a href=\"mailto:?subject=What%20the%20France%20%3A%20A%20Made%20in%20France%20Selection%20By%20Louane&body=https:\/\/whatthefrance.org\/es\/playlists\/a-made-in-france-selection-by-louane\/\" class=\"mail\" target=\"_blank\" rel=\"noreferrer\">Email<\/a><\/div>        <a href=\"#\" class=\"btn btnPlaylist orange playlist-click\" data-id=\"22666\">            <svg version=\"1.1\" x=\"0px\" y=\"0px\" width=\"40px\" height=\"40px\" viewBox=\"0 0 213.7 213.7\" enable-background=\"new 0 0 213.7 213.7\" xml:space=\"preserve\">                <polygon class=\"triangle\" fill=\"none\" stroke-width=\"10\" stroke-linecap=\"round\" stroke-linejoin=\"round\" stroke-miterlimit=\"10\" points=\"\n            73.5,62.5 148.5,105.8 73.5,149.1 \"\/>                <circle class=\"circle\" fill=\"none\"  stroke-width=\"8\" stroke-linecap=\"round\" stroke-linejoin=\"round\" stroke-miterlimit=\"10\" cx=\"106.8\" cy=\"106.8\" r=\"103.3\"\/>                <circle class=\"circle-white\" fill=\"none\"  stroke-width=\"8\" stroke-linecap=\"round\" stroke-linejoin=\"round\" stroke-miterlimit=\"10\" cx=\"106.8\" cy=\"106.8\" r=\"103.3\"\/>            <\/svg>Escuchar        <\/a>    <\/div>  <\/div><\/div>\n<p>&nbsp;<\/p>\n","protected":false},"excerpt":{"rendered":"<p>Louane se dio a conocer en 2013 como participante en el show de talentos franc\u00e9s \u00abThe Voice, la plus belle voix\u00bb. Con su canci\u00f3n \u00abAvenir\u00bb, lleg\u00f3 al n\u00famero tres en las listas de simples alemanas en 2014 y al n\u00famero uno en las listas francesas. Hasta ahora hab\u00eda lanzado dos \u00e1lbumes de estudio los cuales [&hellip;]<\/p>\n","protected":false},"author":26,"featured_media":0,"comment_status":"closed","ping_status":"closed","sticky":false,"template":"","format":"standard","meta":{"_acf_changed":false,"footnotes":""},"categories":[1969],"tags":[1928],"class_list":["post-24562","post","type-post","status-publish","format-standard","hentry","category-video-es","tag-chanson-es"],"acf":[],"yoast_head":"<!-- This site is optimized with the Yoast SEO plugin v27.3 - https:\/\/yoast.com\/product\/yoast-seo-wordpress\/ -->\n<title>Louane | \u00a1Entrevista para What the France! - What the France<\/title>\n<meta name=\"robots\" content=\"index, follow, max-snippet:-1, max-image-preview:large, max-video-preview:-1\" \/>\n<link rel=\"canonical\" href=\"https:\/\/whatthefrance.org\/es\/louane-entrevista-para-what-the-france\/\" \/>\n<meta property=\"og:locale\" content=\"es_ES\" \/>\n<meta property=\"og:type\" content=\"article\" \/>\n<meta property=\"og:title\" content=\"Louane | \u00a1Entrevista para What the France! - What the France\" \/>\n<meta property=\"og:description\" content=\"Louane se dio a conocer en 2013 como participante en el show de talentos franc\u00e9s \u00abThe Voice, la plus belle voix\u00bb. Con su canci\u00f3n \u00abAvenir\u00bb, lleg\u00f3 al n\u00famero tres en las listas de simples alemanas en 2014 y al n\u00famero uno en las listas francesas. Hasta ahora hab\u00eda lanzado dos \u00e1lbumes de estudio los cuales [&hellip;]\" \/>\n<meta property=\"og:url\" content=\"https:\/\/whatthefrance.org\/es\/louane-entrevista-para-what-the-france\/\" \/>\n<meta property=\"og:site_name\" content=\"What the France\" \/>\n<meta property=\"article:published_time\" content=\"2020-12-29T09:58:44+00:00\" \/>\n<meta property=\"article:modified_time\" content=\"2021-01-04T14:27:31+00:00\" \/>\n<meta property=\"og:image\" content=\"https:\/\/whatthefrance.org\/wp-content\/uploads\/2020\/10\/louane_what_the_france.png\" \/>\n\t<meta property=\"og:image:width\" content=\"1084\" \/>\n\t<meta property=\"og:image:height\" content=\"452\" \/>\n<meta name=\"author\" content=\"Stagiaire 1 Berlin\" \/>\n<meta name=\"twitter:card\" content=\"summary_large_image\" \/>\n<meta name=\"twitter:label1\" content=\"Escrito por\" \/>\n\t<meta name=\"twitter:data1\" content=\"Stagiaire 1 Berlin\" \/>\n\t<meta name=\"twitter:label2\" content=\"Tiempo de lectura\" \/>\n\t<meta name=\"twitter:data2\" content=\"1 minuto\" \/>\n<script type=\"application\/ld+json\" class=\"yoast-schema-graph\">{\"@context\":\"https:\\\/\\\/schema.org\",\"@graph\":[{\"@type\":\"Article\",\"@id\":\"https:\\\/\\\/whatthefrance.org\\\/es\\\/louane-entrevista-para-what-the-france\\\/#article\",\"isPartOf\":{\"@id\":\"https:\\\/\\\/whatthefrance.org\\\/es\\\/louane-entrevista-para-what-the-france\\\/\"},\"author\":{\"name\":\"Stagiaire 1 Berlin\",\"@id\":\"https:\\\/\\\/whatthefrance.org\\\/es\\\/#\\\/schema\\\/person\\\/a72915ae82250c292822ed109081970a\"},\"headline\":\"Louane | \u00a1Entrevista para What the France!\",\"datePublished\":\"2020-12-29T09:58:44+00:00\",\"dateModified\":\"2021-01-04T14:27:31+00:00\",\"mainEntityOfPage\":{\"@id\":\"https:\\\/\\\/whatthefrance.org\\\/es\\\/louane-entrevista-para-what-the-france\\\/\"},\"wordCount\":230,\"publisher\":{\"@id\":\"https:\\\/\\\/whatthefrance.org\\\/es\\\/#organization\"},\"keywords\":[\"Chanson\"],\"articleSection\":[\"Video\"],\"inLanguage\":\"es\"},{\"@type\":\"WebPage\",\"@id\":\"https:\\\/\\\/whatthefrance.org\\\/es\\\/louane-entrevista-para-what-the-france\\\/\",\"url\":\"https:\\\/\\\/whatthefrance.org\\\/es\\\/louane-entrevista-para-what-the-france\\\/\",\"name\":\"Louane | \u00a1Entrevista para What the France! - What the France\",\"isPartOf\":{\"@id\":\"https:\\\/\\\/whatthefrance.org\\\/es\\\/#website\"},\"datePublished\":\"2020-12-29T09:58:44+00:00\",\"dateModified\":\"2021-01-04T14:27:31+00:00\",\"breadcrumb\":{\"@id\":\"https:\\\/\\\/whatthefrance.org\\\/es\\\/louane-entrevista-para-what-the-france\\\/#breadcrumb\"},\"inLanguage\":\"es\",\"potentialAction\":[{\"@type\":\"ReadAction\",\"target\":[\"https:\\\/\\\/whatthefrance.org\\\/es\\\/louane-entrevista-para-what-the-france\\\/\"]}]},{\"@type\":\"BreadcrumbList\",\"@id\":\"https:\\\/\\\/whatthefrance.org\\\/es\\\/louane-entrevista-para-what-the-france\\\/#breadcrumb\",\"itemListElement\":[{\"@type\":\"ListItem\",\"position\":1,\"name\":\"Home\",\"item\":\"https:\\\/\\\/whatthefrance.org\\\/es\\\/\"},{\"@type\":\"ListItem\",\"position\":2,\"name\":\"Louane | \u00a1Entrevista para What the France!\"}]},{\"@type\":\"WebSite\",\"@id\":\"https:\\\/\\\/whatthefrance.org\\\/es\\\/#website\",\"url\":\"https:\\\/\\\/whatthefrance.org\\\/es\\\/\",\"name\":\"What the France\",\"description\":\"The finest music made in France !\",\"publisher\":{\"@id\":\"https:\\\/\\\/whatthefrance.org\\\/es\\\/#organization\"},\"potentialAction\":[{\"@type\":\"SearchAction\",\"target\":{\"@type\":\"EntryPoint\",\"urlTemplate\":\"https:\\\/\\\/whatthefrance.org\\\/es\\\/?s={search_term_string}\"},\"query-input\":{\"@type\":\"PropertyValueSpecification\",\"valueRequired\":true,\"valueName\":\"search_term_string\"}}],\"inLanguage\":\"es\"},{\"@type\":\"Organization\",\"@id\":\"https:\\\/\\\/whatthefrance.org\\\/es\\\/#organization\",\"name\":\"What The France\",\"url\":\"https:\\\/\\\/whatthefrance.org\\\/es\\\/\",\"logo\":{\"@type\":\"ImageObject\",\"inLanguage\":\"es\",\"@id\":\"https:\\\/\\\/whatthefrance.org\\\/es\\\/#\\\/schema\\\/logo\\\/image\\\/\",\"url\":\"https:\\\/\\\/whatthefrance.org\\\/wp-content\\\/uploads\\\/2019\\\/12\\\/44688719_2251580388408837_694180218134331392_n-e1577679609190.png\",\"contentUrl\":\"https:\\\/\\\/whatthefrance.org\\\/wp-content\\\/uploads\\\/2019\\\/12\\\/44688719_2251580388408837_694180218134331392_n-e1577679609190.png\",\"width\":200,\"height\":200,\"caption\":\"What The France\"},\"image\":{\"@id\":\"https:\\\/\\\/whatthefrance.org\\\/es\\\/#\\\/schema\\\/logo\\\/image\\\/\"}},{\"@type\":\"Person\",\"@id\":\"https:\\\/\\\/whatthefrance.org\\\/es\\\/#\\\/schema\\\/person\\\/a72915ae82250c292822ed109081970a\",\"name\":\"Stagiaire 1 Berlin\",\"image\":{\"@type\":\"ImageObject\",\"inLanguage\":\"es\",\"@id\":\"https:\\\/\\\/secure.gravatar.com\\\/avatar\\\/dfeb8d88ae59b52c2ef8ba0be98ebede06bf72bd97d535142490a9391ffa2c33?s=96&d=mm&r=g\",\"url\":\"https:\\\/\\\/secure.gravatar.com\\\/avatar\\\/dfeb8d88ae59b52c2ef8ba0be98ebede06bf72bd97d535142490a9391ffa2c33?s=96&d=mm&r=g\",\"contentUrl\":\"https:\\\/\\\/secure.gravatar.com\\\/avatar\\\/dfeb8d88ae59b52c2ef8ba0be98ebede06bf72bd97d535142490a9391ffa2c33?s=96&d=mm&r=g\",\"caption\":\"Stagiaire 1 Berlin\"}}]}<\/script>\n<!-- \/ Yoast SEO plugin. -->","yoast_head_json":{"title":"Louane | \u00a1Entrevista para What the France! - What the France","robots":{"index":"index","follow":"follow","max-snippet":"max-snippet:-1","max-image-preview":"max-image-preview:large","max-video-preview":"max-video-preview:-1"},"canonical":"https:\/\/whatthefrance.org\/es\/louane-entrevista-para-what-the-france\/","og_locale":"es_ES","og_type":"article","og_title":"Louane | \u00a1Entrevista para What the France! - What the France","og_description":"Louane se dio a conocer en 2013 como participante en el show de talentos franc\u00e9s \u00abThe Voice, la plus belle voix\u00bb. Con su canci\u00f3n \u00abAvenir\u00bb, lleg\u00f3 al n\u00famero tres en las listas de simples alemanas en 2014 y al n\u00famero uno en las listas francesas. Hasta ahora hab\u00eda lanzado dos \u00e1lbumes de estudio los cuales [&hellip;]","og_url":"https:\/\/whatthefrance.org\/es\/louane-entrevista-para-what-the-france\/","og_site_name":"What the France","article_published_time":"2020-12-29T09:58:44+00:00","article_modified_time":"2021-01-04T14:27:31+00:00","og_image":[{"url":"https:\/\/whatthefrance.org\/wp-content\/uploads\/2020\/10\/louane_what_the_france.png","height":452,"width":1084,"type":""}],"author":"Stagiaire 1 Berlin","twitter_card":"summary_large_image","twitter_misc":{"Escrito por":"Stagiaire 1 Berlin","Tiempo de lectura":"1 minuto"},"schema":{"@context":"https:\/\/schema.org","@graph":[{"@type":"Article","@id":"https:\/\/whatthefrance.org\/es\/louane-entrevista-para-what-the-france\/#article","isPartOf":{"@id":"https:\/\/whatthefrance.org\/es\/louane-entrevista-para-what-the-france\/"},"author":{"name":"Stagiaire 1 Berlin","@id":"https:\/\/whatthefrance.org\/es\/#\/schema\/person\/a72915ae82250c292822ed109081970a"},"headline":"Louane | \u00a1Entrevista para What the France!","datePublished":"2020-12-29T09:58:44+00:00","dateModified":"2021-01-04T14:27:31+00:00","mainEntityOfPage":{"@id":"https:\/\/whatthefrance.org\/es\/louane-entrevista-para-what-the-france\/"},"wordCount":230,"publisher":{"@id":"https:\/\/whatthefrance.org\/es\/#organization"},"keywords":["Chanson"],"articleSection":["Video"],"inLanguage":"es"},{"@type":"WebPage","@id":"https:\/\/whatthefrance.org\/es\/louane-entrevista-para-what-the-france\/","url":"https:\/\/whatthefrance.org\/es\/louane-entrevista-para-what-the-france\/","name":"Louane | \u00a1Entrevista para What the France! - What the France","isPartOf":{"@id":"https:\/\/whatthefrance.org\/es\/#website"},"datePublished":"2020-12-29T09:58:44+00:00","dateModified":"2021-01-04T14:27:31+00:00","breadcrumb":{"@id":"https:\/\/whatthefrance.org\/es\/louane-entrevista-para-what-the-france\/#breadcrumb"},"inLanguage":"es","potentialAction":[{"@type":"ReadAction","target":["https:\/\/whatthefrance.org\/es\/louane-entrevista-para-what-the-france\/"]}]},{"@type":"BreadcrumbList","@id":"https:\/\/whatthefrance.org\/es\/louane-entrevista-para-what-the-france\/#breadcrumb","itemListElement":[{"@type":"ListItem","position":1,"name":"Home","item":"https:\/\/whatthefrance.org\/es\/"},{"@type":"ListItem","position":2,"name":"Louane | \u00a1Entrevista para What the France!"}]},{"@type":"WebSite","@id":"https:\/\/whatthefrance.org\/es\/#website","url":"https:\/\/whatthefrance.org\/es\/","name":"What the France","description":"The finest music made in France !","publisher":{"@id":"https:\/\/whatthefrance.org\/es\/#organization"},"potentialAction":[{"@type":"SearchAction","target":{"@type":"EntryPoint","urlTemplate":"https:\/\/whatthefrance.org\/es\/?s={search_term_string}"},"query-input":{"@type":"PropertyValueSpecification","valueRequired":true,"valueName":"search_term_string"}}],"inLanguage":"es"},{"@type":"Organization","@id":"https:\/\/whatthefrance.org\/es\/#organization","name":"What The France","url":"https:\/\/whatthefrance.org\/es\/","logo":{"@type":"ImageObject","inLanguage":"es","@id":"https:\/\/whatthefrance.org\/es\/#\/schema\/logo\/image\/","url":"https:\/\/whatthefrance.org\/wp-content\/uploads\/2019\/12\/44688719_2251580388408837_694180218134331392_n-e1577679609190.png","contentUrl":"https:\/\/whatthefrance.org\/wp-content\/uploads\/2019\/12\/44688719_2251580388408837_694180218134331392_n-e1577679609190.png","width":200,"height":200,"caption":"What The France"},"image":{"@id":"https:\/\/whatthefrance.org\/es\/#\/schema\/logo\/image\/"}},{"@type":"Person","@id":"https:\/\/whatthefrance.org\/es\/#\/schema\/person\/a72915ae82250c292822ed109081970a","name":"Stagiaire 1 Berlin","image":{"@type":"ImageObject","inLanguage":"es","@id":"https:\/\/secure.gravatar.com\/avatar\/dfeb8d88ae59b52c2ef8ba0be98ebede06bf72bd97d535142490a9391ffa2c33?s=96&d=mm&r=g","url":"https:\/\/secure.gravatar.com\/avatar\/dfeb8d88ae59b52c2ef8ba0be98ebede06bf72bd97d535142490a9391ffa2c33?s=96&d=mm&r=g","contentUrl":"https:\/\/secure.gravatar.com\/avatar\/dfeb8d88ae59b52c2ef8ba0be98ebede06bf72bd97d535142490a9391ffa2c33?s=96&d=mm&r=g","caption":"Stagiaire 1 Berlin"}}]}},"_links":{"self":[{"href":"https:\/\/whatthefrance.org\/es\/wp-json\/wp\/v2\/posts\/24562","targetHints":{"allow":["GET"]}}],"collection":[{"href":"https:\/\/whatthefrance.org\/es\/wp-json\/wp\/v2\/posts"}],"about":[{"href":"https:\/\/whatthefrance.org\/es\/wp-json\/wp\/v2\/types\/post"}],"author":[{"embeddable":true,"href":"https:\/\/whatthefrance.org\/es\/wp-json\/wp\/v2\/users\/26"}],"replies":[{"embeddable":true,"href":"https:\/\/whatthefrance.org\/es\/wp-json\/wp\/v2\/comments?post=24562"}],"version-history":[{"count":3,"href":"https:\/\/whatthefrance.org\/es\/wp-json\/wp\/v2\/posts\/24562\/revisions"}],"predecessor-version":[{"id":24580,"href":"https:\/\/whatthefrance.org\/es\/wp-json\/wp\/v2\/posts\/24562\/revisions\/24580"}],"wp:attachment":[{"href":"https:\/\/whatthefrance.org\/es\/wp-json\/wp\/v2\/media?parent=24562"}],"wp:term":[{"taxonomy":"category","embeddable":true,"href":"https:\/\/whatthefrance.org\/es\/wp-json\/wp\/v2\/categories?post=24562"},{"taxonomy":"post_tag","embeddable":true,"href":"https:\/\/whatthefrance.org\/es\/wp-json\/wp\/v2\/tags?post=24562"}],"curies":[{"name":"wp","href":"https:\/\/api.w.org\/{rel}","templated":true}]}}