{"id":27403,"date":"2021-04-13T17:17:56","date_gmt":"2021-04-13T15:17:56","guid":{"rendered":"https:\/\/whatthefrance.org\/?p=27403"},"modified":"2021-04-13T18:39:17","modified_gmt":"2021-04-13T16:39:17","slug":"ben-howard-estrena-el-album-collections-from-the-whiteout","status":"publish","type":"post","link":"https:\/\/whatthefrance.org\/es\/ben-howard-estrena-el-album-collections-from-the-whiteout\/","title":{"rendered":"Ben Howard | Estrena el \u00e1lbum Collections from the Whiteout"},"content":{"rendered":"<p><a href=\"https:\/\/fra01.safelinks.protection.outlook.com\/?url=https%3A%2F%2Fwww.facebook.com%2Fbenhowardmusic%2F&amp;data=04%7C01%7Cmarie-sophie.cazin%40cnm.fr%7C4654131a9dd14076cac708d8f8e0781d%7Cba774e6290394882a8cac4a49ebaf0d1%7C1%7C0%7C637532990255211188%7CUnknown%7CTWFpbGZsb3d8eyJWIjoiMC4wLjAwMDAiLCJQIjoiV2luMzIiLCJBTiI6Ik1haWwiLCJXVCI6Mn0%3D%7C1000&amp;sdata=G5lo7TAgY%2B2T59jvqfAfubutuGCL6b4oYT2iWpDXjQI%3D&amp;reserved=0\"><b>Ben Howard<\/b><\/a><span style=\"font-weight: 400;\"> lanz\u00f3 su cuarto \u00e1lbum, <\/span><b><i>Collections From The Whiteout<\/i><\/b><span style=\"font-weight: 400;\">, el pasado 26 de marzo a trav\u00e9s del sello franc\u00e9s Pr\u00e9 Ou Tard. El disco fue producido por Aaron Dessner \/ The National, quien recientemente gan\u00f3 un Grammy por su trabajo con Taylor Swift.<\/span><\/p>\n<p><iframe loading=\"lazy\" title=\"Ben Howard - Sorry Kid\" width=\"500\" height=\"375\" src=\"https:\/\/www.youtube.com\/embed\/qsycB4z3Rn8?feature=oembed\" frameborder=\"0\" allow=\"accelerometer; autoplay; clipboard-write; encrypted-media; gyroscope; picture-in-picture; web-share\" referrerpolicy=\"strict-origin-when-cross-origin\" allowfullscreen><\/iframe><\/p>\n<p><img decoding=\"async\" class=\"wp-image-27084 alignright\" src=\"https:\/\/whatthefrance.org\/wp-content\/uploads\/2021\/03\/BenHoward_Album_Cover-300x300.jpg\" alt=\"\" width=\"247\" height=\"247\" srcset=\"https:\/\/whatthefrance.org\/wp-content\/uploads\/2021\/03\/BenHoward_Album_Cover-300x300.jpg 300w, https:\/\/whatthefrance.org\/wp-content\/uploads\/2021\/03\/BenHoward_Album_Cover-1024x1024.jpg 1024w, https:\/\/whatthefrance.org\/wp-content\/uploads\/2021\/03\/BenHoward_Album_Cover-150x150.jpg 150w, https:\/\/whatthefrance.org\/wp-content\/uploads\/2021\/03\/BenHoward_Album_Cover-768x768.jpg 768w, https:\/\/whatthefrance.org\/wp-content\/uploads\/2021\/03\/BenHoward_Album_Cover-1536x1536.jpg 1536w, https:\/\/whatthefrance.org\/wp-content\/uploads\/2021\/03\/BenHoward_Album_Cover-2048x2048.jpg 2048w, https:\/\/whatthefrance.org\/wp-content\/uploads\/2021\/03\/BenHoward_Album_Cover-452x452.jpg 452w, https:\/\/whatthefrance.org\/wp-content\/uploads\/2021\/03\/BenHoward_Album_Cover-348x348.jpg 348w, https:\/\/whatthefrance.org\/wp-content\/uploads\/2021\/03\/BenHoward_Album_Cover-254x254.jpg 254w, https:\/\/whatthefrance.org\/wp-content\/uploads\/2021\/03\/BenHoward_Album_Cover-170x170.jpg 170w\" sizes=\"(max-width: 247px) 100vw, 247px\" \/><\/p>\n<p><b><i>Collections from The Whiteout<\/i><\/b><span style=\"font-weight: 400;\"> es una obra llena de referencias curiosas, humor\u00edsticas y po\u00e9ticas. Inspiradas en peque\u00f1as historias llevadas por la imaginaci\u00f3n de Ben y entretejidas con experiencias personales, estas historias dentro de las historias crean un todo fascinante.<\/span><\/p>\n<p><span style=\"font-weight: 400;\">Cuentan la historia de la muerte del marinero aficionado Donald Crowhurst, de la estafadora germano-rusa Anna Sorokin, de Richard Russell, del hombre que rob\u00f3 un avi\u00f3n y lo estrell\u00f3, y la del cuerpo desmembrado encontrado por un amigo de su padre en una valija flotando en el T\u00e1mesis. Habla de una Inglaterra hinchada hasta al absurdo por la indignaci\u00f3n pol\u00edtica y las luchas internas, as\u00ed como de an\u00e9cdotas personales de Ben ambientadas en Par\u00eds, Devon e Ibiza.<\/span><\/p>\n<p><span style=\"font-weight: 400;\">El lanzamiento de <\/span><b><i>Collections From The Whiteout<\/i><\/b><span style=\"font-weight: 400;\"> se celebrar\u00f3 con un evento global exclusivo, filmado en la estaci\u00f3n satelital Goonhilly, en la pen\u00ednsula de Lizard, en Cornwall, Reino Unido. Ben Howard y su grupo interpretar\u00e1n all\u00ed por primera vez las canciones de este nuevo disco.<\/span><\/p>\n<div class=\"playListBloc singleBloc\"><div class=\"playListBloc-wrap\">    <div class=\"thumbnail\"><img data-src=\"https:\/\/whatthefrance.org\/wp-content\/uploads\/2018\/11\/TEMPLATE-POCHETTE-GENRE-pop-Louane-254x254.jpg\" class=\"lazyload\" alt=\"TEMPLATE POCHETTE GENRE &#8211; pop &#8211; Louane\" \/>    <\/div>    <div class=\"infos\">        <span class=\"tag\">Genres<\/span>        <h2>Pop The Champagne<\/h2>        <span class=\"separator\"><\/span>       <span class=\"desc\">Listen to the latest pop music hits made in France.<\/span><div class=\"share flex flexAlignCenter \">\t<span class=\"label\">Compartir<\/span>\t<a href=\"https:\/\/www.facebook.com\/sharer\/sharer.php?u=https:\/\/whatthefrance.org\/es\/playlists\/pop-the-champagne\/\" class=\"facebook\" target=\"_blank\" rel=\"noreferrer\">Facebook<\/a>\t<a href=\"https:\/\/twitter.com\/intent\/tweet?url=https:\/\/whatthefrance.org\/es\/playlists\/pop-the-champagne\/&text=Pop+The+Champagne&hashtags=WTF\" class=\"twitter\" target=\"_blank\" rel=\"noreferrer\">Twitter<\/a>\t<a href=\"mailto:?subject=What%20the%20France%20%3A%20Pop%20The%20Champagne&body=https:\/\/whatthefrance.org\/es\/playlists\/pop-the-champagne\/\" class=\"mail\" target=\"_blank\" rel=\"noreferrer\">Email<\/a><\/div>        <a href=\"#\" class=\"btn btnPlaylist orange playlist-click\" data-id=\"9899\">            <svg version=\"1.1\" x=\"0px\" y=\"0px\" width=\"40px\" height=\"40px\" viewBox=\"0 0 213.7 213.7\" enable-background=\"new 0 0 213.7 213.7\" xml:space=\"preserve\">                <polygon class=\"triangle\" fill=\"none\" stroke-width=\"10\" stroke-linecap=\"round\" stroke-linejoin=\"round\" stroke-miterlimit=\"10\" points=\"\n            73.5,62.5 148.5,105.8 73.5,149.1 \"\/>                <circle class=\"circle\" fill=\"none\"  stroke-width=\"8\" stroke-linecap=\"round\" stroke-linejoin=\"round\" stroke-miterlimit=\"10\" cx=\"106.8\" cy=\"106.8\" r=\"103.3\"\/>                <circle class=\"circle-white\" fill=\"none\"  stroke-width=\"8\" stroke-linecap=\"round\" stroke-linejoin=\"round\" stroke-miterlimit=\"10\" cx=\"106.8\" cy=\"106.8\" r=\"103.3\"\/>            <\/svg>Escuchar        <\/a>    <\/div>  <\/div><\/div>\n<p>&nbsp;<\/p>\n","protected":false},"excerpt":{"rendered":"<p>Ben Howard lanz\u00f3 su cuarto \u00e1lbum, Collections From The Whiteout, el pasado 26 de marzo a trav\u00e9s del sello franc\u00e9s Pr\u00e9 Ou Tard. El disco fue producido por Aaron Dessner \/ The National, quien recientemente gan\u00f3 un Grammy por su trabajo con Taylor Swift. Collections from The Whiteout es una obra llena de referencias curiosas, [&hellip;]<\/p>\n","protected":false},"author":35,"featured_media":0,"comment_status":"closed","ping_status":"closed","sticky":false,"template":"","format":"standard","meta":{"_acf_changed":false,"footnotes":""},"categories":[1968],"tags":[1930,1936],"class_list":["post-27403","post","type-post","status-publish","format-standard","hentry","category-release-es","tag-contemporary-es","tag-electronic-es"],"acf":[],"yoast_head":"<!-- This site is optimized with the Yoast SEO plugin v27.3 - https:\/\/yoast.com\/product\/yoast-seo-wordpress\/ -->\n<title>Ben Howard | Estrena el \u00e1lbum Collections from the Whiteout - What the France<\/title>\n<meta name=\"robots\" content=\"index, follow, max-snippet:-1, max-image-preview:large, max-video-preview:-1\" \/>\n<link rel=\"canonical\" href=\"https:\/\/whatthefrance.org\/es\/ben-howard-estrena-el-album-collections-from-the-whiteout\/\" \/>\n<meta property=\"og:locale\" content=\"es_ES\" \/>\n<meta property=\"og:type\" content=\"article\" \/>\n<meta property=\"og:title\" content=\"Ben Howard | Estrena el \u00e1lbum Collections from the Whiteout - What the France\" \/>\n<meta property=\"og:description\" content=\"Ben Howard lanz\u00f3 su cuarto \u00e1lbum, Collections From The Whiteout, el pasado 26 de marzo a trav\u00e9s del sello franc\u00e9s Pr\u00e9 Ou Tard. El disco fue producido por Aaron Dessner \/ The National, quien recientemente gan\u00f3 un Grammy por su trabajo con Taylor Swift. Collections from The Whiteout es una obra llena de referencias curiosas, [&hellip;]\" \/>\n<meta property=\"og:url\" content=\"https:\/\/whatthefrance.org\/es\/ben-howard-estrena-el-album-collections-from-the-whiteout\/\" \/>\n<meta property=\"og:site_name\" content=\"What the France\" \/>\n<meta property=\"article:published_time\" content=\"2021-04-13T15:17:56+00:00\" \/>\n<meta property=\"article:modified_time\" content=\"2021-04-13T16:39:17+00:00\" \/>\n<meta property=\"og:image\" content=\"https:\/\/whatthefrance.org\/wp-content\/uploads\/2021\/03\/BenHoward_what_the_france.png\" \/>\n\t<meta property=\"og:image:width\" content=\"1084\" \/>\n\t<meta property=\"og:image:height\" content=\"452\" \/><meta property=\"og:image\" content=\"https:\/\/whatthefrance.org\/wp-content\/uploads\/2021\/03\/BenHoward_Album_Cover-300x300.jpg\" \/>\n<meta name=\"author\" content=\"ultrapop-gustavo\" \/>\n<meta name=\"twitter:card\" content=\"summary_large_image\" \/>\n<meta name=\"twitter:label1\" content=\"Escrito por\" \/>\n\t<meta name=\"twitter:data1\" content=\"ultrapop-gustavo\" \/>\n\t<meta name=\"twitter:label2\" content=\"Tiempo de lectura\" \/>\n\t<meta name=\"twitter:data2\" content=\"2 minutos\" \/>\n<script type=\"application\/ld+json\" class=\"yoast-schema-graph\">{\"@context\":\"https:\\\/\\\/schema.org\",\"@graph\":[{\"@type\":\"Article\",\"@id\":\"https:\\\/\\\/whatthefrance.org\\\/es\\\/ben-howard-estrena-el-album-collections-from-the-whiteout\\\/#article\",\"isPartOf\":{\"@id\":\"https:\\\/\\\/whatthefrance.org\\\/es\\\/ben-howard-estrena-el-album-collections-from-the-whiteout\\\/\"},\"author\":{\"name\":\"ultrapop-gustavo\",\"@id\":\"https:\\\/\\\/whatthefrance.org\\\/es\\\/#\\\/schema\\\/person\\\/ec6689bd96bf81ba9dcf2264cb54c946\"},\"headline\":\"Ben Howard | Estrena el \u00e1lbum Collections from the Whiteout\",\"datePublished\":\"2021-04-13T15:17:56+00:00\",\"dateModified\":\"2021-04-13T16:39:17+00:00\",\"mainEntityOfPage\":{\"@id\":\"https:\\\/\\\/whatthefrance.org\\\/es\\\/ben-howard-estrena-el-album-collections-from-the-whiteout\\\/\"},\"wordCount\":236,\"publisher\":{\"@id\":\"https:\\\/\\\/whatthefrance.org\\\/es\\\/#organization\"},\"image\":{\"@id\":\"https:\\\/\\\/whatthefrance.org\\\/es\\\/ben-howard-estrena-el-album-collections-from-the-whiteout\\\/#primaryimage\"},\"thumbnailUrl\":\"https:\\\/\\\/whatthefrance.org\\\/wp-content\\\/uploads\\\/2021\\\/03\\\/BenHoward_Album_Cover-300x300.jpg\",\"keywords\":[\"Contemporary\",\"Electronic\"],\"articleSection\":[\"Release\"],\"inLanguage\":\"es\"},{\"@type\":\"WebPage\",\"@id\":\"https:\\\/\\\/whatthefrance.org\\\/es\\\/ben-howard-estrena-el-album-collections-from-the-whiteout\\\/\",\"url\":\"https:\\\/\\\/whatthefrance.org\\\/es\\\/ben-howard-estrena-el-album-collections-from-the-whiteout\\\/\",\"name\":\"Ben Howard | Estrena el \u00e1lbum Collections from the Whiteout - What the France\",\"isPartOf\":{\"@id\":\"https:\\\/\\\/whatthefrance.org\\\/es\\\/#website\"},\"primaryImageOfPage\":{\"@id\":\"https:\\\/\\\/whatthefrance.org\\\/es\\\/ben-howard-estrena-el-album-collections-from-the-whiteout\\\/#primaryimage\"},\"image\":{\"@id\":\"https:\\\/\\\/whatthefrance.org\\\/es\\\/ben-howard-estrena-el-album-collections-from-the-whiteout\\\/#primaryimage\"},\"thumbnailUrl\":\"https:\\\/\\\/whatthefrance.org\\\/wp-content\\\/uploads\\\/2021\\\/03\\\/BenHoward_Album_Cover-300x300.jpg\",\"datePublished\":\"2021-04-13T15:17:56+00:00\",\"dateModified\":\"2021-04-13T16:39:17+00:00\",\"breadcrumb\":{\"@id\":\"https:\\\/\\\/whatthefrance.org\\\/es\\\/ben-howard-estrena-el-album-collections-from-the-whiteout\\\/#breadcrumb\"},\"inLanguage\":\"es\",\"potentialAction\":[{\"@type\":\"ReadAction\",\"target\":[\"https:\\\/\\\/whatthefrance.org\\\/es\\\/ben-howard-estrena-el-album-collections-from-the-whiteout\\\/\"]}]},{\"@type\":\"ImageObject\",\"inLanguage\":\"es\",\"@id\":\"https:\\\/\\\/whatthefrance.org\\\/es\\\/ben-howard-estrena-el-album-collections-from-the-whiteout\\\/#primaryimage\",\"url\":\"https:\\\/\\\/whatthefrance.org\\\/wp-content\\\/uploads\\\/2021\\\/03\\\/BenHoward_Album_Cover-300x300.jpg\",\"contentUrl\":\"https:\\\/\\\/whatthefrance.org\\\/wp-content\\\/uploads\\\/2021\\\/03\\\/BenHoward_Album_Cover-300x300.jpg\"},{\"@type\":\"BreadcrumbList\",\"@id\":\"https:\\\/\\\/whatthefrance.org\\\/es\\\/ben-howard-estrena-el-album-collections-from-the-whiteout\\\/#breadcrumb\",\"itemListElement\":[{\"@type\":\"ListItem\",\"position\":1,\"name\":\"Home\",\"item\":\"https:\\\/\\\/whatthefrance.org\\\/es\\\/\"},{\"@type\":\"ListItem\",\"position\":2,\"name\":\"Ben Howard | Estrena el \u00e1lbum Collections from the Whiteout\"}]},{\"@type\":\"WebSite\",\"@id\":\"https:\\\/\\\/whatthefrance.org\\\/es\\\/#website\",\"url\":\"https:\\\/\\\/whatthefrance.org\\\/es\\\/\",\"name\":\"What the France\",\"description\":\"The finest music made in France !\",\"publisher\":{\"@id\":\"https:\\\/\\\/whatthefrance.org\\\/es\\\/#organization\"},\"potentialAction\":[{\"@type\":\"SearchAction\",\"target\":{\"@type\":\"EntryPoint\",\"urlTemplate\":\"https:\\\/\\\/whatthefrance.org\\\/es\\\/?s={search_term_string}\"},\"query-input\":{\"@type\":\"PropertyValueSpecification\",\"valueRequired\":true,\"valueName\":\"search_term_string\"}}],\"inLanguage\":\"es\"},{\"@type\":\"Organization\",\"@id\":\"https:\\\/\\\/whatthefrance.org\\\/es\\\/#organization\",\"name\":\"What The France\",\"url\":\"https:\\\/\\\/whatthefrance.org\\\/es\\\/\",\"logo\":{\"@type\":\"ImageObject\",\"inLanguage\":\"es\",\"@id\":\"https:\\\/\\\/whatthefrance.org\\\/es\\\/#\\\/schema\\\/logo\\\/image\\\/\",\"url\":\"https:\\\/\\\/whatthefrance.org\\\/wp-content\\\/uploads\\\/2019\\\/12\\\/44688719_2251580388408837_694180218134331392_n-e1577679609190.png\",\"contentUrl\":\"https:\\\/\\\/whatthefrance.org\\\/wp-content\\\/uploads\\\/2019\\\/12\\\/44688719_2251580388408837_694180218134331392_n-e1577679609190.png\",\"width\":200,\"height\":200,\"caption\":\"What The France\"},\"image\":{\"@id\":\"https:\\\/\\\/whatthefrance.org\\\/es\\\/#\\\/schema\\\/logo\\\/image\\\/\"}},{\"@type\":\"Person\",\"@id\":\"https:\\\/\\\/whatthefrance.org\\\/es\\\/#\\\/schema\\\/person\\\/ec6689bd96bf81ba9dcf2264cb54c946\",\"name\":\"ultrapop-gustavo\",\"image\":{\"@type\":\"ImageObject\",\"inLanguage\":\"es\",\"@id\":\"https:\\\/\\\/secure.gravatar.com\\\/avatar\\\/9f35e3e5944405caa221d3f9ae6c981bac53ada24e0340936c6d6364326ab920?s=96&d=mm&r=g\",\"url\":\"https:\\\/\\\/secure.gravatar.com\\\/avatar\\\/9f35e3e5944405caa221d3f9ae6c981bac53ada24e0340936c6d6364326ab920?s=96&d=mm&r=g\",\"contentUrl\":\"https:\\\/\\\/secure.gravatar.com\\\/avatar\\\/9f35e3e5944405caa221d3f9ae6c981bac53ada24e0340936c6d6364326ab920?s=96&d=mm&r=g\",\"caption\":\"ultrapop-gustavo\"}}]}<\/script>\n<!-- \/ Yoast SEO plugin. -->","yoast_head_json":{"title":"Ben Howard | Estrena el \u00e1lbum Collections from the Whiteout - What the France","robots":{"index":"index","follow":"follow","max-snippet":"max-snippet:-1","max-image-preview":"max-image-preview:large","max-video-preview":"max-video-preview:-1"},"canonical":"https:\/\/whatthefrance.org\/es\/ben-howard-estrena-el-album-collections-from-the-whiteout\/","og_locale":"es_ES","og_type":"article","og_title":"Ben Howard | Estrena el \u00e1lbum Collections from the Whiteout - What the France","og_description":"Ben Howard lanz\u00f3 su cuarto \u00e1lbum, Collections From The Whiteout, el pasado 26 de marzo a trav\u00e9s del sello franc\u00e9s Pr\u00e9 Ou Tard. El disco fue producido por Aaron Dessner \/ The National, quien recientemente gan\u00f3 un Grammy por su trabajo con Taylor Swift. Collections from The Whiteout es una obra llena de referencias curiosas, [&hellip;]","og_url":"https:\/\/whatthefrance.org\/es\/ben-howard-estrena-el-album-collections-from-the-whiteout\/","og_site_name":"What the France","article_published_time":"2021-04-13T15:17:56+00:00","article_modified_time":"2021-04-13T16:39:17+00:00","og_image":[{"url":"https:\/\/whatthefrance.org\/wp-content\/uploads\/2021\/03\/BenHoward_what_the_france.png","height":452,"width":1084,"type":""},{"url":"https:\/\/whatthefrance.org\/wp-content\/uploads\/2021\/03\/BenHoward_Album_Cover-300x300.jpg","type":"","width":"","height":""}],"author":"ultrapop-gustavo","twitter_card":"summary_large_image","twitter_misc":{"Escrito por":"ultrapop-gustavo","Tiempo de lectura":"2 minutos"},"schema":{"@context":"https:\/\/schema.org","@graph":[{"@type":"Article","@id":"https:\/\/whatthefrance.org\/es\/ben-howard-estrena-el-album-collections-from-the-whiteout\/#article","isPartOf":{"@id":"https:\/\/whatthefrance.org\/es\/ben-howard-estrena-el-album-collections-from-the-whiteout\/"},"author":{"name":"ultrapop-gustavo","@id":"https:\/\/whatthefrance.org\/es\/#\/schema\/person\/ec6689bd96bf81ba9dcf2264cb54c946"},"headline":"Ben Howard | Estrena el \u00e1lbum Collections from the Whiteout","datePublished":"2021-04-13T15:17:56+00:00","dateModified":"2021-04-13T16:39:17+00:00","mainEntityOfPage":{"@id":"https:\/\/whatthefrance.org\/es\/ben-howard-estrena-el-album-collections-from-the-whiteout\/"},"wordCount":236,"publisher":{"@id":"https:\/\/whatthefrance.org\/es\/#organization"},"image":{"@id":"https:\/\/whatthefrance.org\/es\/ben-howard-estrena-el-album-collections-from-the-whiteout\/#primaryimage"},"thumbnailUrl":"https:\/\/whatthefrance.org\/wp-content\/uploads\/2021\/03\/BenHoward_Album_Cover-300x300.jpg","keywords":["Contemporary","Electronic"],"articleSection":["Release"],"inLanguage":"es"},{"@type":"WebPage","@id":"https:\/\/whatthefrance.org\/es\/ben-howard-estrena-el-album-collections-from-the-whiteout\/","url":"https:\/\/whatthefrance.org\/es\/ben-howard-estrena-el-album-collections-from-the-whiteout\/","name":"Ben Howard | Estrena el \u00e1lbum Collections from the Whiteout - What the France","isPartOf":{"@id":"https:\/\/whatthefrance.org\/es\/#website"},"primaryImageOfPage":{"@id":"https:\/\/whatthefrance.org\/es\/ben-howard-estrena-el-album-collections-from-the-whiteout\/#primaryimage"},"image":{"@id":"https:\/\/whatthefrance.org\/es\/ben-howard-estrena-el-album-collections-from-the-whiteout\/#primaryimage"},"thumbnailUrl":"https:\/\/whatthefrance.org\/wp-content\/uploads\/2021\/03\/BenHoward_Album_Cover-300x300.jpg","datePublished":"2021-04-13T15:17:56+00:00","dateModified":"2021-04-13T16:39:17+00:00","breadcrumb":{"@id":"https:\/\/whatthefrance.org\/es\/ben-howard-estrena-el-album-collections-from-the-whiteout\/#breadcrumb"},"inLanguage":"es","potentialAction":[{"@type":"ReadAction","target":["https:\/\/whatthefrance.org\/es\/ben-howard-estrena-el-album-collections-from-the-whiteout\/"]}]},{"@type":"ImageObject","inLanguage":"es","@id":"https:\/\/whatthefrance.org\/es\/ben-howard-estrena-el-album-collections-from-the-whiteout\/#primaryimage","url":"https:\/\/whatthefrance.org\/wp-content\/uploads\/2021\/03\/BenHoward_Album_Cover-300x300.jpg","contentUrl":"https:\/\/whatthefrance.org\/wp-content\/uploads\/2021\/03\/BenHoward_Album_Cover-300x300.jpg"},{"@type":"BreadcrumbList","@id":"https:\/\/whatthefrance.org\/es\/ben-howard-estrena-el-album-collections-from-the-whiteout\/#breadcrumb","itemListElement":[{"@type":"ListItem","position":1,"name":"Home","item":"https:\/\/whatthefrance.org\/es\/"},{"@type":"ListItem","position":2,"name":"Ben Howard | Estrena el \u00e1lbum Collections from the Whiteout"}]},{"@type":"WebSite","@id":"https:\/\/whatthefrance.org\/es\/#website","url":"https:\/\/whatthefrance.org\/es\/","name":"What the France","description":"The finest music made in France !","publisher":{"@id":"https:\/\/whatthefrance.org\/es\/#organization"},"potentialAction":[{"@type":"SearchAction","target":{"@type":"EntryPoint","urlTemplate":"https:\/\/whatthefrance.org\/es\/?s={search_term_string}"},"query-input":{"@type":"PropertyValueSpecification","valueRequired":true,"valueName":"search_term_string"}}],"inLanguage":"es"},{"@type":"Organization","@id":"https:\/\/whatthefrance.org\/es\/#organization","name":"What The France","url":"https:\/\/whatthefrance.org\/es\/","logo":{"@type":"ImageObject","inLanguage":"es","@id":"https:\/\/whatthefrance.org\/es\/#\/schema\/logo\/image\/","url":"https:\/\/whatthefrance.org\/wp-content\/uploads\/2019\/12\/44688719_2251580388408837_694180218134331392_n-e1577679609190.png","contentUrl":"https:\/\/whatthefrance.org\/wp-content\/uploads\/2019\/12\/44688719_2251580388408837_694180218134331392_n-e1577679609190.png","width":200,"height":200,"caption":"What The France"},"image":{"@id":"https:\/\/whatthefrance.org\/es\/#\/schema\/logo\/image\/"}},{"@type":"Person","@id":"https:\/\/whatthefrance.org\/es\/#\/schema\/person\/ec6689bd96bf81ba9dcf2264cb54c946","name":"ultrapop-gustavo","image":{"@type":"ImageObject","inLanguage":"es","@id":"https:\/\/secure.gravatar.com\/avatar\/9f35e3e5944405caa221d3f9ae6c981bac53ada24e0340936c6d6364326ab920?s=96&d=mm&r=g","url":"https:\/\/secure.gravatar.com\/avatar\/9f35e3e5944405caa221d3f9ae6c981bac53ada24e0340936c6d6364326ab920?s=96&d=mm&r=g","contentUrl":"https:\/\/secure.gravatar.com\/avatar\/9f35e3e5944405caa221d3f9ae6c981bac53ada24e0340936c6d6364326ab920?s=96&d=mm&r=g","caption":"ultrapop-gustavo"}}]}},"_links":{"self":[{"href":"https:\/\/whatthefrance.org\/es\/wp-json\/wp\/v2\/posts\/27403","targetHints":{"allow":["GET"]}}],"collection":[{"href":"https:\/\/whatthefrance.org\/es\/wp-json\/wp\/v2\/posts"}],"about":[{"href":"https:\/\/whatthefrance.org\/es\/wp-json\/wp\/v2\/types\/post"}],"author":[{"embeddable":true,"href":"https:\/\/whatthefrance.org\/es\/wp-json\/wp\/v2\/users\/35"}],"replies":[{"embeddable":true,"href":"https:\/\/whatthefrance.org\/es\/wp-json\/wp\/v2\/comments?post=27403"}],"version-history":[{"count":3,"href":"https:\/\/whatthefrance.org\/es\/wp-json\/wp\/v2\/posts\/27403\/revisions"}],"predecessor-version":[{"id":27505,"href":"https:\/\/whatthefrance.org\/es\/wp-json\/wp\/v2\/posts\/27403\/revisions\/27505"}],"wp:attachment":[{"href":"https:\/\/whatthefrance.org\/es\/wp-json\/wp\/v2\/media?parent=27403"}],"wp:term":[{"taxonomy":"category","embeddable":true,"href":"https:\/\/whatthefrance.org\/es\/wp-json\/wp\/v2\/categories?post=27403"},{"taxonomy":"post_tag","embeddable":true,"href":"https:\/\/whatthefrance.org\/es\/wp-json\/wp\/v2\/tags?post=27403"}],"curies":[{"name":"wp","href":"https:\/\/api.w.org\/{rel}","templated":true}]}}