{"id":28659,"date":"2021-05-19T19:19:05","date_gmt":"2021-05-19T17:19:05","guid":{"rendered":"https:\/\/whatthefrance.org\/?p=28659"},"modified":"2021-05-20T15:54:59","modified_gmt":"2021-05-20T13:54:59","slug":"vapa-estrena-su-nuevo-single-nachtigall","status":"publish","type":"post","link":"https:\/\/whatthefrance.org\/es\/vapa-estrena-su-nuevo-single-nachtigall\/","title":{"rendered":"VAPA | Estrena su nuevo single \u201cNachtigall\u201d"},"content":{"rendered":"<p><span class=\"em-orange\"><span style=\"font-weight: 400;\">El productor franc\u00e9s <\/span><a href=\"https:\/\/www.facebook.com\/vous.navez.pas.davis\"><b>VAPA<\/b><\/a><span style=\"font-weight: 400;\">, con sede en Cologne, lanzar\u00e1 <\/span><b><i>Mental<\/i><\/b><span style=\"font-weight: 400;\">, su EP debut, el pr\u00f3ximo 11 de junio de 2021. Pero primero devel\u00f3 un segundo sencillo <\/span><b>\u201cNachtigall\u201d<\/b><span style=\"font-weight: 400;\">, que fue lanzado el 14 de mayo.<\/span><\/span><\/p>\n<p><span style=\"font-weight: 400;\">VAPA (tambi\u00e9n conocido como Vous n&#8217;Avez Pas d&#8217;Avis) es un proyecto franc\u00e9s de m\u00fasica electr\u00f3nica cuyo objetivo es compartir valores como comunidad y la autorreflexi\u00f3n, que se dejan ver y oir a trav\u00e9s de una alianza \u00fanica entre m\u00fasica e im\u00e1genes. Su lema es: \u201cM\u00fasica para bailar o pensar: hacemos las dos\u201d.<\/span><\/p>\n<p><iframe loading=\"lazy\" title=\"Nachtigall\" width=\"500\" height=\"375\" src=\"https:\/\/www.youtube.com\/embed\/o2hk-5iCbE0?feature=oembed\" frameborder=\"0\" allow=\"accelerometer; autoplay; clipboard-write; encrypted-media; gyroscope; picture-in-picture; web-share\" referrerpolicy=\"strict-origin-when-cross-origin\" allowfullscreen><\/iframe><\/p>\n<p><span style=\"font-weight: 400;\">El nombre Nachtigall (\u201cRossignol\u201d en alem\u00e1n) es un homenaje al legendario club hom\u00f3nimo de Cologne. El sonido crudo es tan evocador que hace que inmediatamente sientas las influencias alemanas de su m\u00fasica. El ritmo profundo de Nachtigall denota la admiraci\u00f3n y el respeto de VAPA por la <\/span><b>m\u00fasica techno mel\u00f3dica<\/b><span style=\"font-weight: 400;\">. El resultado es intenso, como en la ingravidez, pero palpitante.<\/span><\/p>\n<p><span style=\"font-weight: 400;\">La pieza vibra con ritmos poderosos y de ensue\u00f1o, llevada por alt\u00edsimas ideas musicales. Reconocemos el sonido que emana de una persona que llega al l\u00edmite de la raz\u00f3n y se entrega a 4 minutos de emociones puras.<\/span><\/p>\n<p><span style=\"font-weight: 400;\">VAPA convoca a todos sus asistentes a la fiesta en un punto de encuentro que conocen bien: una bater\u00eda groovy potente, una cascada de sintetizadores, patrones nocturnos y un toque techno mel\u00f3dico. En el fondo acechan los deseos de baile, placer, libertad, amor y respeto. Se trata de comuni\u00f3n, de transpiraci\u00f3n com\u00fan, de unirnos para sentir el poder de la m\u00fasica.<\/span><\/p>\n<p><span style=\"font-weight: 400;\"><div class=\"playListBloc singleBloc\"><div class=\"playListBloc-wrap\">    <div class=\"thumbnail\"><img data-src=\"https:\/\/whatthefrance.org\/wp-content\/uploads\/2018\/11\/WTF-Cover-The\u011ames_videogame_soundtrack1-254x254.jpg\" class=\"lazyload\" alt=\"WTF&#8212;Cover-The\u011ames_videogame_soundtrack[1]\" \/>    <\/div>    <div class=\"infos\">        <span class=\"tag\">Themes<\/span>        <h2>Video Game Soundtracks made in France<\/h2>        <span class=\"separator\"><\/span>       <span class=\"desc\">Listen to a selection of made in France tracks created for video games.<\/span><div class=\"share flex flexAlignCenter \">\t<span class=\"label\">Compartir<\/span>\t<a href=\"https:\/\/www.facebook.com\/sharer\/sharer.php?u=https:\/\/whatthefrance.org\/es\/playlists\/video-game-soundtracks-made-in-france\/\" class=\"facebook\" target=\"_blank\" rel=\"noreferrer\">Facebook<\/a>\t<a href=\"https:\/\/twitter.com\/intent\/tweet?url=https:\/\/whatthefrance.org\/es\/playlists\/video-game-soundtracks-made-in-france\/&text=Video+Game+Soundtracks+made+in+France&hashtags=WTF\" class=\"twitter\" target=\"_blank\" rel=\"noreferrer\">Twitter<\/a>\t<a href=\"mailto:?subject=What%20the%20France%20%3A%20Video%20Game%20Soundtracks%20made%20in%20France&body=https:\/\/whatthefrance.org\/es\/playlists\/video-game-soundtracks-made-in-france\/\" class=\"mail\" target=\"_blank\" rel=\"noreferrer\">Email<\/a><\/div>        <a href=\"#\" class=\"btn btnPlaylist orange playlist-click\" data-id=\"9931\">            <svg version=\"1.1\" x=\"0px\" y=\"0px\" width=\"40px\" height=\"40px\" viewBox=\"0 0 213.7 213.7\" enable-background=\"new 0 0 213.7 213.7\" xml:space=\"preserve\">                <polygon class=\"triangle\" fill=\"none\" stroke-width=\"10\" stroke-linecap=\"round\" stroke-linejoin=\"round\" stroke-miterlimit=\"10\" points=\"\n            73.5,62.5 148.5,105.8 73.5,149.1 \"\/>                <circle class=\"circle\" fill=\"none\"  stroke-width=\"8\" stroke-linecap=\"round\" stroke-linejoin=\"round\" stroke-miterlimit=\"10\" cx=\"106.8\" cy=\"106.8\" r=\"103.3\"\/>                <circle class=\"circle-white\" fill=\"none\"  stroke-width=\"8\" stroke-linecap=\"round\" stroke-linejoin=\"round\" stroke-miterlimit=\"10\" cx=\"106.8\" cy=\"106.8\" r=\"103.3\"\/>            <\/svg>Escuchar        <\/a>    <\/div>  <\/div><\/div><\/span><\/p>\n","protected":false},"excerpt":{"rendered":"<p>El productor franc\u00e9s VAPA, con sede en Cologne, lanzar\u00e1 Mental, su EP debut, el pr\u00f3ximo 11 de junio de 2021. Pero primero devel\u00f3 un segundo sencillo \u201cNachtigall\u201d, que fue lanzado el 14 de mayo. VAPA (tambi\u00e9n conocido como Vous n&#8217;Avez Pas d&#8217;Avis) es un proyecto franc\u00e9s de m\u00fasica electr\u00f3nica cuyo objetivo es compartir valores como [&hellip;]<\/p>\n","protected":false},"author":35,"featured_media":0,"comment_status":"closed","ping_status":"closed","sticky":false,"template":"","format":"standard","meta":{"_acf_changed":false,"footnotes":""},"categories":[1968],"tags":[1936],"class_list":["post-28659","post","type-post","status-publish","format-standard","hentry","category-release-es","tag-electronic-es"],"acf":[],"yoast_head":"<!-- This site is optimized with the Yoast SEO plugin v27.3 - https:\/\/yoast.com\/product\/yoast-seo-wordpress\/ -->\n<title>VAPA | Estrena su nuevo single \u201cNachtigall\u201d - What the France<\/title>\n<meta name=\"robots\" content=\"index, follow, max-snippet:-1, max-image-preview:large, max-video-preview:-1\" \/>\n<link rel=\"canonical\" href=\"https:\/\/whatthefrance.org\/es\/vapa-estrena-su-nuevo-single-nachtigall\/\" \/>\n<meta property=\"og:locale\" content=\"es_ES\" \/>\n<meta property=\"og:type\" content=\"article\" \/>\n<meta property=\"og:title\" content=\"VAPA | Estrena su nuevo single \u201cNachtigall\u201d - What the France\" \/>\n<meta property=\"og:description\" content=\"El productor franc\u00e9s VAPA, con sede en Cologne, lanzar\u00e1 Mental, su EP debut, el pr\u00f3ximo 11 de junio de 2021. Pero primero devel\u00f3 un segundo sencillo \u201cNachtigall\u201d, que fue lanzado el 14 de mayo. VAPA (tambi\u00e9n conocido como Vous n&#8217;Avez Pas d&#8217;Avis) es un proyecto franc\u00e9s de m\u00fasica electr\u00f3nica cuyo objetivo es compartir valores como [&hellip;]\" \/>\n<meta property=\"og:url\" content=\"https:\/\/whatthefrance.org\/es\/vapa-estrena-su-nuevo-single-nachtigall\/\" \/>\n<meta property=\"og:site_name\" content=\"What the France\" \/>\n<meta property=\"article:published_time\" content=\"2021-05-19T17:19:05+00:00\" \/>\n<meta property=\"article:modified_time\" content=\"2021-05-20T13:54:59+00:00\" \/>\n<meta property=\"og:image\" content=\"https:\/\/whatthefrance.org\/wp-content\/uploads\/2021\/05\/vapa_what_the_france.png\" \/>\n\t<meta property=\"og:image:width\" content=\"1084\" \/>\n\t<meta property=\"og:image:height\" content=\"452\" \/>\n<meta name=\"author\" content=\"ultrapop-gustavo\" \/>\n<meta name=\"twitter:card\" content=\"summary_large_image\" \/>\n<meta name=\"twitter:label1\" content=\"Escrito por\" \/>\n\t<meta name=\"twitter:data1\" content=\"ultrapop-gustavo\" \/>\n\t<meta name=\"twitter:label2\" content=\"Tiempo de lectura\" \/>\n\t<meta name=\"twitter:data2\" content=\"2 minutos\" \/>\n<script type=\"application\/ld+json\" class=\"yoast-schema-graph\">{\"@context\":\"https:\\\/\\\/schema.org\",\"@graph\":[{\"@type\":\"Article\",\"@id\":\"https:\\\/\\\/whatthefrance.org\\\/es\\\/vapa-estrena-su-nuevo-single-nachtigall\\\/#article\",\"isPartOf\":{\"@id\":\"https:\\\/\\\/whatthefrance.org\\\/es\\\/vapa-estrena-su-nuevo-single-nachtigall\\\/\"},\"author\":{\"name\":\"ultrapop-gustavo\",\"@id\":\"https:\\\/\\\/whatthefrance.org\\\/es\\\/#\\\/schema\\\/person\\\/ec6689bd96bf81ba9dcf2264cb54c946\"},\"headline\":\"VAPA | Estrena su nuevo single \u201cNachtigall\u201d\",\"datePublished\":\"2021-05-19T17:19:05+00:00\",\"dateModified\":\"2021-05-20T13:54:59+00:00\",\"mainEntityOfPage\":{\"@id\":\"https:\\\/\\\/whatthefrance.org\\\/es\\\/vapa-estrena-su-nuevo-single-nachtigall\\\/\"},\"wordCount\":284,\"publisher\":{\"@id\":\"https:\\\/\\\/whatthefrance.org\\\/es\\\/#organization\"},\"keywords\":[\"Electronic\"],\"articleSection\":[\"Release\"],\"inLanguage\":\"es\"},{\"@type\":\"WebPage\",\"@id\":\"https:\\\/\\\/whatthefrance.org\\\/es\\\/vapa-estrena-su-nuevo-single-nachtigall\\\/\",\"url\":\"https:\\\/\\\/whatthefrance.org\\\/es\\\/vapa-estrena-su-nuevo-single-nachtigall\\\/\",\"name\":\"VAPA | Estrena su nuevo single \u201cNachtigall\u201d - What the France\",\"isPartOf\":{\"@id\":\"https:\\\/\\\/whatthefrance.org\\\/es\\\/#website\"},\"datePublished\":\"2021-05-19T17:19:05+00:00\",\"dateModified\":\"2021-05-20T13:54:59+00:00\",\"breadcrumb\":{\"@id\":\"https:\\\/\\\/whatthefrance.org\\\/es\\\/vapa-estrena-su-nuevo-single-nachtigall\\\/#breadcrumb\"},\"inLanguage\":\"es\",\"potentialAction\":[{\"@type\":\"ReadAction\",\"target\":[\"https:\\\/\\\/whatthefrance.org\\\/es\\\/vapa-estrena-su-nuevo-single-nachtigall\\\/\"]}]},{\"@type\":\"BreadcrumbList\",\"@id\":\"https:\\\/\\\/whatthefrance.org\\\/es\\\/vapa-estrena-su-nuevo-single-nachtigall\\\/#breadcrumb\",\"itemListElement\":[{\"@type\":\"ListItem\",\"position\":1,\"name\":\"Home\",\"item\":\"https:\\\/\\\/whatthefrance.org\\\/es\\\/\"},{\"@type\":\"ListItem\",\"position\":2,\"name\":\"VAPA | Estrena su nuevo single \u201cNachtigall\u201d\"}]},{\"@type\":\"WebSite\",\"@id\":\"https:\\\/\\\/whatthefrance.org\\\/es\\\/#website\",\"url\":\"https:\\\/\\\/whatthefrance.org\\\/es\\\/\",\"name\":\"What the France\",\"description\":\"The finest music made in France !\",\"publisher\":{\"@id\":\"https:\\\/\\\/whatthefrance.org\\\/es\\\/#organization\"},\"potentialAction\":[{\"@type\":\"SearchAction\",\"target\":{\"@type\":\"EntryPoint\",\"urlTemplate\":\"https:\\\/\\\/whatthefrance.org\\\/es\\\/?s={search_term_string}\"},\"query-input\":{\"@type\":\"PropertyValueSpecification\",\"valueRequired\":true,\"valueName\":\"search_term_string\"}}],\"inLanguage\":\"es\"},{\"@type\":\"Organization\",\"@id\":\"https:\\\/\\\/whatthefrance.org\\\/es\\\/#organization\",\"name\":\"What The France\",\"url\":\"https:\\\/\\\/whatthefrance.org\\\/es\\\/\",\"logo\":{\"@type\":\"ImageObject\",\"inLanguage\":\"es\",\"@id\":\"https:\\\/\\\/whatthefrance.org\\\/es\\\/#\\\/schema\\\/logo\\\/image\\\/\",\"url\":\"https:\\\/\\\/whatthefrance.org\\\/wp-content\\\/uploads\\\/2019\\\/12\\\/44688719_2251580388408837_694180218134331392_n-e1577679609190.png\",\"contentUrl\":\"https:\\\/\\\/whatthefrance.org\\\/wp-content\\\/uploads\\\/2019\\\/12\\\/44688719_2251580388408837_694180218134331392_n-e1577679609190.png\",\"width\":200,\"height\":200,\"caption\":\"What The France\"},\"image\":{\"@id\":\"https:\\\/\\\/whatthefrance.org\\\/es\\\/#\\\/schema\\\/logo\\\/image\\\/\"}},{\"@type\":\"Person\",\"@id\":\"https:\\\/\\\/whatthefrance.org\\\/es\\\/#\\\/schema\\\/person\\\/ec6689bd96bf81ba9dcf2264cb54c946\",\"name\":\"ultrapop-gustavo\",\"image\":{\"@type\":\"ImageObject\",\"inLanguage\":\"es\",\"@id\":\"https:\\\/\\\/secure.gravatar.com\\\/avatar\\\/9f35e3e5944405caa221d3f9ae6c981bac53ada24e0340936c6d6364326ab920?s=96&d=mm&r=g\",\"url\":\"https:\\\/\\\/secure.gravatar.com\\\/avatar\\\/9f35e3e5944405caa221d3f9ae6c981bac53ada24e0340936c6d6364326ab920?s=96&d=mm&r=g\",\"contentUrl\":\"https:\\\/\\\/secure.gravatar.com\\\/avatar\\\/9f35e3e5944405caa221d3f9ae6c981bac53ada24e0340936c6d6364326ab920?s=96&d=mm&r=g\",\"caption\":\"ultrapop-gustavo\"}}]}<\/script>\n<!-- \/ Yoast SEO plugin. -->","yoast_head_json":{"title":"VAPA | Estrena su nuevo single \u201cNachtigall\u201d - What the France","robots":{"index":"index","follow":"follow","max-snippet":"max-snippet:-1","max-image-preview":"max-image-preview:large","max-video-preview":"max-video-preview:-1"},"canonical":"https:\/\/whatthefrance.org\/es\/vapa-estrena-su-nuevo-single-nachtigall\/","og_locale":"es_ES","og_type":"article","og_title":"VAPA | Estrena su nuevo single \u201cNachtigall\u201d - What the France","og_description":"El productor franc\u00e9s VAPA, con sede en Cologne, lanzar\u00e1 Mental, su EP debut, el pr\u00f3ximo 11 de junio de 2021. Pero primero devel\u00f3 un segundo sencillo \u201cNachtigall\u201d, que fue lanzado el 14 de mayo. VAPA (tambi\u00e9n conocido como Vous n&#8217;Avez Pas d&#8217;Avis) es un proyecto franc\u00e9s de m\u00fasica electr\u00f3nica cuyo objetivo es compartir valores como [&hellip;]","og_url":"https:\/\/whatthefrance.org\/es\/vapa-estrena-su-nuevo-single-nachtigall\/","og_site_name":"What the France","article_published_time":"2021-05-19T17:19:05+00:00","article_modified_time":"2021-05-20T13:54:59+00:00","og_image":[{"url":"https:\/\/whatthefrance.org\/wp-content\/uploads\/2021\/05\/vapa_what_the_france.png","height":452,"width":1084,"type":""}],"author":"ultrapop-gustavo","twitter_card":"summary_large_image","twitter_misc":{"Escrito por":"ultrapop-gustavo","Tiempo de lectura":"2 minutos"},"schema":{"@context":"https:\/\/schema.org","@graph":[{"@type":"Article","@id":"https:\/\/whatthefrance.org\/es\/vapa-estrena-su-nuevo-single-nachtigall\/#article","isPartOf":{"@id":"https:\/\/whatthefrance.org\/es\/vapa-estrena-su-nuevo-single-nachtigall\/"},"author":{"name":"ultrapop-gustavo","@id":"https:\/\/whatthefrance.org\/es\/#\/schema\/person\/ec6689bd96bf81ba9dcf2264cb54c946"},"headline":"VAPA | Estrena su nuevo single \u201cNachtigall\u201d","datePublished":"2021-05-19T17:19:05+00:00","dateModified":"2021-05-20T13:54:59+00:00","mainEntityOfPage":{"@id":"https:\/\/whatthefrance.org\/es\/vapa-estrena-su-nuevo-single-nachtigall\/"},"wordCount":284,"publisher":{"@id":"https:\/\/whatthefrance.org\/es\/#organization"},"keywords":["Electronic"],"articleSection":["Release"],"inLanguage":"es"},{"@type":"WebPage","@id":"https:\/\/whatthefrance.org\/es\/vapa-estrena-su-nuevo-single-nachtigall\/","url":"https:\/\/whatthefrance.org\/es\/vapa-estrena-su-nuevo-single-nachtigall\/","name":"VAPA | Estrena su nuevo single \u201cNachtigall\u201d - What the France","isPartOf":{"@id":"https:\/\/whatthefrance.org\/es\/#website"},"datePublished":"2021-05-19T17:19:05+00:00","dateModified":"2021-05-20T13:54:59+00:00","breadcrumb":{"@id":"https:\/\/whatthefrance.org\/es\/vapa-estrena-su-nuevo-single-nachtigall\/#breadcrumb"},"inLanguage":"es","potentialAction":[{"@type":"ReadAction","target":["https:\/\/whatthefrance.org\/es\/vapa-estrena-su-nuevo-single-nachtigall\/"]}]},{"@type":"BreadcrumbList","@id":"https:\/\/whatthefrance.org\/es\/vapa-estrena-su-nuevo-single-nachtigall\/#breadcrumb","itemListElement":[{"@type":"ListItem","position":1,"name":"Home","item":"https:\/\/whatthefrance.org\/es\/"},{"@type":"ListItem","position":2,"name":"VAPA | Estrena su nuevo single \u201cNachtigall\u201d"}]},{"@type":"WebSite","@id":"https:\/\/whatthefrance.org\/es\/#website","url":"https:\/\/whatthefrance.org\/es\/","name":"What the France","description":"The finest music made in France !","publisher":{"@id":"https:\/\/whatthefrance.org\/es\/#organization"},"potentialAction":[{"@type":"SearchAction","target":{"@type":"EntryPoint","urlTemplate":"https:\/\/whatthefrance.org\/es\/?s={search_term_string}"},"query-input":{"@type":"PropertyValueSpecification","valueRequired":true,"valueName":"search_term_string"}}],"inLanguage":"es"},{"@type":"Organization","@id":"https:\/\/whatthefrance.org\/es\/#organization","name":"What The France","url":"https:\/\/whatthefrance.org\/es\/","logo":{"@type":"ImageObject","inLanguage":"es","@id":"https:\/\/whatthefrance.org\/es\/#\/schema\/logo\/image\/","url":"https:\/\/whatthefrance.org\/wp-content\/uploads\/2019\/12\/44688719_2251580388408837_694180218134331392_n-e1577679609190.png","contentUrl":"https:\/\/whatthefrance.org\/wp-content\/uploads\/2019\/12\/44688719_2251580388408837_694180218134331392_n-e1577679609190.png","width":200,"height":200,"caption":"What The France"},"image":{"@id":"https:\/\/whatthefrance.org\/es\/#\/schema\/logo\/image\/"}},{"@type":"Person","@id":"https:\/\/whatthefrance.org\/es\/#\/schema\/person\/ec6689bd96bf81ba9dcf2264cb54c946","name":"ultrapop-gustavo","image":{"@type":"ImageObject","inLanguage":"es","@id":"https:\/\/secure.gravatar.com\/avatar\/9f35e3e5944405caa221d3f9ae6c981bac53ada24e0340936c6d6364326ab920?s=96&d=mm&r=g","url":"https:\/\/secure.gravatar.com\/avatar\/9f35e3e5944405caa221d3f9ae6c981bac53ada24e0340936c6d6364326ab920?s=96&d=mm&r=g","contentUrl":"https:\/\/secure.gravatar.com\/avatar\/9f35e3e5944405caa221d3f9ae6c981bac53ada24e0340936c6d6364326ab920?s=96&d=mm&r=g","caption":"ultrapop-gustavo"}}]}},"_links":{"self":[{"href":"https:\/\/whatthefrance.org\/es\/wp-json\/wp\/v2\/posts\/28659","targetHints":{"allow":["GET"]}}],"collection":[{"href":"https:\/\/whatthefrance.org\/es\/wp-json\/wp\/v2\/posts"}],"about":[{"href":"https:\/\/whatthefrance.org\/es\/wp-json\/wp\/v2\/types\/post"}],"author":[{"embeddable":true,"href":"https:\/\/whatthefrance.org\/es\/wp-json\/wp\/v2\/users\/35"}],"replies":[{"embeddable":true,"href":"https:\/\/whatthefrance.org\/es\/wp-json\/wp\/v2\/comments?post=28659"}],"version-history":[{"count":2,"href":"https:\/\/whatthefrance.org\/es\/wp-json\/wp\/v2\/posts\/28659\/revisions"}],"predecessor-version":[{"id":28666,"href":"https:\/\/whatthefrance.org\/es\/wp-json\/wp\/v2\/posts\/28659\/revisions\/28666"}],"wp:attachment":[{"href":"https:\/\/whatthefrance.org\/es\/wp-json\/wp\/v2\/media?parent=28659"}],"wp:term":[{"taxonomy":"category","embeddable":true,"href":"https:\/\/whatthefrance.org\/es\/wp-json\/wp\/v2\/categories?post=28659"},{"taxonomy":"post_tag","embeddable":true,"href":"https:\/\/whatthefrance.org\/es\/wp-json\/wp\/v2\/tags?post=28659"}],"curies":[{"name":"wp","href":"https:\/\/api.w.org\/{rel}","templated":true}]}}