{"id":28927,"date":"2021-05-28T16:57:47","date_gmt":"2021-05-28T14:57:47","guid":{"rendered":"https:\/\/whatthefrance.org\/?p=28927"},"modified":"2021-06-01T16:40:47","modified_gmt":"2021-06-01T14:40:47","slug":"sons-of-raphael-dan-una-entrevista-exclusiva-para-what-the-france","status":"publish","type":"post","link":"https:\/\/whatthefrance.org\/es\/sons-of-raphael-dan-una-entrevista-exclusiva-para-what-the-france\/","title":{"rendered":"Sons of Raphael | Dan una entrevista exclusiva para What The France"},"content":{"rendered":"<p><span class=\"em-orange\"><span style=\"font-weight: 400;\">Con motivo del lanzamiento de su nuevo \u00e1lbum, <\/span><b><i>Full Throated Messianic Homage<\/i><\/b><span style=\"font-weight: 400;\">, estrenado el 21 de mayo a trav\u00e9s del sello franc\u00e9s Because Music, el d\u00fao fraterno Sons of Raphael nos concedi\u00f3 una entrevista exclusiva. En ella hablan de su relaci\u00f3n, de sus referentes y de sus deseos a futuro.<\/span><\/span><\/p>\n<p><span style=\"font-weight: 400;\">La historia de Sons of Raphael est\u00e1 impregnada de mitolog\u00eda y locura; es una historia de \u00e1ngeles y demonios. <\/span><i><span style=\"font-weight: 400;\">Full Throated Messianic Homage<\/span><\/i><span style=\"font-weight: 400;\"> es un himno a la vida dividido en cuatro partes: la muerte, el pecado, el amor y la resurrecci\u00f3n. Canciones de los muertos para salvar a los vivos.<\/span><\/p>\n<p><iframe loading=\"lazy\" title=\"Sons of Raphael | Yeah Yeah Yeah (Official Video)\" width=\"500\" height=\"281\" src=\"https:\/\/www.youtube.com\/embed\/_FffPRJfL4k?feature=oembed\" frameborder=\"0\" allow=\"accelerometer; autoplay; clipboard-write; encrypted-media; gyroscope; picture-in-picture; web-share\" referrerpolicy=\"strict-origin-when-cross-origin\" allowfullscreen><\/iframe><\/p>\n<h3 style=\"text-align: center;\"><strong>Entrevista<\/strong><\/h3>\n<p><b><i>\u00bfC\u00f3mo describir\u00edan su m\u00fasica en pocas palabras?<\/i><\/b><\/p>\n<p><span style=\"font-weight: 400;\">Rock and roll.<\/span><\/p>\n<p><b><i>\u00bfQu\u00e9 los llev\u00f3 a a querer trabajar juntos?<\/i><\/b><\/p>\n<p><span style=\"font-weight: 400;\">El verso del Libro de los Salmos que dice \u201cHe aqu\u00ed, cu\u00e1n bueno y agradable es para los hermanos habitar juntos\u201d.<\/span><\/p>\n<p><b><i>\u00bfCu\u00e1l crees que es el papel de cada individuo en el grupo? \u00bfC\u00f3mo se complementan?<\/i><\/b><\/p>\n<p><span style=\"font-weight: 400;\">Dos personas trabajan mejor que una, el hierro afila al hierro y un hombre afila al otro.<\/span><\/p>\n<p><b><i>Su primer \u00e1lbum, Full Throated Messianic Homage, fue lanzado el 21 de mayo de 2021. \u00bfA qu\u00e9 se refiere este t\u00edtulo?<\/i><\/b><\/p>\n<p><span style=\"font-weight: 400;\">Se refiere a la entrada triunfal de Jes\u00fas. Es un t\u00e9rmino utilizado por los eruditos al debatir si las palabras de la multitud que presenciaron la entrada triunfal de Jes\u00fas en el evangelio seg\u00fan San Marcos eran mesi\u00e1nicas. Esperamos que las palabras de la multitud que nos saluda al entrar triunfalmente en el universo sean mesi\u00e1nicas: un homenaje mesi\u00e1nico con la garganta llena.<\/span><\/p>\n<p><b><i>Full Throated Messianic Homage tuvo un proceso creativo de siete a\u00f1os, \u00bfcu\u00e1les fueron los principales hitos?<\/i><\/b><\/p>\n<p><span style=\"font-weight: 400;\">Estas etapas se reflejan en los cuatro cap\u00edtulos en los que est\u00e1n divididas las canciones: una revuelta contra el tiempo, el espacio y la historia, un humilde aporte al romance, a la vida como mera plataforma para la muerte y una futura resurrecci\u00f3n.<\/span><\/p>\n<p><b><i>\u00bfC\u00f3mo fue trabajar con el fallecido Philippe Zdar, el famoso m\u00fasico y productor franc\u00e9s considerado uno de los pioneros del French Touch?<\/i><\/b><\/p>\n<p><span style=\"font-weight: 400;\">Fue el mejor momento de nuestras vidas. Originalmente se supon\u00eda que \u00edbamos a trabajar juntos solo por dos semanas, pero dada la complejidad de mezclar este \u00e1lbum, se convirti\u00f3 en dos meses. Podemos dividir nuestra vida en dos fases: antes y despu\u00e9s de nuestro encuentro con Zdar, \u00e9l nos ense\u00f1\u00f3 a vivir.<\/span><\/p>\n<p><b><i>\u00bfEn qu\u00e9 artistas se inspiraron para grabar su m\u00fasica?<\/i><\/b><\/p>\n<p><span style=\"font-weight: 400;\">No escuchamos mucha m\u00fasica, ambos amamos a Elvis, pero los te\u00f3logos juegan un papel m\u00e1s importante en la inspiraci\u00f3n de nuestra m\u00fasica.<\/span><\/p>\n<p><b><i>\u00bfC\u00f3mo ven la evoluci\u00f3n de sus carreras y su m\u00fasica en el futuro luego de la pandemia?<\/i><\/b><\/p>\n<p><span style=\"font-weight: 400;\">Recuerde que la gente tiene recuerdos a corto plazo, han habido dos guerras mundiales y, a pesar del terrible dolor, la vida sigui\u00f3. No podemos predecir el futuro, solo somos instrumentos en un acertijo de dise\u00f1o infinito, solo podemos esperar seguir haciendo nuestras canciones.<\/span><\/p>\n<p><span style=\"font-weight: 400;\"><div class=\"playListBloc singleBloc\"><div class=\"playListBloc-wrap\">    <div class=\"thumbnail\"><img data-src=\"https:\/\/whatthefrance.org\/wp-content\/uploads\/2018\/11\/WTF-Pochettes_rock_8-1-254x254.jpg\" class=\"lazyload\" alt=\"WTF&#8212;Pochettes_rock_8\" \/>    <\/div>    <div class=\"infos\">        <span class=\"tag\">Genres<\/span>        <h2>Rock around the Eiffel<\/h2>        <span class=\"separator\"><\/span>       <span class=\"desc\">Discover the latest rock hits made in France.<\/span><div class=\"share flex flexAlignCenter \">\t<span class=\"label\">Compartir<\/span>\t<a href=\"https:\/\/www.facebook.com\/sharer\/sharer.php?u=https:\/\/whatthefrance.org\/es\/playlists\/rock-around-the-eiffel\/\" class=\"facebook\" target=\"_blank\" rel=\"noreferrer\">Facebook<\/a>\t<a href=\"https:\/\/twitter.com\/intent\/tweet?url=https:\/\/whatthefrance.org\/es\/playlists\/rock-around-the-eiffel\/&text=Rock+around+the+Eiffel&hashtags=WTF\" class=\"twitter\" target=\"_blank\" rel=\"noreferrer\">Twitter<\/a>\t<a href=\"mailto:?subject=What%20the%20France%20%3A%20Rock%20around%20the%20Eiffel&body=https:\/\/whatthefrance.org\/es\/playlists\/rock-around-the-eiffel\/\" class=\"mail\" target=\"_blank\" rel=\"noreferrer\">Email<\/a><\/div>        <a href=\"#\" class=\"btn btnPlaylist orange playlist-click\" data-id=\"9895\">            <svg version=\"1.1\" x=\"0px\" y=\"0px\" width=\"40px\" height=\"40px\" viewBox=\"0 0 213.7 213.7\" enable-background=\"new 0 0 213.7 213.7\" xml:space=\"preserve\">                <polygon class=\"triangle\" fill=\"none\" stroke-width=\"10\" stroke-linecap=\"round\" stroke-linejoin=\"round\" stroke-miterlimit=\"10\" points=\"\n            73.5,62.5 148.5,105.8 73.5,149.1 \"\/>                <circle class=\"circle\" fill=\"none\"  stroke-width=\"8\" stroke-linecap=\"round\" stroke-linejoin=\"round\" stroke-miterlimit=\"10\" cx=\"106.8\" cy=\"106.8\" r=\"103.3\"\/>                <circle class=\"circle-white\" fill=\"none\"  stroke-width=\"8\" stroke-linecap=\"round\" stroke-linejoin=\"round\" stroke-miterlimit=\"10\" cx=\"106.8\" cy=\"106.8\" r=\"103.3\"\/>            <\/svg>Escuchar        <\/a>    <\/div>  <\/div><\/div><\/span><\/p>\n","protected":false},"excerpt":{"rendered":"<p>Con motivo del lanzamiento de su nuevo \u00e1lbum, Full Throated Messianic Homage, estrenado el 21 de mayo a trav\u00e9s del sello franc\u00e9s Because Music, el d\u00fao fraterno Sons of Raphael nos concedi\u00f3 una entrevista exclusiva. En ella hablan de su relaci\u00f3n, de sus referentes y de sus deseos a futuro. La historia de Sons of [&hellip;]<\/p>\n","protected":false},"author":35,"featured_media":0,"comment_status":"closed","ping_status":"closed","sticky":false,"template":"","format":"standard","meta":{"_acf_changed":false,"footnotes":""},"categories":[1968],"tags":[1950],"class_list":["post-28927","post","type-post","status-publish","format-standard","hentry","category-release-es","tag-rock-es"],"acf":[],"yoast_head":"<!-- This site is optimized with the Yoast SEO plugin v27.3 - https:\/\/yoast.com\/product\/yoast-seo-wordpress\/ -->\n<title>Sons of Raphael | Dan una entrevista exclusiva para What The France - What the France<\/title>\n<meta name=\"robots\" content=\"index, follow, max-snippet:-1, max-image-preview:large, max-video-preview:-1\" \/>\n<link rel=\"canonical\" href=\"https:\/\/whatthefrance.org\/es\/sons-of-raphael-dan-una-entrevista-exclusiva-para-what-the-france\/\" \/>\n<meta property=\"og:locale\" content=\"es_ES\" \/>\n<meta property=\"og:type\" content=\"article\" \/>\n<meta property=\"og:title\" content=\"Sons of Raphael | Dan una entrevista exclusiva para What The France - What the France\" \/>\n<meta property=\"og:description\" content=\"Con motivo del lanzamiento de su nuevo \u00e1lbum, Full Throated Messianic Homage, estrenado el 21 de mayo a trav\u00e9s del sello franc\u00e9s Because Music, el d\u00fao fraterno Sons of Raphael nos concedi\u00f3 una entrevista exclusiva. En ella hablan de su relaci\u00f3n, de sus referentes y de sus deseos a futuro. La historia de Sons of [&hellip;]\" \/>\n<meta property=\"og:url\" content=\"https:\/\/whatthefrance.org\/es\/sons-of-raphael-dan-una-entrevista-exclusiva-para-what-the-france\/\" \/>\n<meta property=\"og:site_name\" content=\"What the France\" \/>\n<meta property=\"article:published_time\" content=\"2021-05-28T14:57:47+00:00\" \/>\n<meta property=\"article:modified_time\" content=\"2021-06-01T14:40:47+00:00\" \/>\n<meta property=\"og:image\" content=\"https:\/\/whatthefrance.org\/wp-content\/uploads\/2021\/05\/sons-of-raphael_what_the_france.png\" \/>\n\t<meta property=\"og:image:width\" content=\"1084\" \/>\n\t<meta property=\"og:image:height\" content=\"452\" \/>\n<meta name=\"author\" content=\"ultrapop-gustavo\" \/>\n<meta name=\"twitter:card\" content=\"summary_large_image\" \/>\n<meta name=\"twitter:label1\" content=\"Escrito por\" \/>\n\t<meta name=\"twitter:data1\" content=\"ultrapop-gustavo\" \/>\n\t<meta name=\"twitter:label2\" content=\"Tiempo de lectura\" \/>\n\t<meta name=\"twitter:data2\" content=\"3 minutos\" \/>\n<script type=\"application\/ld+json\" class=\"yoast-schema-graph\">{\"@context\":\"https:\\\/\\\/schema.org\",\"@graph\":[{\"@type\":\"Article\",\"@id\":\"https:\\\/\\\/whatthefrance.org\\\/es\\\/sons-of-raphael-dan-una-entrevista-exclusiva-para-what-the-france\\\/#article\",\"isPartOf\":{\"@id\":\"https:\\\/\\\/whatthefrance.org\\\/es\\\/sons-of-raphael-dan-una-entrevista-exclusiva-para-what-the-france\\\/\"},\"author\":{\"name\":\"ultrapop-gustavo\",\"@id\":\"https:\\\/\\\/whatthefrance.org\\\/es\\\/#\\\/schema\\\/person\\\/ec6689bd96bf81ba9dcf2264cb54c946\"},\"headline\":\"Sons of Raphael | Dan una entrevista exclusiva para What The France\",\"datePublished\":\"2021-05-28T14:57:47+00:00\",\"dateModified\":\"2021-06-01T14:40:47+00:00\",\"mainEntityOfPage\":{\"@id\":\"https:\\\/\\\/whatthefrance.org\\\/es\\\/sons-of-raphael-dan-una-entrevista-exclusiva-para-what-the-france\\\/\"},\"wordCount\":537,\"publisher\":{\"@id\":\"https:\\\/\\\/whatthefrance.org\\\/es\\\/#organization\"},\"keywords\":[\"Rock\"],\"articleSection\":[\"Release\"],\"inLanguage\":\"es\"},{\"@type\":\"WebPage\",\"@id\":\"https:\\\/\\\/whatthefrance.org\\\/es\\\/sons-of-raphael-dan-una-entrevista-exclusiva-para-what-the-france\\\/\",\"url\":\"https:\\\/\\\/whatthefrance.org\\\/es\\\/sons-of-raphael-dan-una-entrevista-exclusiva-para-what-the-france\\\/\",\"name\":\"Sons of Raphael | Dan una entrevista exclusiva para What The France - What the France\",\"isPartOf\":{\"@id\":\"https:\\\/\\\/whatthefrance.org\\\/es\\\/#website\"},\"datePublished\":\"2021-05-28T14:57:47+00:00\",\"dateModified\":\"2021-06-01T14:40:47+00:00\",\"breadcrumb\":{\"@id\":\"https:\\\/\\\/whatthefrance.org\\\/es\\\/sons-of-raphael-dan-una-entrevista-exclusiva-para-what-the-france\\\/#breadcrumb\"},\"inLanguage\":\"es\",\"potentialAction\":[{\"@type\":\"ReadAction\",\"target\":[\"https:\\\/\\\/whatthefrance.org\\\/es\\\/sons-of-raphael-dan-una-entrevista-exclusiva-para-what-the-france\\\/\"]}]},{\"@type\":\"BreadcrumbList\",\"@id\":\"https:\\\/\\\/whatthefrance.org\\\/es\\\/sons-of-raphael-dan-una-entrevista-exclusiva-para-what-the-france\\\/#breadcrumb\",\"itemListElement\":[{\"@type\":\"ListItem\",\"position\":1,\"name\":\"Home\",\"item\":\"https:\\\/\\\/whatthefrance.org\\\/es\\\/\"},{\"@type\":\"ListItem\",\"position\":2,\"name\":\"Sons of Raphael | Dan una entrevista exclusiva para What The France\"}]},{\"@type\":\"WebSite\",\"@id\":\"https:\\\/\\\/whatthefrance.org\\\/es\\\/#website\",\"url\":\"https:\\\/\\\/whatthefrance.org\\\/es\\\/\",\"name\":\"What the France\",\"description\":\"The finest music made in France !\",\"publisher\":{\"@id\":\"https:\\\/\\\/whatthefrance.org\\\/es\\\/#organization\"},\"potentialAction\":[{\"@type\":\"SearchAction\",\"target\":{\"@type\":\"EntryPoint\",\"urlTemplate\":\"https:\\\/\\\/whatthefrance.org\\\/es\\\/?s={search_term_string}\"},\"query-input\":{\"@type\":\"PropertyValueSpecification\",\"valueRequired\":true,\"valueName\":\"search_term_string\"}}],\"inLanguage\":\"es\"},{\"@type\":\"Organization\",\"@id\":\"https:\\\/\\\/whatthefrance.org\\\/es\\\/#organization\",\"name\":\"What The France\",\"url\":\"https:\\\/\\\/whatthefrance.org\\\/es\\\/\",\"logo\":{\"@type\":\"ImageObject\",\"inLanguage\":\"es\",\"@id\":\"https:\\\/\\\/whatthefrance.org\\\/es\\\/#\\\/schema\\\/logo\\\/image\\\/\",\"url\":\"https:\\\/\\\/whatthefrance.org\\\/wp-content\\\/uploads\\\/2019\\\/12\\\/44688719_2251580388408837_694180218134331392_n-e1577679609190.png\",\"contentUrl\":\"https:\\\/\\\/whatthefrance.org\\\/wp-content\\\/uploads\\\/2019\\\/12\\\/44688719_2251580388408837_694180218134331392_n-e1577679609190.png\",\"width\":200,\"height\":200,\"caption\":\"What The France\"},\"image\":{\"@id\":\"https:\\\/\\\/whatthefrance.org\\\/es\\\/#\\\/schema\\\/logo\\\/image\\\/\"}},{\"@type\":\"Person\",\"@id\":\"https:\\\/\\\/whatthefrance.org\\\/es\\\/#\\\/schema\\\/person\\\/ec6689bd96bf81ba9dcf2264cb54c946\",\"name\":\"ultrapop-gustavo\",\"image\":{\"@type\":\"ImageObject\",\"inLanguage\":\"es\",\"@id\":\"https:\\\/\\\/secure.gravatar.com\\\/avatar\\\/9f35e3e5944405caa221d3f9ae6c981bac53ada24e0340936c6d6364326ab920?s=96&d=mm&r=g\",\"url\":\"https:\\\/\\\/secure.gravatar.com\\\/avatar\\\/9f35e3e5944405caa221d3f9ae6c981bac53ada24e0340936c6d6364326ab920?s=96&d=mm&r=g\",\"contentUrl\":\"https:\\\/\\\/secure.gravatar.com\\\/avatar\\\/9f35e3e5944405caa221d3f9ae6c981bac53ada24e0340936c6d6364326ab920?s=96&d=mm&r=g\",\"caption\":\"ultrapop-gustavo\"}}]}<\/script>\n<!-- \/ Yoast SEO plugin. -->","yoast_head_json":{"title":"Sons of Raphael | Dan una entrevista exclusiva para What The France - What the France","robots":{"index":"index","follow":"follow","max-snippet":"max-snippet:-1","max-image-preview":"max-image-preview:large","max-video-preview":"max-video-preview:-1"},"canonical":"https:\/\/whatthefrance.org\/es\/sons-of-raphael-dan-una-entrevista-exclusiva-para-what-the-france\/","og_locale":"es_ES","og_type":"article","og_title":"Sons of Raphael | Dan una entrevista exclusiva para What The France - What the France","og_description":"Con motivo del lanzamiento de su nuevo \u00e1lbum, Full Throated Messianic Homage, estrenado el 21 de mayo a trav\u00e9s del sello franc\u00e9s Because Music, el d\u00fao fraterno Sons of Raphael nos concedi\u00f3 una entrevista exclusiva. En ella hablan de su relaci\u00f3n, de sus referentes y de sus deseos a futuro. La historia de Sons of [&hellip;]","og_url":"https:\/\/whatthefrance.org\/es\/sons-of-raphael-dan-una-entrevista-exclusiva-para-what-the-france\/","og_site_name":"What the France","article_published_time":"2021-05-28T14:57:47+00:00","article_modified_time":"2021-06-01T14:40:47+00:00","og_image":[{"url":"https:\/\/whatthefrance.org\/wp-content\/uploads\/2021\/05\/sons-of-raphael_what_the_france.png","height":452,"width":1084,"type":""}],"author":"ultrapop-gustavo","twitter_card":"summary_large_image","twitter_misc":{"Escrito por":"ultrapop-gustavo","Tiempo de lectura":"3 minutos"},"schema":{"@context":"https:\/\/schema.org","@graph":[{"@type":"Article","@id":"https:\/\/whatthefrance.org\/es\/sons-of-raphael-dan-una-entrevista-exclusiva-para-what-the-france\/#article","isPartOf":{"@id":"https:\/\/whatthefrance.org\/es\/sons-of-raphael-dan-una-entrevista-exclusiva-para-what-the-france\/"},"author":{"name":"ultrapop-gustavo","@id":"https:\/\/whatthefrance.org\/es\/#\/schema\/person\/ec6689bd96bf81ba9dcf2264cb54c946"},"headline":"Sons of Raphael | Dan una entrevista exclusiva para What The France","datePublished":"2021-05-28T14:57:47+00:00","dateModified":"2021-06-01T14:40:47+00:00","mainEntityOfPage":{"@id":"https:\/\/whatthefrance.org\/es\/sons-of-raphael-dan-una-entrevista-exclusiva-para-what-the-france\/"},"wordCount":537,"publisher":{"@id":"https:\/\/whatthefrance.org\/es\/#organization"},"keywords":["Rock"],"articleSection":["Release"],"inLanguage":"es"},{"@type":"WebPage","@id":"https:\/\/whatthefrance.org\/es\/sons-of-raphael-dan-una-entrevista-exclusiva-para-what-the-france\/","url":"https:\/\/whatthefrance.org\/es\/sons-of-raphael-dan-una-entrevista-exclusiva-para-what-the-france\/","name":"Sons of Raphael | Dan una entrevista exclusiva para What The France - What the France","isPartOf":{"@id":"https:\/\/whatthefrance.org\/es\/#website"},"datePublished":"2021-05-28T14:57:47+00:00","dateModified":"2021-06-01T14:40:47+00:00","breadcrumb":{"@id":"https:\/\/whatthefrance.org\/es\/sons-of-raphael-dan-una-entrevista-exclusiva-para-what-the-france\/#breadcrumb"},"inLanguage":"es","potentialAction":[{"@type":"ReadAction","target":["https:\/\/whatthefrance.org\/es\/sons-of-raphael-dan-una-entrevista-exclusiva-para-what-the-france\/"]}]},{"@type":"BreadcrumbList","@id":"https:\/\/whatthefrance.org\/es\/sons-of-raphael-dan-una-entrevista-exclusiva-para-what-the-france\/#breadcrumb","itemListElement":[{"@type":"ListItem","position":1,"name":"Home","item":"https:\/\/whatthefrance.org\/es\/"},{"@type":"ListItem","position":2,"name":"Sons of Raphael | Dan una entrevista exclusiva para What The France"}]},{"@type":"WebSite","@id":"https:\/\/whatthefrance.org\/es\/#website","url":"https:\/\/whatthefrance.org\/es\/","name":"What the France","description":"The finest music made in France !","publisher":{"@id":"https:\/\/whatthefrance.org\/es\/#organization"},"potentialAction":[{"@type":"SearchAction","target":{"@type":"EntryPoint","urlTemplate":"https:\/\/whatthefrance.org\/es\/?s={search_term_string}"},"query-input":{"@type":"PropertyValueSpecification","valueRequired":true,"valueName":"search_term_string"}}],"inLanguage":"es"},{"@type":"Organization","@id":"https:\/\/whatthefrance.org\/es\/#organization","name":"What The France","url":"https:\/\/whatthefrance.org\/es\/","logo":{"@type":"ImageObject","inLanguage":"es","@id":"https:\/\/whatthefrance.org\/es\/#\/schema\/logo\/image\/","url":"https:\/\/whatthefrance.org\/wp-content\/uploads\/2019\/12\/44688719_2251580388408837_694180218134331392_n-e1577679609190.png","contentUrl":"https:\/\/whatthefrance.org\/wp-content\/uploads\/2019\/12\/44688719_2251580388408837_694180218134331392_n-e1577679609190.png","width":200,"height":200,"caption":"What The France"},"image":{"@id":"https:\/\/whatthefrance.org\/es\/#\/schema\/logo\/image\/"}},{"@type":"Person","@id":"https:\/\/whatthefrance.org\/es\/#\/schema\/person\/ec6689bd96bf81ba9dcf2264cb54c946","name":"ultrapop-gustavo","image":{"@type":"ImageObject","inLanguage":"es","@id":"https:\/\/secure.gravatar.com\/avatar\/9f35e3e5944405caa221d3f9ae6c981bac53ada24e0340936c6d6364326ab920?s=96&d=mm&r=g","url":"https:\/\/secure.gravatar.com\/avatar\/9f35e3e5944405caa221d3f9ae6c981bac53ada24e0340936c6d6364326ab920?s=96&d=mm&r=g","contentUrl":"https:\/\/secure.gravatar.com\/avatar\/9f35e3e5944405caa221d3f9ae6c981bac53ada24e0340936c6d6364326ab920?s=96&d=mm&r=g","caption":"ultrapop-gustavo"}}]}},"_links":{"self":[{"href":"https:\/\/whatthefrance.org\/es\/wp-json\/wp\/v2\/posts\/28927","targetHints":{"allow":["GET"]}}],"collection":[{"href":"https:\/\/whatthefrance.org\/es\/wp-json\/wp\/v2\/posts"}],"about":[{"href":"https:\/\/whatthefrance.org\/es\/wp-json\/wp\/v2\/types\/post"}],"author":[{"embeddable":true,"href":"https:\/\/whatthefrance.org\/es\/wp-json\/wp\/v2\/users\/35"}],"replies":[{"embeddable":true,"href":"https:\/\/whatthefrance.org\/es\/wp-json\/wp\/v2\/comments?post=28927"}],"version-history":[{"count":1,"href":"https:\/\/whatthefrance.org\/es\/wp-json\/wp\/v2\/posts\/28927\/revisions"}],"predecessor-version":[{"id":28928,"href":"https:\/\/whatthefrance.org\/es\/wp-json\/wp\/v2\/posts\/28927\/revisions\/28928"}],"wp:attachment":[{"href":"https:\/\/whatthefrance.org\/es\/wp-json\/wp\/v2\/media?parent=28927"}],"wp:term":[{"taxonomy":"category","embeddable":true,"href":"https:\/\/whatthefrance.org\/es\/wp-json\/wp\/v2\/categories?post=28927"},{"taxonomy":"post_tag","embeddable":true,"href":"https:\/\/whatthefrance.org\/es\/wp-json\/wp\/v2\/tags?post=28927"}],"curies":[{"name":"wp","href":"https:\/\/api.w.org\/{rel}","templated":true}]}}