{"id":29647,"date":"2021-06-24T10:00:29","date_gmt":"2021-06-24T08:00:29","guid":{"rendered":"https:\/\/whatthefrance.org\/?p=29647"},"modified":"2021-06-24T16:36:24","modified_gmt":"2021-06-24T14:36:24","slug":"slin-y-musique-daperitif-se-presentaran-en-la-fiesta-de-la-musica-verde","status":"publish","type":"post","link":"https:\/\/whatthefrance.org\/es\/slin-y-musique-daperitif-se-presentaran-en-la-fiesta-de-la-musica-verde\/","title":{"rendered":"S:lin! y Musique d\u2019Ap\u00e9ritif | Se presentar\u00e1n en la Fiesta de la M\u00fasica Verde"},"content":{"rendered":"<p><span class=\"em-orange\"><span style=\"font-weight: 400;\">Cada a\u00f1o, la Embajada de Francia en Espa\u00f1a y el Institut Fran\u00e7ais de Madrid organizan a finales de junio la llamada Fiesta de la M\u00fasica Verde, con motivo del solsticio de verano. Este acontecimiento cultural, que comenz\u00f3 en 1982, celebra tanto a los m\u00fasicos profesionales como a los aficionados y emergentes por medio de un homenaje a todos los estilos musicales. Este a\u00f1o, el Institut Fran\u00e7ais de Madrid propone celebrar el inicio del verano bajo el lema \u201cUn planeta (en) vivo\u201d, para la que ya anunciaron que el 24 de junio presentar\u00e1n los sets del d\u00fao de DJs <\/span><a href=\"https:\/\/www.instagram.com\/silinoff\/\" target=\"_blank\" rel=\"noopener\"><b>S:lin!<\/b><\/a><span style=\"font-weight: 400;\"> y del colectivo franc\u00e9s <\/span><a href=\"https:\/\/www.facebook.com\/musiquedaperitif\/\" target=\"_blank\" rel=\"noopener\"><b>Musique d\u2019Ap\u00e9ritif<\/b><\/a><span style=\"font-weight: 400;\">, en colaboraci\u00f3n con la Fundaci\u00f3n ecol\u00f3gica Bye Bye Plastic.<\/span><\/span><\/p>\n<p><img decoding=\"async\" class=\"aligncenter wp-image-29648\" src=\"https:\/\/whatthefrance.org\/wp-content\/uploads\/2021\/06\/Fiesta-de-la-musica-verde-wtf-300x300.png\" alt=\"\" width=\"500\" height=\"500\" srcset=\"https:\/\/whatthefrance.org\/wp-content\/uploads\/2021\/06\/Fiesta-de-la-musica-verde-wtf-300x300.png 300w, https:\/\/whatthefrance.org\/wp-content\/uploads\/2021\/06\/Fiesta-de-la-musica-verde-wtf-1024x1024.png 1024w, https:\/\/whatthefrance.org\/wp-content\/uploads\/2021\/06\/Fiesta-de-la-musica-verde-wtf-150x150.png 150w, https:\/\/whatthefrance.org\/wp-content\/uploads\/2021\/06\/Fiesta-de-la-musica-verde-wtf-768x768.png 768w, https:\/\/whatthefrance.org\/wp-content\/uploads\/2021\/06\/Fiesta-de-la-musica-verde-wtf-452x452.png 452w, https:\/\/whatthefrance.org\/wp-content\/uploads\/2021\/06\/Fiesta-de-la-musica-verde-wtf-348x348.png 348w, https:\/\/whatthefrance.org\/wp-content\/uploads\/2021\/06\/Fiesta-de-la-musica-verde-wtf-254x254.png 254w, https:\/\/whatthefrance.org\/wp-content\/uploads\/2021\/06\/Fiesta-de-la-musica-verde-wtf-170x170.png 170w, https:\/\/whatthefrance.org\/wp-content\/uploads\/2021\/06\/Fiesta-de-la-musica-verde-wtf.png 1100w\" sizes=\"(max-width: 500px) 100vw, 500px\" \/><\/p>\n<h3><b>S:lin! (Peanut Butter)<\/b><\/h3>\n<p><span style=\"font-weight: 400;\">Apasionados por la m\u00fasica electr\u00f3nica, S:lin! es el resultado de la uni\u00f3n entre Diego -Slin- y David, -VKG-, tras conocerse en 2011 en una clase de crossfit en Madrid. Ocho a\u00f1os despu\u00e9s, en 2019, montaron su primer estudio en la casa de Diego, donde comenzaron a crear lo que luego llamar\u00edan techno flip flop. Juntos registraron este nuevo g\u00e9nero que aboga por un techno fresco combinado con m\u00fasica house c\u00e1lida con pinceladas de afro y con destellos caribe\u00f1os.<\/span><\/p>\n<h3><b>Musique d\u2019Ap\u00e9ritif<\/b><\/h3>\n<p><span style=\"font-weight: 400;\">Tres de los artistas del colectivo Musique d\u2019Ap\u00e9ritif dir\u00e1n presente el jueves por la noche en la Fiesta de la M\u00fasica Verde. Creado en Biarritz en 2013, Musique d\u2019Ap\u00e9ritif es un canto a la alegr\u00eda que busca crear un ambiente relajado para disfrutar en familia, entre amigos, al atardecer, al mediod\u00eda o a la medianoche. Musique d\u2019Ap\u00e9ritif lo es todo: amistad, emoci\u00f3n, y ganas de compartir y de celebrar.<\/span><\/p>\n<p><span style=\"font-weight: 400;\">Acuda a la cafeter\u00eda y al patio del Institut Fran\u00e7ais de Madrid el 24 de junio para disfrutar de la Fiesta de la M\u00fasica Verde.<\/span><\/p>\n<p><span style=\"font-weight: 400;\">Para m\u00e1s informaci\u00f3n ingrese al <\/span><a href=\"https:\/\/www.facebook.com\/institutfrancaismadrid\/\" target=\"_blank\" rel=\"noopener\"><b>Facebook del Institut Fran\u00e7ais de Madrid<\/b><\/a><span style=\"font-weight: 400;\">.<\/span><\/p>\n<div class=\"playListBloc singleBloc\"><div class=\"playListBloc-wrap\">    <div class=\"thumbnail\"><img data-src=\"https:\/\/whatthefrance.org\/wp-content\/uploads\/2018\/11\/WTF-Pochettes_hits_monde_2-254x254.jpg\" class=\"lazyload\" alt=\"WTF&#8212;Pochettes_hits_monde_2\" \/>    <\/div>    <div class=\"infos\">        <span class=\"tag\">Charts &amp; News<\/span>        <h2>French Hits Worldwide<\/h2>        <span class=\"separator\"><\/span>       <span class=\"desc\">The biggest made in France hits topping the charts around the world. <\/span><div class=\"share flex flexAlignCenter \">\t<span class=\"label\">Compartir<\/span>\t<a href=\"https:\/\/www.facebook.com\/sharer\/sharer.php?u=https:\/\/whatthefrance.org\/es\/playlists\/french-hits-worldwide\/\" class=\"facebook\" target=\"_blank\" rel=\"noreferrer\">Facebook<\/a>\t<a href=\"https:\/\/twitter.com\/intent\/tweet?url=https:\/\/whatthefrance.org\/es\/playlists\/french-hits-worldwide\/&text=French+Hits+Worldwide&hashtags=WTF\" class=\"twitter\" target=\"_blank\" rel=\"noreferrer\">Twitter<\/a>\t<a href=\"mailto:?subject=What%20the%20France%20%3A%20French%20Hits%20Worldwide&body=https:\/\/whatthefrance.org\/es\/playlists\/french-hits-worldwide\/\" class=\"mail\" target=\"_blank\" rel=\"noreferrer\">Email<\/a><\/div>        <a href=\"#\" class=\"btn btnPlaylist orange playlist-click\" data-id=\"9888\">            <svg version=\"1.1\" x=\"0px\" y=\"0px\" width=\"40px\" height=\"40px\" viewBox=\"0 0 213.7 213.7\" enable-background=\"new 0 0 213.7 213.7\" xml:space=\"preserve\">                <polygon class=\"triangle\" fill=\"none\" stroke-width=\"10\" stroke-linecap=\"round\" stroke-linejoin=\"round\" stroke-miterlimit=\"10\" points=\"\n            73.5,62.5 148.5,105.8 73.5,149.1 \"\/>                <circle class=\"circle\" fill=\"none\"  stroke-width=\"8\" stroke-linecap=\"round\" stroke-linejoin=\"round\" stroke-miterlimit=\"10\" cx=\"106.8\" cy=\"106.8\" r=\"103.3\"\/>                <circle class=\"circle-white\" fill=\"none\"  stroke-width=\"8\" stroke-linecap=\"round\" stroke-linejoin=\"round\" stroke-miterlimit=\"10\" cx=\"106.8\" cy=\"106.8\" r=\"103.3\"\/>            <\/svg>Escuchar        <\/a>    <\/div>  <\/div><\/div>\n","protected":false},"excerpt":{"rendered":"<p>Cada a\u00f1o, la Embajada de Francia en Espa\u00f1a y el Institut Fran\u00e7ais de Madrid organizan a finales de junio la llamada Fiesta de la M\u00fasica Verde, con motivo del solsticio de verano. Este acontecimiento cultural, que comenz\u00f3 en 1982, celebra tanto a los m\u00fasicos profesionales como a los aficionados y emergentes por medio de un [&hellip;]<\/p>\n","protected":false},"author":35,"featured_media":0,"comment_status":"closed","ping_status":"closed","sticky":false,"template":"","format":"standard","meta":{"_acf_changed":false,"footnotes":""},"categories":[1965],"tags":[1936,1953],"class_list":["post-29647","post","type-post","status-publish","format-standard","hentry","category-events-es","tag-electronic-es","tag-techno-es"],"acf":[],"yoast_head":"<!-- This site is optimized with the Yoast SEO plugin v27.3 - https:\/\/yoast.com\/product\/yoast-seo-wordpress\/ -->\n<title>S:lin! y Musique d\u2019Ap\u00e9ritif | Se presentar\u00e1n en la Fiesta de la M\u00fasica Verde - What the France<\/title>\n<meta name=\"robots\" content=\"index, follow, max-snippet:-1, max-image-preview:large, max-video-preview:-1\" \/>\n<link rel=\"canonical\" href=\"https:\/\/whatthefrance.org\/es\/slin-y-musique-daperitif-se-presentaran-en-la-fiesta-de-la-musica-verde\/\" \/>\n<meta property=\"og:locale\" content=\"es_ES\" \/>\n<meta property=\"og:type\" content=\"article\" \/>\n<meta property=\"og:title\" content=\"S:lin! y Musique d\u2019Ap\u00e9ritif | Se presentar\u00e1n en la Fiesta de la M\u00fasica Verde - What the France\" \/>\n<meta property=\"og:description\" content=\"Cada a\u00f1o, la Embajada de Francia en Espa\u00f1a y el Institut Fran\u00e7ais de Madrid organizan a finales de junio la llamada Fiesta de la M\u00fasica Verde, con motivo del solsticio de verano. Este acontecimiento cultural, que comenz\u00f3 en 1982, celebra tanto a los m\u00fasicos profesionales como a los aficionados y emergentes por medio de un [&hellip;]\" \/>\n<meta property=\"og:url\" content=\"https:\/\/whatthefrance.org\/es\/slin-y-musique-daperitif-se-presentaran-en-la-fiesta-de-la-musica-verde\/\" \/>\n<meta property=\"og:site_name\" content=\"What the France\" \/>\n<meta property=\"article:published_time\" content=\"2021-06-24T08:00:29+00:00\" \/>\n<meta property=\"article:modified_time\" content=\"2021-06-24T14:36:24+00:00\" \/>\n<meta property=\"og:image\" content=\"https:\/\/whatthefrance.org\/wp-content\/uploads\/2021\/06\/fiesta-de-la_musica_verde_2_what_the_france.png\" \/>\n\t<meta property=\"og:image:width\" content=\"1084\" \/>\n\t<meta property=\"og:image:height\" content=\"452\" \/><meta property=\"og:image\" content=\"https:\/\/whatthefrance.org\/wp-content\/uploads\/2021\/06\/Fiesta-de-la-musica-verde-wtf-300x300.png\" \/>\n<meta name=\"author\" content=\"ultrapop-gustavo\" \/>\n<meta name=\"twitter:card\" content=\"summary_large_image\" \/>\n<meta name=\"twitter:label1\" content=\"Escrito por\" \/>\n\t<meta name=\"twitter:data1\" content=\"ultrapop-gustavo\" \/>\n\t<meta name=\"twitter:label2\" content=\"Tiempo de lectura\" \/>\n\t<meta name=\"twitter:data2\" content=\"2 minutos\" \/>\n<script type=\"application\/ld+json\" class=\"yoast-schema-graph\">{\"@context\":\"https:\\\/\\\/schema.org\",\"@graph\":[{\"@type\":\"Article\",\"@id\":\"https:\\\/\\\/whatthefrance.org\\\/es\\\/slin-y-musique-daperitif-se-presentaran-en-la-fiesta-de-la-musica-verde\\\/#article\",\"isPartOf\":{\"@id\":\"https:\\\/\\\/whatthefrance.org\\\/es\\\/slin-y-musique-daperitif-se-presentaran-en-la-fiesta-de-la-musica-verde\\\/\"},\"author\":{\"name\":\"ultrapop-gustavo\",\"@id\":\"https:\\\/\\\/whatthefrance.org\\\/es\\\/#\\\/schema\\\/person\\\/ec6689bd96bf81ba9dcf2264cb54c946\"},\"headline\":\"S:lin! y Musique d\u2019Ap\u00e9ritif | Se presentar\u00e1n en la Fiesta de la M\u00fasica Verde\",\"datePublished\":\"2021-06-24T08:00:29+00:00\",\"dateModified\":\"2021-06-24T14:36:24+00:00\",\"mainEntityOfPage\":{\"@id\":\"https:\\\/\\\/whatthefrance.org\\\/es\\\/slin-y-musique-daperitif-se-presentaran-en-la-fiesta-de-la-musica-verde\\\/\"},\"wordCount\":363,\"publisher\":{\"@id\":\"https:\\\/\\\/whatthefrance.org\\\/es\\\/#organization\"},\"image\":{\"@id\":\"https:\\\/\\\/whatthefrance.org\\\/es\\\/slin-y-musique-daperitif-se-presentaran-en-la-fiesta-de-la-musica-verde\\\/#primaryimage\"},\"thumbnailUrl\":\"https:\\\/\\\/whatthefrance.org\\\/wp-content\\\/uploads\\\/2021\\\/06\\\/Fiesta-de-la-musica-verde-wtf-300x300.png\",\"keywords\":[\"Electronic\",\"Techno\"],\"articleSection\":[\"Event\"],\"inLanguage\":\"es\"},{\"@type\":\"WebPage\",\"@id\":\"https:\\\/\\\/whatthefrance.org\\\/es\\\/slin-y-musique-daperitif-se-presentaran-en-la-fiesta-de-la-musica-verde\\\/\",\"url\":\"https:\\\/\\\/whatthefrance.org\\\/es\\\/slin-y-musique-daperitif-se-presentaran-en-la-fiesta-de-la-musica-verde\\\/\",\"name\":\"S:lin! y Musique d\u2019Ap\u00e9ritif | Se presentar\u00e1n en la Fiesta de la M\u00fasica Verde - What the France\",\"isPartOf\":{\"@id\":\"https:\\\/\\\/whatthefrance.org\\\/es\\\/#website\"},\"primaryImageOfPage\":{\"@id\":\"https:\\\/\\\/whatthefrance.org\\\/es\\\/slin-y-musique-daperitif-se-presentaran-en-la-fiesta-de-la-musica-verde\\\/#primaryimage\"},\"image\":{\"@id\":\"https:\\\/\\\/whatthefrance.org\\\/es\\\/slin-y-musique-daperitif-se-presentaran-en-la-fiesta-de-la-musica-verde\\\/#primaryimage\"},\"thumbnailUrl\":\"https:\\\/\\\/whatthefrance.org\\\/wp-content\\\/uploads\\\/2021\\\/06\\\/Fiesta-de-la-musica-verde-wtf-300x300.png\",\"datePublished\":\"2021-06-24T08:00:29+00:00\",\"dateModified\":\"2021-06-24T14:36:24+00:00\",\"breadcrumb\":{\"@id\":\"https:\\\/\\\/whatthefrance.org\\\/es\\\/slin-y-musique-daperitif-se-presentaran-en-la-fiesta-de-la-musica-verde\\\/#breadcrumb\"},\"inLanguage\":\"es\",\"potentialAction\":[{\"@type\":\"ReadAction\",\"target\":[\"https:\\\/\\\/whatthefrance.org\\\/es\\\/slin-y-musique-daperitif-se-presentaran-en-la-fiesta-de-la-musica-verde\\\/\"]}]},{\"@type\":\"ImageObject\",\"inLanguage\":\"es\",\"@id\":\"https:\\\/\\\/whatthefrance.org\\\/es\\\/slin-y-musique-daperitif-se-presentaran-en-la-fiesta-de-la-musica-verde\\\/#primaryimage\",\"url\":\"https:\\\/\\\/whatthefrance.org\\\/wp-content\\\/uploads\\\/2021\\\/06\\\/Fiesta-de-la-musica-verde-wtf-300x300.png\",\"contentUrl\":\"https:\\\/\\\/whatthefrance.org\\\/wp-content\\\/uploads\\\/2021\\\/06\\\/Fiesta-de-la-musica-verde-wtf-300x300.png\"},{\"@type\":\"BreadcrumbList\",\"@id\":\"https:\\\/\\\/whatthefrance.org\\\/es\\\/slin-y-musique-daperitif-se-presentaran-en-la-fiesta-de-la-musica-verde\\\/#breadcrumb\",\"itemListElement\":[{\"@type\":\"ListItem\",\"position\":1,\"name\":\"Home\",\"item\":\"https:\\\/\\\/whatthefrance.org\\\/es\\\/\"},{\"@type\":\"ListItem\",\"position\":2,\"name\":\"S:lin! y Musique d\u2019Ap\u00e9ritif | Se presentar\u00e1n en la Fiesta de la M\u00fasica Verde\"}]},{\"@type\":\"WebSite\",\"@id\":\"https:\\\/\\\/whatthefrance.org\\\/es\\\/#website\",\"url\":\"https:\\\/\\\/whatthefrance.org\\\/es\\\/\",\"name\":\"What the France\",\"description\":\"The finest music made in France !\",\"publisher\":{\"@id\":\"https:\\\/\\\/whatthefrance.org\\\/es\\\/#organization\"},\"potentialAction\":[{\"@type\":\"SearchAction\",\"target\":{\"@type\":\"EntryPoint\",\"urlTemplate\":\"https:\\\/\\\/whatthefrance.org\\\/es\\\/?s={search_term_string}\"},\"query-input\":{\"@type\":\"PropertyValueSpecification\",\"valueRequired\":true,\"valueName\":\"search_term_string\"}}],\"inLanguage\":\"es\"},{\"@type\":\"Organization\",\"@id\":\"https:\\\/\\\/whatthefrance.org\\\/es\\\/#organization\",\"name\":\"What The France\",\"url\":\"https:\\\/\\\/whatthefrance.org\\\/es\\\/\",\"logo\":{\"@type\":\"ImageObject\",\"inLanguage\":\"es\",\"@id\":\"https:\\\/\\\/whatthefrance.org\\\/es\\\/#\\\/schema\\\/logo\\\/image\\\/\",\"url\":\"https:\\\/\\\/whatthefrance.org\\\/wp-content\\\/uploads\\\/2019\\\/12\\\/44688719_2251580388408837_694180218134331392_n-e1577679609190.png\",\"contentUrl\":\"https:\\\/\\\/whatthefrance.org\\\/wp-content\\\/uploads\\\/2019\\\/12\\\/44688719_2251580388408837_694180218134331392_n-e1577679609190.png\",\"width\":200,\"height\":200,\"caption\":\"What The France\"},\"image\":{\"@id\":\"https:\\\/\\\/whatthefrance.org\\\/es\\\/#\\\/schema\\\/logo\\\/image\\\/\"}},{\"@type\":\"Person\",\"@id\":\"https:\\\/\\\/whatthefrance.org\\\/es\\\/#\\\/schema\\\/person\\\/ec6689bd96bf81ba9dcf2264cb54c946\",\"name\":\"ultrapop-gustavo\",\"image\":{\"@type\":\"ImageObject\",\"inLanguage\":\"es\",\"@id\":\"https:\\\/\\\/secure.gravatar.com\\\/avatar\\\/9f35e3e5944405caa221d3f9ae6c981bac53ada24e0340936c6d6364326ab920?s=96&d=mm&r=g\",\"url\":\"https:\\\/\\\/secure.gravatar.com\\\/avatar\\\/9f35e3e5944405caa221d3f9ae6c981bac53ada24e0340936c6d6364326ab920?s=96&d=mm&r=g\",\"contentUrl\":\"https:\\\/\\\/secure.gravatar.com\\\/avatar\\\/9f35e3e5944405caa221d3f9ae6c981bac53ada24e0340936c6d6364326ab920?s=96&d=mm&r=g\",\"caption\":\"ultrapop-gustavo\"}}]}<\/script>\n<!-- \/ Yoast SEO plugin. -->","yoast_head_json":{"title":"S:lin! y Musique d\u2019Ap\u00e9ritif | Se presentar\u00e1n en la Fiesta de la M\u00fasica Verde - What the France","robots":{"index":"index","follow":"follow","max-snippet":"max-snippet:-1","max-image-preview":"max-image-preview:large","max-video-preview":"max-video-preview:-1"},"canonical":"https:\/\/whatthefrance.org\/es\/slin-y-musique-daperitif-se-presentaran-en-la-fiesta-de-la-musica-verde\/","og_locale":"es_ES","og_type":"article","og_title":"S:lin! y Musique d\u2019Ap\u00e9ritif | Se presentar\u00e1n en la Fiesta de la M\u00fasica Verde - What the France","og_description":"Cada a\u00f1o, la Embajada de Francia en Espa\u00f1a y el Institut Fran\u00e7ais de Madrid organizan a finales de junio la llamada Fiesta de la M\u00fasica Verde, con motivo del solsticio de verano. Este acontecimiento cultural, que comenz\u00f3 en 1982, celebra tanto a los m\u00fasicos profesionales como a los aficionados y emergentes por medio de un [&hellip;]","og_url":"https:\/\/whatthefrance.org\/es\/slin-y-musique-daperitif-se-presentaran-en-la-fiesta-de-la-musica-verde\/","og_site_name":"What the France","article_published_time":"2021-06-24T08:00:29+00:00","article_modified_time":"2021-06-24T14:36:24+00:00","og_image":[{"url":"https:\/\/whatthefrance.org\/wp-content\/uploads\/2021\/06\/fiesta-de-la_musica_verde_2_what_the_france.png","height":452,"width":1084,"type":""},{"url":"https:\/\/whatthefrance.org\/wp-content\/uploads\/2021\/06\/Fiesta-de-la-musica-verde-wtf-300x300.png","type":"","width":"","height":""}],"author":"ultrapop-gustavo","twitter_card":"summary_large_image","twitter_misc":{"Escrito por":"ultrapop-gustavo","Tiempo de lectura":"2 minutos"},"schema":{"@context":"https:\/\/schema.org","@graph":[{"@type":"Article","@id":"https:\/\/whatthefrance.org\/es\/slin-y-musique-daperitif-se-presentaran-en-la-fiesta-de-la-musica-verde\/#article","isPartOf":{"@id":"https:\/\/whatthefrance.org\/es\/slin-y-musique-daperitif-se-presentaran-en-la-fiesta-de-la-musica-verde\/"},"author":{"name":"ultrapop-gustavo","@id":"https:\/\/whatthefrance.org\/es\/#\/schema\/person\/ec6689bd96bf81ba9dcf2264cb54c946"},"headline":"S:lin! y Musique d\u2019Ap\u00e9ritif | Se presentar\u00e1n en la Fiesta de la M\u00fasica Verde","datePublished":"2021-06-24T08:00:29+00:00","dateModified":"2021-06-24T14:36:24+00:00","mainEntityOfPage":{"@id":"https:\/\/whatthefrance.org\/es\/slin-y-musique-daperitif-se-presentaran-en-la-fiesta-de-la-musica-verde\/"},"wordCount":363,"publisher":{"@id":"https:\/\/whatthefrance.org\/es\/#organization"},"image":{"@id":"https:\/\/whatthefrance.org\/es\/slin-y-musique-daperitif-se-presentaran-en-la-fiesta-de-la-musica-verde\/#primaryimage"},"thumbnailUrl":"https:\/\/whatthefrance.org\/wp-content\/uploads\/2021\/06\/Fiesta-de-la-musica-verde-wtf-300x300.png","keywords":["Electronic","Techno"],"articleSection":["Event"],"inLanguage":"es"},{"@type":"WebPage","@id":"https:\/\/whatthefrance.org\/es\/slin-y-musique-daperitif-se-presentaran-en-la-fiesta-de-la-musica-verde\/","url":"https:\/\/whatthefrance.org\/es\/slin-y-musique-daperitif-se-presentaran-en-la-fiesta-de-la-musica-verde\/","name":"S:lin! y Musique d\u2019Ap\u00e9ritif | Se presentar\u00e1n en la Fiesta de la M\u00fasica Verde - What the France","isPartOf":{"@id":"https:\/\/whatthefrance.org\/es\/#website"},"primaryImageOfPage":{"@id":"https:\/\/whatthefrance.org\/es\/slin-y-musique-daperitif-se-presentaran-en-la-fiesta-de-la-musica-verde\/#primaryimage"},"image":{"@id":"https:\/\/whatthefrance.org\/es\/slin-y-musique-daperitif-se-presentaran-en-la-fiesta-de-la-musica-verde\/#primaryimage"},"thumbnailUrl":"https:\/\/whatthefrance.org\/wp-content\/uploads\/2021\/06\/Fiesta-de-la-musica-verde-wtf-300x300.png","datePublished":"2021-06-24T08:00:29+00:00","dateModified":"2021-06-24T14:36:24+00:00","breadcrumb":{"@id":"https:\/\/whatthefrance.org\/es\/slin-y-musique-daperitif-se-presentaran-en-la-fiesta-de-la-musica-verde\/#breadcrumb"},"inLanguage":"es","potentialAction":[{"@type":"ReadAction","target":["https:\/\/whatthefrance.org\/es\/slin-y-musique-daperitif-se-presentaran-en-la-fiesta-de-la-musica-verde\/"]}]},{"@type":"ImageObject","inLanguage":"es","@id":"https:\/\/whatthefrance.org\/es\/slin-y-musique-daperitif-se-presentaran-en-la-fiesta-de-la-musica-verde\/#primaryimage","url":"https:\/\/whatthefrance.org\/wp-content\/uploads\/2021\/06\/Fiesta-de-la-musica-verde-wtf-300x300.png","contentUrl":"https:\/\/whatthefrance.org\/wp-content\/uploads\/2021\/06\/Fiesta-de-la-musica-verde-wtf-300x300.png"},{"@type":"BreadcrumbList","@id":"https:\/\/whatthefrance.org\/es\/slin-y-musique-daperitif-se-presentaran-en-la-fiesta-de-la-musica-verde\/#breadcrumb","itemListElement":[{"@type":"ListItem","position":1,"name":"Home","item":"https:\/\/whatthefrance.org\/es\/"},{"@type":"ListItem","position":2,"name":"S:lin! y Musique d\u2019Ap\u00e9ritif | Se presentar\u00e1n en la Fiesta de la M\u00fasica Verde"}]},{"@type":"WebSite","@id":"https:\/\/whatthefrance.org\/es\/#website","url":"https:\/\/whatthefrance.org\/es\/","name":"What the France","description":"The finest music made in France !","publisher":{"@id":"https:\/\/whatthefrance.org\/es\/#organization"},"potentialAction":[{"@type":"SearchAction","target":{"@type":"EntryPoint","urlTemplate":"https:\/\/whatthefrance.org\/es\/?s={search_term_string}"},"query-input":{"@type":"PropertyValueSpecification","valueRequired":true,"valueName":"search_term_string"}}],"inLanguage":"es"},{"@type":"Organization","@id":"https:\/\/whatthefrance.org\/es\/#organization","name":"What The France","url":"https:\/\/whatthefrance.org\/es\/","logo":{"@type":"ImageObject","inLanguage":"es","@id":"https:\/\/whatthefrance.org\/es\/#\/schema\/logo\/image\/","url":"https:\/\/whatthefrance.org\/wp-content\/uploads\/2019\/12\/44688719_2251580388408837_694180218134331392_n-e1577679609190.png","contentUrl":"https:\/\/whatthefrance.org\/wp-content\/uploads\/2019\/12\/44688719_2251580388408837_694180218134331392_n-e1577679609190.png","width":200,"height":200,"caption":"What The France"},"image":{"@id":"https:\/\/whatthefrance.org\/es\/#\/schema\/logo\/image\/"}},{"@type":"Person","@id":"https:\/\/whatthefrance.org\/es\/#\/schema\/person\/ec6689bd96bf81ba9dcf2264cb54c946","name":"ultrapop-gustavo","image":{"@type":"ImageObject","inLanguage":"es","@id":"https:\/\/secure.gravatar.com\/avatar\/9f35e3e5944405caa221d3f9ae6c981bac53ada24e0340936c6d6364326ab920?s=96&d=mm&r=g","url":"https:\/\/secure.gravatar.com\/avatar\/9f35e3e5944405caa221d3f9ae6c981bac53ada24e0340936c6d6364326ab920?s=96&d=mm&r=g","contentUrl":"https:\/\/secure.gravatar.com\/avatar\/9f35e3e5944405caa221d3f9ae6c981bac53ada24e0340936c6d6364326ab920?s=96&d=mm&r=g","caption":"ultrapop-gustavo"}}]}},"_links":{"self":[{"href":"https:\/\/whatthefrance.org\/es\/wp-json\/wp\/v2\/posts\/29647","targetHints":{"allow":["GET"]}}],"collection":[{"href":"https:\/\/whatthefrance.org\/es\/wp-json\/wp\/v2\/posts"}],"about":[{"href":"https:\/\/whatthefrance.org\/es\/wp-json\/wp\/v2\/types\/post"}],"author":[{"embeddable":true,"href":"https:\/\/whatthefrance.org\/es\/wp-json\/wp\/v2\/users\/35"}],"replies":[{"embeddable":true,"href":"https:\/\/whatthefrance.org\/es\/wp-json\/wp\/v2\/comments?post=29647"}],"version-history":[{"count":6,"href":"https:\/\/whatthefrance.org\/es\/wp-json\/wp\/v2\/posts\/29647\/revisions"}],"predecessor-version":[{"id":29713,"href":"https:\/\/whatthefrance.org\/es\/wp-json\/wp\/v2\/posts\/29647\/revisions\/29713"}],"wp:attachment":[{"href":"https:\/\/whatthefrance.org\/es\/wp-json\/wp\/v2\/media?parent=29647"}],"wp:term":[{"taxonomy":"category","embeddable":true,"href":"https:\/\/whatthefrance.org\/es\/wp-json\/wp\/v2\/categories?post=29647"},{"taxonomy":"post_tag","embeddable":true,"href":"https:\/\/whatthefrance.org\/es\/wp-json\/wp\/v2\/tags?post=29647"}],"curies":[{"name":"wp","href":"https:\/\/api.w.org\/{rel}","templated":true}]}}