{"id":30387,"date":"2021-07-19T10:00:17","date_gmt":"2021-07-19T08:00:17","guid":{"rendered":"https:\/\/whatthefrance.org\/?p=30387"},"modified":"2021-07-16T16:28:17","modified_gmt":"2021-07-16T14:28:17","slug":"ballake-sissoko-estrena-nan-sira-madi-a-traves-de-colors","status":"publish","type":"post","link":"https:\/\/whatthefrance.org\/es\/ballake-sissoko-estrena-nan-sira-madi-a-traves-de-colors\/","title":{"rendered":"Ballak\u00e9 Sissoko | Estrena \u201cNan Sira Madi\u201d a trav\u00e9s de COLORS"},"content":{"rendered":"<p><span style=\"font-weight: 400;\">El virtuoso m\u00fasico maliense <\/span><a href=\"https:\/\/www.facebook.com\/sissoko.segal\"><b>Ballak\u00e9 Sissoko<\/b><\/a><span style=\"font-weight: 400;\">, producido por el sello franc\u00e9s No Format!, fue invitado a principios de julio por la plataforma COLORS, donde subi\u00f3 al escenario a principios de julio para presentar su magnifica nueva canci\u00f3n, \u201cNan Sira Madi\u201d.<\/span><\/p>\n<p><iframe loading=\"lazy\" title=\"Ballak\u00e9 Sissoko - Nan Sira Madi | A COLORS SHOW\" width=\"500\" height=\"281\" src=\"https:\/\/www.youtube.com\/embed\/O_J4VUFahKs?feature=oembed\" frameborder=\"0\" allow=\"accelerometer; autoplay; clipboard-write; encrypted-media; gyroscope; picture-in-picture; web-share\" referrerpolicy=\"strict-origin-when-cross-origin\" allowfullscreen><\/iframe><\/p>\n<p><span style=\"font-weight: 400;\">Tras el lanzamiento de su osado \u00e1lbum <\/span><b><i>Djourou<\/i><\/b><span style=\"font-weight: 400;\">, donde colaboraron m\u00fasicos de todo el mundo, Ballak\u00e9 comparte esta espl\u00e9ndida canci\u00f3n en solitario tocada con su kora. Esta es un adelanto de su pr\u00f3ximo \u00e1lbum, <\/span><b><i>A Touma<\/i><\/b><b>, que se lanzar\u00e1 el 10 de septiembre<\/b><span style=\"font-weight: 400;\">.<\/span><\/p>\n<p><span style=\"font-weight: 400;\">Volviendo a su \u00faltimo disco, Ballak\u00e9 Sissoko declara: \u201cDjourou es el v\u00ednculo que me conecta con los dem\u00e1s\u201d. Pero <\/span><i><span style=\"font-weight: 400;\">Djourou<\/span><\/i><span style=\"font-weight: 400;\">, en lengua bambara, tambi\u00e9n significa \u201ccuerda\u201d y es en esta ambig\u00fcedad y este esp\u00edritu donde se encuentra una de las claves de su nuevo \u00e1lbum, que lleva este nombre. Este t\u00e9rmino describe la m\u00fasica de Sissoko en todas sus dimensiones y facetas: \u00edntimo y universal, singular y plural, solista o en di\u00e1logo con otros artistas.<\/span><\/p>\n<p><span style=\"font-weight: 400;\">Djourou es un compendio del arte de ser uno mismo con los dem\u00e1s. Contiene canciones en las que dialoga a solas con su kora y otras en las que deja que la kora se comunique alegremente con los m\u00fasicos a la distancia; pero estas aproximaciones se ejecutan siempre con la misma precisi\u00f3n y est\u00e1n todas, a su manera, ligadas a la kora de Ballak\u00e9 como si fuera una cuerda invisible, un djourou.<\/span><\/p>\n<p><span style=\"font-weight: 400;\">Este anticipo de su pr\u00f3ximo \u00e1lbum nos hace agua la boca y anticipa un nuevo \u00e1lbum que ya promete ser fascinante.<\/span><\/p>\n<p><span style=\"font-weight: 400;\"><div class=\"playListBloc singleBloc\"><div class=\"playListBloc-wrap\">    <div class=\"thumbnail\"><img data-src=\"https:\/\/whatthefrance.org\/wp-content\/uploads\/2018\/11\/WTF-Pochettes_world_4-254x254.jpg\" class=\"lazyload\" alt=\"WTF&#8212;Pochettes_world_4\" \/>    <\/div>    <div class=\"infos\">        <span class=\"tag\">Genres<\/span>        <h2>Around The World<\/h2>        <span class=\"separator\"><\/span>       <span class=\"desc\">Explore the latest world music hits made in France. Follow us for weekly updates !<\/span><div class=\"share flex flexAlignCenter \">\t<span class=\"label\">Compartir<\/span>\t<a href=\"https:\/\/www.facebook.com\/sharer\/sharer.php?u=https:\/\/whatthefrance.org\/es\/playlists\/around-the-world\/\" class=\"facebook\" target=\"_blank\" rel=\"noreferrer\">Facebook<\/a>\t<a href=\"https:\/\/twitter.com\/intent\/tweet?url=https:\/\/whatthefrance.org\/es\/playlists\/around-the-world\/&text=Around+The+World&hashtags=WTF\" class=\"twitter\" target=\"_blank\" rel=\"noreferrer\">Twitter<\/a>\t<a href=\"mailto:?subject=What%20the%20France%20%3A%20Around%20The%20World&body=https:\/\/whatthefrance.org\/es\/playlists\/around-the-world\/\" class=\"mail\" target=\"_blank\" rel=\"noreferrer\">Email<\/a><\/div>        <a href=\"#\" class=\"btn btnPlaylist orange playlist-click\" data-id=\"9882\">            <svg version=\"1.1\" x=\"0px\" y=\"0px\" width=\"40px\" height=\"40px\" viewBox=\"0 0 213.7 213.7\" enable-background=\"new 0 0 213.7 213.7\" xml:space=\"preserve\">                <polygon class=\"triangle\" fill=\"none\" stroke-width=\"10\" stroke-linecap=\"round\" stroke-linejoin=\"round\" stroke-miterlimit=\"10\" points=\"\n            73.5,62.5 148.5,105.8 73.5,149.1 \"\/>                <circle class=\"circle\" fill=\"none\"  stroke-width=\"8\" stroke-linecap=\"round\" stroke-linejoin=\"round\" stroke-miterlimit=\"10\" cx=\"106.8\" cy=\"106.8\" r=\"103.3\"\/>                <circle class=\"circle-white\" fill=\"none\"  stroke-width=\"8\" stroke-linecap=\"round\" stroke-linejoin=\"round\" stroke-miterlimit=\"10\" cx=\"106.8\" cy=\"106.8\" r=\"103.3\"\/>            <\/svg>Escuchar        <\/a>    <\/div>  <\/div><\/div><\/span><\/p>\n","protected":false},"excerpt":{"rendered":"<p>El virtuoso m\u00fasico maliense Ballak\u00e9 Sissoko, producido por el sello franc\u00e9s No Format!, fue invitado a principios de julio por la plataforma COLORS, donde subi\u00f3 al escenario a principios de julio para presentar su magnifica nueva canci\u00f3n, \u201cNan Sira Madi\u201d. Tras el lanzamiento de su osado \u00e1lbum Djourou, donde colaboraron m\u00fasicos de todo el mundo, [&hellip;]<\/p>\n","protected":false},"author":35,"featured_media":0,"comment_status":"closed","ping_status":"closed","sticky":false,"template":"","format":"standard","meta":{"_acf_changed":false,"footnotes":""},"categories":[1968],"tags":[1956],"class_list":["post-30387","post","type-post","status-publish","format-standard","hentry","category-release-es","tag-world-es"],"acf":[],"yoast_head":"<!-- This site is optimized with the Yoast SEO plugin v27.3 - https:\/\/yoast.com\/product\/yoast-seo-wordpress\/ -->\n<title>Ballak\u00e9 Sissoko | Estrena \u201cNan Sira Madi\u201d a trav\u00e9s de COLORS - What the France<\/title>\n<meta name=\"robots\" content=\"index, follow, max-snippet:-1, max-image-preview:large, max-video-preview:-1\" \/>\n<link rel=\"canonical\" href=\"https:\/\/whatthefrance.org\/es\/ballake-sissoko-estrena-nan-sira-madi-a-traves-de-colors\/\" \/>\n<meta property=\"og:locale\" content=\"es_ES\" \/>\n<meta property=\"og:type\" content=\"article\" \/>\n<meta property=\"og:title\" content=\"Ballak\u00e9 Sissoko | Estrena \u201cNan Sira Madi\u201d a trav\u00e9s de COLORS - What the France\" \/>\n<meta property=\"og:description\" content=\"El virtuoso m\u00fasico maliense Ballak\u00e9 Sissoko, producido por el sello franc\u00e9s No Format!, fue invitado a principios de julio por la plataforma COLORS, donde subi\u00f3 al escenario a principios de julio para presentar su magnifica nueva canci\u00f3n, \u201cNan Sira Madi\u201d. Tras el lanzamiento de su osado \u00e1lbum Djourou, donde colaboraron m\u00fasicos de todo el mundo, [&hellip;]\" \/>\n<meta property=\"og:url\" content=\"https:\/\/whatthefrance.org\/es\/ballake-sissoko-estrena-nan-sira-madi-a-traves-de-colors\/\" \/>\n<meta property=\"og:site_name\" content=\"What the France\" \/>\n<meta property=\"article:published_time\" content=\"2021-07-19T08:00:17+00:00\" \/>\n<meta property=\"og:image\" content=\"https:\/\/whatthefrance.org\/wp-content\/uploads\/2021\/07\/ballake_sissoko_colors_what_the_france.png\" \/>\n\t<meta property=\"og:image:width\" content=\"1084\" \/>\n\t<meta property=\"og:image:height\" content=\"452\" \/>\n<meta name=\"author\" content=\"ultrapop-gustavo\" \/>\n<meta name=\"twitter:card\" content=\"summary_large_image\" \/>\n<meta name=\"twitter:label1\" content=\"Escrito por\" \/>\n\t<meta name=\"twitter:data1\" content=\"ultrapop-gustavo\" \/>\n\t<meta name=\"twitter:label2\" content=\"Tiempo de lectura\" \/>\n\t<meta name=\"twitter:data2\" content=\"2 minutos\" \/>\n<script type=\"application\/ld+json\" class=\"yoast-schema-graph\">{\"@context\":\"https:\\\/\\\/schema.org\",\"@graph\":[{\"@type\":\"Article\",\"@id\":\"https:\\\/\\\/whatthefrance.org\\\/es\\\/ballake-sissoko-estrena-nan-sira-madi-a-traves-de-colors\\\/#article\",\"isPartOf\":{\"@id\":\"https:\\\/\\\/whatthefrance.org\\\/es\\\/ballake-sissoko-estrena-nan-sira-madi-a-traves-de-colors\\\/\"},\"author\":{\"name\":\"ultrapop-gustavo\",\"@id\":\"https:\\\/\\\/whatthefrance.org\\\/es\\\/#\\\/schema\\\/person\\\/ec6689bd96bf81ba9dcf2264cb54c946\"},\"headline\":\"Ballak\u00e9 Sissoko | Estrena \u201cNan Sira Madi\u201d a trav\u00e9s de COLORS\",\"datePublished\":\"2021-07-19T08:00:17+00:00\",\"mainEntityOfPage\":{\"@id\":\"https:\\\/\\\/whatthefrance.org\\\/es\\\/ballake-sissoko-estrena-nan-sira-madi-a-traves-de-colors\\\/\"},\"wordCount\":289,\"publisher\":{\"@id\":\"https:\\\/\\\/whatthefrance.org\\\/es\\\/#organization\"},\"keywords\":[\"World\"],\"articleSection\":[\"Release\"],\"inLanguage\":\"es\"},{\"@type\":\"WebPage\",\"@id\":\"https:\\\/\\\/whatthefrance.org\\\/es\\\/ballake-sissoko-estrena-nan-sira-madi-a-traves-de-colors\\\/\",\"url\":\"https:\\\/\\\/whatthefrance.org\\\/es\\\/ballake-sissoko-estrena-nan-sira-madi-a-traves-de-colors\\\/\",\"name\":\"Ballak\u00e9 Sissoko | Estrena \u201cNan Sira Madi\u201d a trav\u00e9s de COLORS - What the France\",\"isPartOf\":{\"@id\":\"https:\\\/\\\/whatthefrance.org\\\/es\\\/#website\"},\"datePublished\":\"2021-07-19T08:00:17+00:00\",\"breadcrumb\":{\"@id\":\"https:\\\/\\\/whatthefrance.org\\\/es\\\/ballake-sissoko-estrena-nan-sira-madi-a-traves-de-colors\\\/#breadcrumb\"},\"inLanguage\":\"es\",\"potentialAction\":[{\"@type\":\"ReadAction\",\"target\":[\"https:\\\/\\\/whatthefrance.org\\\/es\\\/ballake-sissoko-estrena-nan-sira-madi-a-traves-de-colors\\\/\"]}]},{\"@type\":\"BreadcrumbList\",\"@id\":\"https:\\\/\\\/whatthefrance.org\\\/es\\\/ballake-sissoko-estrena-nan-sira-madi-a-traves-de-colors\\\/#breadcrumb\",\"itemListElement\":[{\"@type\":\"ListItem\",\"position\":1,\"name\":\"Home\",\"item\":\"https:\\\/\\\/whatthefrance.org\\\/es\\\/\"},{\"@type\":\"ListItem\",\"position\":2,\"name\":\"Ballak\u00e9 Sissoko | Estrena \u201cNan Sira Madi\u201d a trav\u00e9s de COLORS\"}]},{\"@type\":\"WebSite\",\"@id\":\"https:\\\/\\\/whatthefrance.org\\\/es\\\/#website\",\"url\":\"https:\\\/\\\/whatthefrance.org\\\/es\\\/\",\"name\":\"What the France\",\"description\":\"The finest music made in France !\",\"publisher\":{\"@id\":\"https:\\\/\\\/whatthefrance.org\\\/es\\\/#organization\"},\"potentialAction\":[{\"@type\":\"SearchAction\",\"target\":{\"@type\":\"EntryPoint\",\"urlTemplate\":\"https:\\\/\\\/whatthefrance.org\\\/es\\\/?s={search_term_string}\"},\"query-input\":{\"@type\":\"PropertyValueSpecification\",\"valueRequired\":true,\"valueName\":\"search_term_string\"}}],\"inLanguage\":\"es\"},{\"@type\":\"Organization\",\"@id\":\"https:\\\/\\\/whatthefrance.org\\\/es\\\/#organization\",\"name\":\"What The France\",\"url\":\"https:\\\/\\\/whatthefrance.org\\\/es\\\/\",\"logo\":{\"@type\":\"ImageObject\",\"inLanguage\":\"es\",\"@id\":\"https:\\\/\\\/whatthefrance.org\\\/es\\\/#\\\/schema\\\/logo\\\/image\\\/\",\"url\":\"https:\\\/\\\/whatthefrance.org\\\/wp-content\\\/uploads\\\/2019\\\/12\\\/44688719_2251580388408837_694180218134331392_n-e1577679609190.png\",\"contentUrl\":\"https:\\\/\\\/whatthefrance.org\\\/wp-content\\\/uploads\\\/2019\\\/12\\\/44688719_2251580388408837_694180218134331392_n-e1577679609190.png\",\"width\":200,\"height\":200,\"caption\":\"What The France\"},\"image\":{\"@id\":\"https:\\\/\\\/whatthefrance.org\\\/es\\\/#\\\/schema\\\/logo\\\/image\\\/\"}},{\"@type\":\"Person\",\"@id\":\"https:\\\/\\\/whatthefrance.org\\\/es\\\/#\\\/schema\\\/person\\\/ec6689bd96bf81ba9dcf2264cb54c946\",\"name\":\"ultrapop-gustavo\",\"image\":{\"@type\":\"ImageObject\",\"inLanguage\":\"es\",\"@id\":\"https:\\\/\\\/secure.gravatar.com\\\/avatar\\\/9f35e3e5944405caa221d3f9ae6c981bac53ada24e0340936c6d6364326ab920?s=96&d=mm&r=g\",\"url\":\"https:\\\/\\\/secure.gravatar.com\\\/avatar\\\/9f35e3e5944405caa221d3f9ae6c981bac53ada24e0340936c6d6364326ab920?s=96&d=mm&r=g\",\"contentUrl\":\"https:\\\/\\\/secure.gravatar.com\\\/avatar\\\/9f35e3e5944405caa221d3f9ae6c981bac53ada24e0340936c6d6364326ab920?s=96&d=mm&r=g\",\"caption\":\"ultrapop-gustavo\"}}]}<\/script>\n<!-- \/ Yoast SEO plugin. -->","yoast_head_json":{"title":"Ballak\u00e9 Sissoko | Estrena \u201cNan Sira Madi\u201d a trav\u00e9s de COLORS - What the France","robots":{"index":"index","follow":"follow","max-snippet":"max-snippet:-1","max-image-preview":"max-image-preview:large","max-video-preview":"max-video-preview:-1"},"canonical":"https:\/\/whatthefrance.org\/es\/ballake-sissoko-estrena-nan-sira-madi-a-traves-de-colors\/","og_locale":"es_ES","og_type":"article","og_title":"Ballak\u00e9 Sissoko | Estrena \u201cNan Sira Madi\u201d a trav\u00e9s de COLORS - What the France","og_description":"El virtuoso m\u00fasico maliense Ballak\u00e9 Sissoko, producido por el sello franc\u00e9s No Format!, fue invitado a principios de julio por la plataforma COLORS, donde subi\u00f3 al escenario a principios de julio para presentar su magnifica nueva canci\u00f3n, \u201cNan Sira Madi\u201d. Tras el lanzamiento de su osado \u00e1lbum Djourou, donde colaboraron m\u00fasicos de todo el mundo, [&hellip;]","og_url":"https:\/\/whatthefrance.org\/es\/ballake-sissoko-estrena-nan-sira-madi-a-traves-de-colors\/","og_site_name":"What the France","article_published_time":"2021-07-19T08:00:17+00:00","og_image":[{"url":"https:\/\/whatthefrance.org\/wp-content\/uploads\/2021\/07\/ballake_sissoko_colors_what_the_france.png","height":452,"width":1084,"type":""}],"author":"ultrapop-gustavo","twitter_card":"summary_large_image","twitter_misc":{"Escrito por":"ultrapop-gustavo","Tiempo de lectura":"2 minutos"},"schema":{"@context":"https:\/\/schema.org","@graph":[{"@type":"Article","@id":"https:\/\/whatthefrance.org\/es\/ballake-sissoko-estrena-nan-sira-madi-a-traves-de-colors\/#article","isPartOf":{"@id":"https:\/\/whatthefrance.org\/es\/ballake-sissoko-estrena-nan-sira-madi-a-traves-de-colors\/"},"author":{"name":"ultrapop-gustavo","@id":"https:\/\/whatthefrance.org\/es\/#\/schema\/person\/ec6689bd96bf81ba9dcf2264cb54c946"},"headline":"Ballak\u00e9 Sissoko | Estrena \u201cNan Sira Madi\u201d a trav\u00e9s de COLORS","datePublished":"2021-07-19T08:00:17+00:00","mainEntityOfPage":{"@id":"https:\/\/whatthefrance.org\/es\/ballake-sissoko-estrena-nan-sira-madi-a-traves-de-colors\/"},"wordCount":289,"publisher":{"@id":"https:\/\/whatthefrance.org\/es\/#organization"},"keywords":["World"],"articleSection":["Release"],"inLanguage":"es"},{"@type":"WebPage","@id":"https:\/\/whatthefrance.org\/es\/ballake-sissoko-estrena-nan-sira-madi-a-traves-de-colors\/","url":"https:\/\/whatthefrance.org\/es\/ballake-sissoko-estrena-nan-sira-madi-a-traves-de-colors\/","name":"Ballak\u00e9 Sissoko | Estrena \u201cNan Sira Madi\u201d a trav\u00e9s de COLORS - What the France","isPartOf":{"@id":"https:\/\/whatthefrance.org\/es\/#website"},"datePublished":"2021-07-19T08:00:17+00:00","breadcrumb":{"@id":"https:\/\/whatthefrance.org\/es\/ballake-sissoko-estrena-nan-sira-madi-a-traves-de-colors\/#breadcrumb"},"inLanguage":"es","potentialAction":[{"@type":"ReadAction","target":["https:\/\/whatthefrance.org\/es\/ballake-sissoko-estrena-nan-sira-madi-a-traves-de-colors\/"]}]},{"@type":"BreadcrumbList","@id":"https:\/\/whatthefrance.org\/es\/ballake-sissoko-estrena-nan-sira-madi-a-traves-de-colors\/#breadcrumb","itemListElement":[{"@type":"ListItem","position":1,"name":"Home","item":"https:\/\/whatthefrance.org\/es\/"},{"@type":"ListItem","position":2,"name":"Ballak\u00e9 Sissoko | Estrena \u201cNan Sira Madi\u201d a trav\u00e9s de COLORS"}]},{"@type":"WebSite","@id":"https:\/\/whatthefrance.org\/es\/#website","url":"https:\/\/whatthefrance.org\/es\/","name":"What the France","description":"The finest music made in France !","publisher":{"@id":"https:\/\/whatthefrance.org\/es\/#organization"},"potentialAction":[{"@type":"SearchAction","target":{"@type":"EntryPoint","urlTemplate":"https:\/\/whatthefrance.org\/es\/?s={search_term_string}"},"query-input":{"@type":"PropertyValueSpecification","valueRequired":true,"valueName":"search_term_string"}}],"inLanguage":"es"},{"@type":"Organization","@id":"https:\/\/whatthefrance.org\/es\/#organization","name":"What The France","url":"https:\/\/whatthefrance.org\/es\/","logo":{"@type":"ImageObject","inLanguage":"es","@id":"https:\/\/whatthefrance.org\/es\/#\/schema\/logo\/image\/","url":"https:\/\/whatthefrance.org\/wp-content\/uploads\/2019\/12\/44688719_2251580388408837_694180218134331392_n-e1577679609190.png","contentUrl":"https:\/\/whatthefrance.org\/wp-content\/uploads\/2019\/12\/44688719_2251580388408837_694180218134331392_n-e1577679609190.png","width":200,"height":200,"caption":"What The France"},"image":{"@id":"https:\/\/whatthefrance.org\/es\/#\/schema\/logo\/image\/"}},{"@type":"Person","@id":"https:\/\/whatthefrance.org\/es\/#\/schema\/person\/ec6689bd96bf81ba9dcf2264cb54c946","name":"ultrapop-gustavo","image":{"@type":"ImageObject","inLanguage":"es","@id":"https:\/\/secure.gravatar.com\/avatar\/9f35e3e5944405caa221d3f9ae6c981bac53ada24e0340936c6d6364326ab920?s=96&d=mm&r=g","url":"https:\/\/secure.gravatar.com\/avatar\/9f35e3e5944405caa221d3f9ae6c981bac53ada24e0340936c6d6364326ab920?s=96&d=mm&r=g","contentUrl":"https:\/\/secure.gravatar.com\/avatar\/9f35e3e5944405caa221d3f9ae6c981bac53ada24e0340936c6d6364326ab920?s=96&d=mm&r=g","caption":"ultrapop-gustavo"}}]}},"_links":{"self":[{"href":"https:\/\/whatthefrance.org\/es\/wp-json\/wp\/v2\/posts\/30387","targetHints":{"allow":["GET"]}}],"collection":[{"href":"https:\/\/whatthefrance.org\/es\/wp-json\/wp\/v2\/posts"}],"about":[{"href":"https:\/\/whatthefrance.org\/es\/wp-json\/wp\/v2\/types\/post"}],"author":[{"embeddable":true,"href":"https:\/\/whatthefrance.org\/es\/wp-json\/wp\/v2\/users\/35"}],"replies":[{"embeddable":true,"href":"https:\/\/whatthefrance.org\/es\/wp-json\/wp\/v2\/comments?post=30387"}],"version-history":[{"count":2,"href":"https:\/\/whatthefrance.org\/es\/wp-json\/wp\/v2\/posts\/30387\/revisions"}],"predecessor-version":[{"id":30394,"href":"https:\/\/whatthefrance.org\/es\/wp-json\/wp\/v2\/posts\/30387\/revisions\/30394"}],"wp:attachment":[{"href":"https:\/\/whatthefrance.org\/es\/wp-json\/wp\/v2\/media?parent=30387"}],"wp:term":[{"taxonomy":"category","embeddable":true,"href":"https:\/\/whatthefrance.org\/es\/wp-json\/wp\/v2\/categories?post=30387"},{"taxonomy":"post_tag","embeddable":true,"href":"https:\/\/whatthefrance.org\/es\/wp-json\/wp\/v2\/tags?post=30387"}],"curies":[{"name":"wp","href":"https:\/\/api.w.org\/{rel}","templated":true}]}}