{"id":31882,"date":"2021-09-06T22:25:32","date_gmt":"2021-09-06T20:25:32","guid":{"rendered":"https:\/\/whatthefrance.org\/?p=31882"},"modified":"2021-09-06T22:25:32","modified_gmt":"2021-09-06T20:25:32","slug":"imany-lanza-voodoo-cello-su-album-de-covers","status":"publish","type":"post","link":"https:\/\/whatthefrance.org\/es\/imany-lanza-voodoo-cello-su-album-de-covers\/","title":{"rendered":"Imany | Lanza Voodoo Cello, su \u00e1lbum de covers"},"content":{"rendered":"<p><span class=\"em-orange\"><a href=\"https:\/\/www.facebook.com\/imanymusic\"><b>Imany<\/b><\/a><span style=\"font-weight: 400;\">, la cantante de soul francocomoriana lanza su nuevo \u00e1lbum de covers, titulado <\/span><b><i>Voodoo Cello<\/i><\/b><span style=\"font-weight: 400;\"> a trav\u00e9s del sello franc\u00e9s Think Zik! Ocho violonchelistas y una sola voz, eso es todo lo que Imany necesitaba para este \u00e1lbum. Su atractivo para el violonchelo comenz\u00f3 hace diez a\u00f1os, cuando escuch\u00f3 el encantador tributo del <\/span><b>Vitamin String Quartet<\/b><span style=\"font-weight: 400;\">.<\/span><\/span><\/p>\n<p><iframe loading=\"lazy\" title=\"Imany - The A Team (Ed Sheeran Cover)\" width=\"500\" height=\"281\" src=\"https:\/\/www.youtube.com\/embed\/63rcRb930Fg?feature=oembed\" frameborder=\"0\" allow=\"accelerometer; autoplay; clipboard-write; encrypted-media; gyroscope; picture-in-picture; web-share\" referrerpolicy=\"strict-origin-when-cross-origin\" allowfullscreen><\/iframe><\/p>\n<p><span style=\"font-weight: 400;\">Nadia Mladjao es bastante vers\u00e1til. Hija de una gran familia comorana, aprendi\u00f3 muy pronto a hacerse valer y a luchar por su lugar. Comenz\u00f3 su carrera como modelo en la ciudad de Nueva York antes de sentirse abrumada por la m\u00fasica. Pero Nadia revel\u00f3 su verdadero potencial reci\u00e9n cuando adopt\u00f3 el seud\u00f3nimo art\u00edstico de Imany. Ha lanzado dos \u00e1lbumes, <\/span><b><i>The Shape of a Broken Heart<\/i><\/b><span style=\"font-weight: 400;\"> (2011) y <\/span><b><i>The Wrong Kind of War<\/i><\/b><span style=\"font-weight: 400;\"> (2016), que mezclan soul y folk con su incre\u00edble temperamento. Con la canci\u00f3n <\/span><b>\u201cDon&#8217;t Be So Shy\u201d<\/b><span style=\"font-weight: 400;\">, Imany tambi\u00e9n escribi\u00f3 un himno femenino para la pel\u00edcula <\/span><i><span style=\"font-weight: 400;\">Under the Skirts of the Girls<\/span><\/i><span style=\"font-weight: 400;\">, de la directora francesa <\/span><b>Audrey Dana<\/b><span style=\"font-weight: 400;\"> en 2014. Hoy, para su \u00e1lbum de covers titulado <\/span><b><i>Voodoo Cello<\/i><\/b><span style=\"font-weight: 400;\">, junt\u00f3 a ocho violonchelistas para apropiarse de cada canci\u00f3n.<\/span><\/p>\n<p><span style=\"font-weight: 400;\">Ocho violonchelistas y una sola voz es algo inaudito. En su nuevo trabajo <\/span><b>Imany <\/b><span style=\"font-weight: 400;\">descubri\u00f3 que los violonchelos combinados con un simple acompa\u00f1amiento vocal son m\u00e1s que suficientes. En los \u00faltimos a\u00f1os ha ido a conciertos y se ha dedicado a diversos proyectos, mientras que tambi\u00e9n ha dado a luz a un hijo y ha sufrido de <\/span><i><span style=\"font-weight: 400;\">burnout<\/span><\/i><span style=\"font-weight: 400;\">. Por lo tanto, relajarse le permiti\u00f3 descansar y finalmente conseguir la inspiraci\u00f3n para su nuevo \u00e1lbum. Ocho violonchelos ofrecen una variedad de posibilidades entre notas bajas y altas: \u201cA veces se siente como si fueran guitarras de metal o el\u00e9ctricas\u2026 Es como si fueran fantasmas\u201d, dice Imany, que est\u00e1 encantada con este instrumento fascinante e incomprendido al que ahora rinde homenaje con una serie de covers. Podr\u00edas pensar en el vud\u00fa. Y debido a que <\/span><b>\u201cVoodoo Child\u201d<\/b><span style=\"font-weight: 400;\"> de Jimi Hendrix suena tan bien, el \u00e1lbum se llama <\/span><b><i>Voodoo Cello<\/i><\/b><span style=\"font-weight: 400;\">.<\/span><\/p>\n<p><img decoding=\"async\" class=\"wp-image-31617 aligncenter\" src=\"https:\/\/whatthefrance.org\/wp-content\/uploads\/2021\/09\/IMANY-Voodoo-cello--300x167.jpg\" alt=\"\" width=\"505\" height=\"281\" srcset=\"https:\/\/whatthefrance.org\/wp-content\/uploads\/2021\/09\/IMANY-Voodoo-cello--300x167.jpg 300w, https:\/\/whatthefrance.org\/wp-content\/uploads\/2021\/09\/IMANY-Voodoo-cello--768x427.jpg 768w, https:\/\/whatthefrance.org\/wp-content\/uploads\/2021\/09\/IMANY-Voodoo-cello-.jpg 900w\" sizes=\"(max-width: 505px) 100vw, 505px\" \/><\/p>\n<p><span style=\"font-weight: 400;\">Su selecci\u00f3n de canciones incluye tanto cl\u00e1sicos que Imany ha escuchado durante mucho tiempo, como sus canciones favoritas en la actualidad: \u201cUn cover es bueno cuando la canci\u00f3n se convierte en tuya. Me acerco a la canci\u00f3n con mi voz y mi guitarra, busco la tonalidad que me conviene, cambio el tempo\u2026 y escucho la letra. No puedo cantar palabras que no creo. Para un cantante, a veces se trata de hacer m\u00e1s melanc\u00f3lica una canci\u00f3n ligera y viceversa. Esta magia \u00fanica funciona a trav\u00e9s de un sonido cuidadosamente elaborado que tambi\u00e9n se siente espont\u00e1neo, directo y crudo, pero sin ser \u00e1spero, cristalino o pulido. Todo ello da como resultado el tipo de sonido que, cuando lo escuchamos, nos hace sonre\u00edr, nos toca, nos sorprende, nos hace bailar o so\u00f1ar\u2026<\/span><\/p>\n<p><iframe loading=\"lazy\" title=\"Imany - Like a Prayer (Madonna Cover)\" width=\"500\" height=\"281\" src=\"https:\/\/www.youtube.com\/embed\/MVif1siE-t8?feature=oembed\" frameborder=\"0\" allow=\"accelerometer; autoplay; clipboard-write; encrypted-media; gyroscope; picture-in-picture; web-share\" referrerpolicy=\"strict-origin-when-cross-origin\" allowfullscreen><\/iframe><\/p>\n<p><span style=\"font-weight: 400;\">Al reinterpretar estas canciones, <\/span><b>Imany <\/b><span style=\"font-weight: 400;\">expres\u00f3 sus propias creencias sobre la vida y el amor. Canta sobre mujeres que luchan por sus relaciones (\u201cAll The Things She Said\u201d), sobre fraternidades (\u201cWild World\u201d), sobre la capacidad de resiliencia (\u201cI&#8217;m Still Standing\u201d), sobre las condena al racismo (\u201cBlack Little Angels\u201d), sobre el capitalismo t\u00f3xico (\u201cLes voleurs d\u2019eau\u201d) y sobre el da\u00f1o de las drogas (\u201cThe A Team\u201d). Podemos escuchar cu\u00e1nto invierte Imany en este \u00e1lbum, que est\u00e1 impregnado de una belleza m\u00ednima pero intensa. \u201cOcho violonchelos son ocho almas que nos hablan\u201d, revela. \u201cO lo amas o lo odias\u201d&#8230; \u00a1Es metaf\u00edsico! El hechizo est\u00e1 roto, estamos encantados.<\/span><\/p>\n<p><span style=\"font-weight: 400;\"><div class=\"playListBloc singleBloc\"><div class=\"playListBloc-wrap\">    <div class=\"thumbnail\"><img data-src=\"https:\/\/whatthefrance.org\/wp-content\/uploads\/2018\/11\/Design-sans-titre-254x254.jpg\" class=\"lazyload\" alt=\"Design sans titre\" \/>    <\/div>    <div class=\"infos\">        <span class=\"tag\">Genres<\/span>        <h2>Kiss my Jazz<\/h2>        <span class=\"separator\"><\/span>       <span class=\"desc\">Jam to the latest jazz hits made in France.<\/span><div class=\"share flex flexAlignCenter \">\t<span class=\"label\">Compartir<\/span>\t<a href=\"https:\/\/www.facebook.com\/sharer\/sharer.php?u=https:\/\/whatthefrance.org\/es\/playlists\/kiss-my-jazz\/\" class=\"facebook\" target=\"_blank\" rel=\"noreferrer\">Facebook<\/a>\t<a href=\"https:\/\/twitter.com\/intent\/tweet?url=https:\/\/whatthefrance.org\/es\/playlists\/kiss-my-jazz\/&text=Kiss+my+Jazz&hashtags=WTF\" class=\"twitter\" target=\"_blank\" rel=\"noreferrer\">Twitter<\/a>\t<a href=\"mailto:?subject=What%20the%20France%20%3A%20Kiss%20my%20Jazz&body=https:\/\/whatthefrance.org\/es\/playlists\/kiss-my-jazz\/\" class=\"mail\" target=\"_blank\" rel=\"noreferrer\">Email<\/a><\/div>        <a href=\"#\" class=\"btn btnPlaylist orange playlist-click\" data-id=\"9893\">            <svg version=\"1.1\" x=\"0px\" y=\"0px\" width=\"40px\" height=\"40px\" viewBox=\"0 0 213.7 213.7\" enable-background=\"new 0 0 213.7 213.7\" xml:space=\"preserve\">                <polygon class=\"triangle\" fill=\"none\" stroke-width=\"10\" stroke-linecap=\"round\" stroke-linejoin=\"round\" stroke-miterlimit=\"10\" points=\"\n            73.5,62.5 148.5,105.8 73.5,149.1 \"\/>                <circle class=\"circle\" fill=\"none\"  stroke-width=\"8\" stroke-linecap=\"round\" stroke-linejoin=\"round\" stroke-miterlimit=\"10\" cx=\"106.8\" cy=\"106.8\" r=\"103.3\"\/>                <circle class=\"circle-white\" fill=\"none\"  stroke-width=\"8\" stroke-linecap=\"round\" stroke-linejoin=\"round\" stroke-miterlimit=\"10\" cx=\"106.8\" cy=\"106.8\" r=\"103.3\"\/>            <\/svg>Escuchar        <\/a>    <\/div>  <\/div><\/div><\/span><\/p>\n","protected":false},"excerpt":{"rendered":"<p>Imany, la cantante de soul francocomoriana lanza su nuevo \u00e1lbum de covers, titulado Voodoo Cello a trav\u00e9s del sello franc\u00e9s Think Zik! Ocho violonchelistas y una sola voz, eso es todo lo que Imany necesitaba para este \u00e1lbum. Su atractivo para el violonchelo comenz\u00f3 hace diez a\u00f1os, cuando escuch\u00f3 el encantador tributo del Vitamin String [&hellip;]<\/p>\n","protected":false},"author":35,"featured_media":0,"comment_status":"closed","ping_status":"closed","sticky":false,"template":"","format":"standard","meta":{"_acf_changed":false,"footnotes":""},"categories":[1968],"tags":[1938,1945,1951],"class_list":["post-31882","post","type-post","status-publish","format-standard","hentry","category-release-es","tag-folk-es","tag-pop-es","tag-soul-es"],"acf":[],"yoast_head":"<!-- This site is optimized with the Yoast SEO plugin v27.3 - https:\/\/yoast.com\/product\/yoast-seo-wordpress\/ -->\n<title>Imany | Lanza Voodoo Cello, su \u00e1lbum de covers - What the France<\/title>\n<meta name=\"robots\" content=\"index, follow, max-snippet:-1, max-image-preview:large, max-video-preview:-1\" \/>\n<link rel=\"canonical\" href=\"https:\/\/whatthefrance.org\/es\/imany-lanza-voodoo-cello-su-album-de-covers\/\" \/>\n<meta property=\"og:locale\" content=\"es_ES\" \/>\n<meta property=\"og:type\" content=\"article\" \/>\n<meta property=\"og:title\" content=\"Imany | Lanza Voodoo Cello, su \u00e1lbum de covers - What the France\" \/>\n<meta property=\"og:description\" content=\"Imany, la cantante de soul francocomoriana lanza su nuevo \u00e1lbum de covers, titulado Voodoo Cello a trav\u00e9s del sello franc\u00e9s Think Zik! Ocho violonchelistas y una sola voz, eso es todo lo que Imany necesitaba para este \u00e1lbum. Su atractivo para el violonchelo comenz\u00f3 hace diez a\u00f1os, cuando escuch\u00f3 el encantador tributo del Vitamin String [&hellip;]\" \/>\n<meta property=\"og:url\" content=\"https:\/\/whatthefrance.org\/es\/imany-lanza-voodoo-cello-su-album-de-covers\/\" \/>\n<meta property=\"og:site_name\" content=\"What the France\" \/>\n<meta property=\"article:published_time\" content=\"2021-09-06T20:25:32+00:00\" \/>\n<meta property=\"og:image\" content=\"https:\/\/whatthefrance.org\/wp-content\/uploads\/2021\/09\/Imany_what_the_france-1.png\" \/>\n\t<meta property=\"og:image:width\" content=\"1084\" \/>\n\t<meta property=\"og:image:height\" content=\"452\" \/><meta property=\"og:image\" content=\"https:\/\/whatthefrance.org\/wp-content\/uploads\/2021\/09\/IMANY-Voodoo-cello--300x167.jpg\" \/>\n<meta name=\"author\" content=\"ultrapop-gustavo\" \/>\n<meta name=\"twitter:card\" content=\"summary_large_image\" \/>\n<meta name=\"twitter:label1\" content=\"Escrito por\" \/>\n\t<meta name=\"twitter:data1\" content=\"ultrapop-gustavo\" \/>\n\t<meta name=\"twitter:label2\" content=\"Tiempo de lectura\" \/>\n\t<meta name=\"twitter:data2\" content=\"3 minutos\" \/>\n<script type=\"application\/ld+json\" class=\"yoast-schema-graph\">{\"@context\":\"https:\\\/\\\/schema.org\",\"@graph\":[{\"@type\":\"Article\",\"@id\":\"https:\\\/\\\/whatthefrance.org\\\/es\\\/imany-lanza-voodoo-cello-su-album-de-covers\\\/#article\",\"isPartOf\":{\"@id\":\"https:\\\/\\\/whatthefrance.org\\\/es\\\/imany-lanza-voodoo-cello-su-album-de-covers\\\/\"},\"author\":{\"name\":\"ultrapop-gustavo\",\"@id\":\"https:\\\/\\\/whatthefrance.org\\\/es\\\/#\\\/schema\\\/person\\\/ec6689bd96bf81ba9dcf2264cb54c946\"},\"headline\":\"Imany | Lanza Voodoo Cello, su \u00e1lbum de covers\",\"datePublished\":\"2021-09-06T20:25:32+00:00\",\"mainEntityOfPage\":{\"@id\":\"https:\\\/\\\/whatthefrance.org\\\/es\\\/imany-lanza-voodoo-cello-su-album-de-covers\\\/\"},\"wordCount\":625,\"publisher\":{\"@id\":\"https:\\\/\\\/whatthefrance.org\\\/es\\\/#organization\"},\"image\":{\"@id\":\"https:\\\/\\\/whatthefrance.org\\\/es\\\/imany-lanza-voodoo-cello-su-album-de-covers\\\/#primaryimage\"},\"thumbnailUrl\":\"https:\\\/\\\/whatthefrance.org\\\/wp-content\\\/uploads\\\/2021\\\/09\\\/IMANY-Voodoo-cello--300x167.jpg\",\"keywords\":[\"Folk\",\"Pop\",\"Soul\"],\"articleSection\":[\"Release\"],\"inLanguage\":\"es\"},{\"@type\":\"WebPage\",\"@id\":\"https:\\\/\\\/whatthefrance.org\\\/es\\\/imany-lanza-voodoo-cello-su-album-de-covers\\\/\",\"url\":\"https:\\\/\\\/whatthefrance.org\\\/es\\\/imany-lanza-voodoo-cello-su-album-de-covers\\\/\",\"name\":\"Imany | Lanza Voodoo Cello, su \u00e1lbum de covers - What the France\",\"isPartOf\":{\"@id\":\"https:\\\/\\\/whatthefrance.org\\\/es\\\/#website\"},\"primaryImageOfPage\":{\"@id\":\"https:\\\/\\\/whatthefrance.org\\\/es\\\/imany-lanza-voodoo-cello-su-album-de-covers\\\/#primaryimage\"},\"image\":{\"@id\":\"https:\\\/\\\/whatthefrance.org\\\/es\\\/imany-lanza-voodoo-cello-su-album-de-covers\\\/#primaryimage\"},\"thumbnailUrl\":\"https:\\\/\\\/whatthefrance.org\\\/wp-content\\\/uploads\\\/2021\\\/09\\\/IMANY-Voodoo-cello--300x167.jpg\",\"datePublished\":\"2021-09-06T20:25:32+00:00\",\"breadcrumb\":{\"@id\":\"https:\\\/\\\/whatthefrance.org\\\/es\\\/imany-lanza-voodoo-cello-su-album-de-covers\\\/#breadcrumb\"},\"inLanguage\":\"es\",\"potentialAction\":[{\"@type\":\"ReadAction\",\"target\":[\"https:\\\/\\\/whatthefrance.org\\\/es\\\/imany-lanza-voodoo-cello-su-album-de-covers\\\/\"]}]},{\"@type\":\"ImageObject\",\"inLanguage\":\"es\",\"@id\":\"https:\\\/\\\/whatthefrance.org\\\/es\\\/imany-lanza-voodoo-cello-su-album-de-covers\\\/#primaryimage\",\"url\":\"https:\\\/\\\/whatthefrance.org\\\/wp-content\\\/uploads\\\/2021\\\/09\\\/IMANY-Voodoo-cello--300x167.jpg\",\"contentUrl\":\"https:\\\/\\\/whatthefrance.org\\\/wp-content\\\/uploads\\\/2021\\\/09\\\/IMANY-Voodoo-cello--300x167.jpg\"},{\"@type\":\"BreadcrumbList\",\"@id\":\"https:\\\/\\\/whatthefrance.org\\\/es\\\/imany-lanza-voodoo-cello-su-album-de-covers\\\/#breadcrumb\",\"itemListElement\":[{\"@type\":\"ListItem\",\"position\":1,\"name\":\"Home\",\"item\":\"https:\\\/\\\/whatthefrance.org\\\/es\\\/\"},{\"@type\":\"ListItem\",\"position\":2,\"name\":\"Imany | Lanza Voodoo Cello, su \u00e1lbum de covers\"}]},{\"@type\":\"WebSite\",\"@id\":\"https:\\\/\\\/whatthefrance.org\\\/es\\\/#website\",\"url\":\"https:\\\/\\\/whatthefrance.org\\\/es\\\/\",\"name\":\"What the France\",\"description\":\"The finest music made in France !\",\"publisher\":{\"@id\":\"https:\\\/\\\/whatthefrance.org\\\/es\\\/#organization\"},\"potentialAction\":[{\"@type\":\"SearchAction\",\"target\":{\"@type\":\"EntryPoint\",\"urlTemplate\":\"https:\\\/\\\/whatthefrance.org\\\/es\\\/?s={search_term_string}\"},\"query-input\":{\"@type\":\"PropertyValueSpecification\",\"valueRequired\":true,\"valueName\":\"search_term_string\"}}],\"inLanguage\":\"es\"},{\"@type\":\"Organization\",\"@id\":\"https:\\\/\\\/whatthefrance.org\\\/es\\\/#organization\",\"name\":\"What The France\",\"url\":\"https:\\\/\\\/whatthefrance.org\\\/es\\\/\",\"logo\":{\"@type\":\"ImageObject\",\"inLanguage\":\"es\",\"@id\":\"https:\\\/\\\/whatthefrance.org\\\/es\\\/#\\\/schema\\\/logo\\\/image\\\/\",\"url\":\"https:\\\/\\\/whatthefrance.org\\\/wp-content\\\/uploads\\\/2019\\\/12\\\/44688719_2251580388408837_694180218134331392_n-e1577679609190.png\",\"contentUrl\":\"https:\\\/\\\/whatthefrance.org\\\/wp-content\\\/uploads\\\/2019\\\/12\\\/44688719_2251580388408837_694180218134331392_n-e1577679609190.png\",\"width\":200,\"height\":200,\"caption\":\"What The France\"},\"image\":{\"@id\":\"https:\\\/\\\/whatthefrance.org\\\/es\\\/#\\\/schema\\\/logo\\\/image\\\/\"}},{\"@type\":\"Person\",\"@id\":\"https:\\\/\\\/whatthefrance.org\\\/es\\\/#\\\/schema\\\/person\\\/ec6689bd96bf81ba9dcf2264cb54c946\",\"name\":\"ultrapop-gustavo\",\"image\":{\"@type\":\"ImageObject\",\"inLanguage\":\"es\",\"@id\":\"https:\\\/\\\/secure.gravatar.com\\\/avatar\\\/9f35e3e5944405caa221d3f9ae6c981bac53ada24e0340936c6d6364326ab920?s=96&d=mm&r=g\",\"url\":\"https:\\\/\\\/secure.gravatar.com\\\/avatar\\\/9f35e3e5944405caa221d3f9ae6c981bac53ada24e0340936c6d6364326ab920?s=96&d=mm&r=g\",\"contentUrl\":\"https:\\\/\\\/secure.gravatar.com\\\/avatar\\\/9f35e3e5944405caa221d3f9ae6c981bac53ada24e0340936c6d6364326ab920?s=96&d=mm&r=g\",\"caption\":\"ultrapop-gustavo\"}}]}<\/script>\n<!-- \/ Yoast SEO plugin. -->","yoast_head_json":{"title":"Imany | Lanza Voodoo Cello, su \u00e1lbum de covers - What the France","robots":{"index":"index","follow":"follow","max-snippet":"max-snippet:-1","max-image-preview":"max-image-preview:large","max-video-preview":"max-video-preview:-1"},"canonical":"https:\/\/whatthefrance.org\/es\/imany-lanza-voodoo-cello-su-album-de-covers\/","og_locale":"es_ES","og_type":"article","og_title":"Imany | Lanza Voodoo Cello, su \u00e1lbum de covers - What the France","og_description":"Imany, la cantante de soul francocomoriana lanza su nuevo \u00e1lbum de covers, titulado Voodoo Cello a trav\u00e9s del sello franc\u00e9s Think Zik! Ocho violonchelistas y una sola voz, eso es todo lo que Imany necesitaba para este \u00e1lbum. Su atractivo para el violonchelo comenz\u00f3 hace diez a\u00f1os, cuando escuch\u00f3 el encantador tributo del Vitamin String [&hellip;]","og_url":"https:\/\/whatthefrance.org\/es\/imany-lanza-voodoo-cello-su-album-de-covers\/","og_site_name":"What the France","article_published_time":"2021-09-06T20:25:32+00:00","og_image":[{"url":"https:\/\/whatthefrance.org\/wp-content\/uploads\/2021\/09\/Imany_what_the_france-1.png","height":452,"width":1084,"type":""},{"url":"https:\/\/whatthefrance.org\/wp-content\/uploads\/2021\/09\/IMANY-Voodoo-cello--300x167.jpg","type":"","width":"","height":""}],"author":"ultrapop-gustavo","twitter_card":"summary_large_image","twitter_misc":{"Escrito por":"ultrapop-gustavo","Tiempo de lectura":"3 minutos"},"schema":{"@context":"https:\/\/schema.org","@graph":[{"@type":"Article","@id":"https:\/\/whatthefrance.org\/es\/imany-lanza-voodoo-cello-su-album-de-covers\/#article","isPartOf":{"@id":"https:\/\/whatthefrance.org\/es\/imany-lanza-voodoo-cello-su-album-de-covers\/"},"author":{"name":"ultrapop-gustavo","@id":"https:\/\/whatthefrance.org\/es\/#\/schema\/person\/ec6689bd96bf81ba9dcf2264cb54c946"},"headline":"Imany | Lanza Voodoo Cello, su \u00e1lbum de covers","datePublished":"2021-09-06T20:25:32+00:00","mainEntityOfPage":{"@id":"https:\/\/whatthefrance.org\/es\/imany-lanza-voodoo-cello-su-album-de-covers\/"},"wordCount":625,"publisher":{"@id":"https:\/\/whatthefrance.org\/es\/#organization"},"image":{"@id":"https:\/\/whatthefrance.org\/es\/imany-lanza-voodoo-cello-su-album-de-covers\/#primaryimage"},"thumbnailUrl":"https:\/\/whatthefrance.org\/wp-content\/uploads\/2021\/09\/IMANY-Voodoo-cello--300x167.jpg","keywords":["Folk","Pop","Soul"],"articleSection":["Release"],"inLanguage":"es"},{"@type":"WebPage","@id":"https:\/\/whatthefrance.org\/es\/imany-lanza-voodoo-cello-su-album-de-covers\/","url":"https:\/\/whatthefrance.org\/es\/imany-lanza-voodoo-cello-su-album-de-covers\/","name":"Imany | Lanza Voodoo Cello, su \u00e1lbum de covers - What the France","isPartOf":{"@id":"https:\/\/whatthefrance.org\/es\/#website"},"primaryImageOfPage":{"@id":"https:\/\/whatthefrance.org\/es\/imany-lanza-voodoo-cello-su-album-de-covers\/#primaryimage"},"image":{"@id":"https:\/\/whatthefrance.org\/es\/imany-lanza-voodoo-cello-su-album-de-covers\/#primaryimage"},"thumbnailUrl":"https:\/\/whatthefrance.org\/wp-content\/uploads\/2021\/09\/IMANY-Voodoo-cello--300x167.jpg","datePublished":"2021-09-06T20:25:32+00:00","breadcrumb":{"@id":"https:\/\/whatthefrance.org\/es\/imany-lanza-voodoo-cello-su-album-de-covers\/#breadcrumb"},"inLanguage":"es","potentialAction":[{"@type":"ReadAction","target":["https:\/\/whatthefrance.org\/es\/imany-lanza-voodoo-cello-su-album-de-covers\/"]}]},{"@type":"ImageObject","inLanguage":"es","@id":"https:\/\/whatthefrance.org\/es\/imany-lanza-voodoo-cello-su-album-de-covers\/#primaryimage","url":"https:\/\/whatthefrance.org\/wp-content\/uploads\/2021\/09\/IMANY-Voodoo-cello--300x167.jpg","contentUrl":"https:\/\/whatthefrance.org\/wp-content\/uploads\/2021\/09\/IMANY-Voodoo-cello--300x167.jpg"},{"@type":"BreadcrumbList","@id":"https:\/\/whatthefrance.org\/es\/imany-lanza-voodoo-cello-su-album-de-covers\/#breadcrumb","itemListElement":[{"@type":"ListItem","position":1,"name":"Home","item":"https:\/\/whatthefrance.org\/es\/"},{"@type":"ListItem","position":2,"name":"Imany | Lanza Voodoo Cello, su \u00e1lbum de covers"}]},{"@type":"WebSite","@id":"https:\/\/whatthefrance.org\/es\/#website","url":"https:\/\/whatthefrance.org\/es\/","name":"What the France","description":"The finest music made in France !","publisher":{"@id":"https:\/\/whatthefrance.org\/es\/#organization"},"potentialAction":[{"@type":"SearchAction","target":{"@type":"EntryPoint","urlTemplate":"https:\/\/whatthefrance.org\/es\/?s={search_term_string}"},"query-input":{"@type":"PropertyValueSpecification","valueRequired":true,"valueName":"search_term_string"}}],"inLanguage":"es"},{"@type":"Organization","@id":"https:\/\/whatthefrance.org\/es\/#organization","name":"What The France","url":"https:\/\/whatthefrance.org\/es\/","logo":{"@type":"ImageObject","inLanguage":"es","@id":"https:\/\/whatthefrance.org\/es\/#\/schema\/logo\/image\/","url":"https:\/\/whatthefrance.org\/wp-content\/uploads\/2019\/12\/44688719_2251580388408837_694180218134331392_n-e1577679609190.png","contentUrl":"https:\/\/whatthefrance.org\/wp-content\/uploads\/2019\/12\/44688719_2251580388408837_694180218134331392_n-e1577679609190.png","width":200,"height":200,"caption":"What The France"},"image":{"@id":"https:\/\/whatthefrance.org\/es\/#\/schema\/logo\/image\/"}},{"@type":"Person","@id":"https:\/\/whatthefrance.org\/es\/#\/schema\/person\/ec6689bd96bf81ba9dcf2264cb54c946","name":"ultrapop-gustavo","image":{"@type":"ImageObject","inLanguage":"es","@id":"https:\/\/secure.gravatar.com\/avatar\/9f35e3e5944405caa221d3f9ae6c981bac53ada24e0340936c6d6364326ab920?s=96&d=mm&r=g","url":"https:\/\/secure.gravatar.com\/avatar\/9f35e3e5944405caa221d3f9ae6c981bac53ada24e0340936c6d6364326ab920?s=96&d=mm&r=g","contentUrl":"https:\/\/secure.gravatar.com\/avatar\/9f35e3e5944405caa221d3f9ae6c981bac53ada24e0340936c6d6364326ab920?s=96&d=mm&r=g","caption":"ultrapop-gustavo"}}]}},"_links":{"self":[{"href":"https:\/\/whatthefrance.org\/es\/wp-json\/wp\/v2\/posts\/31882","targetHints":{"allow":["GET"]}}],"collection":[{"href":"https:\/\/whatthefrance.org\/es\/wp-json\/wp\/v2\/posts"}],"about":[{"href":"https:\/\/whatthefrance.org\/es\/wp-json\/wp\/v2\/types\/post"}],"author":[{"embeddable":true,"href":"https:\/\/whatthefrance.org\/es\/wp-json\/wp\/v2\/users\/35"}],"replies":[{"embeddable":true,"href":"https:\/\/whatthefrance.org\/es\/wp-json\/wp\/v2\/comments?post=31882"}],"version-history":[{"count":1,"href":"https:\/\/whatthefrance.org\/es\/wp-json\/wp\/v2\/posts\/31882\/revisions"}],"predecessor-version":[{"id":31883,"href":"https:\/\/whatthefrance.org\/es\/wp-json\/wp\/v2\/posts\/31882\/revisions\/31883"}],"wp:attachment":[{"href":"https:\/\/whatthefrance.org\/es\/wp-json\/wp\/v2\/media?parent=31882"}],"wp:term":[{"taxonomy":"category","embeddable":true,"href":"https:\/\/whatthefrance.org\/es\/wp-json\/wp\/v2\/categories?post=31882"},{"taxonomy":"post_tag","embeddable":true,"href":"https:\/\/whatthefrance.org\/es\/wp-json\/wp\/v2\/tags?post=31882"}],"curies":[{"name":"wp","href":"https:\/\/api.w.org\/{rel}","templated":true}]}}