{"id":32472,"date":"2021-09-27T10:00:22","date_gmt":"2021-09-27T08:00:22","guid":{"rendered":"https:\/\/whatthefrance.org\/?p=32472"},"modified":"2021-09-27T17:47:46","modified_gmt":"2021-09-27T15:47:46","slug":"mhd-y-bizarrap-el-musico-frances-y-el-productor-argentino-se-unen-en-la-bizarrap-music-session-44","status":"publish","type":"post","link":"https:\/\/whatthefrance.org\/es\/mhd-y-bizarrap-el-musico-frances-y-el-productor-argentino-se-unen-en-la-bizarrap-music-session-44\/","title":{"rendered":"MHD y Bizarrap | El m\u00fasico franc\u00e9s y el productor argentino se unen en la \u201cBizarrap Music Session #44\u201d"},"content":{"rendered":"<p><span class=\"em-orange\">El productor argentino\u00a0<a href=\"https:\/\/fra01.safelinks.protection.outlook.com\/?url=https%3A%2F%2Fwww.facebook.com%2FSoyBizarrap%2F&amp;data=04%7C01%7Cmarie-sophie.cazin%40cnm.fr%7Cf3e4cbcbaa7046bf7b0d08d97c27ef0f%7Cba774e6290394882a8cac4a49ebaf0d1%7C1%7C0%7C637677333216674191%7CUnknown%7CTWFpbGZsb3d8eyJWIjoiMC4wLjAwMDAiLCJQIjoiV2luMzIiLCJBTiI6Ik1haWwiLCJXVCI6Mn0%3D%7C1000&amp;sdata=S%2F9ETPWoMBEesu6AXcyVlZvEi4RTOSkB65Y08busZjk%3D&amp;reserved=0\"><b>Bizarrap<\/b><\/a>\u00a0se convirti\u00f3 en los \u00faltimos dos a\u00f1os en uno de los j\u00f3venes m\u00e1s exitosos e influyentes dentro de la m\u00fasica urbana de habla hispana. Desde que public\u00f3 su primera\u00a0<b>Bizarrap Music Session\u00a0<\/b>en 2019, donde se junta con un artista urbano diferente cada vez para componer y grabar una canci\u00f3n en tan solo una tarde, el artista de Buenos Aires comenz\u00f3 a ganar cada vez m\u00e1s terreno en el ambiente al punto de convertir en oro todo lo que toca, puesto que las 44 sesiones musicales que lleva estrenadas hasta la fecha suman m\u00e1s de 3 mil millones de reproducciones.<\/span><\/p>\n<p>A lo largo de todas las Bizarrap Music Sessions han pasado artistas de todo tipo, como los raperos\u00a0<strong>Trueno<\/strong>,\u00a0<strong>Kodigo<\/strong>,\u00a0<strong>Dani\u00a0<\/strong>e\u00a0<strong>Ysy A<\/strong>, entre otros, a los que tambi\u00e9n se suman artistas de m\u00fasica urbana como\u00a0<strong>Nicki Nicole\u00a0<\/strong>y\u00a0<strong>Nathy Peluso\u00a0<\/strong>(cuya sesi\u00f3n supera las 250 millones de escuchas en YouTube) e incluso artistas reconocidos internacionalmente, como\u00a0<strong>Eladio Carrion\u00a0<\/strong>y el reggaetonero\u00a0<strong>Nicky Jam<\/strong>.<\/p>\n<p>Sin embargo, Bizarrap subi\u00f3 esta semana un breve video en el que cuenta tanto en franc\u00e9s como en espa\u00f1ol que el mi\u00e9rcoles llegar\u00eda una sesi\u00f3n grabada junto al reconocido rapero franc\u00e9s\u00a0<a href=\"https:\/\/fra01.safelinks.protection.outlook.com\/?url=https%3A%2F%2Fwww.facebook.com%2FOfficialMHD&amp;data=04%7C01%7Cmarie-sophie.cazin%40cnm.fr%7Cf3e4cbcbaa7046bf7b0d08d97c27ef0f%7Cba774e6290394882a8cac4a49ebaf0d1%7C1%7C0%7C637677333216684145%7CUnknown%7CTWFpbGZsb3d8eyJWIjoiMC4wLjAwMDAiLCJQIjoiV2luMzIiLCJBTiI6Ik1haWwiLCJXVCI6Mn0%3D%7C1000&amp;sdata=lcafJsTiisP0%2FT%2B%2BBk1GjrNrZAX1jGipbLdJGov30GU%3D&amp;reserved=0\"><strong>MHD<\/strong><\/a>, quien es tambi\u00e9n el primer artista europeo que aterriza en su estudio.<\/p>\n<p>https:\/\/www.youtube.com\/watch?v=02S7Wz7aHX0<\/p>\n<p><b>Mohame<\/b><b>d<\/b><b> Sylla<\/b>, como se llama MHD realmente, es un rapero franc\u00e9s, con origen guineano por su padre y senegal\u00e9s por su madre, que comenz\u00f3 su carrera musical en 2015. A sus 27 a\u00f1os, es considerado uno de los principales impulsores del afro-trap que propone una fusi\u00f3n entre el rap y los ritmos africanos.<\/p>\n<p>A lo largo de su carrera, MHD ha participado en algunos de los festivales m\u00e1s importantes del mundo, como el Coachella (de Estados Unidos), el Lovebox (de Reino Unido), el Frauenfeld (de Suiza) y el Eurosonic (de Pa\u00edses Bajos). Este a\u00f1o tambi\u00e9n lanz\u00f3 su tercer \u00e1lbum,\u00a0<strong><em>Mansa<\/em><\/strong>, y hace dos meses lanz\u00f3 \u201cPololo\u201d, una canci\u00f3n que ya cuenta con m\u00e1s de 18 millones de vistas.<\/p>\n<p><iframe loading=\"lazy\" title=\"MHD || BZRP Music Sessions #44\" width=\"500\" height=\"281\" src=\"https:\/\/www.youtube.com\/embed\/of_3rje8oKA?feature=oembed\" frameborder=\"0\" allow=\"accelerometer; autoplay; clipboard-write; encrypted-media; gyroscope; picture-in-picture; web-share\" referrerpolicy=\"strict-origin-when-cross-origin\" allowfullscreen><\/iframe><\/p>\n<p>Ahora va por la audiencia de Latinoam\u00e9rica, puesto que con esta colaboraci\u00f3n con Bizarrap llegar\u00e1 a los o\u00eddos de todo un nuevo continente.<\/p>\n<div class=\"playListBloc singleBloc\"><div class=\"playListBloc-wrap\">    <div class=\"thumbnail\"><img data-src=\"https:\/\/whatthefrance.org\/wp-content\/uploads\/2018\/11\/WTF-Pochettes_latest_releases_2-254x254.jpg\" class=\"lazyload\" alt=\"WTF&#8212;Pochettes_latest_releases_2\" \/>    <\/div>    <div class=\"infos\">        <span class=\"tag\">Charts &amp; News<\/span>        <h2>Latest Releases<\/h2>        <span class=\"separator\"><\/span>       <span class=\"desc\">Here you can find all the latest music releases made in France. <\/span><div class=\"share flex flexAlignCenter \">\t<span class=\"label\">Compartir<\/span>\t<a href=\"https:\/\/www.facebook.com\/sharer\/sharer.php?u=https:\/\/whatthefrance.org\/es\/playlists\/latest-releases\/\" class=\"facebook\" target=\"_blank\" rel=\"noreferrer\">Facebook<\/a>\t<a href=\"https:\/\/twitter.com\/intent\/tweet?url=https:\/\/whatthefrance.org\/es\/playlists\/latest-releases\/&text=Latest+Releases&hashtags=WTF\" class=\"twitter\" target=\"_blank\" rel=\"noreferrer\">Twitter<\/a>\t<a href=\"mailto:?subject=What%20the%20France%20%3A%20Latest%20Releases&body=https:\/\/whatthefrance.org\/es\/playlists\/latest-releases\/\" class=\"mail\" target=\"_blank\" rel=\"noreferrer\">Email<\/a><\/div>        <a href=\"#\" class=\"btn btnPlaylist orange playlist-click\" data-id=\"9884\">            <svg version=\"1.1\" x=\"0px\" y=\"0px\" width=\"40px\" height=\"40px\" viewBox=\"0 0 213.7 213.7\" enable-background=\"new 0 0 213.7 213.7\" xml:space=\"preserve\">                <polygon class=\"triangle\" fill=\"none\" stroke-width=\"10\" stroke-linecap=\"round\" stroke-linejoin=\"round\" stroke-miterlimit=\"10\" points=\"\n            73.5,62.5 148.5,105.8 73.5,149.1 \"\/>                <circle class=\"circle\" fill=\"none\"  stroke-width=\"8\" stroke-linecap=\"round\" stroke-linejoin=\"round\" stroke-miterlimit=\"10\" cx=\"106.8\" cy=\"106.8\" r=\"103.3\"\/>                <circle class=\"circle-white\" fill=\"none\"  stroke-width=\"8\" stroke-linecap=\"round\" stroke-linejoin=\"round\" stroke-miterlimit=\"10\" cx=\"106.8\" cy=\"106.8\" r=\"103.3\"\/>            <\/svg>Escuchar        <\/a>    <\/div>  <\/div><\/div>\n","protected":false},"excerpt":{"rendered":"<p>El productor argentino\u00a0Bizarrap\u00a0se convirti\u00f3 en los \u00faltimos dos a\u00f1os en uno de los j\u00f3venes m\u00e1s exitosos e influyentes dentro de la m\u00fasica urbana de habla hispana. Desde que public\u00f3 su primera\u00a0Bizarrap Music Session\u00a0en 2019, donde se junta con un artista urbano diferente cada vez para componer y grabar una canci\u00f3n en tan solo una tarde, [&hellip;]<\/p>\n","protected":false},"author":35,"featured_media":0,"comment_status":"closed","ping_status":"closed","sticky":false,"template":"","format":"standard","meta":{"_acf_changed":false,"footnotes":""},"categories":[1968],"tags":[1924],"class_list":["post-32472","post","type-post","status-publish","format-standard","hentry","category-release-es","tag-afro-trap-es"],"acf":[],"yoast_head":"<!-- This site is optimized with the Yoast SEO plugin v27.3 - https:\/\/yoast.com\/product\/yoast-seo-wordpress\/ -->\n<title>MHD y Bizarrap | El m\u00fasico franc\u00e9s y el productor argentino se unen en la \u201cBizarrap Music Session #44\u201d - What the France<\/title>\n<meta name=\"robots\" content=\"index, follow, max-snippet:-1, max-image-preview:large, max-video-preview:-1\" \/>\n<link rel=\"canonical\" href=\"https:\/\/whatthefrance.org\/es\/mhd-y-bizarrap-el-musico-frances-y-el-productor-argentino-se-unen-en-la-bizarrap-music-session-44\/\" \/>\n<meta property=\"og:locale\" content=\"es_ES\" \/>\n<meta property=\"og:type\" content=\"article\" \/>\n<meta property=\"og:title\" content=\"MHD y Bizarrap | El m\u00fasico franc\u00e9s y el productor argentino se unen en la \u201cBizarrap Music Session #44\u201d - What the France\" \/>\n<meta property=\"og:description\" content=\"El productor argentino\u00a0Bizarrap\u00a0se convirti\u00f3 en los \u00faltimos dos a\u00f1os en uno de los j\u00f3venes m\u00e1s exitosos e influyentes dentro de la m\u00fasica urbana de habla hispana. Desde que public\u00f3 su primera\u00a0Bizarrap Music Session\u00a0en 2019, donde se junta con un artista urbano diferente cada vez para componer y grabar una canci\u00f3n en tan solo una tarde, [&hellip;]\" \/>\n<meta property=\"og:url\" content=\"https:\/\/whatthefrance.org\/es\/mhd-y-bizarrap-el-musico-frances-y-el-productor-argentino-se-unen-en-la-bizarrap-music-session-44\/\" \/>\n<meta property=\"og:site_name\" content=\"What the France\" \/>\n<meta property=\"article:published_time\" content=\"2021-09-27T08:00:22+00:00\" \/>\n<meta property=\"article:modified_time\" content=\"2021-09-27T15:47:46+00:00\" \/>\n<meta property=\"og:image\" content=\"https:\/\/whatthefrance.org\/wp-content\/uploads\/2021\/09\/mhd_what_the_france.png\" \/>\n\t<meta property=\"og:image:width\" content=\"1084\" \/>\n\t<meta property=\"og:image:height\" content=\"452\" \/>\n<meta name=\"author\" content=\"ultrapop-gustavo\" \/>\n<meta name=\"twitter:card\" content=\"summary_large_image\" \/>\n<meta name=\"twitter:label1\" content=\"Escrito por\" \/>\n\t<meta name=\"twitter:data1\" content=\"ultrapop-gustavo\" \/>\n\t<meta name=\"twitter:label2\" content=\"Tiempo de lectura\" \/>\n\t<meta name=\"twitter:data2\" content=\"2 minutos\" \/>\n<script type=\"application\/ld+json\" class=\"yoast-schema-graph\">{\"@context\":\"https:\\\/\\\/schema.org\",\"@graph\":[{\"@type\":\"Article\",\"@id\":\"https:\\\/\\\/whatthefrance.org\\\/es\\\/mhd-y-bizarrap-el-musico-frances-y-el-productor-argentino-se-unen-en-la-bizarrap-music-session-44\\\/#article\",\"isPartOf\":{\"@id\":\"https:\\\/\\\/whatthefrance.org\\\/es\\\/mhd-y-bizarrap-el-musico-frances-y-el-productor-argentino-se-unen-en-la-bizarrap-music-session-44\\\/\"},\"author\":{\"name\":\"ultrapop-gustavo\",\"@id\":\"https:\\\/\\\/whatthefrance.org\\\/es\\\/#\\\/schema\\\/person\\\/ec6689bd96bf81ba9dcf2264cb54c946\"},\"headline\":\"MHD y Bizarrap | El m\u00fasico franc\u00e9s y el productor argentino se unen en la \u201cBizarrap Music Session #44\u201d\",\"datePublished\":\"2021-09-27T08:00:22+00:00\",\"dateModified\":\"2021-09-27T15:47:46+00:00\",\"mainEntityOfPage\":{\"@id\":\"https:\\\/\\\/whatthefrance.org\\\/es\\\/mhd-y-bizarrap-el-musico-frances-y-el-productor-argentino-se-unen-en-la-bizarrap-music-session-44\\\/\"},\"wordCount\":417,\"publisher\":{\"@id\":\"https:\\\/\\\/whatthefrance.org\\\/es\\\/#organization\"},\"keywords\":[\"Afro-Trap\"],\"articleSection\":[\"Release\"],\"inLanguage\":\"es\"},{\"@type\":\"WebPage\",\"@id\":\"https:\\\/\\\/whatthefrance.org\\\/es\\\/mhd-y-bizarrap-el-musico-frances-y-el-productor-argentino-se-unen-en-la-bizarrap-music-session-44\\\/\",\"url\":\"https:\\\/\\\/whatthefrance.org\\\/es\\\/mhd-y-bizarrap-el-musico-frances-y-el-productor-argentino-se-unen-en-la-bizarrap-music-session-44\\\/\",\"name\":\"MHD y Bizarrap | El m\u00fasico franc\u00e9s y el productor argentino se unen en la \u201cBizarrap Music Session #44\u201d - What the France\",\"isPartOf\":{\"@id\":\"https:\\\/\\\/whatthefrance.org\\\/es\\\/#website\"},\"datePublished\":\"2021-09-27T08:00:22+00:00\",\"dateModified\":\"2021-09-27T15:47:46+00:00\",\"breadcrumb\":{\"@id\":\"https:\\\/\\\/whatthefrance.org\\\/es\\\/mhd-y-bizarrap-el-musico-frances-y-el-productor-argentino-se-unen-en-la-bizarrap-music-session-44\\\/#breadcrumb\"},\"inLanguage\":\"es\",\"potentialAction\":[{\"@type\":\"ReadAction\",\"target\":[\"https:\\\/\\\/whatthefrance.org\\\/es\\\/mhd-y-bizarrap-el-musico-frances-y-el-productor-argentino-se-unen-en-la-bizarrap-music-session-44\\\/\"]}]},{\"@type\":\"BreadcrumbList\",\"@id\":\"https:\\\/\\\/whatthefrance.org\\\/es\\\/mhd-y-bizarrap-el-musico-frances-y-el-productor-argentino-se-unen-en-la-bizarrap-music-session-44\\\/#breadcrumb\",\"itemListElement\":[{\"@type\":\"ListItem\",\"position\":1,\"name\":\"Home\",\"item\":\"https:\\\/\\\/whatthefrance.org\\\/es\\\/\"},{\"@type\":\"ListItem\",\"position\":2,\"name\":\"MHD y Bizarrap | El m\u00fasico franc\u00e9s y el productor argentino se unen en la \u201cBizarrap Music Session #44\u201d\"}]},{\"@type\":\"WebSite\",\"@id\":\"https:\\\/\\\/whatthefrance.org\\\/es\\\/#website\",\"url\":\"https:\\\/\\\/whatthefrance.org\\\/es\\\/\",\"name\":\"What the France\",\"description\":\"The finest music made in France !\",\"publisher\":{\"@id\":\"https:\\\/\\\/whatthefrance.org\\\/es\\\/#organization\"},\"potentialAction\":[{\"@type\":\"SearchAction\",\"target\":{\"@type\":\"EntryPoint\",\"urlTemplate\":\"https:\\\/\\\/whatthefrance.org\\\/es\\\/?s={search_term_string}\"},\"query-input\":{\"@type\":\"PropertyValueSpecification\",\"valueRequired\":true,\"valueName\":\"search_term_string\"}}],\"inLanguage\":\"es\"},{\"@type\":\"Organization\",\"@id\":\"https:\\\/\\\/whatthefrance.org\\\/es\\\/#organization\",\"name\":\"What The France\",\"url\":\"https:\\\/\\\/whatthefrance.org\\\/es\\\/\",\"logo\":{\"@type\":\"ImageObject\",\"inLanguage\":\"es\",\"@id\":\"https:\\\/\\\/whatthefrance.org\\\/es\\\/#\\\/schema\\\/logo\\\/image\\\/\",\"url\":\"https:\\\/\\\/whatthefrance.org\\\/wp-content\\\/uploads\\\/2019\\\/12\\\/44688719_2251580388408837_694180218134331392_n-e1577679609190.png\",\"contentUrl\":\"https:\\\/\\\/whatthefrance.org\\\/wp-content\\\/uploads\\\/2019\\\/12\\\/44688719_2251580388408837_694180218134331392_n-e1577679609190.png\",\"width\":200,\"height\":200,\"caption\":\"What The France\"},\"image\":{\"@id\":\"https:\\\/\\\/whatthefrance.org\\\/es\\\/#\\\/schema\\\/logo\\\/image\\\/\"}},{\"@type\":\"Person\",\"@id\":\"https:\\\/\\\/whatthefrance.org\\\/es\\\/#\\\/schema\\\/person\\\/ec6689bd96bf81ba9dcf2264cb54c946\",\"name\":\"ultrapop-gustavo\",\"image\":{\"@type\":\"ImageObject\",\"inLanguage\":\"es\",\"@id\":\"https:\\\/\\\/secure.gravatar.com\\\/avatar\\\/9f35e3e5944405caa221d3f9ae6c981bac53ada24e0340936c6d6364326ab920?s=96&d=mm&r=g\",\"url\":\"https:\\\/\\\/secure.gravatar.com\\\/avatar\\\/9f35e3e5944405caa221d3f9ae6c981bac53ada24e0340936c6d6364326ab920?s=96&d=mm&r=g\",\"contentUrl\":\"https:\\\/\\\/secure.gravatar.com\\\/avatar\\\/9f35e3e5944405caa221d3f9ae6c981bac53ada24e0340936c6d6364326ab920?s=96&d=mm&r=g\",\"caption\":\"ultrapop-gustavo\"}}]}<\/script>\n<!-- \/ Yoast SEO plugin. -->","yoast_head_json":{"title":"MHD y Bizarrap | El m\u00fasico franc\u00e9s y el productor argentino se unen en la \u201cBizarrap Music Session #44\u201d - What the France","robots":{"index":"index","follow":"follow","max-snippet":"max-snippet:-1","max-image-preview":"max-image-preview:large","max-video-preview":"max-video-preview:-1"},"canonical":"https:\/\/whatthefrance.org\/es\/mhd-y-bizarrap-el-musico-frances-y-el-productor-argentino-se-unen-en-la-bizarrap-music-session-44\/","og_locale":"es_ES","og_type":"article","og_title":"MHD y Bizarrap | El m\u00fasico franc\u00e9s y el productor argentino se unen en la \u201cBizarrap Music Session #44\u201d - What the France","og_description":"El productor argentino\u00a0Bizarrap\u00a0se convirti\u00f3 en los \u00faltimos dos a\u00f1os en uno de los j\u00f3venes m\u00e1s exitosos e influyentes dentro de la m\u00fasica urbana de habla hispana. Desde que public\u00f3 su primera\u00a0Bizarrap Music Session\u00a0en 2019, donde se junta con un artista urbano diferente cada vez para componer y grabar una canci\u00f3n en tan solo una tarde, [&hellip;]","og_url":"https:\/\/whatthefrance.org\/es\/mhd-y-bizarrap-el-musico-frances-y-el-productor-argentino-se-unen-en-la-bizarrap-music-session-44\/","og_site_name":"What the France","article_published_time":"2021-09-27T08:00:22+00:00","article_modified_time":"2021-09-27T15:47:46+00:00","og_image":[{"url":"https:\/\/whatthefrance.org\/wp-content\/uploads\/2021\/09\/mhd_what_the_france.png","height":452,"width":1084,"type":""}],"author":"ultrapop-gustavo","twitter_card":"summary_large_image","twitter_misc":{"Escrito por":"ultrapop-gustavo","Tiempo de lectura":"2 minutos"},"schema":{"@context":"https:\/\/schema.org","@graph":[{"@type":"Article","@id":"https:\/\/whatthefrance.org\/es\/mhd-y-bizarrap-el-musico-frances-y-el-productor-argentino-se-unen-en-la-bizarrap-music-session-44\/#article","isPartOf":{"@id":"https:\/\/whatthefrance.org\/es\/mhd-y-bizarrap-el-musico-frances-y-el-productor-argentino-se-unen-en-la-bizarrap-music-session-44\/"},"author":{"name":"ultrapop-gustavo","@id":"https:\/\/whatthefrance.org\/es\/#\/schema\/person\/ec6689bd96bf81ba9dcf2264cb54c946"},"headline":"MHD y Bizarrap | El m\u00fasico franc\u00e9s y el productor argentino se unen en la \u201cBizarrap Music Session #44\u201d","datePublished":"2021-09-27T08:00:22+00:00","dateModified":"2021-09-27T15:47:46+00:00","mainEntityOfPage":{"@id":"https:\/\/whatthefrance.org\/es\/mhd-y-bizarrap-el-musico-frances-y-el-productor-argentino-se-unen-en-la-bizarrap-music-session-44\/"},"wordCount":417,"publisher":{"@id":"https:\/\/whatthefrance.org\/es\/#organization"},"keywords":["Afro-Trap"],"articleSection":["Release"],"inLanguage":"es"},{"@type":"WebPage","@id":"https:\/\/whatthefrance.org\/es\/mhd-y-bizarrap-el-musico-frances-y-el-productor-argentino-se-unen-en-la-bizarrap-music-session-44\/","url":"https:\/\/whatthefrance.org\/es\/mhd-y-bizarrap-el-musico-frances-y-el-productor-argentino-se-unen-en-la-bizarrap-music-session-44\/","name":"MHD y Bizarrap | El m\u00fasico franc\u00e9s y el productor argentino se unen en la \u201cBizarrap Music Session #44\u201d - What the France","isPartOf":{"@id":"https:\/\/whatthefrance.org\/es\/#website"},"datePublished":"2021-09-27T08:00:22+00:00","dateModified":"2021-09-27T15:47:46+00:00","breadcrumb":{"@id":"https:\/\/whatthefrance.org\/es\/mhd-y-bizarrap-el-musico-frances-y-el-productor-argentino-se-unen-en-la-bizarrap-music-session-44\/#breadcrumb"},"inLanguage":"es","potentialAction":[{"@type":"ReadAction","target":["https:\/\/whatthefrance.org\/es\/mhd-y-bizarrap-el-musico-frances-y-el-productor-argentino-se-unen-en-la-bizarrap-music-session-44\/"]}]},{"@type":"BreadcrumbList","@id":"https:\/\/whatthefrance.org\/es\/mhd-y-bizarrap-el-musico-frances-y-el-productor-argentino-se-unen-en-la-bizarrap-music-session-44\/#breadcrumb","itemListElement":[{"@type":"ListItem","position":1,"name":"Home","item":"https:\/\/whatthefrance.org\/es\/"},{"@type":"ListItem","position":2,"name":"MHD y Bizarrap | El m\u00fasico franc\u00e9s y el productor argentino se unen en la \u201cBizarrap Music Session #44\u201d"}]},{"@type":"WebSite","@id":"https:\/\/whatthefrance.org\/es\/#website","url":"https:\/\/whatthefrance.org\/es\/","name":"What the France","description":"The finest music made in France !","publisher":{"@id":"https:\/\/whatthefrance.org\/es\/#organization"},"potentialAction":[{"@type":"SearchAction","target":{"@type":"EntryPoint","urlTemplate":"https:\/\/whatthefrance.org\/es\/?s={search_term_string}"},"query-input":{"@type":"PropertyValueSpecification","valueRequired":true,"valueName":"search_term_string"}}],"inLanguage":"es"},{"@type":"Organization","@id":"https:\/\/whatthefrance.org\/es\/#organization","name":"What The France","url":"https:\/\/whatthefrance.org\/es\/","logo":{"@type":"ImageObject","inLanguage":"es","@id":"https:\/\/whatthefrance.org\/es\/#\/schema\/logo\/image\/","url":"https:\/\/whatthefrance.org\/wp-content\/uploads\/2019\/12\/44688719_2251580388408837_694180218134331392_n-e1577679609190.png","contentUrl":"https:\/\/whatthefrance.org\/wp-content\/uploads\/2019\/12\/44688719_2251580388408837_694180218134331392_n-e1577679609190.png","width":200,"height":200,"caption":"What The France"},"image":{"@id":"https:\/\/whatthefrance.org\/es\/#\/schema\/logo\/image\/"}},{"@type":"Person","@id":"https:\/\/whatthefrance.org\/es\/#\/schema\/person\/ec6689bd96bf81ba9dcf2264cb54c946","name":"ultrapop-gustavo","image":{"@type":"ImageObject","inLanguage":"es","@id":"https:\/\/secure.gravatar.com\/avatar\/9f35e3e5944405caa221d3f9ae6c981bac53ada24e0340936c6d6364326ab920?s=96&d=mm&r=g","url":"https:\/\/secure.gravatar.com\/avatar\/9f35e3e5944405caa221d3f9ae6c981bac53ada24e0340936c6d6364326ab920?s=96&d=mm&r=g","contentUrl":"https:\/\/secure.gravatar.com\/avatar\/9f35e3e5944405caa221d3f9ae6c981bac53ada24e0340936c6d6364326ab920?s=96&d=mm&r=g","caption":"ultrapop-gustavo"}}]}},"_links":{"self":[{"href":"https:\/\/whatthefrance.org\/es\/wp-json\/wp\/v2\/posts\/32472","targetHints":{"allow":["GET"]}}],"collection":[{"href":"https:\/\/whatthefrance.org\/es\/wp-json\/wp\/v2\/posts"}],"about":[{"href":"https:\/\/whatthefrance.org\/es\/wp-json\/wp\/v2\/types\/post"}],"author":[{"embeddable":true,"href":"https:\/\/whatthefrance.org\/es\/wp-json\/wp\/v2\/users\/35"}],"replies":[{"embeddable":true,"href":"https:\/\/whatthefrance.org\/es\/wp-json\/wp\/v2\/comments?post=32472"}],"version-history":[{"count":5,"href":"https:\/\/whatthefrance.org\/es\/wp-json\/wp\/v2\/posts\/32472\/revisions"}],"predecessor-version":[{"id":32796,"href":"https:\/\/whatthefrance.org\/es\/wp-json\/wp\/v2\/posts\/32472\/revisions\/32796"}],"wp:attachment":[{"href":"https:\/\/whatthefrance.org\/es\/wp-json\/wp\/v2\/media?parent=32472"}],"wp:term":[{"taxonomy":"category","embeddable":true,"href":"https:\/\/whatthefrance.org\/es\/wp-json\/wp\/v2\/categories?post=32472"},{"taxonomy":"post_tag","embeddable":true,"href":"https:\/\/whatthefrance.org\/es\/wp-json\/wp\/v2\/tags?post=32472"}],"curies":[{"name":"wp","href":"https:\/\/api.w.org\/{rel}","templated":true}]}}