{"id":33124,"date":"2021-10-07T11:00:34","date_gmt":"2021-10-07T09:00:34","guid":{"rendered":"https:\/\/whatthefrance.org\/?p=33124"},"modified":"2021-10-06T17:30:27","modified_gmt":"2021-10-06T15:30:27","slug":"festival-ciudad-emergente-5-artistas-made-in-france-participaran-en-el-festival-de-buenos-aires-argentina","status":"publish","type":"post","link":"https:\/\/whatthefrance.org\/es\/festival-ciudad-emergente-5-artistas-made-in-france-participaran-en-el-festival-de-buenos-aires-argentina\/","title":{"rendered":"Festival Ciudad Emergente | 5 artistas \u201cmade in France\u201d participar\u00e1n en el festival de Buenos Aires Argentina"},"content":{"rendered":"<p><span class=\"em-orange\" style=\"font-weight: 400;\">La Ciudad Aut\u00f3noma de Buenos Aires, en Argentina, anunci\u00f3 que este a\u00f1o regresar\u00e1 el <a href=\"https:\/\/www.facebook.com\/FestivalesGCBA\/\"><strong>Festival Ciudad Emergente<\/strong><\/a>. En su edici\u00f3n de 2021 (y despu\u00e9s de un a\u00f1o de ausencia por la pandemia de Coronavirus) el Gobierno de la Ciudad confirm\u00f3 que del <strong>viernes 8 al lunes 11 de octubre<\/strong> de este a\u00f1o se llevar\u00e1 a cabo la edici\u00f3n n\u00famero 13 del festival, donde reunir\u00e1 a algunos de los artistas m\u00e1s prometedores de todas las provincias de Argentina y que, adem\u00e1s, incluir\u00e1 este a\u00f1o a 5 representantes \u201cmade in France\u201d.<\/span><\/p>\n<h2><b>La presencia francesa en el Festival Ciudad Emergente<\/b><\/h2>\n<p><span style=\"font-weight: 400;\">La representaci\u00f3n francesa dentro del Festival se llevar\u00e1 a cabo mediante un showcase en l\u00ednea donde se presentar\u00e1n cinco integrantes del programa FAIR: <\/span><a href=\"https:\/\/www.facebook.com\/Mezerg\"><b>Mezerg<\/b><\/a><span style=\"font-weight: 400;\">, <\/span><a href=\"https:\/\/www.facebook.com\/Rovskiofficiel\/\"><b>Rovski<\/b><\/a><span style=\"font-weight: 400;\">, <\/span><a href=\"https:\/\/www.facebook.com\/thisispraa\/\"><b>Praa<\/b><\/a><span style=\"font-weight: 400;\">, <\/span><a href=\"https:\/\/www.facebook.com\/jaiarosemusic\/\"><b>Ja\u00efa Rose<\/b><\/a> <span style=\"font-weight: 400;\">y <\/span><a href=\"https:\/\/www.facebook.com\/macadamcrocodile?ref=py_c\"><b>Macadam Crocodile<\/b><\/a><span style=\"font-weight: 400;\">.<\/span><\/p>\n<h3><b>Mezerg<\/b><\/h3>\n<p><span style=\"font-weight: 400;\">Mezerg es un m\u00fasico talentoso y creativo, creador del g\u00e9nero PianoBoomBoom: una mezcla embriagadora de habilidades de piano y ritmos de 4\/4, dirigido a las pistas de baile. Se dio a conocer por medio de unos videos caseros al mejor estilo \u201cOne man band\u201d en los que crea m\u00fasica electr\u00f3nica con elementos variados y con ritmos que van desde funk hasta el acid techno.<\/span><\/p>\n<p><iframe loading=\"lazy\" title=\"CHEZ MEZERG - DANCE BABY LIVE\" width=\"500\" height=\"281\" src=\"https:\/\/www.youtube.com\/embed\/u1GBKisr7s0?feature=oembed\" frameborder=\"0\" allow=\"accelerometer; autoplay; clipboard-write; encrypted-media; gyroscope; picture-in-picture; web-share\" referrerpolicy=\"strict-origin-when-cross-origin\" allowfullscreen><\/iframe><\/p>\n<h3><b>Rovski<\/b><\/h3>\n<p><span style=\"font-weight: 400;\">Es un d\u00fao de pop franc\u00e9s formado por <\/span><b>Sonia Nemirovsky <\/b><span style=\"font-weight: 400;\">(encargada de las letras, la composici\u00f3n, la voz y las percusiones) y por <strong>Olive Perrusson<\/strong> (que trabaja en los arreglos musicales y en las guitarras, teclados, coros y percusiones). En 2019 presentaron <em>Mangroves<\/em>, su primer EP, en el que las dos artistas ofrecen un pop po\u00e9tico, percusivo y fuera de lo cotidiano.<\/span><\/p>\n<p><iframe loading=\"lazy\" title=\"ROVSKI \u2022 Live \u00e0 l&#039;Astrolabe\" width=\"500\" height=\"281\" src=\"https:\/\/www.youtube.com\/embed\/r7ogLUWTyYA?feature=oembed\" frameborder=\"0\" allow=\"accelerometer; autoplay; clipboard-write; encrypted-media; gyroscope; picture-in-picture; web-share\" referrerpolicy=\"strict-origin-when-cross-origin\" allowfullscreen><\/iframe><\/p>\n<h3><b>Praa<\/b><\/h3>\n<p><span style=\"font-weight: 400;\">Esta joven artista describe a su m\u00fasica como su desahogo ideal para lidiar con sus emociones, a las que canaliza en melod\u00edas indie y dream pop. Su primera canci\u00f3n est\u00e1 titulada <strong>\u201cCry in Public\u201d<\/strong> en referencia a su manera de ser musicalmente.<\/span><\/p>\n<p><iframe loading=\"lazy\" title=\"Praa - Cry In Public (Official Video)\" width=\"500\" height=\"281\" src=\"https:\/\/www.youtube.com\/embed\/MH41uPH3LiU?feature=oembed\" frameborder=\"0\" allow=\"accelerometer; autoplay; clipboard-write; encrypted-media; gyroscope; picture-in-picture; web-share\" referrerpolicy=\"strict-origin-when-cross-origin\" allowfullscreen><\/iframe><\/p>\n<h3><b>Ja\u00efa Rose<\/b><\/h3>\n<p><span style=\"font-weight: 400;\">Ja\u00efa Rose es una joven cantante de pop y RnB franco-congole\u00f1a que destaca por su carisma radiante. Prueba de ello es su primer EP, que es sarc\u00e1stico y sensual a la vez que frontal e introspectivo, a la vez que explora musicalmente lo que ella llama \u201cun RnB 2.0 r\u00edtmico con ritmos de electr\u00f3nica\u201d.<\/span><\/p>\n<p><iframe loading=\"lazy\" title=\"Ja\u00efa Rose - 1000MG (Clip Officiel)\" width=\"500\" height=\"281\" src=\"https:\/\/www.youtube.com\/embed\/Ejpbsxc4q4M?feature=oembed\" frameborder=\"0\" allow=\"accelerometer; autoplay; clipboard-write; encrypted-media; gyroscope; picture-in-picture; web-share\" referrerpolicy=\"strict-origin-when-cross-origin\" allowfullscreen><\/iframe><\/p>\n<h3><b>Macadam Crocodile<\/b><\/h3>\n<p><span style=\"font-weight: 400;\">El d\u00fao compuesto por <strong>Xavier Polycarpe<\/strong> y por <strong>Vincent Brulin<\/strong> lleva mucho tiempo recorriendo los escenarios de todo el mundo. Como grupo se caracterizan por su talento para hacer bailar a su audiencia sin una estrategia fija, puesto que pasan de tocar simplemente, de llevar esta locura en directo.<\/span><\/p>\n<p><iframe loading=\"lazy\" title=\"Macadam Crocodile x Mezerg - Live session at Gallia\" width=\"500\" height=\"281\" src=\"https:\/\/www.youtube.com\/embed\/aWpMiz3OD-o?feature=oembed\" frameborder=\"0\" allow=\"accelerometer; autoplay; clipboard-write; encrypted-media; gyroscope; picture-in-picture; web-share\" referrerpolicy=\"strict-origin-when-cross-origin\" allowfullscreen><\/iframe><\/p>\n<p><span style=\"font-weight: 400;\">As\u00ed mismo, el Festival incluir\u00e1 en el marco de la \u201cExperiencia Emergente\u201d <\/span><b>una masterclass on-line para 12 grupos argentinos <\/b><span style=\"font-weight: 400;\">sobre las mejores recomendaciones para dar con una internacionalizaci\u00f3n de la carrera. Estar\u00e1 a cargo de la productora francesa <strong>Upton Park<\/strong>.<\/span><\/p>\n","protected":false},"excerpt":{"rendered":"<p>La Ciudad Aut\u00f3noma de Buenos Aires, en Argentina, anunci\u00f3 que este a\u00f1o regresar\u00e1 el Festival Ciudad Emergente. En su edici\u00f3n de 2021 (y despu\u00e9s de un a\u00f1o de ausencia por la pandemia de Coronavirus) el Gobierno de la Ciudad confirm\u00f3 que del viernes 8 al lunes 11 de octubre de este a\u00f1o se llevar\u00e1 a [&hellip;]<\/p>\n","protected":false},"author":35,"featured_media":0,"comment_status":"closed","ping_status":"closed","sticky":false,"template":"","format":"standard","meta":{"_acf_changed":false,"footnotes":""},"categories":[1965],"tags":[1936,1945,1956],"class_list":["post-33124","post","type-post","status-publish","format-standard","hentry","category-events-es","tag-electronic-es","tag-pop-es","tag-world-es"],"acf":[],"yoast_head":"<!-- This site is optimized with the Yoast SEO plugin v27.3 - https:\/\/yoast.com\/product\/yoast-seo-wordpress\/ -->\n<title>Festival Ciudad Emergente | 5 artistas \u201cmade in France\u201d participar\u00e1n en el festival de Buenos Aires Argentina - What the France<\/title>\n<meta name=\"robots\" content=\"index, follow, max-snippet:-1, max-image-preview:large, max-video-preview:-1\" \/>\n<link rel=\"canonical\" href=\"https:\/\/whatthefrance.org\/es\/festival-ciudad-emergente-5-artistas-made-in-france-participaran-en-el-festival-de-buenos-aires-argentina\/\" \/>\n<meta property=\"og:locale\" content=\"es_ES\" \/>\n<meta property=\"og:type\" content=\"article\" \/>\n<meta property=\"og:title\" content=\"Festival Ciudad Emergente | 5 artistas \u201cmade in France\u201d participar\u00e1n en el festival de Buenos Aires Argentina - What the France\" \/>\n<meta property=\"og:description\" content=\"La Ciudad Aut\u00f3noma de Buenos Aires, en Argentina, anunci\u00f3 que este a\u00f1o regresar\u00e1 el Festival Ciudad Emergente. En su edici\u00f3n de 2021 (y despu\u00e9s de un a\u00f1o de ausencia por la pandemia de Coronavirus) el Gobierno de la Ciudad confirm\u00f3 que del viernes 8 al lunes 11 de octubre de este a\u00f1o se llevar\u00e1 a [&hellip;]\" \/>\n<meta property=\"og:url\" content=\"https:\/\/whatthefrance.org\/es\/festival-ciudad-emergente-5-artistas-made-in-france-participaran-en-el-festival-de-buenos-aires-argentina\/\" \/>\n<meta property=\"og:site_name\" content=\"What the France\" \/>\n<meta property=\"article:published_time\" content=\"2021-10-07T09:00:34+00:00\" \/>\n<meta property=\"og:image\" content=\"https:\/\/whatthefrance.org\/wp-content\/uploads\/2021\/10\/festival_ciudad_emergente_argentina_whatthefrance.png\" \/>\n\t<meta property=\"og:image:width\" content=\"1920\" \/>\n\t<meta property=\"og:image:height\" content=\"783\" \/>\n<meta name=\"author\" content=\"ultrapop-gustavo\" \/>\n<meta name=\"twitter:card\" content=\"summary_large_image\" \/>\n<meta name=\"twitter:label1\" content=\"Escrito por\" \/>\n\t<meta name=\"twitter:data1\" content=\"ultrapop-gustavo\" \/>\n\t<meta name=\"twitter:label2\" content=\"Tiempo de lectura\" \/>\n\t<meta name=\"twitter:data2\" content=\"2 minutos\" \/>\n<script type=\"application\/ld+json\" class=\"yoast-schema-graph\">{\"@context\":\"https:\\\/\\\/schema.org\",\"@graph\":[{\"@type\":\"Article\",\"@id\":\"https:\\\/\\\/whatthefrance.org\\\/es\\\/festival-ciudad-emergente-5-artistas-made-in-france-participaran-en-el-festival-de-buenos-aires-argentina\\\/#article\",\"isPartOf\":{\"@id\":\"https:\\\/\\\/whatthefrance.org\\\/es\\\/festival-ciudad-emergente-5-artistas-made-in-france-participaran-en-el-festival-de-buenos-aires-argentina\\\/\"},\"author\":{\"name\":\"ultrapop-gustavo\",\"@id\":\"https:\\\/\\\/whatthefrance.org\\\/es\\\/#\\\/schema\\\/person\\\/ec6689bd96bf81ba9dcf2264cb54c946\"},\"headline\":\"Festival Ciudad Emergente | 5 artistas \u201cmade in France\u201d participar\u00e1n en el festival de Buenos Aires Argentina\",\"datePublished\":\"2021-10-07T09:00:34+00:00\",\"mainEntityOfPage\":{\"@id\":\"https:\\\/\\\/whatthefrance.org\\\/es\\\/festival-ciudad-emergente-5-artistas-made-in-france-participaran-en-el-festival-de-buenos-aires-argentina\\\/\"},\"wordCount\":530,\"publisher\":{\"@id\":\"https:\\\/\\\/whatthefrance.org\\\/es\\\/#organization\"},\"keywords\":[\"Electronic\",\"Pop\",\"World\"],\"articleSection\":[\"Event\"],\"inLanguage\":\"es\"},{\"@type\":\"WebPage\",\"@id\":\"https:\\\/\\\/whatthefrance.org\\\/es\\\/festival-ciudad-emergente-5-artistas-made-in-france-participaran-en-el-festival-de-buenos-aires-argentina\\\/\",\"url\":\"https:\\\/\\\/whatthefrance.org\\\/es\\\/festival-ciudad-emergente-5-artistas-made-in-france-participaran-en-el-festival-de-buenos-aires-argentina\\\/\",\"name\":\"Festival Ciudad Emergente | 5 artistas \u201cmade in France\u201d participar\u00e1n en el festival de Buenos Aires Argentina - What the France\",\"isPartOf\":{\"@id\":\"https:\\\/\\\/whatthefrance.org\\\/es\\\/#website\"},\"datePublished\":\"2021-10-07T09:00:34+00:00\",\"breadcrumb\":{\"@id\":\"https:\\\/\\\/whatthefrance.org\\\/es\\\/festival-ciudad-emergente-5-artistas-made-in-france-participaran-en-el-festival-de-buenos-aires-argentina\\\/#breadcrumb\"},\"inLanguage\":\"es\",\"potentialAction\":[{\"@type\":\"ReadAction\",\"target\":[\"https:\\\/\\\/whatthefrance.org\\\/es\\\/festival-ciudad-emergente-5-artistas-made-in-france-participaran-en-el-festival-de-buenos-aires-argentina\\\/\"]}]},{\"@type\":\"BreadcrumbList\",\"@id\":\"https:\\\/\\\/whatthefrance.org\\\/es\\\/festival-ciudad-emergente-5-artistas-made-in-france-participaran-en-el-festival-de-buenos-aires-argentina\\\/#breadcrumb\",\"itemListElement\":[{\"@type\":\"ListItem\",\"position\":1,\"name\":\"Home\",\"item\":\"https:\\\/\\\/whatthefrance.org\\\/es\\\/\"},{\"@type\":\"ListItem\",\"position\":2,\"name\":\"Festival Ciudad Emergente | 5 artistas \u201cmade in France\u201d participar\u00e1n en el festival de Buenos Aires Argentina\"}]},{\"@type\":\"WebSite\",\"@id\":\"https:\\\/\\\/whatthefrance.org\\\/es\\\/#website\",\"url\":\"https:\\\/\\\/whatthefrance.org\\\/es\\\/\",\"name\":\"What the France\",\"description\":\"The finest music made in France !\",\"publisher\":{\"@id\":\"https:\\\/\\\/whatthefrance.org\\\/es\\\/#organization\"},\"potentialAction\":[{\"@type\":\"SearchAction\",\"target\":{\"@type\":\"EntryPoint\",\"urlTemplate\":\"https:\\\/\\\/whatthefrance.org\\\/es\\\/?s={search_term_string}\"},\"query-input\":{\"@type\":\"PropertyValueSpecification\",\"valueRequired\":true,\"valueName\":\"search_term_string\"}}],\"inLanguage\":\"es\"},{\"@type\":\"Organization\",\"@id\":\"https:\\\/\\\/whatthefrance.org\\\/es\\\/#organization\",\"name\":\"What The France\",\"url\":\"https:\\\/\\\/whatthefrance.org\\\/es\\\/\",\"logo\":{\"@type\":\"ImageObject\",\"inLanguage\":\"es\",\"@id\":\"https:\\\/\\\/whatthefrance.org\\\/es\\\/#\\\/schema\\\/logo\\\/image\\\/\",\"url\":\"https:\\\/\\\/whatthefrance.org\\\/wp-content\\\/uploads\\\/2019\\\/12\\\/44688719_2251580388408837_694180218134331392_n-e1577679609190.png\",\"contentUrl\":\"https:\\\/\\\/whatthefrance.org\\\/wp-content\\\/uploads\\\/2019\\\/12\\\/44688719_2251580388408837_694180218134331392_n-e1577679609190.png\",\"width\":200,\"height\":200,\"caption\":\"What The France\"},\"image\":{\"@id\":\"https:\\\/\\\/whatthefrance.org\\\/es\\\/#\\\/schema\\\/logo\\\/image\\\/\"}},{\"@type\":\"Person\",\"@id\":\"https:\\\/\\\/whatthefrance.org\\\/es\\\/#\\\/schema\\\/person\\\/ec6689bd96bf81ba9dcf2264cb54c946\",\"name\":\"ultrapop-gustavo\",\"image\":{\"@type\":\"ImageObject\",\"inLanguage\":\"es\",\"@id\":\"https:\\\/\\\/secure.gravatar.com\\\/avatar\\\/9f35e3e5944405caa221d3f9ae6c981bac53ada24e0340936c6d6364326ab920?s=96&d=mm&r=g\",\"url\":\"https:\\\/\\\/secure.gravatar.com\\\/avatar\\\/9f35e3e5944405caa221d3f9ae6c981bac53ada24e0340936c6d6364326ab920?s=96&d=mm&r=g\",\"contentUrl\":\"https:\\\/\\\/secure.gravatar.com\\\/avatar\\\/9f35e3e5944405caa221d3f9ae6c981bac53ada24e0340936c6d6364326ab920?s=96&d=mm&r=g\",\"caption\":\"ultrapop-gustavo\"}}]}<\/script>\n<!-- \/ Yoast SEO plugin. -->","yoast_head_json":{"title":"Festival Ciudad Emergente | 5 artistas \u201cmade in France\u201d participar\u00e1n en el festival de Buenos Aires Argentina - What the France","robots":{"index":"index","follow":"follow","max-snippet":"max-snippet:-1","max-image-preview":"max-image-preview:large","max-video-preview":"max-video-preview:-1"},"canonical":"https:\/\/whatthefrance.org\/es\/festival-ciudad-emergente-5-artistas-made-in-france-participaran-en-el-festival-de-buenos-aires-argentina\/","og_locale":"es_ES","og_type":"article","og_title":"Festival Ciudad Emergente | 5 artistas \u201cmade in France\u201d participar\u00e1n en el festival de Buenos Aires Argentina - What the France","og_description":"La Ciudad Aut\u00f3noma de Buenos Aires, en Argentina, anunci\u00f3 que este a\u00f1o regresar\u00e1 el Festival Ciudad Emergente. En su edici\u00f3n de 2021 (y despu\u00e9s de un a\u00f1o de ausencia por la pandemia de Coronavirus) el Gobierno de la Ciudad confirm\u00f3 que del viernes 8 al lunes 11 de octubre de este a\u00f1o se llevar\u00e1 a [&hellip;]","og_url":"https:\/\/whatthefrance.org\/es\/festival-ciudad-emergente-5-artistas-made-in-france-participaran-en-el-festival-de-buenos-aires-argentina\/","og_site_name":"What the France","article_published_time":"2021-10-07T09:00:34+00:00","og_image":[{"url":"https:\/\/whatthefrance.org\/wp-content\/uploads\/2021\/10\/festival_ciudad_emergente_argentina_whatthefrance.png","height":783,"width":1920,"type":""}],"author":"ultrapop-gustavo","twitter_card":"summary_large_image","twitter_misc":{"Escrito por":"ultrapop-gustavo","Tiempo de lectura":"2 minutos"},"schema":{"@context":"https:\/\/schema.org","@graph":[{"@type":"Article","@id":"https:\/\/whatthefrance.org\/es\/festival-ciudad-emergente-5-artistas-made-in-france-participaran-en-el-festival-de-buenos-aires-argentina\/#article","isPartOf":{"@id":"https:\/\/whatthefrance.org\/es\/festival-ciudad-emergente-5-artistas-made-in-france-participaran-en-el-festival-de-buenos-aires-argentina\/"},"author":{"name":"ultrapop-gustavo","@id":"https:\/\/whatthefrance.org\/es\/#\/schema\/person\/ec6689bd96bf81ba9dcf2264cb54c946"},"headline":"Festival Ciudad Emergente | 5 artistas \u201cmade in France\u201d participar\u00e1n en el festival de Buenos Aires Argentina","datePublished":"2021-10-07T09:00:34+00:00","mainEntityOfPage":{"@id":"https:\/\/whatthefrance.org\/es\/festival-ciudad-emergente-5-artistas-made-in-france-participaran-en-el-festival-de-buenos-aires-argentina\/"},"wordCount":530,"publisher":{"@id":"https:\/\/whatthefrance.org\/es\/#organization"},"keywords":["Electronic","Pop","World"],"articleSection":["Event"],"inLanguage":"es"},{"@type":"WebPage","@id":"https:\/\/whatthefrance.org\/es\/festival-ciudad-emergente-5-artistas-made-in-france-participaran-en-el-festival-de-buenos-aires-argentina\/","url":"https:\/\/whatthefrance.org\/es\/festival-ciudad-emergente-5-artistas-made-in-france-participaran-en-el-festival-de-buenos-aires-argentina\/","name":"Festival Ciudad Emergente | 5 artistas \u201cmade in France\u201d participar\u00e1n en el festival de Buenos Aires Argentina - What the France","isPartOf":{"@id":"https:\/\/whatthefrance.org\/es\/#website"},"datePublished":"2021-10-07T09:00:34+00:00","breadcrumb":{"@id":"https:\/\/whatthefrance.org\/es\/festival-ciudad-emergente-5-artistas-made-in-france-participaran-en-el-festival-de-buenos-aires-argentina\/#breadcrumb"},"inLanguage":"es","potentialAction":[{"@type":"ReadAction","target":["https:\/\/whatthefrance.org\/es\/festival-ciudad-emergente-5-artistas-made-in-france-participaran-en-el-festival-de-buenos-aires-argentina\/"]}]},{"@type":"BreadcrumbList","@id":"https:\/\/whatthefrance.org\/es\/festival-ciudad-emergente-5-artistas-made-in-france-participaran-en-el-festival-de-buenos-aires-argentina\/#breadcrumb","itemListElement":[{"@type":"ListItem","position":1,"name":"Home","item":"https:\/\/whatthefrance.org\/es\/"},{"@type":"ListItem","position":2,"name":"Festival Ciudad Emergente | 5 artistas \u201cmade in France\u201d participar\u00e1n en el festival de Buenos Aires Argentina"}]},{"@type":"WebSite","@id":"https:\/\/whatthefrance.org\/es\/#website","url":"https:\/\/whatthefrance.org\/es\/","name":"What the France","description":"The finest music made in France !","publisher":{"@id":"https:\/\/whatthefrance.org\/es\/#organization"},"potentialAction":[{"@type":"SearchAction","target":{"@type":"EntryPoint","urlTemplate":"https:\/\/whatthefrance.org\/es\/?s={search_term_string}"},"query-input":{"@type":"PropertyValueSpecification","valueRequired":true,"valueName":"search_term_string"}}],"inLanguage":"es"},{"@type":"Organization","@id":"https:\/\/whatthefrance.org\/es\/#organization","name":"What The France","url":"https:\/\/whatthefrance.org\/es\/","logo":{"@type":"ImageObject","inLanguage":"es","@id":"https:\/\/whatthefrance.org\/es\/#\/schema\/logo\/image\/","url":"https:\/\/whatthefrance.org\/wp-content\/uploads\/2019\/12\/44688719_2251580388408837_694180218134331392_n-e1577679609190.png","contentUrl":"https:\/\/whatthefrance.org\/wp-content\/uploads\/2019\/12\/44688719_2251580388408837_694180218134331392_n-e1577679609190.png","width":200,"height":200,"caption":"What The France"},"image":{"@id":"https:\/\/whatthefrance.org\/es\/#\/schema\/logo\/image\/"}},{"@type":"Person","@id":"https:\/\/whatthefrance.org\/es\/#\/schema\/person\/ec6689bd96bf81ba9dcf2264cb54c946","name":"ultrapop-gustavo","image":{"@type":"ImageObject","inLanguage":"es","@id":"https:\/\/secure.gravatar.com\/avatar\/9f35e3e5944405caa221d3f9ae6c981bac53ada24e0340936c6d6364326ab920?s=96&d=mm&r=g","url":"https:\/\/secure.gravatar.com\/avatar\/9f35e3e5944405caa221d3f9ae6c981bac53ada24e0340936c6d6364326ab920?s=96&d=mm&r=g","contentUrl":"https:\/\/secure.gravatar.com\/avatar\/9f35e3e5944405caa221d3f9ae6c981bac53ada24e0340936c6d6364326ab920?s=96&d=mm&r=g","caption":"ultrapop-gustavo"}}]}},"_links":{"self":[{"href":"https:\/\/whatthefrance.org\/es\/wp-json\/wp\/v2\/posts\/33124","targetHints":{"allow":["GET"]}}],"collection":[{"href":"https:\/\/whatthefrance.org\/es\/wp-json\/wp\/v2\/posts"}],"about":[{"href":"https:\/\/whatthefrance.org\/es\/wp-json\/wp\/v2\/types\/post"}],"author":[{"embeddable":true,"href":"https:\/\/whatthefrance.org\/es\/wp-json\/wp\/v2\/users\/35"}],"replies":[{"embeddable":true,"href":"https:\/\/whatthefrance.org\/es\/wp-json\/wp\/v2\/comments?post=33124"}],"version-history":[{"count":6,"href":"https:\/\/whatthefrance.org\/es\/wp-json\/wp\/v2\/posts\/33124\/revisions"}],"predecessor-version":[{"id":33351,"href":"https:\/\/whatthefrance.org\/es\/wp-json\/wp\/v2\/posts\/33124\/revisions\/33351"}],"wp:attachment":[{"href":"https:\/\/whatthefrance.org\/es\/wp-json\/wp\/v2\/media?parent=33124"}],"wp:term":[{"taxonomy":"category","embeddable":true,"href":"https:\/\/whatthefrance.org\/es\/wp-json\/wp\/v2\/categories?post=33124"},{"taxonomy":"post_tag","embeddable":true,"href":"https:\/\/whatthefrance.org\/es\/wp-json\/wp\/v2\/tags?post=33124"}],"curies":[{"name":"wp","href":"https:\/\/api.w.org\/{rel}","templated":true}]}}