{"id":33861,"date":"2021-10-22T10:00:49","date_gmt":"2021-10-22T08:00:49","guid":{"rendered":"https:\/\/whatthefrance.org\/?p=33861"},"modified":"2021-10-19T20:27:23","modified_gmt":"2021-10-19T18:27:23","slug":"georges-brassens-una-playlist-por-el-centenario-de-su-nacimiento","status":"publish","type":"post","link":"https:\/\/whatthefrance.org\/es\/georges-brassens-una-playlist-por-el-centenario-de-su-nacimiento\/","title":{"rendered":"Georges Brassens | \u00a1Una playlist por el centenario de su nacimiento!"},"content":{"rendered":"<p><span style=\"font-weight: 400;\">En octubre de 2021 celebramos el centenario del nacimiento del difunto Georges Brassens (22\/10\/1921 &#8211; 29\/10\/1981), el cantautor y guitarrista franc\u00e9s cuyo trabajo ha recorrido el mundo. Con m\u00e1s de veinte millones de \u00e1lbumes vendidos durante su vida, Brassens dej\u00f3 un impresionante cat\u00e1logo de canciones que han dejado una huella indeleble en su tiempo y que siguen seduciendo a la audiencia incluso en la actualidad.<\/span><\/p>\n<p><span style=\"font-weight: 400;\">Su libertad de expresi\u00f3n, su impertinencia y su talento como poeta inspirar\u00e1n a muchos artistas de su pa\u00eds de origen, pero tambi\u00e9n m\u00e1s all\u00e1 de sus fronteras. La herencia musical de Brassens es revisada por artistas como Barbara, Patachou, Mouloudji, Les Fr\u00e8res Jacques, Juliette Gr\u00e9co, Maxime Le Forestier, Fran\u00e7oise Hardy, Hugues Auffray, Anne Sylvestre, Claude Nougaro y Renaud, entre otros, pero tambi\u00e9n por talentos de universos muy lejanos como Danyel Waro, Sanseverino, Noir D\u00e9sir, Les Ogres de Barback, Sins\u00e9milia, Eyo&#8217;Nl\u00e9 Brass Band, Mustang o Pat Kalla &amp; Patchworks. En septiembre de este a\u00f1o le toc\u00f3 el turno a Matthieu Chedid, m\u00e1s conocido como -M-, de presentar su propia versi\u00f3n del cl\u00e1sico \u201cLes copains d\u2019abord\u201d, extra\u00eddo de la banda sonora de la pel\u00edcula \u201cLes tr\u00e9sors du Petit Nicolas\u201d. Si bien otros artistas internacionales, como Nina Simone o Iggy Pop, han optado por retomar su trabajo en franc\u00e9s, el alcance universal del mensaje del gigante de S\u00e8te tambi\u00e9n permitir\u00e1 que varios de sus textos superen la barrera del idioma. Existen as\u00ed versiones de sus piezas en italiano (Fabrizio De Andr\u00e9), en hebreo (Yael Na\u00efm), en espa\u00f1ol (Paco Iba\u00f1ez o Loquillo), en alem\u00e1n (Franz Josef Degenhardt), en ingl\u00e9s (Jake Thackray, Graeme Allwright o los jamaicanos de Black Uhuru), en finland\u00e9s (Tuula Amberla), en polaco (Justyna Bacz) y en sueco (Thorstein Bergman), pero tambi\u00e9n en japon\u00e9s, griego, ruso, portugu\u00e9s, holand\u00e9s y checo. Y m\u00e1s inesperadamente: en catal\u00e1n, cabila, corso u occitano.<\/span><\/p>\n<p><span style=\"font-weight: 400;\">A trav\u00e9s de nuestra playlist \u201cGeorges Brassens Around The World\u201d, What The France te invita a (re)descubrir una selecci\u00f3n de sus mejores canciones adaptadas por artistas franceses e internacionales.<\/span><\/p>\n<p><span style=\"font-weight: 400;\"><div class=\"playListBloc singleBloc\"><div class=\"playListBloc-wrap\">    <div class=\"thumbnail\"><img data-src=\"https:\/\/whatthefrance.org\/wp-content\/uploads\/2021\/10\/WTF-Cover-Themes_brassens-254x254.jpg\" class=\"lazyload\" alt=\"WTF&#8212;Cover-Th\u00e8mes_brassens\" \/>    <\/div>    <div class=\"infos\">        <span class=\"tag\">Themes<\/span>        <h2>Georges Brassens All Over The World<\/h2>        <span class=\"separator\"><\/span>       <span class=\"desc\">On October 22, 2021, we celebrate the 100th anniversary of Georges Brassens birth...<\/span><div class=\"share flex flexAlignCenter \">\t<span class=\"label\">Compartir<\/span>\t<a href=\"https:\/\/www.facebook.com\/sharer\/sharer.php?u=https:\/\/whatthefrance.org\/es\/playlists\/georges-brassens-all-over-the-world\/\" class=\"facebook\" target=\"_blank\" rel=\"noreferrer\">Facebook<\/a>\t<a href=\"https:\/\/twitter.com\/intent\/tweet?url=https:\/\/whatthefrance.org\/es\/playlists\/georges-brassens-all-over-the-world\/&text=Georges+Brassens+All+Over+The+World&hashtags=WTF\" class=\"twitter\" target=\"_blank\" rel=\"noreferrer\">Twitter<\/a>\t<a href=\"mailto:?subject=What%20the%20France%20%3A%20Georges%20Brassens%20All%20Over%20The%20World&body=https:\/\/whatthefrance.org\/es\/playlists\/georges-brassens-all-over-the-world\/\" class=\"mail\" target=\"_blank\" rel=\"noreferrer\">Email<\/a><\/div>        <a href=\"#\" class=\"btn btnPlaylist orange playlist-click\" data-id=\"33842\">            <svg version=\"1.1\" x=\"0px\" y=\"0px\" width=\"40px\" height=\"40px\" viewBox=\"0 0 213.7 213.7\" enable-background=\"new 0 0 213.7 213.7\" xml:space=\"preserve\">                <polygon class=\"triangle\" fill=\"none\" stroke-width=\"10\" stroke-linecap=\"round\" stroke-linejoin=\"round\" stroke-miterlimit=\"10\" points=\"\n            73.5,62.5 148.5,105.8 73.5,149.1 \"\/>                <circle class=\"circle\" fill=\"none\"  stroke-width=\"8\" stroke-linecap=\"round\" stroke-linejoin=\"round\" stroke-miterlimit=\"10\" cx=\"106.8\" cy=\"106.8\" r=\"103.3\"\/>                <circle class=\"circle-white\" fill=\"none\"  stroke-width=\"8\" stroke-linecap=\"round\" stroke-linejoin=\"round\" stroke-miterlimit=\"10\" cx=\"106.8\" cy=\"106.8\" r=\"103.3\"\/>            <\/svg>Escuchar        <\/a>    <\/div>  <\/div><\/div><\/span><\/p>\n","protected":false},"excerpt":{"rendered":"<p>En octubre de 2021 celebramos el centenario del nacimiento del difunto Georges Brassens (22\/10\/1921 &#8211; 29\/10\/1981), el cantautor y guitarrista franc\u00e9s cuyo trabajo ha recorrido el mundo. Con m\u00e1s de veinte millones de \u00e1lbumes vendidos durante su vida, Brassens dej\u00f3 un impresionante cat\u00e1logo de canciones que han dejado una huella indeleble en su tiempo y [&hellip;]<\/p>\n","protected":false},"author":35,"featured_media":0,"comment_status":"closed","ping_status":"closed","sticky":false,"template":"","format":"standard","meta":{"_acf_changed":false,"footnotes":""},"categories":[1966],"tags":[1928,1955],"class_list":["post-33861","post","type-post","status-publish","format-standard","hentry","category-playlist-es","tag-chanson-es","tag-variety-es"],"acf":[],"yoast_head":"<!-- This site is optimized with the Yoast SEO plugin v27.3 - https:\/\/yoast.com\/product\/yoast-seo-wordpress\/ -->\n<title>Georges Brassens | \u00a1Una playlist por el centenario de su nacimiento! - What the France<\/title>\n<meta name=\"robots\" content=\"index, follow, max-snippet:-1, max-image-preview:large, max-video-preview:-1\" \/>\n<link rel=\"canonical\" href=\"https:\/\/whatthefrance.org\/es\/georges-brassens-una-playlist-por-el-centenario-de-su-nacimiento\/\" \/>\n<meta property=\"og:locale\" content=\"es_ES\" \/>\n<meta property=\"og:type\" content=\"article\" \/>\n<meta property=\"og:title\" content=\"Georges Brassens | \u00a1Una playlist por el centenario de su nacimiento! - What the France\" \/>\n<meta property=\"og:description\" content=\"En octubre de 2021 celebramos el centenario del nacimiento del difunto Georges Brassens (22\/10\/1921 &#8211; 29\/10\/1981), el cantautor y guitarrista franc\u00e9s cuyo trabajo ha recorrido el mundo. Con m\u00e1s de veinte millones de \u00e1lbumes vendidos durante su vida, Brassens dej\u00f3 un impresionante cat\u00e1logo de canciones que han dejado una huella indeleble en su tiempo y [&hellip;]\" \/>\n<meta property=\"og:url\" content=\"https:\/\/whatthefrance.org\/es\/georges-brassens-una-playlist-por-el-centenario-de-su-nacimiento\/\" \/>\n<meta property=\"og:site_name\" content=\"What the France\" \/>\n<meta property=\"article:published_time\" content=\"2021-10-22T08:00:49+00:00\" \/>\n<meta property=\"og:image\" content=\"https:\/\/whatthefrance.org\/wp-content\/uploads\/2021\/10\/brassens_what_the_france.png\" \/>\n\t<meta property=\"og:image:width\" content=\"1084\" \/>\n\t<meta property=\"og:image:height\" content=\"452\" \/>\n<meta name=\"author\" content=\"ultrapop-gustavo\" \/>\n<meta name=\"twitter:card\" content=\"summary_large_image\" \/>\n<meta name=\"twitter:label1\" content=\"Escrito por\" \/>\n\t<meta name=\"twitter:data1\" content=\"ultrapop-gustavo\" \/>\n\t<meta name=\"twitter:label2\" content=\"Tiempo de lectura\" \/>\n\t<meta name=\"twitter:data2\" content=\"2 minutos\" \/>\n<script type=\"application\/ld+json\" class=\"yoast-schema-graph\">{\"@context\":\"https:\\\/\\\/schema.org\",\"@graph\":[{\"@type\":\"Article\",\"@id\":\"https:\\\/\\\/whatthefrance.org\\\/es\\\/georges-brassens-una-playlist-por-el-centenario-de-su-nacimiento\\\/#article\",\"isPartOf\":{\"@id\":\"https:\\\/\\\/whatthefrance.org\\\/es\\\/georges-brassens-una-playlist-por-el-centenario-de-su-nacimiento\\\/\"},\"author\":{\"name\":\"ultrapop-gustavo\",\"@id\":\"https:\\\/\\\/whatthefrance.org\\\/es\\\/#\\\/schema\\\/person\\\/ec6689bd96bf81ba9dcf2264cb54c946\"},\"headline\":\"Georges Brassens | \u00a1Una playlist por el centenario de su nacimiento!\",\"datePublished\":\"2021-10-22T08:00:49+00:00\",\"mainEntityOfPage\":{\"@id\":\"https:\\\/\\\/whatthefrance.org\\\/es\\\/georges-brassens-una-playlist-por-el-centenario-de-su-nacimiento\\\/\"},\"wordCount\":381,\"publisher\":{\"@id\":\"https:\\\/\\\/whatthefrance.org\\\/es\\\/#organization\"},\"keywords\":[\"Chanson\",\"Variety\"],\"articleSection\":[\"Playlist\"],\"inLanguage\":\"es\"},{\"@type\":\"WebPage\",\"@id\":\"https:\\\/\\\/whatthefrance.org\\\/es\\\/georges-brassens-una-playlist-por-el-centenario-de-su-nacimiento\\\/\",\"url\":\"https:\\\/\\\/whatthefrance.org\\\/es\\\/georges-brassens-una-playlist-por-el-centenario-de-su-nacimiento\\\/\",\"name\":\"Georges Brassens | \u00a1Una playlist por el centenario de su nacimiento! - What the France\",\"isPartOf\":{\"@id\":\"https:\\\/\\\/whatthefrance.org\\\/es\\\/#website\"},\"datePublished\":\"2021-10-22T08:00:49+00:00\",\"breadcrumb\":{\"@id\":\"https:\\\/\\\/whatthefrance.org\\\/es\\\/georges-brassens-una-playlist-por-el-centenario-de-su-nacimiento\\\/#breadcrumb\"},\"inLanguage\":\"es\",\"potentialAction\":[{\"@type\":\"ReadAction\",\"target\":[\"https:\\\/\\\/whatthefrance.org\\\/es\\\/georges-brassens-una-playlist-por-el-centenario-de-su-nacimiento\\\/\"]}]},{\"@type\":\"BreadcrumbList\",\"@id\":\"https:\\\/\\\/whatthefrance.org\\\/es\\\/georges-brassens-una-playlist-por-el-centenario-de-su-nacimiento\\\/#breadcrumb\",\"itemListElement\":[{\"@type\":\"ListItem\",\"position\":1,\"name\":\"Home\",\"item\":\"https:\\\/\\\/whatthefrance.org\\\/es\\\/\"},{\"@type\":\"ListItem\",\"position\":2,\"name\":\"Georges Brassens | \u00a1Una playlist por el centenario de su nacimiento!\"}]},{\"@type\":\"WebSite\",\"@id\":\"https:\\\/\\\/whatthefrance.org\\\/es\\\/#website\",\"url\":\"https:\\\/\\\/whatthefrance.org\\\/es\\\/\",\"name\":\"What the France\",\"description\":\"The finest music made in France !\",\"publisher\":{\"@id\":\"https:\\\/\\\/whatthefrance.org\\\/es\\\/#organization\"},\"potentialAction\":[{\"@type\":\"SearchAction\",\"target\":{\"@type\":\"EntryPoint\",\"urlTemplate\":\"https:\\\/\\\/whatthefrance.org\\\/es\\\/?s={search_term_string}\"},\"query-input\":{\"@type\":\"PropertyValueSpecification\",\"valueRequired\":true,\"valueName\":\"search_term_string\"}}],\"inLanguage\":\"es\"},{\"@type\":\"Organization\",\"@id\":\"https:\\\/\\\/whatthefrance.org\\\/es\\\/#organization\",\"name\":\"What The France\",\"url\":\"https:\\\/\\\/whatthefrance.org\\\/es\\\/\",\"logo\":{\"@type\":\"ImageObject\",\"inLanguage\":\"es\",\"@id\":\"https:\\\/\\\/whatthefrance.org\\\/es\\\/#\\\/schema\\\/logo\\\/image\\\/\",\"url\":\"https:\\\/\\\/whatthefrance.org\\\/wp-content\\\/uploads\\\/2019\\\/12\\\/44688719_2251580388408837_694180218134331392_n-e1577679609190.png\",\"contentUrl\":\"https:\\\/\\\/whatthefrance.org\\\/wp-content\\\/uploads\\\/2019\\\/12\\\/44688719_2251580388408837_694180218134331392_n-e1577679609190.png\",\"width\":200,\"height\":200,\"caption\":\"What The France\"},\"image\":{\"@id\":\"https:\\\/\\\/whatthefrance.org\\\/es\\\/#\\\/schema\\\/logo\\\/image\\\/\"}},{\"@type\":\"Person\",\"@id\":\"https:\\\/\\\/whatthefrance.org\\\/es\\\/#\\\/schema\\\/person\\\/ec6689bd96bf81ba9dcf2264cb54c946\",\"name\":\"ultrapop-gustavo\",\"image\":{\"@type\":\"ImageObject\",\"inLanguage\":\"es\",\"@id\":\"https:\\\/\\\/secure.gravatar.com\\\/avatar\\\/9f35e3e5944405caa221d3f9ae6c981bac53ada24e0340936c6d6364326ab920?s=96&d=mm&r=g\",\"url\":\"https:\\\/\\\/secure.gravatar.com\\\/avatar\\\/9f35e3e5944405caa221d3f9ae6c981bac53ada24e0340936c6d6364326ab920?s=96&d=mm&r=g\",\"contentUrl\":\"https:\\\/\\\/secure.gravatar.com\\\/avatar\\\/9f35e3e5944405caa221d3f9ae6c981bac53ada24e0340936c6d6364326ab920?s=96&d=mm&r=g\",\"caption\":\"ultrapop-gustavo\"}}]}<\/script>\n<!-- \/ Yoast SEO plugin. -->","yoast_head_json":{"title":"Georges Brassens | \u00a1Una playlist por el centenario de su nacimiento! - What the France","robots":{"index":"index","follow":"follow","max-snippet":"max-snippet:-1","max-image-preview":"max-image-preview:large","max-video-preview":"max-video-preview:-1"},"canonical":"https:\/\/whatthefrance.org\/es\/georges-brassens-una-playlist-por-el-centenario-de-su-nacimiento\/","og_locale":"es_ES","og_type":"article","og_title":"Georges Brassens | \u00a1Una playlist por el centenario de su nacimiento! - What the France","og_description":"En octubre de 2021 celebramos el centenario del nacimiento del difunto Georges Brassens (22\/10\/1921 &#8211; 29\/10\/1981), el cantautor y guitarrista franc\u00e9s cuyo trabajo ha recorrido el mundo. Con m\u00e1s de veinte millones de \u00e1lbumes vendidos durante su vida, Brassens dej\u00f3 un impresionante cat\u00e1logo de canciones que han dejado una huella indeleble en su tiempo y [&hellip;]","og_url":"https:\/\/whatthefrance.org\/es\/georges-brassens-una-playlist-por-el-centenario-de-su-nacimiento\/","og_site_name":"What the France","article_published_time":"2021-10-22T08:00:49+00:00","og_image":[{"url":"https:\/\/whatthefrance.org\/wp-content\/uploads\/2021\/10\/brassens_what_the_france.png","height":452,"width":1084,"type":""}],"author":"ultrapop-gustavo","twitter_card":"summary_large_image","twitter_misc":{"Escrito por":"ultrapop-gustavo","Tiempo de lectura":"2 minutos"},"schema":{"@context":"https:\/\/schema.org","@graph":[{"@type":"Article","@id":"https:\/\/whatthefrance.org\/es\/georges-brassens-una-playlist-por-el-centenario-de-su-nacimiento\/#article","isPartOf":{"@id":"https:\/\/whatthefrance.org\/es\/georges-brassens-una-playlist-por-el-centenario-de-su-nacimiento\/"},"author":{"name":"ultrapop-gustavo","@id":"https:\/\/whatthefrance.org\/es\/#\/schema\/person\/ec6689bd96bf81ba9dcf2264cb54c946"},"headline":"Georges Brassens | \u00a1Una playlist por el centenario de su nacimiento!","datePublished":"2021-10-22T08:00:49+00:00","mainEntityOfPage":{"@id":"https:\/\/whatthefrance.org\/es\/georges-brassens-una-playlist-por-el-centenario-de-su-nacimiento\/"},"wordCount":381,"publisher":{"@id":"https:\/\/whatthefrance.org\/es\/#organization"},"keywords":["Chanson","Variety"],"articleSection":["Playlist"],"inLanguage":"es"},{"@type":"WebPage","@id":"https:\/\/whatthefrance.org\/es\/georges-brassens-una-playlist-por-el-centenario-de-su-nacimiento\/","url":"https:\/\/whatthefrance.org\/es\/georges-brassens-una-playlist-por-el-centenario-de-su-nacimiento\/","name":"Georges Brassens | \u00a1Una playlist por el centenario de su nacimiento! - What the France","isPartOf":{"@id":"https:\/\/whatthefrance.org\/es\/#website"},"datePublished":"2021-10-22T08:00:49+00:00","breadcrumb":{"@id":"https:\/\/whatthefrance.org\/es\/georges-brassens-una-playlist-por-el-centenario-de-su-nacimiento\/#breadcrumb"},"inLanguage":"es","potentialAction":[{"@type":"ReadAction","target":["https:\/\/whatthefrance.org\/es\/georges-brassens-una-playlist-por-el-centenario-de-su-nacimiento\/"]}]},{"@type":"BreadcrumbList","@id":"https:\/\/whatthefrance.org\/es\/georges-brassens-una-playlist-por-el-centenario-de-su-nacimiento\/#breadcrumb","itemListElement":[{"@type":"ListItem","position":1,"name":"Home","item":"https:\/\/whatthefrance.org\/es\/"},{"@type":"ListItem","position":2,"name":"Georges Brassens | \u00a1Una playlist por el centenario de su nacimiento!"}]},{"@type":"WebSite","@id":"https:\/\/whatthefrance.org\/es\/#website","url":"https:\/\/whatthefrance.org\/es\/","name":"What the France","description":"The finest music made in France !","publisher":{"@id":"https:\/\/whatthefrance.org\/es\/#organization"},"potentialAction":[{"@type":"SearchAction","target":{"@type":"EntryPoint","urlTemplate":"https:\/\/whatthefrance.org\/es\/?s={search_term_string}"},"query-input":{"@type":"PropertyValueSpecification","valueRequired":true,"valueName":"search_term_string"}}],"inLanguage":"es"},{"@type":"Organization","@id":"https:\/\/whatthefrance.org\/es\/#organization","name":"What The France","url":"https:\/\/whatthefrance.org\/es\/","logo":{"@type":"ImageObject","inLanguage":"es","@id":"https:\/\/whatthefrance.org\/es\/#\/schema\/logo\/image\/","url":"https:\/\/whatthefrance.org\/wp-content\/uploads\/2019\/12\/44688719_2251580388408837_694180218134331392_n-e1577679609190.png","contentUrl":"https:\/\/whatthefrance.org\/wp-content\/uploads\/2019\/12\/44688719_2251580388408837_694180218134331392_n-e1577679609190.png","width":200,"height":200,"caption":"What The France"},"image":{"@id":"https:\/\/whatthefrance.org\/es\/#\/schema\/logo\/image\/"}},{"@type":"Person","@id":"https:\/\/whatthefrance.org\/es\/#\/schema\/person\/ec6689bd96bf81ba9dcf2264cb54c946","name":"ultrapop-gustavo","image":{"@type":"ImageObject","inLanguage":"es","@id":"https:\/\/secure.gravatar.com\/avatar\/9f35e3e5944405caa221d3f9ae6c981bac53ada24e0340936c6d6364326ab920?s=96&d=mm&r=g","url":"https:\/\/secure.gravatar.com\/avatar\/9f35e3e5944405caa221d3f9ae6c981bac53ada24e0340936c6d6364326ab920?s=96&d=mm&r=g","contentUrl":"https:\/\/secure.gravatar.com\/avatar\/9f35e3e5944405caa221d3f9ae6c981bac53ada24e0340936c6d6364326ab920?s=96&d=mm&r=g","caption":"ultrapop-gustavo"}}]}},"_links":{"self":[{"href":"https:\/\/whatthefrance.org\/es\/wp-json\/wp\/v2\/posts\/33861","targetHints":{"allow":["GET"]}}],"collection":[{"href":"https:\/\/whatthefrance.org\/es\/wp-json\/wp\/v2\/posts"}],"about":[{"href":"https:\/\/whatthefrance.org\/es\/wp-json\/wp\/v2\/types\/post"}],"author":[{"embeddable":true,"href":"https:\/\/whatthefrance.org\/es\/wp-json\/wp\/v2\/users\/35"}],"replies":[{"embeddable":true,"href":"https:\/\/whatthefrance.org\/es\/wp-json\/wp\/v2\/comments?post=33861"}],"version-history":[{"count":4,"href":"https:\/\/whatthefrance.org\/es\/wp-json\/wp\/v2\/posts\/33861\/revisions"}],"predecessor-version":[{"id":33926,"href":"https:\/\/whatthefrance.org\/es\/wp-json\/wp\/v2\/posts\/33861\/revisions\/33926"}],"wp:attachment":[{"href":"https:\/\/whatthefrance.org\/es\/wp-json\/wp\/v2\/media?parent=33861"}],"wp:term":[{"taxonomy":"category","embeddable":true,"href":"https:\/\/whatthefrance.org\/es\/wp-json\/wp\/v2\/categories?post=33861"},{"taxonomy":"post_tag","embeddable":true,"href":"https:\/\/whatthefrance.org\/es\/wp-json\/wp\/v2\/tags?post=33861"}],"curies":[{"name":"wp","href":"https:\/\/api.w.org\/{rel}","templated":true}]}}