{"id":34692,"date":"2021-11-16T10:00:09","date_gmt":"2021-11-16T09:00:09","guid":{"rendered":"https:\/\/whatthefrance.org\/?p=34692"},"modified":"2021-11-16T17:49:53","modified_gmt":"2021-11-16T16:49:53","slug":"vitalic-anuncia-su-gira-internacional-con-una-playlist-exclusiva-para-what-the-france","status":"publish","type":"post","link":"https:\/\/whatthefrance.org\/es\/vitalic-anuncia-su-gira-internacional-con-una-playlist-exclusiva-para-what-the-france\/","title":{"rendered":"Vitalic | \u00a1Anuncia su gira internacional con una playlist exclusiva para What The France!"},"content":{"rendered":"<p><span style=\"font-weight: 400;\">Hace apenas un mes les cont\u00e1bamos sobre el lanzamiento del quinto \u00e1lbum del productor, autor y compositor franc\u00e9s de m\u00fasica electr\u00f3nica <\/span><a href=\"https:\/\/whatthefrance.org\/fr\/vitalic-sortie-du-cinquieme-album-dissidaence-episode-1\/\"><b>Vitalic<\/b><span style=\"font-weight: 400;\">, titulado <\/span><b><i>Dissid\u00e6nce Episode 1<\/i><\/b><\/a><span style=\"font-weight: 400;\">, en que describe como una vuelta a las ra\u00edces de su identidad, como si fuera un gui\u00f1o a la energ\u00eda rockera de sus primeros \u00e1lbumes. Despu\u00e9s de haberse presentado en Glasgow (Escocia) y en Estambul (Turqu\u00eda), pronto dar\u00e1 una serie de conciertos por Francia, pero tambi\u00e9n fuera de las fronteras, con muchas fechas internacionales confirmadas.<\/span><\/p>\n<p><iframe loading=\"lazy\" title=\"Once Upon A Track - &#039;La Rock 01&#039; by Vitalic - What the France\" width=\"500\" height=\"375\" src=\"https:\/\/www.youtube.com\/embed\/bRaR8Zq0e90?feature=oembed\" frameborder=\"0\" allow=\"accelerometer; autoplay; clipboard-write; encrypted-media; gyroscope; picture-in-picture; web-share\" referrerpolicy=\"strict-origin-when-cross-origin\" allowfullscreen><\/iframe><\/p>\n<p><span style=\"font-weight: 400;\">Para esperar hasta el lanzamiento de su venidero episodio 2, le sugerimos que escuches su playlist exclusiva para What The France en la que podr\u00e1 (re)descubrir algunas de sus canciones como solista, bajo el nombre de Dima o dentro de Kompromat (su proyecto a d\u00fao con Rebeka Warrior), as\u00ed como perlas tomadas de su propio sello, Citizen Records, junto a una fina selecci\u00f3n de canciones \u201cmade in France\u201d, donde conocer\u00e1s a singulares artistas como Taxi Kebab, Nova Materia, David Carretta, Gypsy Family &amp; Linda Lamb, John Lord Fonda y Damon Jee, David Shaw y The Beat, Perez, Etienne De Cr\u00e9cy y Alex Gopher, The Hacker, Cora Novoa, Traumer, Maud Geffray, Thomas Bangalter, Koudlam, Acid Arab, Cahrlotte Gainsbourg y Soulwax, Cassius, SebastiAn &amp; Sparks , Agoria &amp; STS, DJ Oil, Alligator, Odezenne, Chlo\u00e9, Baxter Dury, Juan Trip&#8217;, Electric Rescue, Laake, Mansfield.TYA, Scratch Massive, Otteswed y a Las Limi\u00f1anas.<\/span><\/p>\n<p><span style=\"font-weight: 400;\"><div class=\"playListBloc singleBloc\"><div class=\"playListBloc-wrap\">    <div class=\"thumbnail\"><img data-src=\"https:\/\/whatthefrance.org\/wp-content\/uploads\/2021\/11\/WTF-Cover-Collab_Vitalic-254x254.jpg\" class=\"lazyload\" alt=\"WTF&#8212;Cover-Collab_Vitalic\" \/>    <\/div>    <div class=\"infos\">        <span class=\"tag\">Curators<\/span>        <h2>A Made In France Selection By Vitalic<\/h2>        <span class=\"separator\"><\/span>       <span class=\"desc\">Listen to a selection of \"made in France\" tracks, carefully handpicked by Vitalic. <\/span><div class=\"share flex flexAlignCenter \">\t<span class=\"label\">Compartir<\/span>\t<a href=\"https:\/\/www.facebook.com\/sharer\/sharer.php?u=https:\/\/whatthefrance.org\/es\/playlists\/a-made-in-france-selection-by-vitalic\/\" class=\"facebook\" target=\"_blank\" rel=\"noreferrer\">Facebook<\/a>\t<a href=\"https:\/\/twitter.com\/intent\/tweet?url=https:\/\/whatthefrance.org\/es\/playlists\/a-made-in-france-selection-by-vitalic\/&text=A+Made+In+France+Selection+By+Vitalic&hashtags=WTF\" class=\"twitter\" target=\"_blank\" rel=\"noreferrer\">Twitter<\/a>\t<a href=\"mailto:?subject=What%20the%20France%20%3A%20A%20Made%20In%20France%20Selection%20By%20Vitalic&body=https:\/\/whatthefrance.org\/es\/playlists\/a-made-in-france-selection-by-vitalic\/\" class=\"mail\" target=\"_blank\" rel=\"noreferrer\">Email<\/a><\/div>        <a href=\"#\" class=\"btn btnPlaylist orange playlist-click\" data-id=\"34567\">            <svg version=\"1.1\" x=\"0px\" y=\"0px\" width=\"40px\" height=\"40px\" viewBox=\"0 0 213.7 213.7\" enable-background=\"new 0 0 213.7 213.7\" xml:space=\"preserve\">                <polygon class=\"triangle\" fill=\"none\" stroke-width=\"10\" stroke-linecap=\"round\" stroke-linejoin=\"round\" stroke-miterlimit=\"10\" points=\"\n            73.5,62.5 148.5,105.8 73.5,149.1 \"\/>                <circle class=\"circle\" fill=\"none\"  stroke-width=\"8\" stroke-linecap=\"round\" stroke-linejoin=\"round\" stroke-miterlimit=\"10\" cx=\"106.8\" cy=\"106.8\" r=\"103.3\"\/>                <circle class=\"circle-white\" fill=\"none\"  stroke-width=\"8\" stroke-linecap=\"round\" stroke-linejoin=\"round\" stroke-miterlimit=\"10\" cx=\"106.8\" cy=\"106.8\" r=\"103.3\"\/>            <\/svg>Escuchar        <\/a>    <\/div>  <\/div><\/div><\/span><\/p>\n","protected":false},"excerpt":{"rendered":"<p>Hace apenas un mes les cont\u00e1bamos sobre el lanzamiento del quinto \u00e1lbum del productor, autor y compositor franc\u00e9s de m\u00fasica electr\u00f3nica Vitalic, titulado Dissid\u00e6nce Episode 1, en que describe como una vuelta a las ra\u00edces de su identidad, como si fuera un gui\u00f1o a la energ\u00eda rockera de sus primeros \u00e1lbumes. Despu\u00e9s de haberse presentado [&hellip;]<\/p>\n","protected":false},"author":35,"featured_media":0,"comment_status":"closed","ping_status":"closed","sticky":false,"template":"","format":"standard","meta":{"_acf_changed":false,"footnotes":""},"categories":[1967],"tags":[1936],"class_list":["post-34692","post","type-post","status-publish","format-standard","hentry","category-curator-es","tag-electronic-es"],"acf":[],"yoast_head":"<!-- This site is optimized with the Yoast SEO plugin v27.3 - https:\/\/yoast.com\/product\/yoast-seo-wordpress\/ -->\n<title>Vitalic | \u00a1Anuncia su gira internacional con una playlist exclusiva para What The France! - What the France<\/title>\n<meta name=\"robots\" content=\"index, follow, max-snippet:-1, max-image-preview:large, max-video-preview:-1\" \/>\n<link rel=\"canonical\" href=\"https:\/\/whatthefrance.org\/es\/vitalic-anuncia-su-gira-internacional-con-una-playlist-exclusiva-para-what-the-france\/\" \/>\n<meta property=\"og:locale\" content=\"es_ES\" \/>\n<meta property=\"og:type\" content=\"article\" \/>\n<meta property=\"og:title\" content=\"Vitalic | \u00a1Anuncia su gira internacional con una playlist exclusiva para What The France! - What the France\" \/>\n<meta property=\"og:description\" content=\"Hace apenas un mes les cont\u00e1bamos sobre el lanzamiento del quinto \u00e1lbum del productor, autor y compositor franc\u00e9s de m\u00fasica electr\u00f3nica Vitalic, titulado Dissid\u00e6nce Episode 1, en que describe como una vuelta a las ra\u00edces de su identidad, como si fuera un gui\u00f1o a la energ\u00eda rockera de sus primeros \u00e1lbumes. Despu\u00e9s de haberse presentado [&hellip;]\" \/>\n<meta property=\"og:url\" content=\"https:\/\/whatthefrance.org\/es\/vitalic-anuncia-su-gira-internacional-con-una-playlist-exclusiva-para-what-the-france\/\" \/>\n<meta property=\"og:site_name\" content=\"What the France\" \/>\n<meta property=\"article:published_time\" content=\"2021-11-16T09:00:09+00:00\" \/>\n<meta property=\"article:modified_time\" content=\"2021-11-16T16:49:53+00:00\" \/>\n<meta property=\"og:image\" content=\"https:\/\/whatthefrance.org\/wp-content\/uploads\/2021\/11\/vitalic_what_the_france.png\" \/>\n\t<meta property=\"og:image:width\" content=\"1084\" \/>\n\t<meta property=\"og:image:height\" content=\"452\" \/>\n<meta name=\"author\" content=\"ultrapop-gustavo\" \/>\n<meta name=\"twitter:card\" content=\"summary_large_image\" \/>\n<meta name=\"twitter:label1\" content=\"Escrito por\" \/>\n\t<meta name=\"twitter:data1\" content=\"ultrapop-gustavo\" \/>\n\t<meta name=\"twitter:label2\" content=\"Tiempo de lectura\" \/>\n\t<meta name=\"twitter:data2\" content=\"2 minutos\" \/>\n<script type=\"application\/ld+json\" class=\"yoast-schema-graph\">{\"@context\":\"https:\\\/\\\/schema.org\",\"@graph\":[{\"@type\":\"Article\",\"@id\":\"https:\\\/\\\/whatthefrance.org\\\/es\\\/vitalic-anuncia-su-gira-internacional-con-una-playlist-exclusiva-para-what-the-france\\\/#article\",\"isPartOf\":{\"@id\":\"https:\\\/\\\/whatthefrance.org\\\/es\\\/vitalic-anuncia-su-gira-internacional-con-una-playlist-exclusiva-para-what-the-france\\\/\"},\"author\":{\"name\":\"ultrapop-gustavo\",\"@id\":\"https:\\\/\\\/whatthefrance.org\\\/es\\\/#\\\/schema\\\/person\\\/ec6689bd96bf81ba9dcf2264cb54c946\"},\"headline\":\"Vitalic | \u00a1Anuncia su gira internacional con una playlist exclusiva para What The France!\",\"datePublished\":\"2021-11-16T09:00:09+00:00\",\"dateModified\":\"2021-11-16T16:49:53+00:00\",\"mainEntityOfPage\":{\"@id\":\"https:\\\/\\\/whatthefrance.org\\\/es\\\/vitalic-anuncia-su-gira-internacional-con-una-playlist-exclusiva-para-what-the-france\\\/\"},\"wordCount\":264,\"publisher\":{\"@id\":\"https:\\\/\\\/whatthefrance.org\\\/es\\\/#organization\"},\"keywords\":[\"Electronic\"],\"articleSection\":[\"Curator\"],\"inLanguage\":\"es\"},{\"@type\":\"WebPage\",\"@id\":\"https:\\\/\\\/whatthefrance.org\\\/es\\\/vitalic-anuncia-su-gira-internacional-con-una-playlist-exclusiva-para-what-the-france\\\/\",\"url\":\"https:\\\/\\\/whatthefrance.org\\\/es\\\/vitalic-anuncia-su-gira-internacional-con-una-playlist-exclusiva-para-what-the-france\\\/\",\"name\":\"Vitalic | \u00a1Anuncia su gira internacional con una playlist exclusiva para What The France! - What the France\",\"isPartOf\":{\"@id\":\"https:\\\/\\\/whatthefrance.org\\\/es\\\/#website\"},\"datePublished\":\"2021-11-16T09:00:09+00:00\",\"dateModified\":\"2021-11-16T16:49:53+00:00\",\"breadcrumb\":{\"@id\":\"https:\\\/\\\/whatthefrance.org\\\/es\\\/vitalic-anuncia-su-gira-internacional-con-una-playlist-exclusiva-para-what-the-france\\\/#breadcrumb\"},\"inLanguage\":\"es\",\"potentialAction\":[{\"@type\":\"ReadAction\",\"target\":[\"https:\\\/\\\/whatthefrance.org\\\/es\\\/vitalic-anuncia-su-gira-internacional-con-una-playlist-exclusiva-para-what-the-france\\\/\"]}]},{\"@type\":\"BreadcrumbList\",\"@id\":\"https:\\\/\\\/whatthefrance.org\\\/es\\\/vitalic-anuncia-su-gira-internacional-con-una-playlist-exclusiva-para-what-the-france\\\/#breadcrumb\",\"itemListElement\":[{\"@type\":\"ListItem\",\"position\":1,\"name\":\"Home\",\"item\":\"https:\\\/\\\/whatthefrance.org\\\/es\\\/\"},{\"@type\":\"ListItem\",\"position\":2,\"name\":\"Vitalic | \u00a1Anuncia su gira internacional con una playlist exclusiva para What The France!\"}]},{\"@type\":\"WebSite\",\"@id\":\"https:\\\/\\\/whatthefrance.org\\\/es\\\/#website\",\"url\":\"https:\\\/\\\/whatthefrance.org\\\/es\\\/\",\"name\":\"What the France\",\"description\":\"The finest music made in France !\",\"publisher\":{\"@id\":\"https:\\\/\\\/whatthefrance.org\\\/es\\\/#organization\"},\"potentialAction\":[{\"@type\":\"SearchAction\",\"target\":{\"@type\":\"EntryPoint\",\"urlTemplate\":\"https:\\\/\\\/whatthefrance.org\\\/es\\\/?s={search_term_string}\"},\"query-input\":{\"@type\":\"PropertyValueSpecification\",\"valueRequired\":true,\"valueName\":\"search_term_string\"}}],\"inLanguage\":\"es\"},{\"@type\":\"Organization\",\"@id\":\"https:\\\/\\\/whatthefrance.org\\\/es\\\/#organization\",\"name\":\"What The France\",\"url\":\"https:\\\/\\\/whatthefrance.org\\\/es\\\/\",\"logo\":{\"@type\":\"ImageObject\",\"inLanguage\":\"es\",\"@id\":\"https:\\\/\\\/whatthefrance.org\\\/es\\\/#\\\/schema\\\/logo\\\/image\\\/\",\"url\":\"https:\\\/\\\/whatthefrance.org\\\/wp-content\\\/uploads\\\/2019\\\/12\\\/44688719_2251580388408837_694180218134331392_n-e1577679609190.png\",\"contentUrl\":\"https:\\\/\\\/whatthefrance.org\\\/wp-content\\\/uploads\\\/2019\\\/12\\\/44688719_2251580388408837_694180218134331392_n-e1577679609190.png\",\"width\":200,\"height\":200,\"caption\":\"What The France\"},\"image\":{\"@id\":\"https:\\\/\\\/whatthefrance.org\\\/es\\\/#\\\/schema\\\/logo\\\/image\\\/\"}},{\"@type\":\"Person\",\"@id\":\"https:\\\/\\\/whatthefrance.org\\\/es\\\/#\\\/schema\\\/person\\\/ec6689bd96bf81ba9dcf2264cb54c946\",\"name\":\"ultrapop-gustavo\",\"image\":{\"@type\":\"ImageObject\",\"inLanguage\":\"es\",\"@id\":\"https:\\\/\\\/secure.gravatar.com\\\/avatar\\\/9f35e3e5944405caa221d3f9ae6c981bac53ada24e0340936c6d6364326ab920?s=96&d=mm&r=g\",\"url\":\"https:\\\/\\\/secure.gravatar.com\\\/avatar\\\/9f35e3e5944405caa221d3f9ae6c981bac53ada24e0340936c6d6364326ab920?s=96&d=mm&r=g\",\"contentUrl\":\"https:\\\/\\\/secure.gravatar.com\\\/avatar\\\/9f35e3e5944405caa221d3f9ae6c981bac53ada24e0340936c6d6364326ab920?s=96&d=mm&r=g\",\"caption\":\"ultrapop-gustavo\"}}]}<\/script>\n<!-- \/ Yoast SEO plugin. -->","yoast_head_json":{"title":"Vitalic | \u00a1Anuncia su gira internacional con una playlist exclusiva para What The France! - What the France","robots":{"index":"index","follow":"follow","max-snippet":"max-snippet:-1","max-image-preview":"max-image-preview:large","max-video-preview":"max-video-preview:-1"},"canonical":"https:\/\/whatthefrance.org\/es\/vitalic-anuncia-su-gira-internacional-con-una-playlist-exclusiva-para-what-the-france\/","og_locale":"es_ES","og_type":"article","og_title":"Vitalic | \u00a1Anuncia su gira internacional con una playlist exclusiva para What The France! - What the France","og_description":"Hace apenas un mes les cont\u00e1bamos sobre el lanzamiento del quinto \u00e1lbum del productor, autor y compositor franc\u00e9s de m\u00fasica electr\u00f3nica Vitalic, titulado Dissid\u00e6nce Episode 1, en que describe como una vuelta a las ra\u00edces de su identidad, como si fuera un gui\u00f1o a la energ\u00eda rockera de sus primeros \u00e1lbumes. Despu\u00e9s de haberse presentado [&hellip;]","og_url":"https:\/\/whatthefrance.org\/es\/vitalic-anuncia-su-gira-internacional-con-una-playlist-exclusiva-para-what-the-france\/","og_site_name":"What the France","article_published_time":"2021-11-16T09:00:09+00:00","article_modified_time":"2021-11-16T16:49:53+00:00","og_image":[{"url":"https:\/\/whatthefrance.org\/wp-content\/uploads\/2021\/11\/vitalic_what_the_france.png","height":452,"width":1084,"type":""}],"author":"ultrapop-gustavo","twitter_card":"summary_large_image","twitter_misc":{"Escrito por":"ultrapop-gustavo","Tiempo de lectura":"2 minutos"},"schema":{"@context":"https:\/\/schema.org","@graph":[{"@type":"Article","@id":"https:\/\/whatthefrance.org\/es\/vitalic-anuncia-su-gira-internacional-con-una-playlist-exclusiva-para-what-the-france\/#article","isPartOf":{"@id":"https:\/\/whatthefrance.org\/es\/vitalic-anuncia-su-gira-internacional-con-una-playlist-exclusiva-para-what-the-france\/"},"author":{"name":"ultrapop-gustavo","@id":"https:\/\/whatthefrance.org\/es\/#\/schema\/person\/ec6689bd96bf81ba9dcf2264cb54c946"},"headline":"Vitalic | \u00a1Anuncia su gira internacional con una playlist exclusiva para What The France!","datePublished":"2021-11-16T09:00:09+00:00","dateModified":"2021-11-16T16:49:53+00:00","mainEntityOfPage":{"@id":"https:\/\/whatthefrance.org\/es\/vitalic-anuncia-su-gira-internacional-con-una-playlist-exclusiva-para-what-the-france\/"},"wordCount":264,"publisher":{"@id":"https:\/\/whatthefrance.org\/es\/#organization"},"keywords":["Electronic"],"articleSection":["Curator"],"inLanguage":"es"},{"@type":"WebPage","@id":"https:\/\/whatthefrance.org\/es\/vitalic-anuncia-su-gira-internacional-con-una-playlist-exclusiva-para-what-the-france\/","url":"https:\/\/whatthefrance.org\/es\/vitalic-anuncia-su-gira-internacional-con-una-playlist-exclusiva-para-what-the-france\/","name":"Vitalic | \u00a1Anuncia su gira internacional con una playlist exclusiva para What The France! - What the France","isPartOf":{"@id":"https:\/\/whatthefrance.org\/es\/#website"},"datePublished":"2021-11-16T09:00:09+00:00","dateModified":"2021-11-16T16:49:53+00:00","breadcrumb":{"@id":"https:\/\/whatthefrance.org\/es\/vitalic-anuncia-su-gira-internacional-con-una-playlist-exclusiva-para-what-the-france\/#breadcrumb"},"inLanguage":"es","potentialAction":[{"@type":"ReadAction","target":["https:\/\/whatthefrance.org\/es\/vitalic-anuncia-su-gira-internacional-con-una-playlist-exclusiva-para-what-the-france\/"]}]},{"@type":"BreadcrumbList","@id":"https:\/\/whatthefrance.org\/es\/vitalic-anuncia-su-gira-internacional-con-una-playlist-exclusiva-para-what-the-france\/#breadcrumb","itemListElement":[{"@type":"ListItem","position":1,"name":"Home","item":"https:\/\/whatthefrance.org\/es\/"},{"@type":"ListItem","position":2,"name":"Vitalic | \u00a1Anuncia su gira internacional con una playlist exclusiva para What The France!"}]},{"@type":"WebSite","@id":"https:\/\/whatthefrance.org\/es\/#website","url":"https:\/\/whatthefrance.org\/es\/","name":"What the France","description":"The finest music made in France !","publisher":{"@id":"https:\/\/whatthefrance.org\/es\/#organization"},"potentialAction":[{"@type":"SearchAction","target":{"@type":"EntryPoint","urlTemplate":"https:\/\/whatthefrance.org\/es\/?s={search_term_string}"},"query-input":{"@type":"PropertyValueSpecification","valueRequired":true,"valueName":"search_term_string"}}],"inLanguage":"es"},{"@type":"Organization","@id":"https:\/\/whatthefrance.org\/es\/#organization","name":"What The France","url":"https:\/\/whatthefrance.org\/es\/","logo":{"@type":"ImageObject","inLanguage":"es","@id":"https:\/\/whatthefrance.org\/es\/#\/schema\/logo\/image\/","url":"https:\/\/whatthefrance.org\/wp-content\/uploads\/2019\/12\/44688719_2251580388408837_694180218134331392_n-e1577679609190.png","contentUrl":"https:\/\/whatthefrance.org\/wp-content\/uploads\/2019\/12\/44688719_2251580388408837_694180218134331392_n-e1577679609190.png","width":200,"height":200,"caption":"What The France"},"image":{"@id":"https:\/\/whatthefrance.org\/es\/#\/schema\/logo\/image\/"}},{"@type":"Person","@id":"https:\/\/whatthefrance.org\/es\/#\/schema\/person\/ec6689bd96bf81ba9dcf2264cb54c946","name":"ultrapop-gustavo","image":{"@type":"ImageObject","inLanguage":"es","@id":"https:\/\/secure.gravatar.com\/avatar\/9f35e3e5944405caa221d3f9ae6c981bac53ada24e0340936c6d6364326ab920?s=96&d=mm&r=g","url":"https:\/\/secure.gravatar.com\/avatar\/9f35e3e5944405caa221d3f9ae6c981bac53ada24e0340936c6d6364326ab920?s=96&d=mm&r=g","contentUrl":"https:\/\/secure.gravatar.com\/avatar\/9f35e3e5944405caa221d3f9ae6c981bac53ada24e0340936c6d6364326ab920?s=96&d=mm&r=g","caption":"ultrapop-gustavo"}}]}},"_links":{"self":[{"href":"https:\/\/whatthefrance.org\/es\/wp-json\/wp\/v2\/posts\/34692","targetHints":{"allow":["GET"]}}],"collection":[{"href":"https:\/\/whatthefrance.org\/es\/wp-json\/wp\/v2\/posts"}],"about":[{"href":"https:\/\/whatthefrance.org\/es\/wp-json\/wp\/v2\/types\/post"}],"author":[{"embeddable":true,"href":"https:\/\/whatthefrance.org\/es\/wp-json\/wp\/v2\/users\/35"}],"replies":[{"embeddable":true,"href":"https:\/\/whatthefrance.org\/es\/wp-json\/wp\/v2\/comments?post=34692"}],"version-history":[{"count":3,"href":"https:\/\/whatthefrance.org\/es\/wp-json\/wp\/v2\/posts\/34692\/revisions"}],"predecessor-version":[{"id":35079,"href":"https:\/\/whatthefrance.org\/es\/wp-json\/wp\/v2\/posts\/34692\/revisions\/35079"}],"wp:attachment":[{"href":"https:\/\/whatthefrance.org\/es\/wp-json\/wp\/v2\/media?parent=34692"}],"wp:term":[{"taxonomy":"category","embeddable":true,"href":"https:\/\/whatthefrance.org\/es\/wp-json\/wp\/v2\/categories?post=34692"},{"taxonomy":"post_tag","embeddable":true,"href":"https:\/\/whatthefrance.org\/es\/wp-json\/wp\/v2\/tags?post=34692"}],"curies":[{"name":"wp","href":"https:\/\/api.w.org\/{rel}","templated":true}]}}