{"id":37527,"date":"2022-02-10T15:26:23","date_gmt":"2022-02-10T14:26:23","guid":{"rendered":"https:\/\/whatthefrance.org\/?p=37527"},"modified":"2022-02-11T16:21:50","modified_gmt":"2022-02-11T15:21:50","slug":"francia-portugal-temporada-2022-una-playlist-con-canciones-en-portugues-producidas-en-francia","status":"publish","type":"post","link":"https:\/\/whatthefrance.org\/es\/francia-portugal-temporada-2022-una-playlist-con-canciones-en-portugues-producidas-en-francia\/","title":{"rendered":"Francia-Portugal Temporada 2022 | \u00a1Una playlist con canciones en portugu\u00e9s producidas en Francia!"},"content":{"rendered":"<p><span style=\"font-weight: 400;\">Inicialmente programada entre julio de 2021 y febrero de 2022, la Temporada Francia-Portugal se tuvo que reprogramar debido a la crisis sanitaria producida por el Covid-19. Finalmente se llevar\u00e1 a cabo en ambos pa\u00edses, desde mediados de febrero hasta octubre. La direcci\u00f3n fue encomendada a Emmanuel Demarcy-Mota y la curadur\u00eda general estar\u00e1 a cargo de la portuguesa Manuela J\u00fadice y la francesa Victoire Bidegain Di Rosa. La realizaci\u00f3n de la Temporada Francia-Portugal se le confi\u00f3 tanto al Instituto Franc\u00e9s, operador del Ministerio para Europa y de Asuntos Exteriores y del Ministerio de Cultura para la pol\u00edtica cultural exterior de Francia. El portugu\u00e9s es el idioma oficial de 9 pa\u00edses y m\u00e1s de 234 millones de personas son hablantes en el mundo. <\/span><\/p>\n<p><span style=\"font-weight: 400;\">La historia de amor entre Portugal y Francia no es nueva. Si la emigraci\u00f3n ha sido un proceso generalizado dentro de la sociedad portuguesa durante muchos siglos, no fue hasta finales de la d\u00e9cada de 1950 que se produjo una afluencia masiva de inmigrantes portugueses a territorio franc\u00e9s, en tan solo 17 a\u00f1os la comunidad pas\u00f3 de 20.000 (1958) a 750.000 personas (1975). Hoy en d\u00eda se estima que 1,5 millones de portugueses o descendientes de portugueses viven en Francia. Esta relaci\u00f3n privilegiada entre los dos pa\u00edses ha permitido a Francia acoger y ver nacer a muchos talentos de origen portugu\u00e9s que no dudan en cantar en su lengua materna. La cantante <\/span><b>Linda De Suza<\/b><span style=\"font-weight: 400;\"> alcanz\u00f3 el \u00e9xito en 1978, con su canci\u00f3n \u201cUn Portugais\u201d, que vendi\u00f3 250.000 copias y ocup\u00f3 el d\u00e9cimo lugar entre los sencillos m\u00e1s vendidos antes de ser regrabado en versi\u00f3n portuguesa al a\u00f1o siguiente. A\u00f1os despu\u00e9s, en 2011, ser\u00eda el turno de triunfar del franco-portugu\u00e9s <\/span><b>Lucenzo<\/b><span style=\"font-weight: 400;\"> con su single \u201c<\/span><b>Vem dancar kuduro<\/b><span style=\"font-weight: 400;\">\u201d que lo convierte en el n\u00famero 1 de clubes de Francia, antes de escalar a lo m\u00e1s alto de los rankings en Suecia, Portugal, Suiza, Noruega, Finlandia, Dinamarca y Canad\u00e1. Varios artistas de origen franc\u00e9s tambi\u00e9n han optado por el portugu\u00e9s, como <\/span><b>Laure Briard<\/b><span style=\"font-weight: 400;\">, <\/span><b>Pauline Croze <\/b><span style=\"font-weight: 400;\">y <\/span><b>Nicola S\u00f3n<\/b><span style=\"font-weight: 400;\">, pero tambi\u00e9n podemos citar el caso de muchos artistas brasile\u00f1os, caboverdianos y angole\u00f1os que han optado por fichar por sellos franceses para desarrollar su carrera, como la fallecida <\/span><b>Ces\u00e1ria Evora<\/b><span style=\"font-weight: 400;\">, pero tambi\u00e9n <\/span><b>Toquinho<\/b><span style=\"font-weight: 400;\">, <\/span><b>Bonga<\/b><span style=\"font-weight: 400;\">, <\/span><b>Lura<\/b><span style=\"font-weight: 400;\">, <\/span><b>Lucas Santtana<\/b><span style=\"font-weight: 400;\">, <\/span><b>Flavia Coelho<\/b><span style=\"font-weight: 400;\">, <\/span><b>Pongo <\/b><span style=\"font-weight: 400;\">y <\/span><b>Mayra Andrade<\/b><span style=\"font-weight: 400;\">.<\/span><\/p>\n<p><span style=\"font-weight: 400;\">Con motivo de la Temporada Francia-Portugal se ha anunciado la presentaci\u00f3n de m\u00e1s de 500 proyectos, incluidos 75 cruces entre artistas de los dos pa\u00edses, que podr\u00e1 encontrar en este enlace: <\/span><a href=\"https:\/\/linktr.ee\/\"><b>https:\/\/linktr.ee\/ seasonfranceportugal<\/b><\/a><span style=\"font-weight: 400;\">.<\/span><\/p>\n<p><span style=\"font-weight: 400;\">Del lado de What The France, te invitamos a descubrir <\/span><b>nuestra playlist \u201cWhat The Fran\u00e7e?! \u00caxitos Em Portugu\u00eas\u201d<\/b><span style=\"font-weight: 400;\">, que cuenta con algunas de las canciones m\u00e1s emblem\u00e1ticas cantadas total o parcialmente en portugu\u00e9s y producidas en Francia.<\/span><\/p>\n<div class=\"playListBloc singleBloc\"><div class=\"playListBloc-wrap\">    <div class=\"thumbnail\"><img data-src=\"https:\/\/whatthefrance.org\/wp-content\/uploads\/2022\/02\/WTF-Cover-Themes_Sucessos_Franceses_Em_Portugues-254x254.jpg\" class=\"lazyload\" alt=\"WTF&#8212;Cover-Th\u00e8mes_Sucessos_Franceses_Em_Portugu\u00eas\" \/>    <\/div>    <div class=\"infos\">        <span class=\"tag\">Themes<\/span>        <h2>Sucessos Franceses Em Portugu\u00eas<\/h2>        <span class=\"separator\"><\/span>       <span class=\"desc\">A selection of made in France productions, all including Portuguese language !<\/span><div class=\"share flex flexAlignCenter \">\t<span class=\"label\">Compartir<\/span>\t<a href=\"https:\/\/www.facebook.com\/sharer\/sharer.php?u=https:\/\/whatthefrance.org\/es\/playlists\/sucessos-franceses-em-portugues\/\" class=\"facebook\" target=\"_blank\" rel=\"noreferrer\">Facebook<\/a>\t<a href=\"https:\/\/twitter.com\/intent\/tweet?url=https:\/\/whatthefrance.org\/es\/playlists\/sucessos-franceses-em-portugues\/&text=Sucessos+Franceses+Em+Portugu%C3%AAs&hashtags=WTF\" class=\"twitter\" target=\"_blank\" rel=\"noreferrer\">Twitter<\/a>\t<a href=\"mailto:?subject=What%20the%20France%20%3A%20Sucessos%20Franceses%20Em%20Portugu%C3%AAs&body=https:\/\/whatthefrance.org\/es\/playlists\/sucessos-franceses-em-portugues\/\" class=\"mail\" target=\"_blank\" rel=\"noreferrer\">Email<\/a><\/div>        <a href=\"#\" class=\"btn btnPlaylist orange playlist-click\" data-id=\"37609\">            <svg version=\"1.1\" x=\"0px\" y=\"0px\" width=\"40px\" height=\"40px\" viewBox=\"0 0 213.7 213.7\" enable-background=\"new 0 0 213.7 213.7\" xml:space=\"preserve\">                <polygon class=\"triangle\" fill=\"none\" stroke-width=\"10\" stroke-linecap=\"round\" stroke-linejoin=\"round\" stroke-miterlimit=\"10\" points=\"\n            73.5,62.5 148.5,105.8 73.5,149.1 \"\/>                <circle class=\"circle\" fill=\"none\"  stroke-width=\"8\" stroke-linecap=\"round\" stroke-linejoin=\"round\" stroke-miterlimit=\"10\" cx=\"106.8\" cy=\"106.8\" r=\"103.3\"\/>                <circle class=\"circle-white\" fill=\"none\"  stroke-width=\"8\" stroke-linecap=\"round\" stroke-linejoin=\"round\" stroke-miterlimit=\"10\" cx=\"106.8\" cy=\"106.8\" r=\"103.3\"\/>            <\/svg>Escuchar        <\/a>    <\/div>  <\/div><\/div>\n","protected":false},"excerpt":{"rendered":"<p>Inicialmente programada entre julio de 2021 y febrero de 2022, la Temporada Francia-Portugal se tuvo que reprogramar debido a la crisis sanitaria producida por el Covid-19. Finalmente se llevar\u00e1 a cabo en ambos pa\u00edses, desde mediados de febrero hasta octubre. La direcci\u00f3n fue encomendada a Emmanuel Demarcy-Mota y la curadur\u00eda general estar\u00e1 a cargo de [&hellip;]<\/p>\n","protected":false},"author":35,"featured_media":0,"comment_status":"closed","ping_status":"closed","sticky":false,"template":"","format":"standard","meta":{"_acf_changed":false,"footnotes":""},"categories":[1966],"tags":[1925,1936,1945,1950],"class_list":["post-37527","post","type-post","status-publish","format-standard","hentry","category-playlist-es","tag-alternative-es","tag-electronic-es","tag-pop-es","tag-rock-es"],"acf":[],"yoast_head":"<!-- This site is optimized with the Yoast SEO plugin v27.3 - https:\/\/yoast.com\/product\/yoast-seo-wordpress\/ -->\n<title>Francia-Portugal Temporada 2022 | \u00a1Una playlist con canciones en portugu\u00e9s producidas en Francia! - What the France<\/title>\n<meta name=\"robots\" content=\"index, follow, max-snippet:-1, max-image-preview:large, max-video-preview:-1\" \/>\n<link rel=\"canonical\" href=\"https:\/\/whatthefrance.org\/es\/francia-portugal-temporada-2022-una-playlist-con-canciones-en-portugues-producidas-en-francia\/\" \/>\n<meta property=\"og:locale\" content=\"es_ES\" \/>\n<meta property=\"og:type\" content=\"article\" \/>\n<meta property=\"og:title\" content=\"Francia-Portugal Temporada 2022 | \u00a1Una playlist con canciones en portugu\u00e9s producidas en Francia! - What the France\" \/>\n<meta property=\"og:description\" content=\"Inicialmente programada entre julio de 2021 y febrero de 2022, la Temporada Francia-Portugal se tuvo que reprogramar debido a la crisis sanitaria producida por el Covid-19. Finalmente se llevar\u00e1 a cabo en ambos pa\u00edses, desde mediados de febrero hasta octubre. La direcci\u00f3n fue encomendada a Emmanuel Demarcy-Mota y la curadur\u00eda general estar\u00e1 a cargo de [&hellip;]\" \/>\n<meta property=\"og:url\" content=\"https:\/\/whatthefrance.org\/es\/francia-portugal-temporada-2022-una-playlist-con-canciones-en-portugues-producidas-en-francia\/\" \/>\n<meta property=\"og:site_name\" content=\"What the France\" \/>\n<meta property=\"article:published_time\" content=\"2022-02-10T14:26:23+00:00\" \/>\n<meta property=\"article:modified_time\" content=\"2022-02-11T15:21:50+00:00\" \/>\n<meta property=\"og:image\" content=\"https:\/\/whatthefrance.org\/wp-content\/uploads\/2022\/02\/portugal_what_the_france-2.png\" \/>\n\t<meta property=\"og:image:width\" content=\"1084\" \/>\n\t<meta property=\"og:image:height\" content=\"452\" \/>\n<meta name=\"author\" content=\"ultrapop-gustavo\" \/>\n<meta name=\"twitter:card\" content=\"summary_large_image\" \/>\n<meta name=\"twitter:label1\" content=\"Escrito por\" \/>\n\t<meta name=\"twitter:data1\" content=\"ultrapop-gustavo\" \/>\n\t<meta name=\"twitter:label2\" content=\"Tiempo de lectura\" \/>\n\t<meta name=\"twitter:data2\" content=\"2 minutos\" \/>\n<script type=\"application\/ld+json\" class=\"yoast-schema-graph\">{\"@context\":\"https:\\\/\\\/schema.org\",\"@graph\":[{\"@type\":\"Article\",\"@id\":\"https:\\\/\\\/whatthefrance.org\\\/es\\\/francia-portugal-temporada-2022-una-playlist-con-canciones-en-portugues-producidas-en-francia\\\/#article\",\"isPartOf\":{\"@id\":\"https:\\\/\\\/whatthefrance.org\\\/es\\\/francia-portugal-temporada-2022-una-playlist-con-canciones-en-portugues-producidas-en-francia\\\/\"},\"author\":{\"name\":\"ultrapop-gustavo\",\"@id\":\"https:\\\/\\\/whatthefrance.org\\\/es\\\/#\\\/schema\\\/person\\\/ec6689bd96bf81ba9dcf2264cb54c946\"},\"headline\":\"Francia-Portugal Temporada 2022 | \u00a1Una playlist con canciones en portugu\u00e9s producidas en Francia!\",\"datePublished\":\"2022-02-10T14:26:23+00:00\",\"dateModified\":\"2022-02-11T15:21:50+00:00\",\"mainEntityOfPage\":{\"@id\":\"https:\\\/\\\/whatthefrance.org\\\/es\\\/francia-portugal-temporada-2022-una-playlist-con-canciones-en-portugues-producidas-en-francia\\\/\"},\"wordCount\":495,\"publisher\":{\"@id\":\"https:\\\/\\\/whatthefrance.org\\\/es\\\/#organization\"},\"keywords\":[\"Alternative\",\"Electronic\",\"Pop\",\"Rock\"],\"articleSection\":[\"Playlist\"],\"inLanguage\":\"es\"},{\"@type\":\"WebPage\",\"@id\":\"https:\\\/\\\/whatthefrance.org\\\/es\\\/francia-portugal-temporada-2022-una-playlist-con-canciones-en-portugues-producidas-en-francia\\\/\",\"url\":\"https:\\\/\\\/whatthefrance.org\\\/es\\\/francia-portugal-temporada-2022-una-playlist-con-canciones-en-portugues-producidas-en-francia\\\/\",\"name\":\"Francia-Portugal Temporada 2022 | \u00a1Una playlist con canciones en portugu\u00e9s producidas en Francia! - What the France\",\"isPartOf\":{\"@id\":\"https:\\\/\\\/whatthefrance.org\\\/es\\\/#website\"},\"datePublished\":\"2022-02-10T14:26:23+00:00\",\"dateModified\":\"2022-02-11T15:21:50+00:00\",\"breadcrumb\":{\"@id\":\"https:\\\/\\\/whatthefrance.org\\\/es\\\/francia-portugal-temporada-2022-una-playlist-con-canciones-en-portugues-producidas-en-francia\\\/#breadcrumb\"},\"inLanguage\":\"es\",\"potentialAction\":[{\"@type\":\"ReadAction\",\"target\":[\"https:\\\/\\\/whatthefrance.org\\\/es\\\/francia-portugal-temporada-2022-una-playlist-con-canciones-en-portugues-producidas-en-francia\\\/\"]}]},{\"@type\":\"BreadcrumbList\",\"@id\":\"https:\\\/\\\/whatthefrance.org\\\/es\\\/francia-portugal-temporada-2022-una-playlist-con-canciones-en-portugues-producidas-en-francia\\\/#breadcrumb\",\"itemListElement\":[{\"@type\":\"ListItem\",\"position\":1,\"name\":\"Home\",\"item\":\"https:\\\/\\\/whatthefrance.org\\\/es\\\/\"},{\"@type\":\"ListItem\",\"position\":2,\"name\":\"Francia-Portugal Temporada 2022 | \u00a1Una playlist con canciones en portugu\u00e9s producidas en Francia!\"}]},{\"@type\":\"WebSite\",\"@id\":\"https:\\\/\\\/whatthefrance.org\\\/es\\\/#website\",\"url\":\"https:\\\/\\\/whatthefrance.org\\\/es\\\/\",\"name\":\"What the France\",\"description\":\"The finest music made in France !\",\"publisher\":{\"@id\":\"https:\\\/\\\/whatthefrance.org\\\/es\\\/#organization\"},\"potentialAction\":[{\"@type\":\"SearchAction\",\"target\":{\"@type\":\"EntryPoint\",\"urlTemplate\":\"https:\\\/\\\/whatthefrance.org\\\/es\\\/?s={search_term_string}\"},\"query-input\":{\"@type\":\"PropertyValueSpecification\",\"valueRequired\":true,\"valueName\":\"search_term_string\"}}],\"inLanguage\":\"es\"},{\"@type\":\"Organization\",\"@id\":\"https:\\\/\\\/whatthefrance.org\\\/es\\\/#organization\",\"name\":\"What The France\",\"url\":\"https:\\\/\\\/whatthefrance.org\\\/es\\\/\",\"logo\":{\"@type\":\"ImageObject\",\"inLanguage\":\"es\",\"@id\":\"https:\\\/\\\/whatthefrance.org\\\/es\\\/#\\\/schema\\\/logo\\\/image\\\/\",\"url\":\"https:\\\/\\\/whatthefrance.org\\\/wp-content\\\/uploads\\\/2019\\\/12\\\/44688719_2251580388408837_694180218134331392_n-e1577679609190.png\",\"contentUrl\":\"https:\\\/\\\/whatthefrance.org\\\/wp-content\\\/uploads\\\/2019\\\/12\\\/44688719_2251580388408837_694180218134331392_n-e1577679609190.png\",\"width\":200,\"height\":200,\"caption\":\"What The France\"},\"image\":{\"@id\":\"https:\\\/\\\/whatthefrance.org\\\/es\\\/#\\\/schema\\\/logo\\\/image\\\/\"}},{\"@type\":\"Person\",\"@id\":\"https:\\\/\\\/whatthefrance.org\\\/es\\\/#\\\/schema\\\/person\\\/ec6689bd96bf81ba9dcf2264cb54c946\",\"name\":\"ultrapop-gustavo\",\"image\":{\"@type\":\"ImageObject\",\"inLanguage\":\"es\",\"@id\":\"https:\\\/\\\/secure.gravatar.com\\\/avatar\\\/9f35e3e5944405caa221d3f9ae6c981bac53ada24e0340936c6d6364326ab920?s=96&d=mm&r=g\",\"url\":\"https:\\\/\\\/secure.gravatar.com\\\/avatar\\\/9f35e3e5944405caa221d3f9ae6c981bac53ada24e0340936c6d6364326ab920?s=96&d=mm&r=g\",\"contentUrl\":\"https:\\\/\\\/secure.gravatar.com\\\/avatar\\\/9f35e3e5944405caa221d3f9ae6c981bac53ada24e0340936c6d6364326ab920?s=96&d=mm&r=g\",\"caption\":\"ultrapop-gustavo\"}}]}<\/script>\n<!-- \/ Yoast SEO plugin. -->","yoast_head_json":{"title":"Francia-Portugal Temporada 2022 | \u00a1Una playlist con canciones en portugu\u00e9s producidas en Francia! - What the France","robots":{"index":"index","follow":"follow","max-snippet":"max-snippet:-1","max-image-preview":"max-image-preview:large","max-video-preview":"max-video-preview:-1"},"canonical":"https:\/\/whatthefrance.org\/es\/francia-portugal-temporada-2022-una-playlist-con-canciones-en-portugues-producidas-en-francia\/","og_locale":"es_ES","og_type":"article","og_title":"Francia-Portugal Temporada 2022 | \u00a1Una playlist con canciones en portugu\u00e9s producidas en Francia! - What the France","og_description":"Inicialmente programada entre julio de 2021 y febrero de 2022, la Temporada Francia-Portugal se tuvo que reprogramar debido a la crisis sanitaria producida por el Covid-19. Finalmente se llevar\u00e1 a cabo en ambos pa\u00edses, desde mediados de febrero hasta octubre. La direcci\u00f3n fue encomendada a Emmanuel Demarcy-Mota y la curadur\u00eda general estar\u00e1 a cargo de [&hellip;]","og_url":"https:\/\/whatthefrance.org\/es\/francia-portugal-temporada-2022-una-playlist-con-canciones-en-portugues-producidas-en-francia\/","og_site_name":"What the France","article_published_time":"2022-02-10T14:26:23+00:00","article_modified_time":"2022-02-11T15:21:50+00:00","og_image":[{"url":"https:\/\/whatthefrance.org\/wp-content\/uploads\/2022\/02\/portugal_what_the_france-2.png","height":452,"width":1084,"type":""}],"author":"ultrapop-gustavo","twitter_card":"summary_large_image","twitter_misc":{"Escrito por":"ultrapop-gustavo","Tiempo de lectura":"2 minutos"},"schema":{"@context":"https:\/\/schema.org","@graph":[{"@type":"Article","@id":"https:\/\/whatthefrance.org\/es\/francia-portugal-temporada-2022-una-playlist-con-canciones-en-portugues-producidas-en-francia\/#article","isPartOf":{"@id":"https:\/\/whatthefrance.org\/es\/francia-portugal-temporada-2022-una-playlist-con-canciones-en-portugues-producidas-en-francia\/"},"author":{"name":"ultrapop-gustavo","@id":"https:\/\/whatthefrance.org\/es\/#\/schema\/person\/ec6689bd96bf81ba9dcf2264cb54c946"},"headline":"Francia-Portugal Temporada 2022 | \u00a1Una playlist con canciones en portugu\u00e9s producidas en Francia!","datePublished":"2022-02-10T14:26:23+00:00","dateModified":"2022-02-11T15:21:50+00:00","mainEntityOfPage":{"@id":"https:\/\/whatthefrance.org\/es\/francia-portugal-temporada-2022-una-playlist-con-canciones-en-portugues-producidas-en-francia\/"},"wordCount":495,"publisher":{"@id":"https:\/\/whatthefrance.org\/es\/#organization"},"keywords":["Alternative","Electronic","Pop","Rock"],"articleSection":["Playlist"],"inLanguage":"es"},{"@type":"WebPage","@id":"https:\/\/whatthefrance.org\/es\/francia-portugal-temporada-2022-una-playlist-con-canciones-en-portugues-producidas-en-francia\/","url":"https:\/\/whatthefrance.org\/es\/francia-portugal-temporada-2022-una-playlist-con-canciones-en-portugues-producidas-en-francia\/","name":"Francia-Portugal Temporada 2022 | \u00a1Una playlist con canciones en portugu\u00e9s producidas en Francia! - What the France","isPartOf":{"@id":"https:\/\/whatthefrance.org\/es\/#website"},"datePublished":"2022-02-10T14:26:23+00:00","dateModified":"2022-02-11T15:21:50+00:00","breadcrumb":{"@id":"https:\/\/whatthefrance.org\/es\/francia-portugal-temporada-2022-una-playlist-con-canciones-en-portugues-producidas-en-francia\/#breadcrumb"},"inLanguage":"es","potentialAction":[{"@type":"ReadAction","target":["https:\/\/whatthefrance.org\/es\/francia-portugal-temporada-2022-una-playlist-con-canciones-en-portugues-producidas-en-francia\/"]}]},{"@type":"BreadcrumbList","@id":"https:\/\/whatthefrance.org\/es\/francia-portugal-temporada-2022-una-playlist-con-canciones-en-portugues-producidas-en-francia\/#breadcrumb","itemListElement":[{"@type":"ListItem","position":1,"name":"Home","item":"https:\/\/whatthefrance.org\/es\/"},{"@type":"ListItem","position":2,"name":"Francia-Portugal Temporada 2022 | \u00a1Una playlist con canciones en portugu\u00e9s producidas en Francia!"}]},{"@type":"WebSite","@id":"https:\/\/whatthefrance.org\/es\/#website","url":"https:\/\/whatthefrance.org\/es\/","name":"What the France","description":"The finest music made in France !","publisher":{"@id":"https:\/\/whatthefrance.org\/es\/#organization"},"potentialAction":[{"@type":"SearchAction","target":{"@type":"EntryPoint","urlTemplate":"https:\/\/whatthefrance.org\/es\/?s={search_term_string}"},"query-input":{"@type":"PropertyValueSpecification","valueRequired":true,"valueName":"search_term_string"}}],"inLanguage":"es"},{"@type":"Organization","@id":"https:\/\/whatthefrance.org\/es\/#organization","name":"What The France","url":"https:\/\/whatthefrance.org\/es\/","logo":{"@type":"ImageObject","inLanguage":"es","@id":"https:\/\/whatthefrance.org\/es\/#\/schema\/logo\/image\/","url":"https:\/\/whatthefrance.org\/wp-content\/uploads\/2019\/12\/44688719_2251580388408837_694180218134331392_n-e1577679609190.png","contentUrl":"https:\/\/whatthefrance.org\/wp-content\/uploads\/2019\/12\/44688719_2251580388408837_694180218134331392_n-e1577679609190.png","width":200,"height":200,"caption":"What The France"},"image":{"@id":"https:\/\/whatthefrance.org\/es\/#\/schema\/logo\/image\/"}},{"@type":"Person","@id":"https:\/\/whatthefrance.org\/es\/#\/schema\/person\/ec6689bd96bf81ba9dcf2264cb54c946","name":"ultrapop-gustavo","image":{"@type":"ImageObject","inLanguage":"es","@id":"https:\/\/secure.gravatar.com\/avatar\/9f35e3e5944405caa221d3f9ae6c981bac53ada24e0340936c6d6364326ab920?s=96&d=mm&r=g","url":"https:\/\/secure.gravatar.com\/avatar\/9f35e3e5944405caa221d3f9ae6c981bac53ada24e0340936c6d6364326ab920?s=96&d=mm&r=g","contentUrl":"https:\/\/secure.gravatar.com\/avatar\/9f35e3e5944405caa221d3f9ae6c981bac53ada24e0340936c6d6364326ab920?s=96&d=mm&r=g","caption":"ultrapop-gustavo"}}]}},"_links":{"self":[{"href":"https:\/\/whatthefrance.org\/es\/wp-json\/wp\/v2\/posts\/37527","targetHints":{"allow":["GET"]}}],"collection":[{"href":"https:\/\/whatthefrance.org\/es\/wp-json\/wp\/v2\/posts"}],"about":[{"href":"https:\/\/whatthefrance.org\/es\/wp-json\/wp\/v2\/types\/post"}],"author":[{"embeddable":true,"href":"https:\/\/whatthefrance.org\/es\/wp-json\/wp\/v2\/users\/35"}],"replies":[{"embeddable":true,"href":"https:\/\/whatthefrance.org\/es\/wp-json\/wp\/v2\/comments?post=37527"}],"version-history":[{"count":5,"href":"https:\/\/whatthefrance.org\/es\/wp-json\/wp\/v2\/posts\/37527\/revisions"}],"predecessor-version":[{"id":37616,"href":"https:\/\/whatthefrance.org\/es\/wp-json\/wp\/v2\/posts\/37527\/revisions\/37616"}],"wp:attachment":[{"href":"https:\/\/whatthefrance.org\/es\/wp-json\/wp\/v2\/media?parent=37527"}],"wp:term":[{"taxonomy":"category","embeddable":true,"href":"https:\/\/whatthefrance.org\/es\/wp-json\/wp\/v2\/categories?post=37527"},{"taxonomy":"post_tag","embeddable":true,"href":"https:\/\/whatthefrance.org\/es\/wp-json\/wp\/v2\/tags?post=37527"}],"curies":[{"name":"wp","href":"https:\/\/api.w.org\/{rel}","templated":true}]}}