{"id":39040,"date":"2022-03-14T16:02:09","date_gmt":"2022-03-14T15:02:09","guid":{"rendered":"https:\/\/whatthefrance.org\/?p=39040"},"modified":"2022-03-14T20:55:46","modified_gmt":"2022-03-14T19:55:46","slug":"semana-de-la-lengua-francesa-y-la-francofonia-la-chanson-francesa-en-la-mira-de-what-the-france","status":"publish","type":"post","link":"https:\/\/whatthefrance.org\/es\/semana-de-la-lengua-francesa-y-la-francofonia-la-chanson-francesa-en-la-mira-de-what-the-france\/","title":{"rendered":"Semana de la Lengua Francesa y la Francofon\u00eda | \u00a1La chanson francesa en la mira de What The France!"},"content":{"rendered":"<p><span style=\"font-weight: 400;\">Del s\u00e1bado 12 al domingo 20 de marzo celebramos la <\/span><b>Semana de la Lengua Francesa y de la Francofon\u00eda<\/b><span style=\"font-weight: 400;\">, una iniciativa ideada por el Ministerio de Cultura en 1996 que honra a la lengua de Moli\u00e8re en todas sus formas. Esta 27\u00aa edici\u00f3n tiene como lema <\/span><b>\u201c\u00e7a (d)\u00e9tonne\u201d,<\/b><span style=\"font-weight: 400;\"> para hacer sonar y vibrar la pasi\u00f3n por la lengua francesa en todos los continentes, bajo el padrinazgo del actor, humorista y director Michel Boujenah.<\/span><\/p>\n<p><span style=\"font-weight: 400;\">Organizado cada a\u00f1o alrededor del 20 de marzo, <\/span><b>D\u00eda Internacional de la Francofon\u00eda<\/b><span style=\"font-weight: 400;\">, la Semana de la lengua francesa y La Francofon\u00eda es el lugar de encuentro ideal para los amantes del idioma. Ofrece la oportunidad de celebrar la lengua francesa mostrando su apego y celebrando su riqueza y modernidad con eventos festivos y divertidos. Recordamos de paso que el franc\u00e9s es actualmente la quinta lengua m\u00e1s hablada a escala mundial, tras el chino mandar\u00edn, el ingl\u00e9s, el espa\u00f1ol y el \u00e1rabe. El franc\u00e9s y el ingl\u00e9s son los \u00fanicos idiomas presentes en los cinco continentes. En 2018 se estim\u00f3 que de 106 pa\u00edses y territorios, 300 millones de personas se han comunicado en franc\u00e9s.<\/span><\/p>\n<p><b>Descubra el programa completo de la Semana de la Lengua Francesa y la Francofon\u00eda aqu\u00ed<\/b><span style=\"font-weight: 400;\">: <\/span><a href=\"https:\/\/semainelanguefrancaise.culture.gouv.fr\/\"><b>https:\/\/semainelanguefrancaise.culture.gouv.fr\/<\/b><\/a><span style=\"font-weight: 400;\">.<\/span><\/p>\n<p><span style=\"font-weight: 400;\">Del lado de What The France hemos optado por celebrar al idioma desde lo musical, por lo que les invitamos a escuchar <\/span><b>nuestra selecci\u00f3n de canciones de chanson francesa<\/b><span style=\"font-weight: 400;\">, es decir, un total de 80 piezas que incluyen las \u00faltimas novedades de artistas como Zaz, Barbara Pravi, Clara Luciani, Carla Bruni, Vanessa Paradis y Adrien Gallo, Vianney y Mentissa, Grand Corps Malade y Kimberose, Julien Dor\u00e9e y Eddy de Pretto, Joyce Jonathan e Ibrahim Maalouf, -M-, Marc Lavoine, Clea Vincent , B\u00e9nabar y Renaud, Gauvain Sers, Alain Souchon, Louane, P.R2B, Tibz, Emma Peters, Iliona, Lonny, Gael Faure, Anna Majidson, Baptiste Ventadour, Keren Ann, Achile, Clair y Bernard Lavilliers.<\/span><\/p>\n<p><span style=\"font-weight: 400;\"><div class=\"playListBloc singleBloc\"><div class=\"playListBloc-wrap\">    <div class=\"thumbnail\"><img data-src=\"https:\/\/whatthefrance.org\/wp-content\/uploads\/2018\/11\/wtf-pochettes_chanson_3-254x254.jpg\" class=\"lazyload\" alt=\"wtf&#8212;pochettes_chanson_3\" \/>    <\/div>    <div class=\"infos\">        <span class=\"tag\">Genres<\/span>        <h2>Pardon My Chanson<\/h2>        <span class=\"separator\"><\/span>       <span class=\"desc\">Sing along with to the latest French chanson hits made in France. <\/span><div class=\"share flex flexAlignCenter \">\t<span class=\"label\">Compartir<\/span>\t<a href=\"https:\/\/www.facebook.com\/sharer\/sharer.php?u=https:\/\/whatthefrance.org\/es\/playlists\/pardon-my-chanson\/\" class=\"facebook\" target=\"_blank\" rel=\"noreferrer\">Facebook<\/a>\t<a href=\"https:\/\/twitter.com\/intent\/tweet?url=https:\/\/whatthefrance.org\/es\/playlists\/pardon-my-chanson\/&text=Pardon+My+Chanson&hashtags=WTF\" class=\"twitter\" target=\"_blank\" rel=\"noreferrer\">Twitter<\/a>\t<a href=\"mailto:?subject=What%20the%20France%20%3A%20Pardon%20My%20Chanson&body=https:\/\/whatthefrance.org\/es\/playlists\/pardon-my-chanson\/\" class=\"mail\" target=\"_blank\" rel=\"noreferrer\">Email<\/a><\/div>        <a href=\"#\" class=\"btn btnPlaylist orange playlist-click\" data-id=\"9897\">            <svg version=\"1.1\" x=\"0px\" y=\"0px\" width=\"40px\" height=\"40px\" viewBox=\"0 0 213.7 213.7\" enable-background=\"new 0 0 213.7 213.7\" xml:space=\"preserve\">                <polygon class=\"triangle\" fill=\"none\" stroke-width=\"10\" stroke-linecap=\"round\" stroke-linejoin=\"round\" stroke-miterlimit=\"10\" points=\"\n            73.5,62.5 148.5,105.8 73.5,149.1 \"\/>                <circle class=\"circle\" fill=\"none\"  stroke-width=\"8\" stroke-linecap=\"round\" stroke-linejoin=\"round\" stroke-miterlimit=\"10\" cx=\"106.8\" cy=\"106.8\" r=\"103.3\"\/>                <circle class=\"circle-white\" fill=\"none\"  stroke-width=\"8\" stroke-linecap=\"round\" stroke-linejoin=\"round\" stroke-miterlimit=\"10\" cx=\"106.8\" cy=\"106.8\" r=\"103.3\"\/>            <\/svg>Escuchar        <\/a>    <\/div>  <\/div><\/div><\/span><\/p>\n","protected":false},"excerpt":{"rendered":"<p>Del s\u00e1bado 12 al domingo 20 de marzo celebramos la Semana de la Lengua Francesa y de la Francofon\u00eda, una iniciativa ideada por el Ministerio de Cultura en 1996 que honra a la lengua de Moli\u00e8re en todas sus formas. Esta 27\u00aa edici\u00f3n tiene como lema \u201c\u00e7a (d)\u00e9tonne\u201d, para hacer sonar y vibrar la pasi\u00f3n [&hellip;]<\/p>\n","protected":false},"author":35,"featured_media":0,"comment_status":"closed","ping_status":"closed","sticky":false,"template":"","format":"standard","meta":{"_acf_changed":false,"footnotes":""},"categories":[1965],"tags":[1928],"class_list":["post-39040","post","type-post","status-publish","format-standard","hentry","category-events-es","tag-chanson-es"],"acf":[],"yoast_head":"<!-- This site is optimized with the Yoast SEO plugin v27.3 - https:\/\/yoast.com\/product\/yoast-seo-wordpress\/ -->\n<title>Semana de la Lengua Francesa y la Francofon\u00eda | \u00a1La chanson francesa en la mira de What The France! - What the France<\/title>\n<meta name=\"robots\" content=\"index, follow, max-snippet:-1, max-image-preview:large, max-video-preview:-1\" \/>\n<link rel=\"canonical\" href=\"https:\/\/whatthefrance.org\/es\/semana-de-la-lengua-francesa-y-la-francofonia-la-chanson-francesa-en-la-mira-de-what-the-france\/\" \/>\n<meta property=\"og:locale\" content=\"es_ES\" \/>\n<meta property=\"og:type\" content=\"article\" \/>\n<meta property=\"og:title\" content=\"Semana de la Lengua Francesa y la Francofon\u00eda | \u00a1La chanson francesa en la mira de What The France! - What the France\" \/>\n<meta property=\"og:description\" content=\"Del s\u00e1bado 12 al domingo 20 de marzo celebramos la Semana de la Lengua Francesa y de la Francofon\u00eda, una iniciativa ideada por el Ministerio de Cultura en 1996 que honra a la lengua de Moli\u00e8re en todas sus formas. Esta 27\u00aa edici\u00f3n tiene como lema \u201c\u00e7a (d)\u00e9tonne\u201d, para hacer sonar y vibrar la pasi\u00f3n [&hellip;]\" \/>\n<meta property=\"og:url\" content=\"https:\/\/whatthefrance.org\/es\/semana-de-la-lengua-francesa-y-la-francofonia-la-chanson-francesa-en-la-mira-de-what-the-france\/\" \/>\n<meta property=\"og:site_name\" content=\"What the France\" \/>\n<meta property=\"article:published_time\" content=\"2022-03-14T15:02:09+00:00\" \/>\n<meta property=\"article:modified_time\" content=\"2022-03-14T19:55:46+00:00\" \/>\n<meta property=\"og:image\" content=\"https:\/\/whatthefrance.org\/wp-content\/uploads\/2022\/03\/semaine_fanco-_what_the_france.png\" \/>\n\t<meta property=\"og:image:width\" content=\"1084\" \/>\n\t<meta property=\"og:image:height\" content=\"452\" \/>\n<meta name=\"author\" content=\"ultrapop-gustavo\" \/>\n<meta name=\"twitter:card\" content=\"summary_large_image\" \/>\n<meta name=\"twitter:label1\" content=\"Escrito por\" \/>\n\t<meta name=\"twitter:data1\" content=\"ultrapop-gustavo\" \/>\n\t<meta name=\"twitter:label2\" content=\"Tiempo de lectura\" \/>\n\t<meta name=\"twitter:data2\" content=\"2 minutos\" \/>\n<script type=\"application\/ld+json\" class=\"yoast-schema-graph\">{\"@context\":\"https:\\\/\\\/schema.org\",\"@graph\":[{\"@type\":\"Article\",\"@id\":\"https:\\\/\\\/whatthefrance.org\\\/es\\\/semana-de-la-lengua-francesa-y-la-francofonia-la-chanson-francesa-en-la-mira-de-what-the-france\\\/#article\",\"isPartOf\":{\"@id\":\"https:\\\/\\\/whatthefrance.org\\\/es\\\/semana-de-la-lengua-francesa-y-la-francofonia-la-chanson-francesa-en-la-mira-de-what-the-france\\\/\"},\"author\":{\"name\":\"ultrapop-gustavo\",\"@id\":\"https:\\\/\\\/whatthefrance.org\\\/es\\\/#\\\/schema\\\/person\\\/ec6689bd96bf81ba9dcf2264cb54c946\"},\"headline\":\"Semana de la Lengua Francesa y la Francofon\u00eda | \u00a1La chanson francesa en la mira de What The France!\",\"datePublished\":\"2022-03-14T15:02:09+00:00\",\"dateModified\":\"2022-03-14T19:55:46+00:00\",\"mainEntityOfPage\":{\"@id\":\"https:\\\/\\\/whatthefrance.org\\\/es\\\/semana-de-la-lengua-francesa-y-la-francofonia-la-chanson-francesa-en-la-mira-de-what-the-france\\\/\"},\"wordCount\":352,\"publisher\":{\"@id\":\"https:\\\/\\\/whatthefrance.org\\\/es\\\/#organization\"},\"keywords\":[\"Chanson\"],\"articleSection\":[\"Event\"],\"inLanguage\":\"es\"},{\"@type\":\"WebPage\",\"@id\":\"https:\\\/\\\/whatthefrance.org\\\/es\\\/semana-de-la-lengua-francesa-y-la-francofonia-la-chanson-francesa-en-la-mira-de-what-the-france\\\/\",\"url\":\"https:\\\/\\\/whatthefrance.org\\\/es\\\/semana-de-la-lengua-francesa-y-la-francofonia-la-chanson-francesa-en-la-mira-de-what-the-france\\\/\",\"name\":\"Semana de la Lengua Francesa y la Francofon\u00eda | \u00a1La chanson francesa en la mira de What The France! - What the France\",\"isPartOf\":{\"@id\":\"https:\\\/\\\/whatthefrance.org\\\/es\\\/#website\"},\"datePublished\":\"2022-03-14T15:02:09+00:00\",\"dateModified\":\"2022-03-14T19:55:46+00:00\",\"breadcrumb\":{\"@id\":\"https:\\\/\\\/whatthefrance.org\\\/es\\\/semana-de-la-lengua-francesa-y-la-francofonia-la-chanson-francesa-en-la-mira-de-what-the-france\\\/#breadcrumb\"},\"inLanguage\":\"es\",\"potentialAction\":[{\"@type\":\"ReadAction\",\"target\":[\"https:\\\/\\\/whatthefrance.org\\\/es\\\/semana-de-la-lengua-francesa-y-la-francofonia-la-chanson-francesa-en-la-mira-de-what-the-france\\\/\"]}]},{\"@type\":\"BreadcrumbList\",\"@id\":\"https:\\\/\\\/whatthefrance.org\\\/es\\\/semana-de-la-lengua-francesa-y-la-francofonia-la-chanson-francesa-en-la-mira-de-what-the-france\\\/#breadcrumb\",\"itemListElement\":[{\"@type\":\"ListItem\",\"position\":1,\"name\":\"Home\",\"item\":\"https:\\\/\\\/whatthefrance.org\\\/es\\\/\"},{\"@type\":\"ListItem\",\"position\":2,\"name\":\"Semana de la Lengua Francesa y la Francofon\u00eda | \u00a1La chanson francesa en la mira de What The France!\"}]},{\"@type\":\"WebSite\",\"@id\":\"https:\\\/\\\/whatthefrance.org\\\/es\\\/#website\",\"url\":\"https:\\\/\\\/whatthefrance.org\\\/es\\\/\",\"name\":\"What the France\",\"description\":\"The finest music made in France !\",\"publisher\":{\"@id\":\"https:\\\/\\\/whatthefrance.org\\\/es\\\/#organization\"},\"potentialAction\":[{\"@type\":\"SearchAction\",\"target\":{\"@type\":\"EntryPoint\",\"urlTemplate\":\"https:\\\/\\\/whatthefrance.org\\\/es\\\/?s={search_term_string}\"},\"query-input\":{\"@type\":\"PropertyValueSpecification\",\"valueRequired\":true,\"valueName\":\"search_term_string\"}}],\"inLanguage\":\"es\"},{\"@type\":\"Organization\",\"@id\":\"https:\\\/\\\/whatthefrance.org\\\/es\\\/#organization\",\"name\":\"What The France\",\"url\":\"https:\\\/\\\/whatthefrance.org\\\/es\\\/\",\"logo\":{\"@type\":\"ImageObject\",\"inLanguage\":\"es\",\"@id\":\"https:\\\/\\\/whatthefrance.org\\\/es\\\/#\\\/schema\\\/logo\\\/image\\\/\",\"url\":\"https:\\\/\\\/whatthefrance.org\\\/wp-content\\\/uploads\\\/2019\\\/12\\\/44688719_2251580388408837_694180218134331392_n-e1577679609190.png\",\"contentUrl\":\"https:\\\/\\\/whatthefrance.org\\\/wp-content\\\/uploads\\\/2019\\\/12\\\/44688719_2251580388408837_694180218134331392_n-e1577679609190.png\",\"width\":200,\"height\":200,\"caption\":\"What The France\"},\"image\":{\"@id\":\"https:\\\/\\\/whatthefrance.org\\\/es\\\/#\\\/schema\\\/logo\\\/image\\\/\"}},{\"@type\":\"Person\",\"@id\":\"https:\\\/\\\/whatthefrance.org\\\/es\\\/#\\\/schema\\\/person\\\/ec6689bd96bf81ba9dcf2264cb54c946\",\"name\":\"ultrapop-gustavo\",\"image\":{\"@type\":\"ImageObject\",\"inLanguage\":\"es\",\"@id\":\"https:\\\/\\\/secure.gravatar.com\\\/avatar\\\/9f35e3e5944405caa221d3f9ae6c981bac53ada24e0340936c6d6364326ab920?s=96&d=mm&r=g\",\"url\":\"https:\\\/\\\/secure.gravatar.com\\\/avatar\\\/9f35e3e5944405caa221d3f9ae6c981bac53ada24e0340936c6d6364326ab920?s=96&d=mm&r=g\",\"contentUrl\":\"https:\\\/\\\/secure.gravatar.com\\\/avatar\\\/9f35e3e5944405caa221d3f9ae6c981bac53ada24e0340936c6d6364326ab920?s=96&d=mm&r=g\",\"caption\":\"ultrapop-gustavo\"}}]}<\/script>\n<!-- \/ Yoast SEO plugin. -->","yoast_head_json":{"title":"Semana de la Lengua Francesa y la Francofon\u00eda | \u00a1La chanson francesa en la mira de What The France! - What the France","robots":{"index":"index","follow":"follow","max-snippet":"max-snippet:-1","max-image-preview":"max-image-preview:large","max-video-preview":"max-video-preview:-1"},"canonical":"https:\/\/whatthefrance.org\/es\/semana-de-la-lengua-francesa-y-la-francofonia-la-chanson-francesa-en-la-mira-de-what-the-france\/","og_locale":"es_ES","og_type":"article","og_title":"Semana de la Lengua Francesa y la Francofon\u00eda | \u00a1La chanson francesa en la mira de What The France! - What the France","og_description":"Del s\u00e1bado 12 al domingo 20 de marzo celebramos la Semana de la Lengua Francesa y de la Francofon\u00eda, una iniciativa ideada por el Ministerio de Cultura en 1996 que honra a la lengua de Moli\u00e8re en todas sus formas. Esta 27\u00aa edici\u00f3n tiene como lema \u201c\u00e7a (d)\u00e9tonne\u201d, para hacer sonar y vibrar la pasi\u00f3n [&hellip;]","og_url":"https:\/\/whatthefrance.org\/es\/semana-de-la-lengua-francesa-y-la-francofonia-la-chanson-francesa-en-la-mira-de-what-the-france\/","og_site_name":"What the France","article_published_time":"2022-03-14T15:02:09+00:00","article_modified_time":"2022-03-14T19:55:46+00:00","og_image":[{"url":"https:\/\/whatthefrance.org\/wp-content\/uploads\/2022\/03\/semaine_fanco-_what_the_france.png","height":452,"width":1084,"type":""}],"author":"ultrapop-gustavo","twitter_card":"summary_large_image","twitter_misc":{"Escrito por":"ultrapop-gustavo","Tiempo de lectura":"2 minutos"},"schema":{"@context":"https:\/\/schema.org","@graph":[{"@type":"Article","@id":"https:\/\/whatthefrance.org\/es\/semana-de-la-lengua-francesa-y-la-francofonia-la-chanson-francesa-en-la-mira-de-what-the-france\/#article","isPartOf":{"@id":"https:\/\/whatthefrance.org\/es\/semana-de-la-lengua-francesa-y-la-francofonia-la-chanson-francesa-en-la-mira-de-what-the-france\/"},"author":{"name":"ultrapop-gustavo","@id":"https:\/\/whatthefrance.org\/es\/#\/schema\/person\/ec6689bd96bf81ba9dcf2264cb54c946"},"headline":"Semana de la Lengua Francesa y la Francofon\u00eda | \u00a1La chanson francesa en la mira de What The France!","datePublished":"2022-03-14T15:02:09+00:00","dateModified":"2022-03-14T19:55:46+00:00","mainEntityOfPage":{"@id":"https:\/\/whatthefrance.org\/es\/semana-de-la-lengua-francesa-y-la-francofonia-la-chanson-francesa-en-la-mira-de-what-the-france\/"},"wordCount":352,"publisher":{"@id":"https:\/\/whatthefrance.org\/es\/#organization"},"keywords":["Chanson"],"articleSection":["Event"],"inLanguage":"es"},{"@type":"WebPage","@id":"https:\/\/whatthefrance.org\/es\/semana-de-la-lengua-francesa-y-la-francofonia-la-chanson-francesa-en-la-mira-de-what-the-france\/","url":"https:\/\/whatthefrance.org\/es\/semana-de-la-lengua-francesa-y-la-francofonia-la-chanson-francesa-en-la-mira-de-what-the-france\/","name":"Semana de la Lengua Francesa y la Francofon\u00eda | \u00a1La chanson francesa en la mira de What The France! - What the France","isPartOf":{"@id":"https:\/\/whatthefrance.org\/es\/#website"},"datePublished":"2022-03-14T15:02:09+00:00","dateModified":"2022-03-14T19:55:46+00:00","breadcrumb":{"@id":"https:\/\/whatthefrance.org\/es\/semana-de-la-lengua-francesa-y-la-francofonia-la-chanson-francesa-en-la-mira-de-what-the-france\/#breadcrumb"},"inLanguage":"es","potentialAction":[{"@type":"ReadAction","target":["https:\/\/whatthefrance.org\/es\/semana-de-la-lengua-francesa-y-la-francofonia-la-chanson-francesa-en-la-mira-de-what-the-france\/"]}]},{"@type":"BreadcrumbList","@id":"https:\/\/whatthefrance.org\/es\/semana-de-la-lengua-francesa-y-la-francofonia-la-chanson-francesa-en-la-mira-de-what-the-france\/#breadcrumb","itemListElement":[{"@type":"ListItem","position":1,"name":"Home","item":"https:\/\/whatthefrance.org\/es\/"},{"@type":"ListItem","position":2,"name":"Semana de la Lengua Francesa y la Francofon\u00eda | \u00a1La chanson francesa en la mira de What The France!"}]},{"@type":"WebSite","@id":"https:\/\/whatthefrance.org\/es\/#website","url":"https:\/\/whatthefrance.org\/es\/","name":"What the France","description":"The finest music made in France !","publisher":{"@id":"https:\/\/whatthefrance.org\/es\/#organization"},"potentialAction":[{"@type":"SearchAction","target":{"@type":"EntryPoint","urlTemplate":"https:\/\/whatthefrance.org\/es\/?s={search_term_string}"},"query-input":{"@type":"PropertyValueSpecification","valueRequired":true,"valueName":"search_term_string"}}],"inLanguage":"es"},{"@type":"Organization","@id":"https:\/\/whatthefrance.org\/es\/#organization","name":"What The France","url":"https:\/\/whatthefrance.org\/es\/","logo":{"@type":"ImageObject","inLanguage":"es","@id":"https:\/\/whatthefrance.org\/es\/#\/schema\/logo\/image\/","url":"https:\/\/whatthefrance.org\/wp-content\/uploads\/2019\/12\/44688719_2251580388408837_694180218134331392_n-e1577679609190.png","contentUrl":"https:\/\/whatthefrance.org\/wp-content\/uploads\/2019\/12\/44688719_2251580388408837_694180218134331392_n-e1577679609190.png","width":200,"height":200,"caption":"What The France"},"image":{"@id":"https:\/\/whatthefrance.org\/es\/#\/schema\/logo\/image\/"}},{"@type":"Person","@id":"https:\/\/whatthefrance.org\/es\/#\/schema\/person\/ec6689bd96bf81ba9dcf2264cb54c946","name":"ultrapop-gustavo","image":{"@type":"ImageObject","inLanguage":"es","@id":"https:\/\/secure.gravatar.com\/avatar\/9f35e3e5944405caa221d3f9ae6c981bac53ada24e0340936c6d6364326ab920?s=96&d=mm&r=g","url":"https:\/\/secure.gravatar.com\/avatar\/9f35e3e5944405caa221d3f9ae6c981bac53ada24e0340936c6d6364326ab920?s=96&d=mm&r=g","contentUrl":"https:\/\/secure.gravatar.com\/avatar\/9f35e3e5944405caa221d3f9ae6c981bac53ada24e0340936c6d6364326ab920?s=96&d=mm&r=g","caption":"ultrapop-gustavo"}}]}},"_links":{"self":[{"href":"https:\/\/whatthefrance.org\/es\/wp-json\/wp\/v2\/posts\/39040","targetHints":{"allow":["GET"]}}],"collection":[{"href":"https:\/\/whatthefrance.org\/es\/wp-json\/wp\/v2\/posts"}],"about":[{"href":"https:\/\/whatthefrance.org\/es\/wp-json\/wp\/v2\/types\/post"}],"author":[{"embeddable":true,"href":"https:\/\/whatthefrance.org\/es\/wp-json\/wp\/v2\/users\/35"}],"replies":[{"embeddable":true,"href":"https:\/\/whatthefrance.org\/es\/wp-json\/wp\/v2\/comments?post=39040"}],"version-history":[{"count":3,"href":"https:\/\/whatthefrance.org\/es\/wp-json\/wp\/v2\/posts\/39040\/revisions"}],"predecessor-version":[{"id":39054,"href":"https:\/\/whatthefrance.org\/es\/wp-json\/wp\/v2\/posts\/39040\/revisions\/39054"}],"wp:attachment":[{"href":"https:\/\/whatthefrance.org\/es\/wp-json\/wp\/v2\/media?parent=39040"}],"wp:term":[{"taxonomy":"category","embeddable":true,"href":"https:\/\/whatthefrance.org\/es\/wp-json\/wp\/v2\/categories?post=39040"},{"taxonomy":"post_tag","embeddable":true,"href":"https:\/\/whatthefrance.org\/es\/wp-json\/wp\/v2\/tags?post=39040"}],"curies":[{"name":"wp","href":"https:\/\/api.w.org\/{rel}","templated":true}]}}