{"id":39697,"date":"2022-03-23T10:00:09","date_gmt":"2022-03-23T09:00:09","guid":{"rendered":"https:\/\/whatthefrance.org\/?p=39697"},"modified":"2022-03-22T15:13:24","modified_gmt":"2022-03-22T14:13:24","slug":"selah-sue-presenta-su-nuevo-album-titulado-persona","status":"publish","type":"post","link":"https:\/\/whatthefrance.org\/es\/selah-sue-presenta-su-nuevo-album-titulado-persona\/","title":{"rendered":"Selah Sue | Nuevo \u00e1lbum: Persona"},"content":{"rendered":"<p><a href=\"https:\/\/fra01.safelinks.protection.outlook.com\/?url=http%3A%2F%2Fwww.selahsue.com%2F&amp;data=04%7C01%7Cmarie-sophie.cazin%40cnm.fr%7C2a0db5ca202a431ea28f08da0b24b905%7Cba774e6290394882a8cac4a49ebaf0d1%7C1%7C0%7C637834549589210584%7CUnknown%7CTWFpbGZsb3d8eyJWIjoiMC4wLjAwMDAiLCJQIjoiV2luMzIiLCJBTiI6Ik1haWwiLCJXVCI6Mn0%3D%7C3000&amp;sdata=pd8cqRhx2S8z1gbvgveQ017agepvoWPM%2BL8Xsac6UkU%3D&amp;reserved=0\"><b>Selah Sue<\/b><\/a><span style=\"font-weight: 400;\"> lanzar\u00e1 el 25 de marzo su tercer \u00e1lbum, <\/span><b><i>Persona<\/i><\/b><span style=\"font-weight: 400;\">, a trav\u00e9s del sello franc\u00e9s Because Music. La artista se hizo un nombre en 2011 con una primera obra hom\u00f3nima, que r\u00e1pidamente lleg\u00f3 a Disco de Platino.<\/span><\/p>\n<p><iframe loading=\"lazy\" title=\"Selah Sue - Pills (Official Video)\" width=\"500\" height=\"281\" src=\"https:\/\/www.youtube.com\/embed\/bymS5ayKqok?feature=oembed\" frameborder=\"0\" allow=\"accelerometer; autoplay; clipboard-write; encrypted-media; gyroscope; picture-in-picture; web-share\" referrerpolicy=\"strict-origin-when-cross-origin\" allowfullscreen><\/iframe><\/p>\n<p><span style=\"font-weight: 400;\">En su nuevo \u00e1lbum de estudio, Selah presenta un trabajo imposible de categorizar, en el que su humor inimitable causa estragos.<\/span><\/p>\n<p><span style=\"font-weight: 400;\">\u201cEs obvio que todos reunimos muchas, muchas personalidades\u201d, dice en relaci\u00f3n a <\/span><b><i>Persona<\/i><\/b><span style=\"font-weight: 400;\">. De hecho, ha estado investigando este tema intensamente durante los \u00faltimos tres a\u00f1os, tras comenzar una forma de terapia llamada \u201cTerapia Vocal\u201d (Voice Dialog Therapy) desde 2018, durante la cual el paciente observa intensamente su propia psiquis. Por lo tanto est\u00e1 completamente comprometida con su terapia, y ha hecho de esta metodolog\u00eda el coraz\u00f3n de su nuevo \u00e1lbum: el resultado suena tan variado y multifac\u00e9tico como la propia cantautora.<\/span><\/p>\n<p><b><i>Persona<\/i><\/b><span style=\"font-weight: 400;\"> es un \u00e1lbum que trata sobre los rasgos y los roles de los personajes, recorriendo las muchas facetas que componen a la propia Selah Sue. La cantautora belga expone en este \u00e1lbum todos los aspectos de su compleja personalidad: es perfeccionista pero de alguna manera quiere complacer a todos. Es madre y melanc\u00f3lica. Es la mayor cr\u00edtica de s\u00ed misma y, por otro lado, es una artista a la que le encanta estar en el escenario y llamar la atenci\u00f3n. Estos aspectos de su personalidad, y muchos m\u00e1s, compiten por la atenci\u00f3n en este nuevo \u00e1lbum.<\/span><\/p>\n<p><span style=\"font-weight: 400;\"><div class=\"playListBloc singleBloc\"><div class=\"playListBloc-wrap\">    <div class=\"thumbnail\"><img data-src=\"https:\/\/whatthefrance.org\/wp-content\/uploads\/2018\/11\/TEMPLATE-POCHETTE-GENRE-pop-Louane-254x254.jpg\" class=\"lazyload\" alt=\"TEMPLATE POCHETTE GENRE &#8211; pop &#8211; Louane\" \/>    <\/div>    <div class=\"infos\">        <span class=\"tag\">Genres<\/span>        <h2>Pop The Champagne<\/h2>        <span class=\"separator\"><\/span>       <span class=\"desc\">Listen to the latest pop music hits made in France.<\/span><div class=\"share flex flexAlignCenter \">\t<span class=\"label\">Compartir<\/span>\t<a href=\"https:\/\/www.facebook.com\/sharer\/sharer.php?u=https:\/\/whatthefrance.org\/es\/playlists\/pop-the-champagne\/\" class=\"facebook\" target=\"_blank\" rel=\"noreferrer\">Facebook<\/a>\t<a href=\"https:\/\/twitter.com\/intent\/tweet?url=https:\/\/whatthefrance.org\/es\/playlists\/pop-the-champagne\/&text=Pop+The+Champagne&hashtags=WTF\" class=\"twitter\" target=\"_blank\" rel=\"noreferrer\">Twitter<\/a>\t<a href=\"mailto:?subject=What%20the%20France%20%3A%20Pop%20The%20Champagne&body=https:\/\/whatthefrance.org\/es\/playlists\/pop-the-champagne\/\" class=\"mail\" target=\"_blank\" rel=\"noreferrer\">Email<\/a><\/div>        <a href=\"#\" class=\"btn btnPlaylist orange playlist-click\" data-id=\"9899\">            <svg version=\"1.1\" x=\"0px\" y=\"0px\" width=\"40px\" height=\"40px\" viewBox=\"0 0 213.7 213.7\" enable-background=\"new 0 0 213.7 213.7\" xml:space=\"preserve\">                <polygon class=\"triangle\" fill=\"none\" stroke-width=\"10\" stroke-linecap=\"round\" stroke-linejoin=\"round\" stroke-miterlimit=\"10\" points=\"\n            73.5,62.5 148.5,105.8 73.5,149.1 \"\/>                <circle class=\"circle\" fill=\"none\"  stroke-width=\"8\" stroke-linecap=\"round\" stroke-linejoin=\"round\" stroke-miterlimit=\"10\" cx=\"106.8\" cy=\"106.8\" r=\"103.3\"\/>                <circle class=\"circle-white\" fill=\"none\"  stroke-width=\"8\" stroke-linecap=\"round\" stroke-linejoin=\"round\" stroke-miterlimit=\"10\" cx=\"106.8\" cy=\"106.8\" r=\"103.3\"\/>            <\/svg>Escuchar        <\/a>    <\/div>  <\/div><\/div><\/span><\/p>\n","protected":false},"excerpt":{"rendered":"<p>Selah Sue lanzar\u00e1 el 25 de marzo su tercer \u00e1lbum, Persona, a trav\u00e9s del sello franc\u00e9s Because Music. La artista se hizo un nombre en 2011 con una primera obra hom\u00f3nima, que r\u00e1pidamente lleg\u00f3 a Disco de Platino. En su nuevo \u00e1lbum de estudio, Selah presenta un trabajo imposible de categorizar, en el que su [&hellip;]<\/p>\n","protected":false},"author":35,"featured_media":0,"comment_status":"closed","ping_status":"closed","sticky":false,"template":"","format":"standard","meta":{"_acf_changed":false,"footnotes":""},"categories":[1968],"tags":[1932,1945],"class_list":["post-39697","post","type-post","status-publish","format-standard","hentry","category-release-es","tag-disco-es","tag-pop-es"],"acf":[],"yoast_head":"<!-- This site is optimized with the Yoast SEO plugin v27.3 - https:\/\/yoast.com\/product\/yoast-seo-wordpress\/ -->\n<title>Selah Sue | Nuevo \u00e1lbum: Persona - What the France<\/title>\n<meta name=\"robots\" content=\"index, follow, max-snippet:-1, max-image-preview:large, max-video-preview:-1\" \/>\n<link rel=\"canonical\" href=\"https:\/\/whatthefrance.org\/es\/selah-sue-presenta-su-nuevo-album-titulado-persona\/\" \/>\n<meta property=\"og:locale\" content=\"es_ES\" \/>\n<meta property=\"og:type\" content=\"article\" \/>\n<meta property=\"og:title\" content=\"Selah Sue | Nuevo \u00e1lbum: Persona - What the France\" \/>\n<meta property=\"og:description\" content=\"Selah Sue lanzar\u00e1 el 25 de marzo su tercer \u00e1lbum, Persona, a trav\u00e9s del sello franc\u00e9s Because Music. La artista se hizo un nombre en 2011 con una primera obra hom\u00f3nima, que r\u00e1pidamente lleg\u00f3 a Disco de Platino. En su nuevo \u00e1lbum de estudio, Selah presenta un trabajo imposible de categorizar, en el que su [&hellip;]\" \/>\n<meta property=\"og:url\" content=\"https:\/\/whatthefrance.org\/es\/selah-sue-presenta-su-nuevo-album-titulado-persona\/\" \/>\n<meta property=\"og:site_name\" content=\"What the France\" \/>\n<meta property=\"article:published_time\" content=\"2022-03-23T09:00:09+00:00\" \/>\n<meta property=\"og:image\" content=\"https:\/\/whatthefrance.org\/wp-content\/uploads\/2022\/03\/Selah_Sue-_what_the_france.png\" \/>\n\t<meta property=\"og:image:width\" content=\"1084\" \/>\n\t<meta property=\"og:image:height\" content=\"452\" \/>\n<meta name=\"author\" content=\"ultrapop-gustavo\" \/>\n<meta name=\"twitter:card\" content=\"summary_large_image\" \/>\n<meta name=\"twitter:label1\" content=\"Escrito por\" \/>\n\t<meta name=\"twitter:data1\" content=\"ultrapop-gustavo\" \/>\n\t<meta name=\"twitter:label2\" content=\"Tiempo de lectura\" \/>\n\t<meta name=\"twitter:data2\" content=\"1 minuto\" \/>\n<script type=\"application\/ld+json\" class=\"yoast-schema-graph\">{\"@context\":\"https:\\\/\\\/schema.org\",\"@graph\":[{\"@type\":\"Article\",\"@id\":\"https:\\\/\\\/whatthefrance.org\\\/es\\\/selah-sue-presenta-su-nuevo-album-titulado-persona\\\/#article\",\"isPartOf\":{\"@id\":\"https:\\\/\\\/whatthefrance.org\\\/es\\\/selah-sue-presenta-su-nuevo-album-titulado-persona\\\/\"},\"author\":{\"name\":\"ultrapop-gustavo\",\"@id\":\"https:\\\/\\\/whatthefrance.org\\\/es\\\/#\\\/schema\\\/person\\\/ec6689bd96bf81ba9dcf2264cb54c946\"},\"headline\":\"Selah Sue | Nuevo \u00e1lbum: Persona\",\"datePublished\":\"2022-03-23T09:00:09+00:00\",\"mainEntityOfPage\":{\"@id\":\"https:\\\/\\\/whatthefrance.org\\\/es\\\/selah-sue-presenta-su-nuevo-album-titulado-persona\\\/\"},\"wordCount\":261,\"publisher\":{\"@id\":\"https:\\\/\\\/whatthefrance.org\\\/es\\\/#organization\"},\"keywords\":[\"Disco\",\"Pop\"],\"articleSection\":[\"Release\"],\"inLanguage\":\"es\"},{\"@type\":\"WebPage\",\"@id\":\"https:\\\/\\\/whatthefrance.org\\\/es\\\/selah-sue-presenta-su-nuevo-album-titulado-persona\\\/\",\"url\":\"https:\\\/\\\/whatthefrance.org\\\/es\\\/selah-sue-presenta-su-nuevo-album-titulado-persona\\\/\",\"name\":\"Selah Sue | Nuevo \u00e1lbum: Persona - What the France\",\"isPartOf\":{\"@id\":\"https:\\\/\\\/whatthefrance.org\\\/es\\\/#website\"},\"datePublished\":\"2022-03-23T09:00:09+00:00\",\"breadcrumb\":{\"@id\":\"https:\\\/\\\/whatthefrance.org\\\/es\\\/selah-sue-presenta-su-nuevo-album-titulado-persona\\\/#breadcrumb\"},\"inLanguage\":\"es\",\"potentialAction\":[{\"@type\":\"ReadAction\",\"target\":[\"https:\\\/\\\/whatthefrance.org\\\/es\\\/selah-sue-presenta-su-nuevo-album-titulado-persona\\\/\"]}]},{\"@type\":\"BreadcrumbList\",\"@id\":\"https:\\\/\\\/whatthefrance.org\\\/es\\\/selah-sue-presenta-su-nuevo-album-titulado-persona\\\/#breadcrumb\",\"itemListElement\":[{\"@type\":\"ListItem\",\"position\":1,\"name\":\"Home\",\"item\":\"https:\\\/\\\/whatthefrance.org\\\/es\\\/\"},{\"@type\":\"ListItem\",\"position\":2,\"name\":\"Selah Sue | Nuevo \u00e1lbum: Persona\"}]},{\"@type\":\"WebSite\",\"@id\":\"https:\\\/\\\/whatthefrance.org\\\/es\\\/#website\",\"url\":\"https:\\\/\\\/whatthefrance.org\\\/es\\\/\",\"name\":\"What the France\",\"description\":\"The finest music made in France !\",\"publisher\":{\"@id\":\"https:\\\/\\\/whatthefrance.org\\\/es\\\/#organization\"},\"potentialAction\":[{\"@type\":\"SearchAction\",\"target\":{\"@type\":\"EntryPoint\",\"urlTemplate\":\"https:\\\/\\\/whatthefrance.org\\\/es\\\/?s={search_term_string}\"},\"query-input\":{\"@type\":\"PropertyValueSpecification\",\"valueRequired\":true,\"valueName\":\"search_term_string\"}}],\"inLanguage\":\"es\"},{\"@type\":\"Organization\",\"@id\":\"https:\\\/\\\/whatthefrance.org\\\/es\\\/#organization\",\"name\":\"What The France\",\"url\":\"https:\\\/\\\/whatthefrance.org\\\/es\\\/\",\"logo\":{\"@type\":\"ImageObject\",\"inLanguage\":\"es\",\"@id\":\"https:\\\/\\\/whatthefrance.org\\\/es\\\/#\\\/schema\\\/logo\\\/image\\\/\",\"url\":\"https:\\\/\\\/whatthefrance.org\\\/wp-content\\\/uploads\\\/2019\\\/12\\\/44688719_2251580388408837_694180218134331392_n-e1577679609190.png\",\"contentUrl\":\"https:\\\/\\\/whatthefrance.org\\\/wp-content\\\/uploads\\\/2019\\\/12\\\/44688719_2251580388408837_694180218134331392_n-e1577679609190.png\",\"width\":200,\"height\":200,\"caption\":\"What The France\"},\"image\":{\"@id\":\"https:\\\/\\\/whatthefrance.org\\\/es\\\/#\\\/schema\\\/logo\\\/image\\\/\"}},{\"@type\":\"Person\",\"@id\":\"https:\\\/\\\/whatthefrance.org\\\/es\\\/#\\\/schema\\\/person\\\/ec6689bd96bf81ba9dcf2264cb54c946\",\"name\":\"ultrapop-gustavo\",\"image\":{\"@type\":\"ImageObject\",\"inLanguage\":\"es\",\"@id\":\"https:\\\/\\\/secure.gravatar.com\\\/avatar\\\/9f35e3e5944405caa221d3f9ae6c981bac53ada24e0340936c6d6364326ab920?s=96&d=mm&r=g\",\"url\":\"https:\\\/\\\/secure.gravatar.com\\\/avatar\\\/9f35e3e5944405caa221d3f9ae6c981bac53ada24e0340936c6d6364326ab920?s=96&d=mm&r=g\",\"contentUrl\":\"https:\\\/\\\/secure.gravatar.com\\\/avatar\\\/9f35e3e5944405caa221d3f9ae6c981bac53ada24e0340936c6d6364326ab920?s=96&d=mm&r=g\",\"caption\":\"ultrapop-gustavo\"}}]}<\/script>\n<!-- \/ Yoast SEO plugin. -->","yoast_head_json":{"title":"Selah Sue | Nuevo \u00e1lbum: Persona - What the France","robots":{"index":"index","follow":"follow","max-snippet":"max-snippet:-1","max-image-preview":"max-image-preview:large","max-video-preview":"max-video-preview:-1"},"canonical":"https:\/\/whatthefrance.org\/es\/selah-sue-presenta-su-nuevo-album-titulado-persona\/","og_locale":"es_ES","og_type":"article","og_title":"Selah Sue | Nuevo \u00e1lbum: Persona - What the France","og_description":"Selah Sue lanzar\u00e1 el 25 de marzo su tercer \u00e1lbum, Persona, a trav\u00e9s del sello franc\u00e9s Because Music. La artista se hizo un nombre en 2011 con una primera obra hom\u00f3nima, que r\u00e1pidamente lleg\u00f3 a Disco de Platino. En su nuevo \u00e1lbum de estudio, Selah presenta un trabajo imposible de categorizar, en el que su [&hellip;]","og_url":"https:\/\/whatthefrance.org\/es\/selah-sue-presenta-su-nuevo-album-titulado-persona\/","og_site_name":"What the France","article_published_time":"2022-03-23T09:00:09+00:00","og_image":[{"url":"https:\/\/whatthefrance.org\/wp-content\/uploads\/2022\/03\/Selah_Sue-_what_the_france.png","height":452,"width":1084,"type":""}],"author":"ultrapop-gustavo","twitter_card":"summary_large_image","twitter_misc":{"Escrito por":"ultrapop-gustavo","Tiempo de lectura":"1 minuto"},"schema":{"@context":"https:\/\/schema.org","@graph":[{"@type":"Article","@id":"https:\/\/whatthefrance.org\/es\/selah-sue-presenta-su-nuevo-album-titulado-persona\/#article","isPartOf":{"@id":"https:\/\/whatthefrance.org\/es\/selah-sue-presenta-su-nuevo-album-titulado-persona\/"},"author":{"name":"ultrapop-gustavo","@id":"https:\/\/whatthefrance.org\/es\/#\/schema\/person\/ec6689bd96bf81ba9dcf2264cb54c946"},"headline":"Selah Sue | Nuevo \u00e1lbum: Persona","datePublished":"2022-03-23T09:00:09+00:00","mainEntityOfPage":{"@id":"https:\/\/whatthefrance.org\/es\/selah-sue-presenta-su-nuevo-album-titulado-persona\/"},"wordCount":261,"publisher":{"@id":"https:\/\/whatthefrance.org\/es\/#organization"},"keywords":["Disco","Pop"],"articleSection":["Release"],"inLanguage":"es"},{"@type":"WebPage","@id":"https:\/\/whatthefrance.org\/es\/selah-sue-presenta-su-nuevo-album-titulado-persona\/","url":"https:\/\/whatthefrance.org\/es\/selah-sue-presenta-su-nuevo-album-titulado-persona\/","name":"Selah Sue | Nuevo \u00e1lbum: Persona - What the France","isPartOf":{"@id":"https:\/\/whatthefrance.org\/es\/#website"},"datePublished":"2022-03-23T09:00:09+00:00","breadcrumb":{"@id":"https:\/\/whatthefrance.org\/es\/selah-sue-presenta-su-nuevo-album-titulado-persona\/#breadcrumb"},"inLanguage":"es","potentialAction":[{"@type":"ReadAction","target":["https:\/\/whatthefrance.org\/es\/selah-sue-presenta-su-nuevo-album-titulado-persona\/"]}]},{"@type":"BreadcrumbList","@id":"https:\/\/whatthefrance.org\/es\/selah-sue-presenta-su-nuevo-album-titulado-persona\/#breadcrumb","itemListElement":[{"@type":"ListItem","position":1,"name":"Home","item":"https:\/\/whatthefrance.org\/es\/"},{"@type":"ListItem","position":2,"name":"Selah Sue | Nuevo \u00e1lbum: Persona"}]},{"@type":"WebSite","@id":"https:\/\/whatthefrance.org\/es\/#website","url":"https:\/\/whatthefrance.org\/es\/","name":"What the France","description":"The finest music made in France !","publisher":{"@id":"https:\/\/whatthefrance.org\/es\/#organization"},"potentialAction":[{"@type":"SearchAction","target":{"@type":"EntryPoint","urlTemplate":"https:\/\/whatthefrance.org\/es\/?s={search_term_string}"},"query-input":{"@type":"PropertyValueSpecification","valueRequired":true,"valueName":"search_term_string"}}],"inLanguage":"es"},{"@type":"Organization","@id":"https:\/\/whatthefrance.org\/es\/#organization","name":"What The France","url":"https:\/\/whatthefrance.org\/es\/","logo":{"@type":"ImageObject","inLanguage":"es","@id":"https:\/\/whatthefrance.org\/es\/#\/schema\/logo\/image\/","url":"https:\/\/whatthefrance.org\/wp-content\/uploads\/2019\/12\/44688719_2251580388408837_694180218134331392_n-e1577679609190.png","contentUrl":"https:\/\/whatthefrance.org\/wp-content\/uploads\/2019\/12\/44688719_2251580388408837_694180218134331392_n-e1577679609190.png","width":200,"height":200,"caption":"What The France"},"image":{"@id":"https:\/\/whatthefrance.org\/es\/#\/schema\/logo\/image\/"}},{"@type":"Person","@id":"https:\/\/whatthefrance.org\/es\/#\/schema\/person\/ec6689bd96bf81ba9dcf2264cb54c946","name":"ultrapop-gustavo","image":{"@type":"ImageObject","inLanguage":"es","@id":"https:\/\/secure.gravatar.com\/avatar\/9f35e3e5944405caa221d3f9ae6c981bac53ada24e0340936c6d6364326ab920?s=96&d=mm&r=g","url":"https:\/\/secure.gravatar.com\/avatar\/9f35e3e5944405caa221d3f9ae6c981bac53ada24e0340936c6d6364326ab920?s=96&d=mm&r=g","contentUrl":"https:\/\/secure.gravatar.com\/avatar\/9f35e3e5944405caa221d3f9ae6c981bac53ada24e0340936c6d6364326ab920?s=96&d=mm&r=g","caption":"ultrapop-gustavo"}}]}},"_links":{"self":[{"href":"https:\/\/whatthefrance.org\/es\/wp-json\/wp\/v2\/posts\/39697","targetHints":{"allow":["GET"]}}],"collection":[{"href":"https:\/\/whatthefrance.org\/es\/wp-json\/wp\/v2\/posts"}],"about":[{"href":"https:\/\/whatthefrance.org\/es\/wp-json\/wp\/v2\/types\/post"}],"author":[{"embeddable":true,"href":"https:\/\/whatthefrance.org\/es\/wp-json\/wp\/v2\/users\/35"}],"replies":[{"embeddable":true,"href":"https:\/\/whatthefrance.org\/es\/wp-json\/wp\/v2\/comments?post=39697"}],"version-history":[{"count":3,"href":"https:\/\/whatthefrance.org\/es\/wp-json\/wp\/v2\/posts\/39697\/revisions"}],"predecessor-version":[{"id":40005,"href":"https:\/\/whatthefrance.org\/es\/wp-json\/wp\/v2\/posts\/39697\/revisions\/40005"}],"wp:attachment":[{"href":"https:\/\/whatthefrance.org\/es\/wp-json\/wp\/v2\/media?parent=39697"}],"wp:term":[{"taxonomy":"category","embeddable":true,"href":"https:\/\/whatthefrance.org\/es\/wp-json\/wp\/v2\/categories?post=39697"},{"taxonomy":"post_tag","embeddable":true,"href":"https:\/\/whatthefrance.org\/es\/wp-json\/wp\/v2\/tags?post=39697"}],"curies":[{"name":"wp","href":"https:\/\/api.w.org\/{rel}","templated":true}]}}