{"id":43057,"date":"2022-06-02T10:00:29","date_gmt":"2022-06-02T08:00:29","guid":{"rendered":"https:\/\/whatthefrance.org\/?p=43057"},"modified":"2022-06-03T20:42:20","modified_gmt":"2022-06-03T18:42:20","slug":"llega-la-made-in-france-selection-de-tracy-de-sa","status":"publish","type":"post","link":"https:\/\/whatthefrance.org\/es\/llega-la-made-in-france-selection-de-tracy-de-sa\/","title":{"rendered":"Llega la \u201cMade In France Selection\u201d de Tracy de S\u00e1"},"content":{"rendered":"<p><span style=\"font-weight: 400;\">Evidentemente feminista y orgullosa de ello en medio de un ambiente del hip-hop dominado por hombres, <\/span><a href=\"https:\/\/www.facebook.com\/TracyDeSaMusic\"><b>Tracy de S\u00e1<\/b><\/a><span style=\"font-weight: 400;\"> usa su flow y su t\u00e9cnica, influenciada por la escucha intensiva del rap de los 90, para poner a los hombres a sus pies. Desc\u00fabralo a trav\u00e9s de nuestro nuevo v\u00eddeo <\/span><b>\u201cAn Exclusive Made In France Selection by Tracy de S\u00e1\u201d<\/b><span style=\"font-weight: 400;\">.<\/span><\/p>\n<p><iframe loading=\"lazy\" title=\"Made In France Selection by Tracy De Sa  - What the France\" width=\"500\" height=\"281\" src=\"https:\/\/www.youtube.com\/embed\/YfURIprPjzg?feature=oembed\" frameborder=\"0\" allow=\"accelerometer; autoplay; clipboard-write; encrypted-media; gyroscope; picture-in-picture; web-share\" referrerpolicy=\"strict-origin-when-cross-origin\" allowfullscreen><\/iframe><\/p>\n<h3><b>C\u00f3moda en todas partes<\/b><\/h3>\n<p><span style=\"font-weight: 400;\">Nacida en la India, Tracy de S\u00e1 vivi\u00f3 un apenas un tiempo de su infancia en Portugal, luego fue a Espa\u00f1a como adolescente antes de establecerse en Francia: volver sobre el itinerario de vida de Tracy De S\u00e1 requiere seguir una ruta de varios miles de kil\u00f3metros alrededor del mundo. Primero eligi\u00f3 formarse dentro del baile y las batallas de freestyle antes de agarrar un bol\u00edgrafo y una hoja para comenzar a escribir sus propias canciones. Con gestos, actitud y un estado de \u00e1nimo militante, todo reflejaba en ella una inexplorada aptitud para la m\u00fasica urbana. En el escenario -su ring- ajusta los detalles, mejora todo lo que se puede mejorar y trabaja a fondo sus conciertos para llevarlos a una perfecci\u00f3n.<\/span><\/p>\n<h3><b>Los inicios de su carrera<\/b><\/h3>\n<p><span style=\"font-weight: 400;\">Tracy de S\u00e1 comenz\u00f3 a rapear en 2013, cuando particip\u00f3 en el proyecto ac\u00fastico XKAEM dando su primer concierto al a\u00f1o siguiente, antes de lanzar su primer mixtape con el productor Gate, al que titul\u00f3 <\/span><b>\u201cAlpha Female\u201d<\/b><span style=\"font-weight: 400;\">. Juntos trabajaron tambi\u00e9n en el sencillo <\/span><b>\u201cBattery Low\u201d<\/b><span style=\"font-weight: 400;\">, que se lanz\u00f3 en 2016. Un a\u00f1o despu\u00e9s, en colaboraci\u00f3n con Creativ Music Group, produjeron el sencillo <\/span><b>\u201cBring back hip-hop\u201d<\/b><span style=\"font-weight: 400;\">. Y despu\u00e9s de muchas experiencias vividas, Tracy conoci\u00f3 a Comix Delbiagio en 2016, el DJ oficial del colectivo de rap Ta Croix Rousse. En 2017 se uni\u00f3 a Plan B, un proyecto de apoyo a artistas organizado por Bizarre!, donde le ofrec\u00edan supervisi\u00f3n y un espacio de trabajo para perfeccionar la puesta en escena de sus shows.<\/span><\/p>\n<p><iframe loading=\"lazy\" title=\"Tracy De S\u00e1 - Bring Back Hip Hop\" width=\"500\" height=\"281\" src=\"https:\/\/www.youtube.com\/embed\/5H2oxha3RRc?feature=oembed\" frameborder=\"0\" allow=\"accelerometer; autoplay; clipboard-write; encrypted-media; gyroscope; picture-in-picture; web-share\" referrerpolicy=\"strict-origin-when-cross-origin\" allowfullscreen><\/iframe><\/p>\n<p><span style=\"font-weight: 400;\">En 2018, el Printemps de Bourges con el Inou\u00efs le dio la bienvenida a Tracy de S\u00e1. El a\u00f1o continu\u00f3 con su firma en el sello discogr\u00e1fico Ovastand y con la producci\u00f3n de <\/span><b><i>Commotion<\/i><\/b><span style=\"font-weight: 400;\">, su primer \u00e1lbum. En enero de 2019 lleg\u00f3 hasta la semifinal del programa \u201cDestination Eurovisi\u00f3n\u201d, donde present\u00f3 la canci\u00f3n <\/span><b>\u201cPor aqu\u00ed\u201d<\/b><span style=\"font-weight: 400;\">. Esta canci\u00f3n triling\u00fce fue muy bien recibida por el p\u00fablico europeo, pero especialmente por Espa\u00f1a, pa\u00eds que la vio crecer, lo que le permiti\u00f3 participar en la Pre Party organizada por Eurovisi\u00f3n Espa\u00f1a en Madrid en abril del mismo a\u00f1o.<\/span><\/p>\n<p><span style=\"font-weight: 400;\">Con la llegada de su segundo \u00e1lbum, <\/span><b><i>In Power<\/i><\/b><span style=\"font-weight: 400;\">, lanzado por Ovastand en 2021, Tracy quiso ir m\u00e1s all\u00e1 para devolverle a las mujeres el lugar que se merecen en nuestra sociedad. Sin tab\u00faes y sin pudor aborda temas como la sexualidad y el placer femenino, la reapropiaci\u00f3n de sus cuerpos, el poder, la libertad, el orgullo de ser quienes son, el orgullo de ser mujer. El simple <\/span><b>\u201cBig shot\u201d<\/b><span style=\"font-weight: 400;\"> se sincroniz\u00f3 con la campa\u00f1a publicitaria mundial del tel\u00e9fono Galaxy S21 de Samsung, lo que le permiti\u00f3 llegar a una audiencia m\u00e1s amplia y variada.<\/span><\/p>\n<p><iframe loading=\"lazy\" title=\"Tracy De S\u00e1 - Big Shot (Official Video)\" width=\"500\" height=\"281\" src=\"https:\/\/www.youtube.com\/embed\/ZjoSvmWwu5s?feature=oembed\" frameborder=\"0\" allow=\"accelerometer; autoplay; clipboard-write; encrypted-media; gyroscope; picture-in-picture; web-share\" referrerpolicy=\"strict-origin-when-cross-origin\" allowfullscreen><\/iframe><\/p>\n<p><span style=\"font-weight: 400;\">Descubra su playlist exclusiva para What The France, donde encontrar\u00e1 una selecci\u00f3n que privilegia los talentos femeninos \u201cmade in France\u201d con canciones de Davinhor &amp; Le Juiice, Lazuli &amp; King Doudou, X-Man &amp; LMK &amp; Natoxie, Vicky R, Liza Monet, Bianca Costa &amp; Bol\u00e9mvn, Heart, Ena\u00e9, Nayra, Slia, Doria, Soumeya, Keny Arkana, Sianna, Lora Yeniche, Amalia, Moona, Juste Shani, Alm\u00e4 Mango, Ma\u00efcee, Kitsune Kendra, Th\u00e9r\u00e8se y de Fl\u00e9che Love &amp; Rone.<\/span><\/p>\n<p><span style=\"font-weight: 400;\"><div class=\"playListBloc singleBloc\"><div class=\"playListBloc-wrap\">    <div class=\"thumbnail\"><img data-src=\"https:\/\/whatthefrance.org\/wp-content\/uploads\/2022\/06\/WTF-Cover-Collab_tracy_de_sa-254x254.jpg\" class=\"lazyload\" alt=\"WTF&#8212;Cover-Collab_tracy_de_sa\" \/>    <\/div>    <div class=\"infos\">        <span class=\"tag\">Curators<\/span>        <h2>A Made In France Selection By Tracy De S\u00e1<\/h2>        <span class=\"separator\"><\/span>       <span class=\"desc\">A selection of \"made in France\" tracks, carefully handpicked by Tracy De S\u00e1<\/span><div class=\"share flex flexAlignCenter \">\t<span class=\"label\">Compartir<\/span>\t<a href=\"https:\/\/www.facebook.com\/sharer\/sharer.php?u=https:\/\/whatthefrance.org\/es\/playlists\/a-made-in-france-selection-by-tracy-de-sa\/\" class=\"facebook\" target=\"_blank\" rel=\"noreferrer\">Facebook<\/a>\t<a href=\"https:\/\/twitter.com\/intent\/tweet?url=https:\/\/whatthefrance.org\/es\/playlists\/a-made-in-france-selection-by-tracy-de-sa\/&text=A+Made+In+France+Selection+By+Tracy+De+S%C3%A1&hashtags=WTF\" class=\"twitter\" target=\"_blank\" rel=\"noreferrer\">Twitter<\/a>\t<a href=\"mailto:?subject=What%20the%20France%20%3A%20A%20Made%20In%20France%20Selection%20By%20Tracy%20De%20S%C3%A1&body=https:\/\/whatthefrance.org\/es\/playlists\/a-made-in-france-selection-by-tracy-de-sa\/\" class=\"mail\" target=\"_blank\" rel=\"noreferrer\">Email<\/a><\/div>        <a href=\"#\" class=\"btn btnPlaylist orange playlist-click\" data-id=\"42990\">            <svg version=\"1.1\" x=\"0px\" y=\"0px\" width=\"40px\" height=\"40px\" viewBox=\"0 0 213.7 213.7\" enable-background=\"new 0 0 213.7 213.7\" xml:space=\"preserve\">                <polygon class=\"triangle\" fill=\"none\" stroke-width=\"10\" stroke-linecap=\"round\" stroke-linejoin=\"round\" stroke-miterlimit=\"10\" points=\"\n            73.5,62.5 148.5,105.8 73.5,149.1 \"\/>                <circle class=\"circle\" fill=\"none\"  stroke-width=\"8\" stroke-linecap=\"round\" stroke-linejoin=\"round\" stroke-miterlimit=\"10\" cx=\"106.8\" cy=\"106.8\" r=\"103.3\"\/>                <circle class=\"circle-white\" fill=\"none\"  stroke-width=\"8\" stroke-linecap=\"round\" stroke-linejoin=\"round\" stroke-miterlimit=\"10\" cx=\"106.8\" cy=\"106.8\" r=\"103.3\"\/>            <\/svg>Escuchar        <\/a>    <\/div>  <\/div><\/div><\/span><\/p>\n","protected":false},"excerpt":{"rendered":"<p>Evidentemente feminista y orgullosa de ello en medio de un ambiente del hip-hop dominado por hombres, Tracy de S\u00e1 usa su flow y su t\u00e9cnica, influenciada por la escucha intensiva del rap de los 90, para poner a los hombres a sus pies. Desc\u00fabralo a trav\u00e9s de nuestro nuevo v\u00eddeo \u201cAn Exclusive Made In France [&hellip;]<\/p>\n","protected":false},"author":35,"featured_media":0,"comment_status":"closed","ping_status":"closed","sticky":false,"template":"","format":"standard","meta":{"_acf_changed":false,"footnotes":""},"categories":[1969],"tags":[1940,1954],"class_list":["post-43057","post","type-post","status-publish","format-standard","hentry","category-video-es","tag-hip-hop-es","tag-urban-es"],"acf":[],"yoast_head":"<!-- This site is optimized with the Yoast SEO plugin v27.3 - https:\/\/yoast.com\/product\/yoast-seo-wordpress\/ -->\n<title>Llega la \u201cMade In France Selection\u201d de Tracy de S\u00e1 - What the France<\/title>\n<meta name=\"robots\" content=\"index, follow, max-snippet:-1, max-image-preview:large, max-video-preview:-1\" \/>\n<link rel=\"canonical\" href=\"https:\/\/whatthefrance.org\/es\/llega-la-made-in-france-selection-de-tracy-de-sa\/\" \/>\n<meta property=\"og:locale\" content=\"es_ES\" \/>\n<meta property=\"og:type\" content=\"article\" \/>\n<meta property=\"og:title\" content=\"Llega la \u201cMade In France Selection\u201d de Tracy de S\u00e1 - What the France\" \/>\n<meta property=\"og:description\" content=\"Evidentemente feminista y orgullosa de ello en medio de un ambiente del hip-hop dominado por hombres, Tracy de S\u00e1 usa su flow y su t\u00e9cnica, influenciada por la escucha intensiva del rap de los 90, para poner a los hombres a sus pies. Desc\u00fabralo a trav\u00e9s de nuestro nuevo v\u00eddeo \u201cAn Exclusive Made In France [&hellip;]\" \/>\n<meta property=\"og:url\" content=\"https:\/\/whatthefrance.org\/es\/llega-la-made-in-france-selection-de-tracy-de-sa\/\" \/>\n<meta property=\"og:site_name\" content=\"What the France\" \/>\n<meta property=\"article:published_time\" content=\"2022-06-02T08:00:29+00:00\" \/>\n<meta property=\"article:modified_time\" content=\"2022-06-03T18:42:20+00:00\" \/>\n<meta property=\"og:image\" content=\"https:\/\/whatthefrance.org\/wp-content\/uploads\/2022\/05\/tracydesa_what_the_france_cover.png\" \/>\n\t<meta property=\"og:image:width\" content=\"1084\" \/>\n\t<meta property=\"og:image:height\" content=\"452\" \/>\n<meta name=\"author\" content=\"ultrapop-gustavo\" \/>\n<meta name=\"twitter:card\" content=\"summary_large_image\" \/>\n<meta name=\"twitter:label1\" content=\"Escrito por\" \/>\n\t<meta name=\"twitter:data1\" content=\"ultrapop-gustavo\" \/>\n\t<meta name=\"twitter:label2\" content=\"Tiempo de lectura\" \/>\n\t<meta name=\"twitter:data2\" content=\"3 minutos\" \/>\n<script type=\"application\/ld+json\" class=\"yoast-schema-graph\">{\"@context\":\"https:\\\/\\\/schema.org\",\"@graph\":[{\"@type\":\"Article\",\"@id\":\"https:\\\/\\\/whatthefrance.org\\\/es\\\/llega-la-made-in-france-selection-de-tracy-de-sa\\\/#article\",\"isPartOf\":{\"@id\":\"https:\\\/\\\/whatthefrance.org\\\/es\\\/llega-la-made-in-france-selection-de-tracy-de-sa\\\/\"},\"author\":{\"name\":\"ultrapop-gustavo\",\"@id\":\"https:\\\/\\\/whatthefrance.org\\\/es\\\/#\\\/schema\\\/person\\\/ec6689bd96bf81ba9dcf2264cb54c946\"},\"headline\":\"Llega la \u201cMade In France Selection\u201d de Tracy de S\u00e1\",\"datePublished\":\"2022-06-02T08:00:29+00:00\",\"dateModified\":\"2022-06-03T18:42:20+00:00\",\"mainEntityOfPage\":{\"@id\":\"https:\\\/\\\/whatthefrance.org\\\/es\\\/llega-la-made-in-france-selection-de-tracy-de-sa\\\/\"},\"wordCount\":638,\"publisher\":{\"@id\":\"https:\\\/\\\/whatthefrance.org\\\/es\\\/#organization\"},\"keywords\":[\"Hip-Hop\",\"Urban\"],\"articleSection\":[\"Video\"],\"inLanguage\":\"es\"},{\"@type\":\"WebPage\",\"@id\":\"https:\\\/\\\/whatthefrance.org\\\/es\\\/llega-la-made-in-france-selection-de-tracy-de-sa\\\/\",\"url\":\"https:\\\/\\\/whatthefrance.org\\\/es\\\/llega-la-made-in-france-selection-de-tracy-de-sa\\\/\",\"name\":\"Llega la \u201cMade In France Selection\u201d de Tracy de S\u00e1 - What the France\",\"isPartOf\":{\"@id\":\"https:\\\/\\\/whatthefrance.org\\\/es\\\/#website\"},\"datePublished\":\"2022-06-02T08:00:29+00:00\",\"dateModified\":\"2022-06-03T18:42:20+00:00\",\"breadcrumb\":{\"@id\":\"https:\\\/\\\/whatthefrance.org\\\/es\\\/llega-la-made-in-france-selection-de-tracy-de-sa\\\/#breadcrumb\"},\"inLanguage\":\"es\",\"potentialAction\":[{\"@type\":\"ReadAction\",\"target\":[\"https:\\\/\\\/whatthefrance.org\\\/es\\\/llega-la-made-in-france-selection-de-tracy-de-sa\\\/\"]}]},{\"@type\":\"BreadcrumbList\",\"@id\":\"https:\\\/\\\/whatthefrance.org\\\/es\\\/llega-la-made-in-france-selection-de-tracy-de-sa\\\/#breadcrumb\",\"itemListElement\":[{\"@type\":\"ListItem\",\"position\":1,\"name\":\"Home\",\"item\":\"https:\\\/\\\/whatthefrance.org\\\/es\\\/\"},{\"@type\":\"ListItem\",\"position\":2,\"name\":\"Llega la \u201cMade In France Selection\u201d de Tracy de S\u00e1\"}]},{\"@type\":\"WebSite\",\"@id\":\"https:\\\/\\\/whatthefrance.org\\\/es\\\/#website\",\"url\":\"https:\\\/\\\/whatthefrance.org\\\/es\\\/\",\"name\":\"What the France\",\"description\":\"The finest music made in France !\",\"publisher\":{\"@id\":\"https:\\\/\\\/whatthefrance.org\\\/es\\\/#organization\"},\"potentialAction\":[{\"@type\":\"SearchAction\",\"target\":{\"@type\":\"EntryPoint\",\"urlTemplate\":\"https:\\\/\\\/whatthefrance.org\\\/es\\\/?s={search_term_string}\"},\"query-input\":{\"@type\":\"PropertyValueSpecification\",\"valueRequired\":true,\"valueName\":\"search_term_string\"}}],\"inLanguage\":\"es\"},{\"@type\":\"Organization\",\"@id\":\"https:\\\/\\\/whatthefrance.org\\\/es\\\/#organization\",\"name\":\"What The France\",\"url\":\"https:\\\/\\\/whatthefrance.org\\\/es\\\/\",\"logo\":{\"@type\":\"ImageObject\",\"inLanguage\":\"es\",\"@id\":\"https:\\\/\\\/whatthefrance.org\\\/es\\\/#\\\/schema\\\/logo\\\/image\\\/\",\"url\":\"https:\\\/\\\/whatthefrance.org\\\/wp-content\\\/uploads\\\/2019\\\/12\\\/44688719_2251580388408837_694180218134331392_n-e1577679609190.png\",\"contentUrl\":\"https:\\\/\\\/whatthefrance.org\\\/wp-content\\\/uploads\\\/2019\\\/12\\\/44688719_2251580388408837_694180218134331392_n-e1577679609190.png\",\"width\":200,\"height\":200,\"caption\":\"What The France\"},\"image\":{\"@id\":\"https:\\\/\\\/whatthefrance.org\\\/es\\\/#\\\/schema\\\/logo\\\/image\\\/\"}},{\"@type\":\"Person\",\"@id\":\"https:\\\/\\\/whatthefrance.org\\\/es\\\/#\\\/schema\\\/person\\\/ec6689bd96bf81ba9dcf2264cb54c946\",\"name\":\"ultrapop-gustavo\",\"image\":{\"@type\":\"ImageObject\",\"inLanguage\":\"es\",\"@id\":\"https:\\\/\\\/secure.gravatar.com\\\/avatar\\\/9f35e3e5944405caa221d3f9ae6c981bac53ada24e0340936c6d6364326ab920?s=96&d=mm&r=g\",\"url\":\"https:\\\/\\\/secure.gravatar.com\\\/avatar\\\/9f35e3e5944405caa221d3f9ae6c981bac53ada24e0340936c6d6364326ab920?s=96&d=mm&r=g\",\"contentUrl\":\"https:\\\/\\\/secure.gravatar.com\\\/avatar\\\/9f35e3e5944405caa221d3f9ae6c981bac53ada24e0340936c6d6364326ab920?s=96&d=mm&r=g\",\"caption\":\"ultrapop-gustavo\"}}]}<\/script>\n<!-- \/ Yoast SEO plugin. -->","yoast_head_json":{"title":"Llega la \u201cMade In France Selection\u201d de Tracy de S\u00e1 - What the France","robots":{"index":"index","follow":"follow","max-snippet":"max-snippet:-1","max-image-preview":"max-image-preview:large","max-video-preview":"max-video-preview:-1"},"canonical":"https:\/\/whatthefrance.org\/es\/llega-la-made-in-france-selection-de-tracy-de-sa\/","og_locale":"es_ES","og_type":"article","og_title":"Llega la \u201cMade In France Selection\u201d de Tracy de S\u00e1 - What the France","og_description":"Evidentemente feminista y orgullosa de ello en medio de un ambiente del hip-hop dominado por hombres, Tracy de S\u00e1 usa su flow y su t\u00e9cnica, influenciada por la escucha intensiva del rap de los 90, para poner a los hombres a sus pies. Desc\u00fabralo a trav\u00e9s de nuestro nuevo v\u00eddeo \u201cAn Exclusive Made In France [&hellip;]","og_url":"https:\/\/whatthefrance.org\/es\/llega-la-made-in-france-selection-de-tracy-de-sa\/","og_site_name":"What the France","article_published_time":"2022-06-02T08:00:29+00:00","article_modified_time":"2022-06-03T18:42:20+00:00","og_image":[{"url":"https:\/\/whatthefrance.org\/wp-content\/uploads\/2022\/05\/tracydesa_what_the_france_cover.png","height":452,"width":1084,"type":""}],"author":"ultrapop-gustavo","twitter_card":"summary_large_image","twitter_misc":{"Escrito por":"ultrapop-gustavo","Tiempo de lectura":"3 minutos"},"schema":{"@context":"https:\/\/schema.org","@graph":[{"@type":"Article","@id":"https:\/\/whatthefrance.org\/es\/llega-la-made-in-france-selection-de-tracy-de-sa\/#article","isPartOf":{"@id":"https:\/\/whatthefrance.org\/es\/llega-la-made-in-france-selection-de-tracy-de-sa\/"},"author":{"name":"ultrapop-gustavo","@id":"https:\/\/whatthefrance.org\/es\/#\/schema\/person\/ec6689bd96bf81ba9dcf2264cb54c946"},"headline":"Llega la \u201cMade In France Selection\u201d de Tracy de S\u00e1","datePublished":"2022-06-02T08:00:29+00:00","dateModified":"2022-06-03T18:42:20+00:00","mainEntityOfPage":{"@id":"https:\/\/whatthefrance.org\/es\/llega-la-made-in-france-selection-de-tracy-de-sa\/"},"wordCount":638,"publisher":{"@id":"https:\/\/whatthefrance.org\/es\/#organization"},"keywords":["Hip-Hop","Urban"],"articleSection":["Video"],"inLanguage":"es"},{"@type":"WebPage","@id":"https:\/\/whatthefrance.org\/es\/llega-la-made-in-france-selection-de-tracy-de-sa\/","url":"https:\/\/whatthefrance.org\/es\/llega-la-made-in-france-selection-de-tracy-de-sa\/","name":"Llega la \u201cMade In France Selection\u201d de Tracy de S\u00e1 - What the France","isPartOf":{"@id":"https:\/\/whatthefrance.org\/es\/#website"},"datePublished":"2022-06-02T08:00:29+00:00","dateModified":"2022-06-03T18:42:20+00:00","breadcrumb":{"@id":"https:\/\/whatthefrance.org\/es\/llega-la-made-in-france-selection-de-tracy-de-sa\/#breadcrumb"},"inLanguage":"es","potentialAction":[{"@type":"ReadAction","target":["https:\/\/whatthefrance.org\/es\/llega-la-made-in-france-selection-de-tracy-de-sa\/"]}]},{"@type":"BreadcrumbList","@id":"https:\/\/whatthefrance.org\/es\/llega-la-made-in-france-selection-de-tracy-de-sa\/#breadcrumb","itemListElement":[{"@type":"ListItem","position":1,"name":"Home","item":"https:\/\/whatthefrance.org\/es\/"},{"@type":"ListItem","position":2,"name":"Llega la \u201cMade In France Selection\u201d de Tracy de S\u00e1"}]},{"@type":"WebSite","@id":"https:\/\/whatthefrance.org\/es\/#website","url":"https:\/\/whatthefrance.org\/es\/","name":"What the France","description":"The finest music made in France !","publisher":{"@id":"https:\/\/whatthefrance.org\/es\/#organization"},"potentialAction":[{"@type":"SearchAction","target":{"@type":"EntryPoint","urlTemplate":"https:\/\/whatthefrance.org\/es\/?s={search_term_string}"},"query-input":{"@type":"PropertyValueSpecification","valueRequired":true,"valueName":"search_term_string"}}],"inLanguage":"es"},{"@type":"Organization","@id":"https:\/\/whatthefrance.org\/es\/#organization","name":"What The France","url":"https:\/\/whatthefrance.org\/es\/","logo":{"@type":"ImageObject","inLanguage":"es","@id":"https:\/\/whatthefrance.org\/es\/#\/schema\/logo\/image\/","url":"https:\/\/whatthefrance.org\/wp-content\/uploads\/2019\/12\/44688719_2251580388408837_694180218134331392_n-e1577679609190.png","contentUrl":"https:\/\/whatthefrance.org\/wp-content\/uploads\/2019\/12\/44688719_2251580388408837_694180218134331392_n-e1577679609190.png","width":200,"height":200,"caption":"What The France"},"image":{"@id":"https:\/\/whatthefrance.org\/es\/#\/schema\/logo\/image\/"}},{"@type":"Person","@id":"https:\/\/whatthefrance.org\/es\/#\/schema\/person\/ec6689bd96bf81ba9dcf2264cb54c946","name":"ultrapop-gustavo","image":{"@type":"ImageObject","inLanguage":"es","@id":"https:\/\/secure.gravatar.com\/avatar\/9f35e3e5944405caa221d3f9ae6c981bac53ada24e0340936c6d6364326ab920?s=96&d=mm&r=g","url":"https:\/\/secure.gravatar.com\/avatar\/9f35e3e5944405caa221d3f9ae6c981bac53ada24e0340936c6d6364326ab920?s=96&d=mm&r=g","contentUrl":"https:\/\/secure.gravatar.com\/avatar\/9f35e3e5944405caa221d3f9ae6c981bac53ada24e0340936c6d6364326ab920?s=96&d=mm&r=g","caption":"ultrapop-gustavo"}}]}},"_links":{"self":[{"href":"https:\/\/whatthefrance.org\/es\/wp-json\/wp\/v2\/posts\/43057","targetHints":{"allow":["GET"]}}],"collection":[{"href":"https:\/\/whatthefrance.org\/es\/wp-json\/wp\/v2\/posts"}],"about":[{"href":"https:\/\/whatthefrance.org\/es\/wp-json\/wp\/v2\/types\/post"}],"author":[{"embeddable":true,"href":"https:\/\/whatthefrance.org\/es\/wp-json\/wp\/v2\/users\/35"}],"replies":[{"embeddable":true,"href":"https:\/\/whatthefrance.org\/es\/wp-json\/wp\/v2\/comments?post=43057"}],"version-history":[{"count":2,"href":"https:\/\/whatthefrance.org\/es\/wp-json\/wp\/v2\/posts\/43057\/revisions"}],"predecessor-version":[{"id":43062,"href":"https:\/\/whatthefrance.org\/es\/wp-json\/wp\/v2\/posts\/43057\/revisions\/43062"}],"wp:attachment":[{"href":"https:\/\/whatthefrance.org\/es\/wp-json\/wp\/v2\/media?parent=43057"}],"wp:term":[{"taxonomy":"category","embeddable":true,"href":"https:\/\/whatthefrance.org\/es\/wp-json\/wp\/v2\/categories?post=43057"},{"taxonomy":"post_tag","embeddable":true,"href":"https:\/\/whatthefrance.org\/es\/wp-json\/wp\/v2\/tags?post=43057"}],"curies":[{"name":"wp","href":"https:\/\/api.w.org\/{rel}","templated":true}]}}