{"id":43069,"date":"2022-06-06T10:00:02","date_gmt":"2022-06-06T08:00:02","guid":{"rendered":"https:\/\/whatthefrance.org\/?p=43069"},"modified":"2022-06-06T19:06:39","modified_gmt":"2022-06-06T17:06:39","slug":"anais-estrena-la-cancion-psychopath-a-duo-con-oscar-anton","status":"publish","type":"post","link":"https:\/\/whatthefrance.org\/es\/anais-estrena-la-cancion-psychopath-a-duo-con-oscar-anton\/","title":{"rendered":"ana\u00efs | Estrena la canci\u00f3n \u201cPsychopath\u201d a duo con Oscar Anton"},"content":{"rendered":"<p><b>\u201cPsychopath\u201d<\/b><span style=\"font-weight: 400;\"> es la nueva y divertida canci\u00f3n de <\/span><a href=\"https:\/\/fra01.safelinks.protection.outlook.com\/?url=https%3A%2F%2Fwww.instagram.com%2Fanaisvibin%2F%3Fhl%3Dde&amp;data=05%7C01%7Cmarie-sophie.cazin%40cnm.fr%7C8b8fd5bdd5c341bb999908da42e6e44b%7Cba774e6290394882a8cac4a49ebaf0d1%7C1%7C0%7C637895856685088033%7CUnknown%7CTWFpbGZsb3d8eyJWIjoiMC4wLjAwMDAiLCJQIjoiV2luMzIiLCJBTiI6Ik1haWwiLCJXVCI6Mn0%3D%7C3000%7C%7C%7C&amp;sdata=mc5IGbEnQHXaeLQnhWekYmQs%2FOTHS5iLer8GFT0CNeQ%3D&amp;reserved=0\"><b>ana\u00efs<\/b><\/a><span style=\"font-weight: 400;\">, ideal para aquellos que tienden a amar \u201cun poco demasiado\u201d. Con un ritmo pegadizo, ana\u00efs le canta a la peligrosa voz interior que te conduce a una relaci\u00f3n enfermiza y obsesiva. <\/span><b>Oscar Anton <\/b><span style=\"font-weight: 400;\">se une a la pista como invitado y cuenta su propio lado de la historia. Este sencillo aparecer\u00e1 en el primer EP de ana\u00efs, al que titular\u00e1 <\/span><b><i>44<\/i><\/b><span style=\"font-weight: 400;\">, cuyo lanzamiento est\u00e1 previsto para el 22 de julio de este a\u00f1o.<\/span><\/p>\n<p><iframe loading=\"lazy\" title=\"ana\u00efs X Oscar Anton - Psychopath (Official Music Video)\" width=\"500\" height=\"281\" src=\"https:\/\/www.youtube.com\/embed\/CAIggw5TE44?feature=oembed\" frameborder=\"0\" allow=\"accelerometer; autoplay; clipboard-write; encrypted-media; gyroscope; picture-in-picture; web-share\" referrerpolicy=\"strict-origin-when-cross-origin\" allowfullscreen><\/iframe><\/p>\n<p><span style=\"font-weight: 400;\">De origen belga, ana\u00efs creci\u00f3 en un entorno multiling\u00fce que la llev\u00f3 a hablar alem\u00e1n, ingl\u00e9s y franc\u00e9s con fluidez. Sin embargo, estos tres idiomas a veces no eran suficientes para expresar sus sentimientos, por lo que encontr\u00f3 la manera de expresarse a trav\u00e9s de la m\u00fasica.<\/span><\/p>\n<p><span style=\"font-weight: 400;\">Durante el confinamiento de 2020, ana\u00efs empez\u00f3 a escribir sus primeras canciones y, con solo un single publicado, fue presentada por la revista alemana DIFFUS como una de las tres nuevas promesas a seguir en el marco del festival alem\u00e1n c\/o-pop. Para tomar su vuelo musical, la artista oriunda de Hannover se traslad\u00f3 a la capital de Alemania para trabajar en sus pr\u00f3ximos lanzamientos. Recientemente present\u00f3 la canci\u00f3n <\/span><b>\u201cSmall Catastrophe\u201d<\/b><span style=\"font-weight: 400;\">.<\/span><\/p>\n<p><iframe loading=\"lazy\" title=\"ana\u00efs - Small Catastrophe (Official Music Video)\" width=\"500\" height=\"281\" src=\"https:\/\/www.youtube.com\/embed\/n4_QNswrFgo?feature=oembed\" frameborder=\"0\" allow=\"accelerometer; autoplay; clipboard-write; encrypted-media; gyroscope; picture-in-picture; web-share\" referrerpolicy=\"strict-origin-when-cross-origin\" allowfullscreen><\/iframe><\/p>\n<p><span style=\"font-weight: 400;\">La c\u00e1lida voz de ana\u00efs combina una vibra l\u00fadica y natural con un profundo anhelo a la vida que te hace querer rodar por las calles de noche, subir el volumen de la m\u00fasica y rendirte a la melancol\u00eda. En sus letras, la joven de 21 a\u00f1os aborda temas que tambi\u00e9n preocupan a muchos otros j\u00f3venes: la autoaceptaci\u00f3n, la salud mental y las relaciones sociales.<\/span><\/p>\n<p><span style=\"font-weight: 400;\"><div class=\"playListBloc singleBloc\"><div class=\"playListBloc-wrap\">    <div class=\"thumbnail\"><img data-src=\"https:\/\/whatthefrance.org\/wp-content\/uploads\/2018\/11\/TEMPLATE-POCHETTE-GENRE-pop-Louane-254x254.jpg\" class=\"lazyload\" alt=\"TEMPLATE POCHETTE GENRE &#8211; pop &#8211; Louane\" \/>    <\/div>    <div class=\"infos\">        <span class=\"tag\">Genres<\/span>        <h2>Pop The Champagne<\/h2>        <span class=\"separator\"><\/span>       <span class=\"desc\">Listen to the latest pop music hits made in France.<\/span><div class=\"share flex flexAlignCenter \">\t<span class=\"label\">Compartir<\/span>\t<a href=\"https:\/\/www.facebook.com\/sharer\/sharer.php?u=https:\/\/whatthefrance.org\/es\/playlists\/pop-the-champagne\/\" class=\"facebook\" target=\"_blank\" rel=\"noreferrer\">Facebook<\/a>\t<a href=\"https:\/\/twitter.com\/intent\/tweet?url=https:\/\/whatthefrance.org\/es\/playlists\/pop-the-champagne\/&text=Pop+The+Champagne&hashtags=WTF\" class=\"twitter\" target=\"_blank\" rel=\"noreferrer\">Twitter<\/a>\t<a href=\"mailto:?subject=What%20the%20France%20%3A%20Pop%20The%20Champagne&body=https:\/\/whatthefrance.org\/es\/playlists\/pop-the-champagne\/\" class=\"mail\" target=\"_blank\" rel=\"noreferrer\">Email<\/a><\/div>        <a href=\"#\" class=\"btn btnPlaylist orange playlist-click\" data-id=\"9899\">            <svg version=\"1.1\" x=\"0px\" y=\"0px\" width=\"40px\" height=\"40px\" viewBox=\"0 0 213.7 213.7\" enable-background=\"new 0 0 213.7 213.7\" xml:space=\"preserve\">                <polygon class=\"triangle\" fill=\"none\" stroke-width=\"10\" stroke-linecap=\"round\" stroke-linejoin=\"round\" stroke-miterlimit=\"10\" points=\"\n            73.5,62.5 148.5,105.8 73.5,149.1 \"\/>                <circle class=\"circle\" fill=\"none\"  stroke-width=\"8\" stroke-linecap=\"round\" stroke-linejoin=\"round\" stroke-miterlimit=\"10\" cx=\"106.8\" cy=\"106.8\" r=\"103.3\"\/>                <circle class=\"circle-white\" fill=\"none\"  stroke-width=\"8\" stroke-linecap=\"round\" stroke-linejoin=\"round\" stroke-miterlimit=\"10\" cx=\"106.8\" cy=\"106.8\" r=\"103.3\"\/>            <\/svg>Escuchar        <\/a>    <\/div>  <\/div><\/div><\/span><\/p>\n","protected":false},"excerpt":{"rendered":"<p>\u201cPsychopath\u201d es la nueva y divertida canci\u00f3n de ana\u00efs, ideal para aquellos que tienden a amar \u201cun poco demasiado\u201d. Con un ritmo pegadizo, ana\u00efs le canta a la peligrosa voz interior que te conduce a una relaci\u00f3n enfermiza y obsesiva. Oscar Anton se une a la pista como invitado y cuenta su propio lado de [&hellip;]<\/p>\n","protected":false},"author":35,"featured_media":0,"comment_status":"closed","ping_status":"closed","sticky":false,"template":"","format":"standard","meta":{"_acf_changed":false,"footnotes":""},"categories":[1968],"tags":[1936,1938,1945],"class_list":["post-43069","post","type-post","status-publish","format-standard","hentry","category-release-es","tag-electronic-es","tag-folk-es","tag-pop-es"],"acf":[],"yoast_head":"<!-- This site is optimized with the Yoast SEO plugin v27.3 - https:\/\/yoast.com\/product\/yoast-seo-wordpress\/ -->\n<title>ana\u00efs | Estrena la canci\u00f3n \u201cPsychopath\u201d a duo con Oscar Anton - What the France<\/title>\n<meta name=\"robots\" content=\"index, follow, max-snippet:-1, max-image-preview:large, max-video-preview:-1\" \/>\n<link rel=\"canonical\" href=\"https:\/\/whatthefrance.org\/es\/anais-estrena-la-cancion-psychopath-a-duo-con-oscar-anton\/\" \/>\n<meta property=\"og:locale\" content=\"es_ES\" \/>\n<meta property=\"og:type\" content=\"article\" \/>\n<meta property=\"og:title\" content=\"ana\u00efs | Estrena la canci\u00f3n \u201cPsychopath\u201d a duo con Oscar Anton - What the France\" \/>\n<meta property=\"og:description\" content=\"\u201cPsychopath\u201d es la nueva y divertida canci\u00f3n de ana\u00efs, ideal para aquellos que tienden a amar \u201cun poco demasiado\u201d. Con un ritmo pegadizo, ana\u00efs le canta a la peligrosa voz interior que te conduce a una relaci\u00f3n enfermiza y obsesiva. Oscar Anton se une a la pista como invitado y cuenta su propio lado de [&hellip;]\" \/>\n<meta property=\"og:url\" content=\"https:\/\/whatthefrance.org\/es\/anais-estrena-la-cancion-psychopath-a-duo-con-oscar-anton\/\" \/>\n<meta property=\"og:site_name\" content=\"What the France\" \/>\n<meta property=\"article:published_time\" content=\"2022-06-06T08:00:02+00:00\" \/>\n<meta property=\"article:modified_time\" content=\"2022-06-06T17:06:39+00:00\" \/>\n<meta property=\"og:image\" content=\"https:\/\/whatthefrance.org\/wp-content\/uploads\/2022\/05\/anais_what_the_france_cover-1.png\" \/>\n\t<meta property=\"og:image:width\" content=\"1084\" \/>\n\t<meta property=\"og:image:height\" content=\"452\" \/>\n<meta name=\"author\" content=\"ultrapop-gustavo\" \/>\n<meta name=\"twitter:card\" content=\"summary_large_image\" \/>\n<meta name=\"twitter:label1\" content=\"Escrito por\" \/>\n\t<meta name=\"twitter:data1\" content=\"ultrapop-gustavo\" \/>\n\t<meta name=\"twitter:label2\" content=\"Tiempo de lectura\" \/>\n\t<meta name=\"twitter:data2\" content=\"2 minutos\" \/>\n<script type=\"application\/ld+json\" class=\"yoast-schema-graph\">{\"@context\":\"https:\\\/\\\/schema.org\",\"@graph\":[{\"@type\":\"Article\",\"@id\":\"https:\\\/\\\/whatthefrance.org\\\/es\\\/anais-estrena-la-cancion-psychopath-a-duo-con-oscar-anton\\\/#article\",\"isPartOf\":{\"@id\":\"https:\\\/\\\/whatthefrance.org\\\/es\\\/anais-estrena-la-cancion-psychopath-a-duo-con-oscar-anton\\\/\"},\"author\":{\"name\":\"ultrapop-gustavo\",\"@id\":\"https:\\\/\\\/whatthefrance.org\\\/es\\\/#\\\/schema\\\/person\\\/ec6689bd96bf81ba9dcf2264cb54c946\"},\"headline\":\"ana\u00efs | Estrena la canci\u00f3n \u201cPsychopath\u201d a duo con Oscar Anton\",\"datePublished\":\"2022-06-06T08:00:02+00:00\",\"dateModified\":\"2022-06-06T17:06:39+00:00\",\"mainEntityOfPage\":{\"@id\":\"https:\\\/\\\/whatthefrance.org\\\/es\\\/anais-estrena-la-cancion-psychopath-a-duo-con-oscar-anton\\\/\"},\"wordCount\":311,\"publisher\":{\"@id\":\"https:\\\/\\\/whatthefrance.org\\\/es\\\/#organization\"},\"keywords\":[\"Electronic\",\"Folk\",\"Pop\"],\"articleSection\":[\"Release\"],\"inLanguage\":\"es\"},{\"@type\":\"WebPage\",\"@id\":\"https:\\\/\\\/whatthefrance.org\\\/es\\\/anais-estrena-la-cancion-psychopath-a-duo-con-oscar-anton\\\/\",\"url\":\"https:\\\/\\\/whatthefrance.org\\\/es\\\/anais-estrena-la-cancion-psychopath-a-duo-con-oscar-anton\\\/\",\"name\":\"ana\u00efs | Estrena la canci\u00f3n \u201cPsychopath\u201d a duo con Oscar Anton - What the France\",\"isPartOf\":{\"@id\":\"https:\\\/\\\/whatthefrance.org\\\/es\\\/#website\"},\"datePublished\":\"2022-06-06T08:00:02+00:00\",\"dateModified\":\"2022-06-06T17:06:39+00:00\",\"breadcrumb\":{\"@id\":\"https:\\\/\\\/whatthefrance.org\\\/es\\\/anais-estrena-la-cancion-psychopath-a-duo-con-oscar-anton\\\/#breadcrumb\"},\"inLanguage\":\"es\",\"potentialAction\":[{\"@type\":\"ReadAction\",\"target\":[\"https:\\\/\\\/whatthefrance.org\\\/es\\\/anais-estrena-la-cancion-psychopath-a-duo-con-oscar-anton\\\/\"]}]},{\"@type\":\"BreadcrumbList\",\"@id\":\"https:\\\/\\\/whatthefrance.org\\\/es\\\/anais-estrena-la-cancion-psychopath-a-duo-con-oscar-anton\\\/#breadcrumb\",\"itemListElement\":[{\"@type\":\"ListItem\",\"position\":1,\"name\":\"Home\",\"item\":\"https:\\\/\\\/whatthefrance.org\\\/es\\\/\"},{\"@type\":\"ListItem\",\"position\":2,\"name\":\"ana\u00efs | Estrena la canci\u00f3n \u201cPsychopath\u201d a duo con Oscar Anton\"}]},{\"@type\":\"WebSite\",\"@id\":\"https:\\\/\\\/whatthefrance.org\\\/es\\\/#website\",\"url\":\"https:\\\/\\\/whatthefrance.org\\\/es\\\/\",\"name\":\"What the France\",\"description\":\"The finest music made in France !\",\"publisher\":{\"@id\":\"https:\\\/\\\/whatthefrance.org\\\/es\\\/#organization\"},\"potentialAction\":[{\"@type\":\"SearchAction\",\"target\":{\"@type\":\"EntryPoint\",\"urlTemplate\":\"https:\\\/\\\/whatthefrance.org\\\/es\\\/?s={search_term_string}\"},\"query-input\":{\"@type\":\"PropertyValueSpecification\",\"valueRequired\":true,\"valueName\":\"search_term_string\"}}],\"inLanguage\":\"es\"},{\"@type\":\"Organization\",\"@id\":\"https:\\\/\\\/whatthefrance.org\\\/es\\\/#organization\",\"name\":\"What The France\",\"url\":\"https:\\\/\\\/whatthefrance.org\\\/es\\\/\",\"logo\":{\"@type\":\"ImageObject\",\"inLanguage\":\"es\",\"@id\":\"https:\\\/\\\/whatthefrance.org\\\/es\\\/#\\\/schema\\\/logo\\\/image\\\/\",\"url\":\"https:\\\/\\\/whatthefrance.org\\\/wp-content\\\/uploads\\\/2019\\\/12\\\/44688719_2251580388408837_694180218134331392_n-e1577679609190.png\",\"contentUrl\":\"https:\\\/\\\/whatthefrance.org\\\/wp-content\\\/uploads\\\/2019\\\/12\\\/44688719_2251580388408837_694180218134331392_n-e1577679609190.png\",\"width\":200,\"height\":200,\"caption\":\"What The France\"},\"image\":{\"@id\":\"https:\\\/\\\/whatthefrance.org\\\/es\\\/#\\\/schema\\\/logo\\\/image\\\/\"}},{\"@type\":\"Person\",\"@id\":\"https:\\\/\\\/whatthefrance.org\\\/es\\\/#\\\/schema\\\/person\\\/ec6689bd96bf81ba9dcf2264cb54c946\",\"name\":\"ultrapop-gustavo\",\"image\":{\"@type\":\"ImageObject\",\"inLanguage\":\"es\",\"@id\":\"https:\\\/\\\/secure.gravatar.com\\\/avatar\\\/9f35e3e5944405caa221d3f9ae6c981bac53ada24e0340936c6d6364326ab920?s=96&d=mm&r=g\",\"url\":\"https:\\\/\\\/secure.gravatar.com\\\/avatar\\\/9f35e3e5944405caa221d3f9ae6c981bac53ada24e0340936c6d6364326ab920?s=96&d=mm&r=g\",\"contentUrl\":\"https:\\\/\\\/secure.gravatar.com\\\/avatar\\\/9f35e3e5944405caa221d3f9ae6c981bac53ada24e0340936c6d6364326ab920?s=96&d=mm&r=g\",\"caption\":\"ultrapop-gustavo\"}}]}<\/script>\n<!-- \/ Yoast SEO plugin. -->","yoast_head_json":{"title":"ana\u00efs | Estrena la canci\u00f3n \u201cPsychopath\u201d a duo con Oscar Anton - What the France","robots":{"index":"index","follow":"follow","max-snippet":"max-snippet:-1","max-image-preview":"max-image-preview:large","max-video-preview":"max-video-preview:-1"},"canonical":"https:\/\/whatthefrance.org\/es\/anais-estrena-la-cancion-psychopath-a-duo-con-oscar-anton\/","og_locale":"es_ES","og_type":"article","og_title":"ana\u00efs | Estrena la canci\u00f3n \u201cPsychopath\u201d a duo con Oscar Anton - What the France","og_description":"\u201cPsychopath\u201d es la nueva y divertida canci\u00f3n de ana\u00efs, ideal para aquellos que tienden a amar \u201cun poco demasiado\u201d. Con un ritmo pegadizo, ana\u00efs le canta a la peligrosa voz interior que te conduce a una relaci\u00f3n enfermiza y obsesiva. Oscar Anton se une a la pista como invitado y cuenta su propio lado de [&hellip;]","og_url":"https:\/\/whatthefrance.org\/es\/anais-estrena-la-cancion-psychopath-a-duo-con-oscar-anton\/","og_site_name":"What the France","article_published_time":"2022-06-06T08:00:02+00:00","article_modified_time":"2022-06-06T17:06:39+00:00","og_image":[{"url":"https:\/\/whatthefrance.org\/wp-content\/uploads\/2022\/05\/anais_what_the_france_cover-1.png","height":452,"width":1084,"type":""}],"author":"ultrapop-gustavo","twitter_card":"summary_large_image","twitter_misc":{"Escrito por":"ultrapop-gustavo","Tiempo de lectura":"2 minutos"},"schema":{"@context":"https:\/\/schema.org","@graph":[{"@type":"Article","@id":"https:\/\/whatthefrance.org\/es\/anais-estrena-la-cancion-psychopath-a-duo-con-oscar-anton\/#article","isPartOf":{"@id":"https:\/\/whatthefrance.org\/es\/anais-estrena-la-cancion-psychopath-a-duo-con-oscar-anton\/"},"author":{"name":"ultrapop-gustavo","@id":"https:\/\/whatthefrance.org\/es\/#\/schema\/person\/ec6689bd96bf81ba9dcf2264cb54c946"},"headline":"ana\u00efs | Estrena la canci\u00f3n \u201cPsychopath\u201d a duo con Oscar Anton","datePublished":"2022-06-06T08:00:02+00:00","dateModified":"2022-06-06T17:06:39+00:00","mainEntityOfPage":{"@id":"https:\/\/whatthefrance.org\/es\/anais-estrena-la-cancion-psychopath-a-duo-con-oscar-anton\/"},"wordCount":311,"publisher":{"@id":"https:\/\/whatthefrance.org\/es\/#organization"},"keywords":["Electronic","Folk","Pop"],"articleSection":["Release"],"inLanguage":"es"},{"@type":"WebPage","@id":"https:\/\/whatthefrance.org\/es\/anais-estrena-la-cancion-psychopath-a-duo-con-oscar-anton\/","url":"https:\/\/whatthefrance.org\/es\/anais-estrena-la-cancion-psychopath-a-duo-con-oscar-anton\/","name":"ana\u00efs | Estrena la canci\u00f3n \u201cPsychopath\u201d a duo con Oscar Anton - What the France","isPartOf":{"@id":"https:\/\/whatthefrance.org\/es\/#website"},"datePublished":"2022-06-06T08:00:02+00:00","dateModified":"2022-06-06T17:06:39+00:00","breadcrumb":{"@id":"https:\/\/whatthefrance.org\/es\/anais-estrena-la-cancion-psychopath-a-duo-con-oscar-anton\/#breadcrumb"},"inLanguage":"es","potentialAction":[{"@type":"ReadAction","target":["https:\/\/whatthefrance.org\/es\/anais-estrena-la-cancion-psychopath-a-duo-con-oscar-anton\/"]}]},{"@type":"BreadcrumbList","@id":"https:\/\/whatthefrance.org\/es\/anais-estrena-la-cancion-psychopath-a-duo-con-oscar-anton\/#breadcrumb","itemListElement":[{"@type":"ListItem","position":1,"name":"Home","item":"https:\/\/whatthefrance.org\/es\/"},{"@type":"ListItem","position":2,"name":"ana\u00efs | Estrena la canci\u00f3n \u201cPsychopath\u201d a duo con Oscar Anton"}]},{"@type":"WebSite","@id":"https:\/\/whatthefrance.org\/es\/#website","url":"https:\/\/whatthefrance.org\/es\/","name":"What the France","description":"The finest music made in France !","publisher":{"@id":"https:\/\/whatthefrance.org\/es\/#organization"},"potentialAction":[{"@type":"SearchAction","target":{"@type":"EntryPoint","urlTemplate":"https:\/\/whatthefrance.org\/es\/?s={search_term_string}"},"query-input":{"@type":"PropertyValueSpecification","valueRequired":true,"valueName":"search_term_string"}}],"inLanguage":"es"},{"@type":"Organization","@id":"https:\/\/whatthefrance.org\/es\/#organization","name":"What The France","url":"https:\/\/whatthefrance.org\/es\/","logo":{"@type":"ImageObject","inLanguage":"es","@id":"https:\/\/whatthefrance.org\/es\/#\/schema\/logo\/image\/","url":"https:\/\/whatthefrance.org\/wp-content\/uploads\/2019\/12\/44688719_2251580388408837_694180218134331392_n-e1577679609190.png","contentUrl":"https:\/\/whatthefrance.org\/wp-content\/uploads\/2019\/12\/44688719_2251580388408837_694180218134331392_n-e1577679609190.png","width":200,"height":200,"caption":"What The France"},"image":{"@id":"https:\/\/whatthefrance.org\/es\/#\/schema\/logo\/image\/"}},{"@type":"Person","@id":"https:\/\/whatthefrance.org\/es\/#\/schema\/person\/ec6689bd96bf81ba9dcf2264cb54c946","name":"ultrapop-gustavo","image":{"@type":"ImageObject","inLanguage":"es","@id":"https:\/\/secure.gravatar.com\/avatar\/9f35e3e5944405caa221d3f9ae6c981bac53ada24e0340936c6d6364326ab920?s=96&d=mm&r=g","url":"https:\/\/secure.gravatar.com\/avatar\/9f35e3e5944405caa221d3f9ae6c981bac53ada24e0340936c6d6364326ab920?s=96&d=mm&r=g","contentUrl":"https:\/\/secure.gravatar.com\/avatar\/9f35e3e5944405caa221d3f9ae6c981bac53ada24e0340936c6d6364326ab920?s=96&d=mm&r=g","caption":"ultrapop-gustavo"}}]}},"_links":{"self":[{"href":"https:\/\/whatthefrance.org\/es\/wp-json\/wp\/v2\/posts\/43069","targetHints":{"allow":["GET"]}}],"collection":[{"href":"https:\/\/whatthefrance.org\/es\/wp-json\/wp\/v2\/posts"}],"about":[{"href":"https:\/\/whatthefrance.org\/es\/wp-json\/wp\/v2\/types\/post"}],"author":[{"embeddable":true,"href":"https:\/\/whatthefrance.org\/es\/wp-json\/wp\/v2\/users\/35"}],"replies":[{"embeddable":true,"href":"https:\/\/whatthefrance.org\/es\/wp-json\/wp\/v2\/comments?post=43069"}],"version-history":[{"count":3,"href":"https:\/\/whatthefrance.org\/es\/wp-json\/wp\/v2\/posts\/43069\/revisions"}],"predecessor-version":[{"id":43258,"href":"https:\/\/whatthefrance.org\/es\/wp-json\/wp\/v2\/posts\/43069\/revisions\/43258"}],"wp:attachment":[{"href":"https:\/\/whatthefrance.org\/es\/wp-json\/wp\/v2\/media?parent=43069"}],"wp:term":[{"taxonomy":"category","embeddable":true,"href":"https:\/\/whatthefrance.org\/es\/wp-json\/wp\/v2\/categories?post=43069"},{"taxonomy":"post_tag","embeddable":true,"href":"https:\/\/whatthefrance.org\/es\/wp-json\/wp\/v2\/tags?post=43069"}],"curies":[{"name":"wp","href":"https:\/\/api.w.org\/{rel}","templated":true}]}}