{"id":43789,"date":"2022-06-27T15:18:21","date_gmt":"2022-06-27T13:18:21","guid":{"rendered":"https:\/\/whatthefrance.org\/?p=43789"},"modified":"2022-06-27T15:18:34","modified_gmt":"2022-06-27T13:18:34","slug":"yellowstraps-llega-el-nuevo-single-del-artista-pop-urbano","status":"publish","type":"post","link":"https:\/\/whatthefrance.org\/es\/yellowstraps-llega-el-nuevo-single-del-artista-pop-urbano\/","title":{"rendered":"YellowStraps | Llega el nuevo single del artista pop urbano"},"content":{"rendered":"<p><span class=\"em-orange\"><span style=\"font-weight: 400;\">Aclamado por la prensa internacional -y catalogado como un prodigio del neo-soul-, <\/span><a href=\"https:\/\/fra01.safelinks.protection.outlook.com\/?url=https%3A%2F%2Fwww.instagram.com%2Fyellowstraps%2F&amp;data=05%7C01%7Cmarie-sophie.cazin%40cnm.fr%7C747c6a11906d4a30d1b608da55c1e86d%7Cba774e6290394882a8cac4a49ebaf0d1%7C1%7C0%7C637916588561175352%7CUnknown%7CTWFpbGZsb3d8eyJWIjoiMC4wLjAwMDAiLCJQIjoiV2luMzIiLCJBTiI6Ik1haWwiLCJXVCI6Mn0%3D%7C3000%7C%7C%7C&amp;sdata=9Gi%2BXVC5Z4jsDUQ5i2U%2FOHKYSwk7MPjvB0lnbjg3E78%3D&amp;reserved=0\"><b>YellowStraps<\/b><\/a><span style=\"font-weight: 400;\"> lanz\u00f3 su nueva canci\u00f3n, <\/span><b>\u201ctnght\u201d el 15 de junio a trav\u00e9s de la discogr\u00e1fica Decca Records France<\/b><span style=\"font-weight: 400;\">: un simple de pop urbano que trata sobre un hombre t\u00edmido que quiere confesar sus sentimientos a la persona que ama.<\/span><\/span><\/p>\n<p><span style=\"font-weight: 400;\">Este nuevo simple llega tras la salida de \u201c<\/span><b>MERCI<\/b><span style=\"font-weight: 400;\">\u201d, lanzada en marzo de este a\u00f1o y que cont\u00f3 con la participaci\u00f3n de Rom\u00e9o Elvis y de Swing. Aunque en el medio inici\u00f3 una nueva era -cantando en ingl\u00e9s- con <strong>\u201cheaddown\u201d<\/strong>. Esa era contin\u00faa hoy con este nuevo estreno, que tiene un ritmo tan pegadizo como sensible.<\/span><\/p>\n<p><iframe loading=\"lazy\" title=\"YellowStraps - tnght [lyrics video]\" width=\"500\" height=\"375\" src=\"https:\/\/www.youtube.com\/embed\/1iM6b6mvuDs?feature=oembed\" frameborder=\"0\" allow=\"accelerometer; autoplay; clipboard-write; encrypted-media; gyroscope; picture-in-picture; web-share\" referrerpolicy=\"strict-origin-when-cross-origin\" allowfullscreen><\/iframe><\/p>\n<h3><b>La prehistoria de YellowStraps<\/b><\/h3>\n<p><span style=\"font-weight: 400;\">El conjunto YellowStraps fue fundado en Bruselas por los hermanos <\/span><b>Yvan <\/b><span style=\"font-weight: 400;\">y <\/span><b>Alban Murenzi<\/b><span style=\"font-weight: 400;\">. Juntos ofrecen un proyecto de neo-soul moderno que se pega a la piel y que est\u00e1 orgullosamente respaldado por la escena del rap belga (artistas como Romeo Elvis, Le Motel y L&#8217;Or duCommun) desde la primera hora.<\/span><\/p>\n<p><span style=\"font-weight: 400;\">El formato berlin\u00e9s <\/span><a href=\"https:\/\/fra01.safelinks.protection.outlook.com\/?url=https%3A%2F%2Fcas5-0-urlprotect.trendmicro.com%2Fwis%2Fclicktime%2Fv1%2Fquery%3Furl%3Dhttps%253a%252f%252ffra01.safelinks.protection.outlook.com%252f%253furl%253dhttps%25253A%25252F%25252Fsureshot.us11.list-manage.com%25252Ftrack%25252Fclick%25253Fu%25253D4b940d23ab77d478f7f54e6c9%252526id%25253D289a303f6b%252526e%25253D47238827e5%2526data%253d05%25257C01%25257Cdaniel.winkel%252540cnm.fr%25257C641b9709e0f04fa3da6008da4eadb930%25257Cba774e6290394882a8cac4a49ebaf0d1%25257C1%25257C1%25257C637908805298896981%25257CUnknown%25257CTWFpbGZsb3d8eyJWIjoiMC4wLjAwMDAiLCJQIjoiV2luMzIiLCJBTiI6Ik1haWwiLCJXVCI6Mn0%25253D%25257C2000%25257C%25257C%25257C%2526sdata%253dxVLQCgqn0Bp4XN16CL0t4z2zBX8bcb%25252Fh5TRZvY6sFug%25253D%2526reserved%253d0%26umid%3Dba3f4471-2de5-4d06-bab6-08d2362e8b11%26auth%3D642b0e86bb2aca2259c4f80f780d6b588efeb662-2b63125cd8fc2d38dfdcb1194cb093fde2c41b82&amp;data=05%7C01%7Cmarie-sophie.cazin%40cnm.fr%7C747c6a11906d4a30d1b608da55c1e86d%7Cba774e6290394882a8cac4a49ebaf0d1%7C1%7C0%7C637916588561175352%7CUnknown%7CTWFpbGZsb3d8eyJWIjoiMC4wLjAwMDAiLCJQIjoiV2luMzIiLCJBTiI6Ik1haWwiLCJXVCI6Mn0%3D%7C3000%7C%7C%7C&amp;sdata=wSX8E1Mea8TtJHVqRDLizQ5jKGkM8lDDvMldvzTO1ak%3D&amp;reserved=0\"><span style=\"font-weight: 400;\">COLORS<\/span><\/a><span style=\"font-weight: 400;\"> tambi\u00e9n es uno de los primeros partidarios de YellowStrap. Luego del que ser\u00e1 su pr\u00f3ximo lanzamiento el conjunto dejar\u00e1 de ser un d\u00fao (Alban se va, Yvan se queda) y ampliar\u00e1 su orientaci\u00f3n musical sin negar su ADN original. YellowStraps tiene la ambici\u00f3n de mirar m\u00e1s all\u00e1 de las fronteras nacionales y explorar un paisaje sonoro que trascienda los g\u00e9neros.<\/span><\/p>\n<div class=\"playListBloc singleBloc\"><div class=\"playListBloc-wrap\">    <div class=\"thumbnail\"><img data-src=\"https:\/\/whatthefrance.org\/wp-content\/uploads\/2018\/11\/WTF-Pochettes_urban_7-254x254.jpg\" class=\"lazyload\" alt=\"WTF&#8212;Pochettes_urban_7\" \/>    <\/div>    <div class=\"infos\">        <span class=\"tag\">Genres<\/span>        <h2>Urban A Go-Go<\/h2>        <span class=\"separator\"><\/span>       <span class=\"desc\">Unleash the latest urban music hits made in France.<\/span><div class=\"share flex flexAlignCenter \">\t<span class=\"label\">Compartir<\/span>\t<a href=\"https:\/\/www.facebook.com\/sharer\/sharer.php?u=https:\/\/whatthefrance.org\/es\/playlists\/urban-a-go-go\/\" class=\"facebook\" target=\"_blank\" rel=\"noreferrer\">Facebook<\/a>\t<a href=\"https:\/\/twitter.com\/intent\/tweet?url=https:\/\/whatthefrance.org\/es\/playlists\/urban-a-go-go\/&text=Urban+A+Go-Go&hashtags=WTF\" class=\"twitter\" target=\"_blank\" rel=\"noreferrer\">Twitter<\/a>\t<a href=\"mailto:?subject=What%20the%20France%20%3A%20Urban%20A%20Go-Go&body=https:\/\/whatthefrance.org\/es\/playlists\/urban-a-go-go\/\" class=\"mail\" target=\"_blank\" rel=\"noreferrer\">Email<\/a><\/div>        <a href=\"#\" class=\"btn btnPlaylist orange playlist-click\" data-id=\"9901\">            <svg version=\"1.1\" x=\"0px\" y=\"0px\" width=\"40px\" height=\"40px\" viewBox=\"0 0 213.7 213.7\" enable-background=\"new 0 0 213.7 213.7\" xml:space=\"preserve\">                <polygon class=\"triangle\" fill=\"none\" stroke-width=\"10\" stroke-linecap=\"round\" stroke-linejoin=\"round\" stroke-miterlimit=\"10\" points=\"\n            73.5,62.5 148.5,105.8 73.5,149.1 \"\/>                <circle class=\"circle\" fill=\"none\"  stroke-width=\"8\" stroke-linecap=\"round\" stroke-linejoin=\"round\" stroke-miterlimit=\"10\" cx=\"106.8\" cy=\"106.8\" r=\"103.3\"\/>                <circle class=\"circle-white\" fill=\"none\"  stroke-width=\"8\" stroke-linecap=\"round\" stroke-linejoin=\"round\" stroke-miterlimit=\"10\" cx=\"106.8\" cy=\"106.8\" r=\"103.3\"\/>            <\/svg>Escuchar        <\/a>    <\/div>  <\/div><\/div>\n","protected":false},"excerpt":{"rendered":"<p>Aclamado por la prensa internacional -y catalogado como un prodigio del neo-soul-, YellowStraps lanz\u00f3 su nueva canci\u00f3n, \u201ctnght\u201d el 15 de junio a trav\u00e9s de la discogr\u00e1fica Decca Records France: un simple de pop urbano que trata sobre un hombre t\u00edmido que quiere confesar sus sentimientos a la persona que ama. Este nuevo simple llega [&hellip;]<\/p>\n","protected":false},"author":35,"featured_media":0,"comment_status":"closed","ping_status":"closed","sticky":false,"template":"","format":"standard","meta":{"_acf_changed":false,"footnotes":""},"categories":[1968],"tags":[1925,1945,1947,1954],"class_list":["post-43789","post","type-post","status-publish","format-standard","hentry","category-release-es","tag-alternative-es","tag-pop-es","tag-rap-es","tag-urban-es"],"acf":[],"yoast_head":"<!-- This site is optimized with the Yoast SEO plugin v27.3 - https:\/\/yoast.com\/product\/yoast-seo-wordpress\/ -->\n<title>YellowStraps | Llega el nuevo single del artista pop urbano - What the France<\/title>\n<meta name=\"robots\" content=\"index, follow, max-snippet:-1, max-image-preview:large, max-video-preview:-1\" \/>\n<link rel=\"canonical\" href=\"https:\/\/whatthefrance.org\/es\/yellowstraps-llega-el-nuevo-single-del-artista-pop-urbano\/\" \/>\n<meta property=\"og:locale\" content=\"es_ES\" \/>\n<meta property=\"og:type\" content=\"article\" \/>\n<meta property=\"og:title\" content=\"YellowStraps | Llega el nuevo single del artista pop urbano - What the France\" \/>\n<meta property=\"og:description\" content=\"Aclamado por la prensa internacional -y catalogado como un prodigio del neo-soul-, YellowStraps lanz\u00f3 su nueva canci\u00f3n, \u201ctnght\u201d el 15 de junio a trav\u00e9s de la discogr\u00e1fica Decca Records France: un simple de pop urbano que trata sobre un hombre t\u00edmido que quiere confesar sus sentimientos a la persona que ama. Este nuevo simple llega [&hellip;]\" \/>\n<meta property=\"og:url\" content=\"https:\/\/whatthefrance.org\/es\/yellowstraps-llega-el-nuevo-single-del-artista-pop-urbano\/\" \/>\n<meta property=\"og:site_name\" content=\"What the France\" \/>\n<meta property=\"article:published_time\" content=\"2022-06-27T13:18:21+00:00\" \/>\n<meta property=\"article:modified_time\" content=\"2022-06-27T13:18:34+00:00\" \/>\n<meta property=\"og:image\" content=\"https:\/\/whatthefrance.org\/wp-content\/uploads\/2022\/06\/yellowstraps_what_the_france_cover.png\" \/>\n\t<meta property=\"og:image:width\" content=\"1084\" \/>\n\t<meta property=\"og:image:height\" content=\"452\" \/>\n<meta name=\"author\" content=\"ultrapop-gustavo\" \/>\n<meta name=\"twitter:card\" content=\"summary_large_image\" \/>\n<meta name=\"twitter:label1\" content=\"Escrito por\" \/>\n\t<meta name=\"twitter:data1\" content=\"ultrapop-gustavo\" \/>\n\t<meta name=\"twitter:label2\" content=\"Tiempo de lectura\" \/>\n\t<meta name=\"twitter:data2\" content=\"2 minutos\" \/>\n<script type=\"application\/ld+json\" class=\"yoast-schema-graph\">{\"@context\":\"https:\\\/\\\/schema.org\",\"@graph\":[{\"@type\":\"Article\",\"@id\":\"https:\\\/\\\/whatthefrance.org\\\/es\\\/yellowstraps-llega-el-nuevo-single-del-artista-pop-urbano\\\/#article\",\"isPartOf\":{\"@id\":\"https:\\\/\\\/whatthefrance.org\\\/es\\\/yellowstraps-llega-el-nuevo-single-del-artista-pop-urbano\\\/\"},\"author\":{\"name\":\"ultrapop-gustavo\",\"@id\":\"https:\\\/\\\/whatthefrance.org\\\/es\\\/#\\\/schema\\\/person\\\/ec6689bd96bf81ba9dcf2264cb54c946\"},\"headline\":\"YellowStraps | Llega el nuevo single del artista pop urbano\",\"datePublished\":\"2022-06-27T13:18:21+00:00\",\"dateModified\":\"2022-06-27T13:18:34+00:00\",\"mainEntityOfPage\":{\"@id\":\"https:\\\/\\\/whatthefrance.org\\\/es\\\/yellowstraps-llega-el-nuevo-single-del-artista-pop-urbano\\\/\"},\"wordCount\":260,\"publisher\":{\"@id\":\"https:\\\/\\\/whatthefrance.org\\\/es\\\/#organization\"},\"keywords\":[\"Alternative\",\"Pop\",\"Rap\",\"Urban\"],\"articleSection\":[\"Release\"],\"inLanguage\":\"es\"},{\"@type\":\"WebPage\",\"@id\":\"https:\\\/\\\/whatthefrance.org\\\/es\\\/yellowstraps-llega-el-nuevo-single-del-artista-pop-urbano\\\/\",\"url\":\"https:\\\/\\\/whatthefrance.org\\\/es\\\/yellowstraps-llega-el-nuevo-single-del-artista-pop-urbano\\\/\",\"name\":\"YellowStraps | Llega el nuevo single del artista pop urbano - What the France\",\"isPartOf\":{\"@id\":\"https:\\\/\\\/whatthefrance.org\\\/es\\\/#website\"},\"datePublished\":\"2022-06-27T13:18:21+00:00\",\"dateModified\":\"2022-06-27T13:18:34+00:00\",\"breadcrumb\":{\"@id\":\"https:\\\/\\\/whatthefrance.org\\\/es\\\/yellowstraps-llega-el-nuevo-single-del-artista-pop-urbano\\\/#breadcrumb\"},\"inLanguage\":\"es\",\"potentialAction\":[{\"@type\":\"ReadAction\",\"target\":[\"https:\\\/\\\/whatthefrance.org\\\/es\\\/yellowstraps-llega-el-nuevo-single-del-artista-pop-urbano\\\/\"]}]},{\"@type\":\"BreadcrumbList\",\"@id\":\"https:\\\/\\\/whatthefrance.org\\\/es\\\/yellowstraps-llega-el-nuevo-single-del-artista-pop-urbano\\\/#breadcrumb\",\"itemListElement\":[{\"@type\":\"ListItem\",\"position\":1,\"name\":\"Home\",\"item\":\"https:\\\/\\\/whatthefrance.org\\\/es\\\/\"},{\"@type\":\"ListItem\",\"position\":2,\"name\":\"YellowStraps | Llega el nuevo single del artista pop urbano\"}]},{\"@type\":\"WebSite\",\"@id\":\"https:\\\/\\\/whatthefrance.org\\\/es\\\/#website\",\"url\":\"https:\\\/\\\/whatthefrance.org\\\/es\\\/\",\"name\":\"What the France\",\"description\":\"The finest music made in France !\",\"publisher\":{\"@id\":\"https:\\\/\\\/whatthefrance.org\\\/es\\\/#organization\"},\"potentialAction\":[{\"@type\":\"SearchAction\",\"target\":{\"@type\":\"EntryPoint\",\"urlTemplate\":\"https:\\\/\\\/whatthefrance.org\\\/es\\\/?s={search_term_string}\"},\"query-input\":{\"@type\":\"PropertyValueSpecification\",\"valueRequired\":true,\"valueName\":\"search_term_string\"}}],\"inLanguage\":\"es\"},{\"@type\":\"Organization\",\"@id\":\"https:\\\/\\\/whatthefrance.org\\\/es\\\/#organization\",\"name\":\"What The France\",\"url\":\"https:\\\/\\\/whatthefrance.org\\\/es\\\/\",\"logo\":{\"@type\":\"ImageObject\",\"inLanguage\":\"es\",\"@id\":\"https:\\\/\\\/whatthefrance.org\\\/es\\\/#\\\/schema\\\/logo\\\/image\\\/\",\"url\":\"https:\\\/\\\/whatthefrance.org\\\/wp-content\\\/uploads\\\/2019\\\/12\\\/44688719_2251580388408837_694180218134331392_n-e1577679609190.png\",\"contentUrl\":\"https:\\\/\\\/whatthefrance.org\\\/wp-content\\\/uploads\\\/2019\\\/12\\\/44688719_2251580388408837_694180218134331392_n-e1577679609190.png\",\"width\":200,\"height\":200,\"caption\":\"What The France\"},\"image\":{\"@id\":\"https:\\\/\\\/whatthefrance.org\\\/es\\\/#\\\/schema\\\/logo\\\/image\\\/\"}},{\"@type\":\"Person\",\"@id\":\"https:\\\/\\\/whatthefrance.org\\\/es\\\/#\\\/schema\\\/person\\\/ec6689bd96bf81ba9dcf2264cb54c946\",\"name\":\"ultrapop-gustavo\",\"image\":{\"@type\":\"ImageObject\",\"inLanguage\":\"es\",\"@id\":\"https:\\\/\\\/secure.gravatar.com\\\/avatar\\\/9f35e3e5944405caa221d3f9ae6c981bac53ada24e0340936c6d6364326ab920?s=96&d=mm&r=g\",\"url\":\"https:\\\/\\\/secure.gravatar.com\\\/avatar\\\/9f35e3e5944405caa221d3f9ae6c981bac53ada24e0340936c6d6364326ab920?s=96&d=mm&r=g\",\"contentUrl\":\"https:\\\/\\\/secure.gravatar.com\\\/avatar\\\/9f35e3e5944405caa221d3f9ae6c981bac53ada24e0340936c6d6364326ab920?s=96&d=mm&r=g\",\"caption\":\"ultrapop-gustavo\"}}]}<\/script>\n<!-- \/ Yoast SEO plugin. -->","yoast_head_json":{"title":"YellowStraps | Llega el nuevo single del artista pop urbano - What the France","robots":{"index":"index","follow":"follow","max-snippet":"max-snippet:-1","max-image-preview":"max-image-preview:large","max-video-preview":"max-video-preview:-1"},"canonical":"https:\/\/whatthefrance.org\/es\/yellowstraps-llega-el-nuevo-single-del-artista-pop-urbano\/","og_locale":"es_ES","og_type":"article","og_title":"YellowStraps | Llega el nuevo single del artista pop urbano - What the France","og_description":"Aclamado por la prensa internacional -y catalogado como un prodigio del neo-soul-, YellowStraps lanz\u00f3 su nueva canci\u00f3n, \u201ctnght\u201d el 15 de junio a trav\u00e9s de la discogr\u00e1fica Decca Records France: un simple de pop urbano que trata sobre un hombre t\u00edmido que quiere confesar sus sentimientos a la persona que ama. Este nuevo simple llega [&hellip;]","og_url":"https:\/\/whatthefrance.org\/es\/yellowstraps-llega-el-nuevo-single-del-artista-pop-urbano\/","og_site_name":"What the France","article_published_time":"2022-06-27T13:18:21+00:00","article_modified_time":"2022-06-27T13:18:34+00:00","og_image":[{"url":"https:\/\/whatthefrance.org\/wp-content\/uploads\/2022\/06\/yellowstraps_what_the_france_cover.png","height":452,"width":1084,"type":""}],"author":"ultrapop-gustavo","twitter_card":"summary_large_image","twitter_misc":{"Escrito por":"ultrapop-gustavo","Tiempo de lectura":"2 minutos"},"schema":{"@context":"https:\/\/schema.org","@graph":[{"@type":"Article","@id":"https:\/\/whatthefrance.org\/es\/yellowstraps-llega-el-nuevo-single-del-artista-pop-urbano\/#article","isPartOf":{"@id":"https:\/\/whatthefrance.org\/es\/yellowstraps-llega-el-nuevo-single-del-artista-pop-urbano\/"},"author":{"name":"ultrapop-gustavo","@id":"https:\/\/whatthefrance.org\/es\/#\/schema\/person\/ec6689bd96bf81ba9dcf2264cb54c946"},"headline":"YellowStraps | Llega el nuevo single del artista pop urbano","datePublished":"2022-06-27T13:18:21+00:00","dateModified":"2022-06-27T13:18:34+00:00","mainEntityOfPage":{"@id":"https:\/\/whatthefrance.org\/es\/yellowstraps-llega-el-nuevo-single-del-artista-pop-urbano\/"},"wordCount":260,"publisher":{"@id":"https:\/\/whatthefrance.org\/es\/#organization"},"keywords":["Alternative","Pop","Rap","Urban"],"articleSection":["Release"],"inLanguage":"es"},{"@type":"WebPage","@id":"https:\/\/whatthefrance.org\/es\/yellowstraps-llega-el-nuevo-single-del-artista-pop-urbano\/","url":"https:\/\/whatthefrance.org\/es\/yellowstraps-llega-el-nuevo-single-del-artista-pop-urbano\/","name":"YellowStraps | Llega el nuevo single del artista pop urbano - What the France","isPartOf":{"@id":"https:\/\/whatthefrance.org\/es\/#website"},"datePublished":"2022-06-27T13:18:21+00:00","dateModified":"2022-06-27T13:18:34+00:00","breadcrumb":{"@id":"https:\/\/whatthefrance.org\/es\/yellowstraps-llega-el-nuevo-single-del-artista-pop-urbano\/#breadcrumb"},"inLanguage":"es","potentialAction":[{"@type":"ReadAction","target":["https:\/\/whatthefrance.org\/es\/yellowstraps-llega-el-nuevo-single-del-artista-pop-urbano\/"]}]},{"@type":"BreadcrumbList","@id":"https:\/\/whatthefrance.org\/es\/yellowstraps-llega-el-nuevo-single-del-artista-pop-urbano\/#breadcrumb","itemListElement":[{"@type":"ListItem","position":1,"name":"Home","item":"https:\/\/whatthefrance.org\/es\/"},{"@type":"ListItem","position":2,"name":"YellowStraps | Llega el nuevo single del artista pop urbano"}]},{"@type":"WebSite","@id":"https:\/\/whatthefrance.org\/es\/#website","url":"https:\/\/whatthefrance.org\/es\/","name":"What the France","description":"The finest music made in France !","publisher":{"@id":"https:\/\/whatthefrance.org\/es\/#organization"},"potentialAction":[{"@type":"SearchAction","target":{"@type":"EntryPoint","urlTemplate":"https:\/\/whatthefrance.org\/es\/?s={search_term_string}"},"query-input":{"@type":"PropertyValueSpecification","valueRequired":true,"valueName":"search_term_string"}}],"inLanguage":"es"},{"@type":"Organization","@id":"https:\/\/whatthefrance.org\/es\/#organization","name":"What The France","url":"https:\/\/whatthefrance.org\/es\/","logo":{"@type":"ImageObject","inLanguage":"es","@id":"https:\/\/whatthefrance.org\/es\/#\/schema\/logo\/image\/","url":"https:\/\/whatthefrance.org\/wp-content\/uploads\/2019\/12\/44688719_2251580388408837_694180218134331392_n-e1577679609190.png","contentUrl":"https:\/\/whatthefrance.org\/wp-content\/uploads\/2019\/12\/44688719_2251580388408837_694180218134331392_n-e1577679609190.png","width":200,"height":200,"caption":"What The France"},"image":{"@id":"https:\/\/whatthefrance.org\/es\/#\/schema\/logo\/image\/"}},{"@type":"Person","@id":"https:\/\/whatthefrance.org\/es\/#\/schema\/person\/ec6689bd96bf81ba9dcf2264cb54c946","name":"ultrapop-gustavo","image":{"@type":"ImageObject","inLanguage":"es","@id":"https:\/\/secure.gravatar.com\/avatar\/9f35e3e5944405caa221d3f9ae6c981bac53ada24e0340936c6d6364326ab920?s=96&d=mm&r=g","url":"https:\/\/secure.gravatar.com\/avatar\/9f35e3e5944405caa221d3f9ae6c981bac53ada24e0340936c6d6364326ab920?s=96&d=mm&r=g","contentUrl":"https:\/\/secure.gravatar.com\/avatar\/9f35e3e5944405caa221d3f9ae6c981bac53ada24e0340936c6d6364326ab920?s=96&d=mm&r=g","caption":"ultrapop-gustavo"}}]}},"_links":{"self":[{"href":"https:\/\/whatthefrance.org\/es\/wp-json\/wp\/v2\/posts\/43789","targetHints":{"allow":["GET"]}}],"collection":[{"href":"https:\/\/whatthefrance.org\/es\/wp-json\/wp\/v2\/posts"}],"about":[{"href":"https:\/\/whatthefrance.org\/es\/wp-json\/wp\/v2\/types\/post"}],"author":[{"embeddable":true,"href":"https:\/\/whatthefrance.org\/es\/wp-json\/wp\/v2\/users\/35"}],"replies":[{"embeddable":true,"href":"https:\/\/whatthefrance.org\/es\/wp-json\/wp\/v2\/comments?post=43789"}],"version-history":[{"count":4,"href":"https:\/\/whatthefrance.org\/es\/wp-json\/wp\/v2\/posts\/43789\/revisions"}],"predecessor-version":[{"id":43843,"href":"https:\/\/whatthefrance.org\/es\/wp-json\/wp\/v2\/posts\/43789\/revisions\/43843"}],"wp:attachment":[{"href":"https:\/\/whatthefrance.org\/es\/wp-json\/wp\/v2\/media?parent=43789"}],"wp:term":[{"taxonomy":"category","embeddable":true,"href":"https:\/\/whatthefrance.org\/es\/wp-json\/wp\/v2\/categories?post=43789"},{"taxonomy":"post_tag","embeddable":true,"href":"https:\/\/whatthefrance.org\/es\/wp-json\/wp\/v2\/tags?post=43789"}],"curies":[{"name":"wp","href":"https:\/\/api.w.org\/{rel}","templated":true}]}}