{"id":44432,"date":"2022-07-07T10:00:53","date_gmt":"2022-07-07T08:00:53","guid":{"rendered":"https:\/\/whatthefrance.org\/?p=44432"},"modified":"2023-01-30T11:32:03","modified_gmt":"2023-01-30T10:32:03","slug":"victoires-du-jazz-descubra-a-los-ganadores-de-la-edicion-de-2022","status":"publish","type":"post","link":"https:\/\/whatthefrance.org\/es\/victoires-du-jazz-descubra-a-los-ganadores-de-la-edicion-de-2022\/","title":{"rendered":"Victoires du Jazz | \u00a1Descubra a los ganadores de la edici\u00f3n de 2022!"},"content":{"rendered":"<p><span style=\"font-weight: 400;\">Al final de la ceremonia celebrada entre el 29 y el 30 de junio en Juan-les-Pins se entregaron cinco premios a los m\u00fasicos de jazz m\u00e1s recordados de los \u00faltimos meses. Esta nueva edici\u00f3n marca el vig\u00e9simo aniversario de la ceremonia, que honra a los artistas que contribuyen constantemente al desarrollo y a la influencia cultural del g\u00e9nero tanto en Francia como a nivel internacional. El evento fue transmitido el 6 de julio por el canal de televisi\u00f3n CultureBox, donde ya est\u00e1 disponible para su reproducci\u00f3n al menos hasta el 2 de enero de 2023.<\/span><\/p>\n<h3><strong>Los ganadores de la edici\u00f3n de 2022 son:<\/strong><\/h3>\n<ul>\n<li><span style=\"font-weight: 400;\">Mejor artista instrumental: Sophie Alour.<\/span><\/li>\n<li><span style=\"font-weight: 400;\">Mejor cantante: Marion Rampal.<\/span><\/li>\n<li><span style=\"font-weight: 400;\">Premio Revelaci\u00f3n (o Premio Frank T\u00e9not): Arnaud Dolmen.<\/span><\/li>\n<li><span style=\"font-weight: 400;\">Mejor \u00e1lbum de jazz: \u201cGhost Song\u201d \u2013 C\u00e9cile McLorin Salvant (Nonesuch).<\/span><\/li>\n<li><span style=\"font-weight: 400;\">Mejor \u00e1lbum de World Music: \u201c<i>Shapes of the fall<\/i> \u2013 Piers Faccini (Beating Drum\/No Format!).<br \/>\n<\/span><\/li>\n<\/ul>\n<p><span style=\"font-weight: 400;\">\u00a1Puede encontrar a todos estos artistas en nuestra playlist \u201cKiss my Jazz\u201d!<\/span><\/p>\n<p><span style=\"font-weight: 400;\"><div class=\"playListBloc singleBloc\"><div class=\"playListBloc-wrap\">    <div class=\"thumbnail\"><img data-src=\"https:\/\/whatthefrance.org\/wp-content\/uploads\/2018\/11\/Design-sans-titre-254x254.jpg\" class=\"lazyload\" alt=\"Design sans titre\" \/>    <\/div>    <div class=\"infos\">        <span class=\"tag\">Genres<\/span>        <h2>Kiss my Jazz<\/h2>        <span class=\"separator\"><\/span>       <span class=\"desc\">Jam to the latest jazz hits made in France.<\/span><div class=\"share flex flexAlignCenter \">\t<span class=\"label\">Compartir<\/span>\t<a href=\"https:\/\/www.facebook.com\/sharer\/sharer.php?u=https:\/\/whatthefrance.org\/es\/playlists\/kiss-my-jazz\/\" class=\"facebook\" target=\"_blank\" rel=\"noreferrer\">Facebook<\/a>\t<a href=\"https:\/\/twitter.com\/intent\/tweet?url=https:\/\/whatthefrance.org\/es\/playlists\/kiss-my-jazz\/&text=Kiss+my+Jazz&hashtags=WTF\" class=\"twitter\" target=\"_blank\" rel=\"noreferrer\">Twitter<\/a>\t<a href=\"mailto:?subject=What%20the%20France%20%3A%20Kiss%20my%20Jazz&body=https:\/\/whatthefrance.org\/es\/playlists\/kiss-my-jazz\/\" class=\"mail\" target=\"_blank\" rel=\"noreferrer\">Email<\/a><\/div>        <a href=\"#\" class=\"btn btnPlaylist orange playlist-click\" data-id=\"9893\">            <svg version=\"1.1\" x=\"0px\" y=\"0px\" width=\"40px\" height=\"40px\" viewBox=\"0 0 213.7 213.7\" enable-background=\"new 0 0 213.7 213.7\" xml:space=\"preserve\">                <polygon class=\"triangle\" fill=\"none\" stroke-width=\"10\" stroke-linecap=\"round\" stroke-linejoin=\"round\" stroke-miterlimit=\"10\" points=\"\n            73.5,62.5 148.5,105.8 73.5,149.1 \"\/>                <circle class=\"circle\" fill=\"none\"  stroke-width=\"8\" stroke-linecap=\"round\" stroke-linejoin=\"round\" stroke-miterlimit=\"10\" cx=\"106.8\" cy=\"106.8\" r=\"103.3\"\/>                <circle class=\"circle-white\" fill=\"none\"  stroke-width=\"8\" stroke-linecap=\"round\" stroke-linejoin=\"round\" stroke-miterlimit=\"10\" cx=\"106.8\" cy=\"106.8\" r=\"103.3\"\/>            <\/svg>Escuchar        <\/a>    <\/div>  <\/div><\/div><\/span><\/p>\n","protected":false},"excerpt":{"rendered":"<p>Al final de la ceremonia celebrada entre el 29 y el 30 de junio en Juan-les-Pins se entregaron cinco premios a los m\u00fasicos de jazz m\u00e1s recordados de los \u00faltimos meses. Esta nueva edici\u00f3n marca el vig\u00e9simo aniversario de la ceremonia, que honra a los artistas que contribuyen constantemente al desarrollo y a la influencia [&hellip;]<\/p>\n","protected":false},"author":35,"featured_media":0,"comment_status":"closed","ping_status":"closed","sticky":false,"template":"","format":"standard","meta":{"_acf_changed":false,"footnotes":""},"categories":[1963],"tags":[1942],"class_list":["post-44432","post","type-post","status-publish","format-standard","hentry","category-award-es","tag-jazz-es"],"acf":[],"yoast_head":"<!-- This site is optimized with the Yoast SEO plugin v27.3 - https:\/\/yoast.com\/product\/yoast-seo-wordpress\/ -->\n<title>Victoires du Jazz | \u00a1Descubra a los ganadores de la edici\u00f3n de 2022! - What the France<\/title>\n<meta name=\"robots\" content=\"index, follow, max-snippet:-1, max-image-preview:large, max-video-preview:-1\" \/>\n<link rel=\"canonical\" href=\"https:\/\/whatthefrance.org\/es\/victoires-du-jazz-descubra-a-los-ganadores-de-la-edicion-de-2022\/\" \/>\n<meta property=\"og:locale\" content=\"es_ES\" \/>\n<meta property=\"og:type\" content=\"article\" \/>\n<meta property=\"og:title\" content=\"Victoires du Jazz | \u00a1Descubra a los ganadores de la edici\u00f3n de 2022! - What the France\" \/>\n<meta property=\"og:description\" content=\"Al final de la ceremonia celebrada entre el 29 y el 30 de junio en Juan-les-Pins se entregaron cinco premios a los m\u00fasicos de jazz m\u00e1s recordados de los \u00faltimos meses. Esta nueva edici\u00f3n marca el vig\u00e9simo aniversario de la ceremonia, que honra a los artistas que contribuyen constantemente al desarrollo y a la influencia [&hellip;]\" \/>\n<meta property=\"og:url\" content=\"https:\/\/whatthefrance.org\/es\/victoires-du-jazz-descubra-a-los-ganadores-de-la-edicion-de-2022\/\" \/>\n<meta property=\"og:site_name\" content=\"What the France\" \/>\n<meta property=\"article:published_time\" content=\"2022-07-07T08:00:53+00:00\" \/>\n<meta property=\"article:modified_time\" content=\"2023-01-30T10:32:03+00:00\" \/>\n<meta property=\"og:image\" content=\"https:\/\/whatthefrance.org\/wp-content\/uploads\/2022\/07\/victoire_jazz__what_the_france_cover.png\" \/>\n\t<meta property=\"og:image:width\" content=\"1084\" \/>\n\t<meta property=\"og:image:height\" content=\"452\" \/>\n<meta name=\"author\" content=\"ultrapop-gustavo\" \/>\n<meta name=\"twitter:card\" content=\"summary_large_image\" \/>\n<meta name=\"twitter:label1\" content=\"Escrito por\" \/>\n\t<meta name=\"twitter:data1\" content=\"ultrapop-gustavo\" \/>\n\t<meta name=\"twitter:label2\" content=\"Tiempo de lectura\" \/>\n\t<meta name=\"twitter:data2\" content=\"1 minuto\" \/>\n<script type=\"application\/ld+json\" class=\"yoast-schema-graph\">{\"@context\":\"https:\\\/\\\/schema.org\",\"@graph\":[{\"@type\":\"Article\",\"@id\":\"https:\\\/\\\/whatthefrance.org\\\/es\\\/victoires-du-jazz-descubra-a-los-ganadores-de-la-edicion-de-2022\\\/#article\",\"isPartOf\":{\"@id\":\"https:\\\/\\\/whatthefrance.org\\\/es\\\/victoires-du-jazz-descubra-a-los-ganadores-de-la-edicion-de-2022\\\/\"},\"author\":{\"name\":\"ultrapop-gustavo\",\"@id\":\"https:\\\/\\\/whatthefrance.org\\\/es\\\/#\\\/schema\\\/person\\\/ec6689bd96bf81ba9dcf2264cb54c946\"},\"headline\":\"Victoires du Jazz | \u00a1Descubra a los ganadores de la edici\u00f3n de 2022!\",\"datePublished\":\"2022-07-07T08:00:53+00:00\",\"dateModified\":\"2023-01-30T10:32:03+00:00\",\"mainEntityOfPage\":{\"@id\":\"https:\\\/\\\/whatthefrance.org\\\/es\\\/victoires-du-jazz-descubra-a-los-ganadores-de-la-edicion-de-2022\\\/\"},\"wordCount\":176,\"publisher\":{\"@id\":\"https:\\\/\\\/whatthefrance.org\\\/es\\\/#organization\"},\"keywords\":[\"Jazz\"],\"articleSection\":[\"Award\"],\"inLanguage\":\"es\"},{\"@type\":\"WebPage\",\"@id\":\"https:\\\/\\\/whatthefrance.org\\\/es\\\/victoires-du-jazz-descubra-a-los-ganadores-de-la-edicion-de-2022\\\/\",\"url\":\"https:\\\/\\\/whatthefrance.org\\\/es\\\/victoires-du-jazz-descubra-a-los-ganadores-de-la-edicion-de-2022\\\/\",\"name\":\"Victoires du Jazz | \u00a1Descubra a los ganadores de la edici\u00f3n de 2022! - What the France\",\"isPartOf\":{\"@id\":\"https:\\\/\\\/whatthefrance.org\\\/es\\\/#website\"},\"datePublished\":\"2022-07-07T08:00:53+00:00\",\"dateModified\":\"2023-01-30T10:32:03+00:00\",\"breadcrumb\":{\"@id\":\"https:\\\/\\\/whatthefrance.org\\\/es\\\/victoires-du-jazz-descubra-a-los-ganadores-de-la-edicion-de-2022\\\/#breadcrumb\"},\"inLanguage\":\"es\",\"potentialAction\":[{\"@type\":\"ReadAction\",\"target\":[\"https:\\\/\\\/whatthefrance.org\\\/es\\\/victoires-du-jazz-descubra-a-los-ganadores-de-la-edicion-de-2022\\\/\"]}]},{\"@type\":\"BreadcrumbList\",\"@id\":\"https:\\\/\\\/whatthefrance.org\\\/es\\\/victoires-du-jazz-descubra-a-los-ganadores-de-la-edicion-de-2022\\\/#breadcrumb\",\"itemListElement\":[{\"@type\":\"ListItem\",\"position\":1,\"name\":\"Home\",\"item\":\"https:\\\/\\\/whatthefrance.org\\\/es\\\/\"},{\"@type\":\"ListItem\",\"position\":2,\"name\":\"Victoires du Jazz | \u00a1Descubra a los ganadores de la edici\u00f3n de 2022!\"}]},{\"@type\":\"WebSite\",\"@id\":\"https:\\\/\\\/whatthefrance.org\\\/es\\\/#website\",\"url\":\"https:\\\/\\\/whatthefrance.org\\\/es\\\/\",\"name\":\"What the France\",\"description\":\"The finest music made in France !\",\"publisher\":{\"@id\":\"https:\\\/\\\/whatthefrance.org\\\/es\\\/#organization\"},\"potentialAction\":[{\"@type\":\"SearchAction\",\"target\":{\"@type\":\"EntryPoint\",\"urlTemplate\":\"https:\\\/\\\/whatthefrance.org\\\/es\\\/?s={search_term_string}\"},\"query-input\":{\"@type\":\"PropertyValueSpecification\",\"valueRequired\":true,\"valueName\":\"search_term_string\"}}],\"inLanguage\":\"es\"},{\"@type\":\"Organization\",\"@id\":\"https:\\\/\\\/whatthefrance.org\\\/es\\\/#organization\",\"name\":\"What The France\",\"url\":\"https:\\\/\\\/whatthefrance.org\\\/es\\\/\",\"logo\":{\"@type\":\"ImageObject\",\"inLanguage\":\"es\",\"@id\":\"https:\\\/\\\/whatthefrance.org\\\/es\\\/#\\\/schema\\\/logo\\\/image\\\/\",\"url\":\"https:\\\/\\\/whatthefrance.org\\\/wp-content\\\/uploads\\\/2019\\\/12\\\/44688719_2251580388408837_694180218134331392_n-e1577679609190.png\",\"contentUrl\":\"https:\\\/\\\/whatthefrance.org\\\/wp-content\\\/uploads\\\/2019\\\/12\\\/44688719_2251580388408837_694180218134331392_n-e1577679609190.png\",\"width\":200,\"height\":200,\"caption\":\"What The France\"},\"image\":{\"@id\":\"https:\\\/\\\/whatthefrance.org\\\/es\\\/#\\\/schema\\\/logo\\\/image\\\/\"}},{\"@type\":\"Person\",\"@id\":\"https:\\\/\\\/whatthefrance.org\\\/es\\\/#\\\/schema\\\/person\\\/ec6689bd96bf81ba9dcf2264cb54c946\",\"name\":\"ultrapop-gustavo\",\"image\":{\"@type\":\"ImageObject\",\"inLanguage\":\"es\",\"@id\":\"https:\\\/\\\/secure.gravatar.com\\\/avatar\\\/9f35e3e5944405caa221d3f9ae6c981bac53ada24e0340936c6d6364326ab920?s=96&d=mm&r=g\",\"url\":\"https:\\\/\\\/secure.gravatar.com\\\/avatar\\\/9f35e3e5944405caa221d3f9ae6c981bac53ada24e0340936c6d6364326ab920?s=96&d=mm&r=g\",\"contentUrl\":\"https:\\\/\\\/secure.gravatar.com\\\/avatar\\\/9f35e3e5944405caa221d3f9ae6c981bac53ada24e0340936c6d6364326ab920?s=96&d=mm&r=g\",\"caption\":\"ultrapop-gustavo\"}}]}<\/script>\n<!-- \/ Yoast SEO plugin. -->","yoast_head_json":{"title":"Victoires du Jazz | \u00a1Descubra a los ganadores de la edici\u00f3n de 2022! - What the France","robots":{"index":"index","follow":"follow","max-snippet":"max-snippet:-1","max-image-preview":"max-image-preview:large","max-video-preview":"max-video-preview:-1"},"canonical":"https:\/\/whatthefrance.org\/es\/victoires-du-jazz-descubra-a-los-ganadores-de-la-edicion-de-2022\/","og_locale":"es_ES","og_type":"article","og_title":"Victoires du Jazz | \u00a1Descubra a los ganadores de la edici\u00f3n de 2022! - What the France","og_description":"Al final de la ceremonia celebrada entre el 29 y el 30 de junio en Juan-les-Pins se entregaron cinco premios a los m\u00fasicos de jazz m\u00e1s recordados de los \u00faltimos meses. Esta nueva edici\u00f3n marca el vig\u00e9simo aniversario de la ceremonia, que honra a los artistas que contribuyen constantemente al desarrollo y a la influencia [&hellip;]","og_url":"https:\/\/whatthefrance.org\/es\/victoires-du-jazz-descubra-a-los-ganadores-de-la-edicion-de-2022\/","og_site_name":"What the France","article_published_time":"2022-07-07T08:00:53+00:00","article_modified_time":"2023-01-30T10:32:03+00:00","og_image":[{"url":"https:\/\/whatthefrance.org\/wp-content\/uploads\/2022\/07\/victoire_jazz__what_the_france_cover.png","height":452,"width":1084,"type":""}],"author":"ultrapop-gustavo","twitter_card":"summary_large_image","twitter_misc":{"Escrito por":"ultrapop-gustavo","Tiempo de lectura":"1 minuto"},"schema":{"@context":"https:\/\/schema.org","@graph":[{"@type":"Article","@id":"https:\/\/whatthefrance.org\/es\/victoires-du-jazz-descubra-a-los-ganadores-de-la-edicion-de-2022\/#article","isPartOf":{"@id":"https:\/\/whatthefrance.org\/es\/victoires-du-jazz-descubra-a-los-ganadores-de-la-edicion-de-2022\/"},"author":{"name":"ultrapop-gustavo","@id":"https:\/\/whatthefrance.org\/es\/#\/schema\/person\/ec6689bd96bf81ba9dcf2264cb54c946"},"headline":"Victoires du Jazz | \u00a1Descubra a los ganadores de la edici\u00f3n de 2022!","datePublished":"2022-07-07T08:00:53+00:00","dateModified":"2023-01-30T10:32:03+00:00","mainEntityOfPage":{"@id":"https:\/\/whatthefrance.org\/es\/victoires-du-jazz-descubra-a-los-ganadores-de-la-edicion-de-2022\/"},"wordCount":176,"publisher":{"@id":"https:\/\/whatthefrance.org\/es\/#organization"},"keywords":["Jazz"],"articleSection":["Award"],"inLanguage":"es"},{"@type":"WebPage","@id":"https:\/\/whatthefrance.org\/es\/victoires-du-jazz-descubra-a-los-ganadores-de-la-edicion-de-2022\/","url":"https:\/\/whatthefrance.org\/es\/victoires-du-jazz-descubra-a-los-ganadores-de-la-edicion-de-2022\/","name":"Victoires du Jazz | \u00a1Descubra a los ganadores de la edici\u00f3n de 2022! - What the France","isPartOf":{"@id":"https:\/\/whatthefrance.org\/es\/#website"},"datePublished":"2022-07-07T08:00:53+00:00","dateModified":"2023-01-30T10:32:03+00:00","breadcrumb":{"@id":"https:\/\/whatthefrance.org\/es\/victoires-du-jazz-descubra-a-los-ganadores-de-la-edicion-de-2022\/#breadcrumb"},"inLanguage":"es","potentialAction":[{"@type":"ReadAction","target":["https:\/\/whatthefrance.org\/es\/victoires-du-jazz-descubra-a-los-ganadores-de-la-edicion-de-2022\/"]}]},{"@type":"BreadcrumbList","@id":"https:\/\/whatthefrance.org\/es\/victoires-du-jazz-descubra-a-los-ganadores-de-la-edicion-de-2022\/#breadcrumb","itemListElement":[{"@type":"ListItem","position":1,"name":"Home","item":"https:\/\/whatthefrance.org\/es\/"},{"@type":"ListItem","position":2,"name":"Victoires du Jazz | \u00a1Descubra a los ganadores de la edici\u00f3n de 2022!"}]},{"@type":"WebSite","@id":"https:\/\/whatthefrance.org\/es\/#website","url":"https:\/\/whatthefrance.org\/es\/","name":"What the France","description":"The finest music made in France !","publisher":{"@id":"https:\/\/whatthefrance.org\/es\/#organization"},"potentialAction":[{"@type":"SearchAction","target":{"@type":"EntryPoint","urlTemplate":"https:\/\/whatthefrance.org\/es\/?s={search_term_string}"},"query-input":{"@type":"PropertyValueSpecification","valueRequired":true,"valueName":"search_term_string"}}],"inLanguage":"es"},{"@type":"Organization","@id":"https:\/\/whatthefrance.org\/es\/#organization","name":"What The France","url":"https:\/\/whatthefrance.org\/es\/","logo":{"@type":"ImageObject","inLanguage":"es","@id":"https:\/\/whatthefrance.org\/es\/#\/schema\/logo\/image\/","url":"https:\/\/whatthefrance.org\/wp-content\/uploads\/2019\/12\/44688719_2251580388408837_694180218134331392_n-e1577679609190.png","contentUrl":"https:\/\/whatthefrance.org\/wp-content\/uploads\/2019\/12\/44688719_2251580388408837_694180218134331392_n-e1577679609190.png","width":200,"height":200,"caption":"What The France"},"image":{"@id":"https:\/\/whatthefrance.org\/es\/#\/schema\/logo\/image\/"}},{"@type":"Person","@id":"https:\/\/whatthefrance.org\/es\/#\/schema\/person\/ec6689bd96bf81ba9dcf2264cb54c946","name":"ultrapop-gustavo","image":{"@type":"ImageObject","inLanguage":"es","@id":"https:\/\/secure.gravatar.com\/avatar\/9f35e3e5944405caa221d3f9ae6c981bac53ada24e0340936c6d6364326ab920?s=96&d=mm&r=g","url":"https:\/\/secure.gravatar.com\/avatar\/9f35e3e5944405caa221d3f9ae6c981bac53ada24e0340936c6d6364326ab920?s=96&d=mm&r=g","contentUrl":"https:\/\/secure.gravatar.com\/avatar\/9f35e3e5944405caa221d3f9ae6c981bac53ada24e0340936c6d6364326ab920?s=96&d=mm&r=g","caption":"ultrapop-gustavo"}}]}},"_links":{"self":[{"href":"https:\/\/whatthefrance.org\/es\/wp-json\/wp\/v2\/posts\/44432","targetHints":{"allow":["GET"]}}],"collection":[{"href":"https:\/\/whatthefrance.org\/es\/wp-json\/wp\/v2\/posts"}],"about":[{"href":"https:\/\/whatthefrance.org\/es\/wp-json\/wp\/v2\/types\/post"}],"author":[{"embeddable":true,"href":"https:\/\/whatthefrance.org\/es\/wp-json\/wp\/v2\/users\/35"}],"replies":[{"embeddable":true,"href":"https:\/\/whatthefrance.org\/es\/wp-json\/wp\/v2\/comments?post=44432"}],"version-history":[{"count":1,"href":"https:\/\/whatthefrance.org\/es\/wp-json\/wp\/v2\/posts\/44432\/revisions"}],"predecessor-version":[{"id":44433,"href":"https:\/\/whatthefrance.org\/es\/wp-json\/wp\/v2\/posts\/44432\/revisions\/44433"}],"wp:attachment":[{"href":"https:\/\/whatthefrance.org\/es\/wp-json\/wp\/v2\/media?parent=44432"}],"wp:term":[{"taxonomy":"category","embeddable":true,"href":"https:\/\/whatthefrance.org\/es\/wp-json\/wp\/v2\/categories?post=44432"},{"taxonomy":"post_tag","embeddable":true,"href":"https:\/\/whatthefrance.org\/es\/wp-json\/wp\/v2\/tags?post=44432"}],"curies":[{"name":"wp","href":"https:\/\/api.w.org\/{rel}","templated":true}]}}