{"id":45511,"date":"2022-08-22T10:00:23","date_gmt":"2022-08-22T08:00:23","guid":{"rendered":"https:\/\/whatthefrance.org\/?p=45511"},"modified":"2022-08-29T21:11:50","modified_gmt":"2022-08-29T19:11:50","slug":"josman-nuevo-album-y-gira","status":"publish","type":"post","link":"https:\/\/whatthefrance.org\/es\/josman-nuevo-album-y-gira\/","title":{"rendered":"Josman | Nuevo \u00e1lbum y gira"},"content":{"rendered":"<p><span class=\"em-orange\"><a href=\"https:\/\/www.instagram.com\/ogjosman\/\"><b>Josman<\/b><\/a><span style=\"font-weight: 400;\"> se encontr\u00f3 con el \u00e9xito en tiempo r\u00e9cord. El rapero se junt\u00f3 con los productores Eazy Dew y Marius Gonzalez, que se encargaron de sus visuales. El resultado de esta sinergia triple es notable: varios \u00e1lbumes exitosos y una nueva gira internacional, prevista para el oto\u00f1o boreal.<\/span><\/span><\/p>\n<p><span style=\"font-weight: 400;\">La exitosa \u201c<\/span><b>J&#8217;aime bien<\/b><span style=\"font-weight: 400;\">\u201d obtuvo el certificado de Sencillo de Platino. La f\u00f3rmula est\u00e1\u00a0 m\u00e1s que probada y la eficacia del tr\u00edo se ha demostrado a lo largo de estos a\u00f1os. El \u00e1lbum <\/span><b><i>J.O.$<\/i><\/b><span style=\"font-weight: 400;\">, lanzado en 2018 fue tambi\u00e9n certificado con disco de oro, que fuera seguido a\u00f1os despu\u00e9s por su opus titulado <\/span><b><i>Split<\/i><\/b><span style=\"font-weight: 400;\">. Este a\u00f1o present\u00f3 su nuevo \u00e1lbum, <\/span><b><i>M.A.N (Black Roses and Lost Feelings)<\/i><\/b><span style=\"font-weight: 400;\"> en marzo, que desde entonces ha cont\u00f3 con una reedici\u00f3n extendida con bonus tracks.<\/span><\/p>\n<p><iframe loading=\"lazy\" title=\"J&#039;aime Bien!\" width=\"500\" height=\"375\" src=\"https:\/\/www.youtube.com\/embed\/T9PgnuUwHxE?feature=oembed\" frameborder=\"0\" allow=\"accelerometer; autoplay; clipboard-write; encrypted-media; gyroscope; picture-in-picture; web-share\" referrerpolicy=\"strict-origin-when-cross-origin\" allowfullscreen><\/iframe><\/p>\n<p><span style=\"font-weight: 400;\">Sus canciones son a veces oscuras,a veces suaves, pero su m\u00fasica es, ante todo, una inmersi\u00f3n a la mente de Josman, las que nos permite hacernos una idea detallada de su d\u00eda a d\u00eda oscilando entre la introspecci\u00f3n, el af\u00e1n de superaci\u00f3n, la relaci\u00f3n con los dem\u00e1s y sus pensamientos m\u00e1s sombr\u00edos. <\/span><b><i>J.O.$<\/i><\/b><span style=\"font-weight: 400;\"> y sus recientes \u00e1lbumes nos recuerdan tambi\u00e9n que este hombre es, sin duda, uno de los MC m\u00e1s h\u00e1biles de la escena del rap franc\u00e9s. Josman es de los que siguen privilegiando el texto y la t\u00e9cnica.<\/span><\/p>\n<p><span style=\"font-weight: 400;\">El rapero de Vierzon es, ante todo, un artista como pocos,considerado una de las nuevas promesas del rap franc\u00e9s. Un verdadero orfebre que lleva sus proyectos al extremo y que se involucra en todos los aspectos del proceso creativo. un artista meticuloso que no deja nada librado al azar y que ha hecho de su rareza una aut\u00e9ntica fortaleza.<\/span><\/p>\n<p><span style=\"font-weight: 400;\"><div class=\"playListBloc singleBloc\"><div class=\"playListBloc-wrap\">    <div class=\"thumbnail\"><img data-src=\"https:\/\/whatthefrance.org\/wp-content\/uploads\/2018\/11\/WTF-Pochettes_urban_7-254x254.jpg\" class=\"lazyload\" alt=\"WTF&#8212;Pochettes_urban_7\" \/>    <\/div>    <div class=\"infos\">        <span class=\"tag\">Genres<\/span>        <h2>Urban A Go-Go<\/h2>        <span class=\"separator\"><\/span>       <span class=\"desc\">Unleash the latest urban music hits made in France.<\/span><div class=\"share flex flexAlignCenter \">\t<span class=\"label\">Compartir<\/span>\t<a href=\"https:\/\/www.facebook.com\/sharer\/sharer.php?u=https:\/\/whatthefrance.org\/es\/playlists\/urban-a-go-go\/\" class=\"facebook\" target=\"_blank\" rel=\"noreferrer\">Facebook<\/a>\t<a href=\"https:\/\/twitter.com\/intent\/tweet?url=https:\/\/whatthefrance.org\/es\/playlists\/urban-a-go-go\/&text=Urban+A+Go-Go&hashtags=WTF\" class=\"twitter\" target=\"_blank\" rel=\"noreferrer\">Twitter<\/a>\t<a href=\"mailto:?subject=What%20the%20France%20%3A%20Urban%20A%20Go-Go&body=https:\/\/whatthefrance.org\/es\/playlists\/urban-a-go-go\/\" class=\"mail\" target=\"_blank\" rel=\"noreferrer\">Email<\/a><\/div>        <a href=\"#\" class=\"btn btnPlaylist orange playlist-click\" data-id=\"9901\">            <svg version=\"1.1\" x=\"0px\" y=\"0px\" width=\"40px\" height=\"40px\" viewBox=\"0 0 213.7 213.7\" enable-background=\"new 0 0 213.7 213.7\" xml:space=\"preserve\">                <polygon class=\"triangle\" fill=\"none\" stroke-width=\"10\" stroke-linecap=\"round\" stroke-linejoin=\"round\" stroke-miterlimit=\"10\" points=\"\n            73.5,62.5 148.5,105.8 73.5,149.1 \"\/>                <circle class=\"circle\" fill=\"none\"  stroke-width=\"8\" stroke-linecap=\"round\" stroke-linejoin=\"round\" stroke-miterlimit=\"10\" cx=\"106.8\" cy=\"106.8\" r=\"103.3\"\/>                <circle class=\"circle-white\" fill=\"none\"  stroke-width=\"8\" stroke-linecap=\"round\" stroke-linejoin=\"round\" stroke-miterlimit=\"10\" cx=\"106.8\" cy=\"106.8\" r=\"103.3\"\/>            <\/svg>Escuchar        <\/a>    <\/div>  <\/div><\/div><\/span><\/p>\n<p><span style=\"font-weight: 400;\">Josman dar\u00e1 una gira internacional en la primera mitad de octubre de este a\u00f1o que lo llevar\u00e1 a Berl\u00edn, en Alemania; a Montreal, en Canad\u00e1 y a Londres, en Reino Unido.<\/span><\/p>\n","protected":false},"excerpt":{"rendered":"<p>Josman se encontr\u00f3 con el \u00e9xito en tiempo r\u00e9cord. El rapero se junt\u00f3 con los productores Eazy Dew y Marius Gonzalez, que se encargaron de sus visuales. El resultado de esta sinergia triple es notable: varios \u00e1lbumes exitosos y una nueva gira internacional, prevista para el oto\u00f1o boreal. La exitosa \u201cJ&#8217;aime bien\u201d obtuvo el certificado [&hellip;]<\/p>\n","protected":false},"author":35,"featured_media":0,"comment_status":"closed","ping_status":"closed","sticky":false,"template":"","format":"standard","meta":{"_acf_changed":false,"footnotes":""},"categories":[1964],"tags":[1940,1947,1954],"class_list":["post-45511","post","type-post","status-publish","format-standard","hentry","category-concursos-es","tag-hip-hop-es","tag-rap-es","tag-urban-es"],"acf":[],"yoast_head":"<!-- This site is optimized with the Yoast SEO plugin v27.3 - https:\/\/yoast.com\/product\/yoast-seo-wordpress\/ -->\n<title>Josman | Nuevo \u00e1lbum y gira - What the France<\/title>\n<meta name=\"robots\" content=\"index, follow, max-snippet:-1, max-image-preview:large, max-video-preview:-1\" \/>\n<link rel=\"canonical\" href=\"https:\/\/whatthefrance.org\/es\/josman-nuevo-album-y-gira\/\" \/>\n<meta property=\"og:locale\" content=\"es_ES\" \/>\n<meta property=\"og:type\" content=\"article\" \/>\n<meta property=\"og:title\" content=\"Josman | Nuevo \u00e1lbum y gira - What the France\" \/>\n<meta property=\"og:description\" content=\"Josman se encontr\u00f3 con el \u00e9xito en tiempo r\u00e9cord. El rapero se junt\u00f3 con los productores Eazy Dew y Marius Gonzalez, que se encargaron de sus visuales. El resultado de esta sinergia triple es notable: varios \u00e1lbumes exitosos y una nueva gira internacional, prevista para el oto\u00f1o boreal. La exitosa \u201cJ&#8217;aime bien\u201d obtuvo el certificado [&hellip;]\" \/>\n<meta property=\"og:url\" content=\"https:\/\/whatthefrance.org\/es\/josman-nuevo-album-y-gira\/\" \/>\n<meta property=\"og:site_name\" content=\"What the France\" \/>\n<meta property=\"article:published_time\" content=\"2022-08-22T08:00:23+00:00\" \/>\n<meta property=\"article:modified_time\" content=\"2022-08-29T19:11:50+00:00\" \/>\n<meta property=\"og:image\" content=\"https:\/\/whatthefrance.org\/wp-content\/uploads\/2022\/08\/josman_what_the_france_cover.png\" \/>\n\t<meta property=\"og:image:width\" content=\"1084\" \/>\n\t<meta property=\"og:image:height\" content=\"452\" \/>\n<meta name=\"author\" content=\"ultrapop-gustavo\" \/>\n<meta name=\"twitter:card\" content=\"summary_large_image\" \/>\n<meta name=\"twitter:label1\" content=\"Escrito por\" \/>\n\t<meta name=\"twitter:data1\" content=\"ultrapop-gustavo\" \/>\n\t<meta name=\"twitter:label2\" content=\"Tiempo de lectura\" \/>\n\t<meta name=\"twitter:data2\" content=\"2 minutos\" \/>\n<script type=\"application\/ld+json\" class=\"yoast-schema-graph\">{\"@context\":\"https:\\\/\\\/schema.org\",\"@graph\":[{\"@type\":\"Article\",\"@id\":\"https:\\\/\\\/whatthefrance.org\\\/es\\\/josman-nuevo-album-y-gira\\\/#article\",\"isPartOf\":{\"@id\":\"https:\\\/\\\/whatthefrance.org\\\/es\\\/josman-nuevo-album-y-gira\\\/\"},\"author\":{\"name\":\"ultrapop-gustavo\",\"@id\":\"https:\\\/\\\/whatthefrance.org\\\/es\\\/#\\\/schema\\\/person\\\/ec6689bd96bf81ba9dcf2264cb54c946\"},\"headline\":\"Josman | Nuevo \u00e1lbum y gira\",\"datePublished\":\"2022-08-22T08:00:23+00:00\",\"dateModified\":\"2022-08-29T19:11:50+00:00\",\"mainEntityOfPage\":{\"@id\":\"https:\\\/\\\/whatthefrance.org\\\/es\\\/josman-nuevo-album-y-gira\\\/\"},\"wordCount\":357,\"publisher\":{\"@id\":\"https:\\\/\\\/whatthefrance.org\\\/es\\\/#organization\"},\"keywords\":[\"Hip-Hop\",\"Rap\",\"Urban\"],\"articleSection\":[\"Concursos\"],\"inLanguage\":\"es\"},{\"@type\":\"WebPage\",\"@id\":\"https:\\\/\\\/whatthefrance.org\\\/es\\\/josman-nuevo-album-y-gira\\\/\",\"url\":\"https:\\\/\\\/whatthefrance.org\\\/es\\\/josman-nuevo-album-y-gira\\\/\",\"name\":\"Josman | Nuevo \u00e1lbum y gira - What the France\",\"isPartOf\":{\"@id\":\"https:\\\/\\\/whatthefrance.org\\\/es\\\/#website\"},\"datePublished\":\"2022-08-22T08:00:23+00:00\",\"dateModified\":\"2022-08-29T19:11:50+00:00\",\"breadcrumb\":{\"@id\":\"https:\\\/\\\/whatthefrance.org\\\/es\\\/josman-nuevo-album-y-gira\\\/#breadcrumb\"},\"inLanguage\":\"es\",\"potentialAction\":[{\"@type\":\"ReadAction\",\"target\":[\"https:\\\/\\\/whatthefrance.org\\\/es\\\/josman-nuevo-album-y-gira\\\/\"]}]},{\"@type\":\"BreadcrumbList\",\"@id\":\"https:\\\/\\\/whatthefrance.org\\\/es\\\/josman-nuevo-album-y-gira\\\/#breadcrumb\",\"itemListElement\":[{\"@type\":\"ListItem\",\"position\":1,\"name\":\"Home\",\"item\":\"https:\\\/\\\/whatthefrance.org\\\/es\\\/\"},{\"@type\":\"ListItem\",\"position\":2,\"name\":\"Josman | Nuevo \u00e1lbum y gira\"}]},{\"@type\":\"WebSite\",\"@id\":\"https:\\\/\\\/whatthefrance.org\\\/es\\\/#website\",\"url\":\"https:\\\/\\\/whatthefrance.org\\\/es\\\/\",\"name\":\"What the France\",\"description\":\"The finest music made in France !\",\"publisher\":{\"@id\":\"https:\\\/\\\/whatthefrance.org\\\/es\\\/#organization\"},\"potentialAction\":[{\"@type\":\"SearchAction\",\"target\":{\"@type\":\"EntryPoint\",\"urlTemplate\":\"https:\\\/\\\/whatthefrance.org\\\/es\\\/?s={search_term_string}\"},\"query-input\":{\"@type\":\"PropertyValueSpecification\",\"valueRequired\":true,\"valueName\":\"search_term_string\"}}],\"inLanguage\":\"es\"},{\"@type\":\"Organization\",\"@id\":\"https:\\\/\\\/whatthefrance.org\\\/es\\\/#organization\",\"name\":\"What The France\",\"url\":\"https:\\\/\\\/whatthefrance.org\\\/es\\\/\",\"logo\":{\"@type\":\"ImageObject\",\"inLanguage\":\"es\",\"@id\":\"https:\\\/\\\/whatthefrance.org\\\/es\\\/#\\\/schema\\\/logo\\\/image\\\/\",\"url\":\"https:\\\/\\\/whatthefrance.org\\\/wp-content\\\/uploads\\\/2019\\\/12\\\/44688719_2251580388408837_694180218134331392_n-e1577679609190.png\",\"contentUrl\":\"https:\\\/\\\/whatthefrance.org\\\/wp-content\\\/uploads\\\/2019\\\/12\\\/44688719_2251580388408837_694180218134331392_n-e1577679609190.png\",\"width\":200,\"height\":200,\"caption\":\"What The France\"},\"image\":{\"@id\":\"https:\\\/\\\/whatthefrance.org\\\/es\\\/#\\\/schema\\\/logo\\\/image\\\/\"}},{\"@type\":\"Person\",\"@id\":\"https:\\\/\\\/whatthefrance.org\\\/es\\\/#\\\/schema\\\/person\\\/ec6689bd96bf81ba9dcf2264cb54c946\",\"name\":\"ultrapop-gustavo\",\"image\":{\"@type\":\"ImageObject\",\"inLanguage\":\"es\",\"@id\":\"https:\\\/\\\/secure.gravatar.com\\\/avatar\\\/9f35e3e5944405caa221d3f9ae6c981bac53ada24e0340936c6d6364326ab920?s=96&d=mm&r=g\",\"url\":\"https:\\\/\\\/secure.gravatar.com\\\/avatar\\\/9f35e3e5944405caa221d3f9ae6c981bac53ada24e0340936c6d6364326ab920?s=96&d=mm&r=g\",\"contentUrl\":\"https:\\\/\\\/secure.gravatar.com\\\/avatar\\\/9f35e3e5944405caa221d3f9ae6c981bac53ada24e0340936c6d6364326ab920?s=96&d=mm&r=g\",\"caption\":\"ultrapop-gustavo\"}}]}<\/script>\n<!-- \/ Yoast SEO plugin. -->","yoast_head_json":{"title":"Josman | Nuevo \u00e1lbum y gira - What the France","robots":{"index":"index","follow":"follow","max-snippet":"max-snippet:-1","max-image-preview":"max-image-preview:large","max-video-preview":"max-video-preview:-1"},"canonical":"https:\/\/whatthefrance.org\/es\/josman-nuevo-album-y-gira\/","og_locale":"es_ES","og_type":"article","og_title":"Josman | Nuevo \u00e1lbum y gira - What the France","og_description":"Josman se encontr\u00f3 con el \u00e9xito en tiempo r\u00e9cord. El rapero se junt\u00f3 con los productores Eazy Dew y Marius Gonzalez, que se encargaron de sus visuales. El resultado de esta sinergia triple es notable: varios \u00e1lbumes exitosos y una nueva gira internacional, prevista para el oto\u00f1o boreal. La exitosa \u201cJ&#8217;aime bien\u201d obtuvo el certificado [&hellip;]","og_url":"https:\/\/whatthefrance.org\/es\/josman-nuevo-album-y-gira\/","og_site_name":"What the France","article_published_time":"2022-08-22T08:00:23+00:00","article_modified_time":"2022-08-29T19:11:50+00:00","og_image":[{"url":"https:\/\/whatthefrance.org\/wp-content\/uploads\/2022\/08\/josman_what_the_france_cover.png","height":452,"width":1084,"type":""}],"author":"ultrapop-gustavo","twitter_card":"summary_large_image","twitter_misc":{"Escrito por":"ultrapop-gustavo","Tiempo de lectura":"2 minutos"},"schema":{"@context":"https:\/\/schema.org","@graph":[{"@type":"Article","@id":"https:\/\/whatthefrance.org\/es\/josman-nuevo-album-y-gira\/#article","isPartOf":{"@id":"https:\/\/whatthefrance.org\/es\/josman-nuevo-album-y-gira\/"},"author":{"name":"ultrapop-gustavo","@id":"https:\/\/whatthefrance.org\/es\/#\/schema\/person\/ec6689bd96bf81ba9dcf2264cb54c946"},"headline":"Josman | Nuevo \u00e1lbum y gira","datePublished":"2022-08-22T08:00:23+00:00","dateModified":"2022-08-29T19:11:50+00:00","mainEntityOfPage":{"@id":"https:\/\/whatthefrance.org\/es\/josman-nuevo-album-y-gira\/"},"wordCount":357,"publisher":{"@id":"https:\/\/whatthefrance.org\/es\/#organization"},"keywords":["Hip-Hop","Rap","Urban"],"articleSection":["Concursos"],"inLanguage":"es"},{"@type":"WebPage","@id":"https:\/\/whatthefrance.org\/es\/josman-nuevo-album-y-gira\/","url":"https:\/\/whatthefrance.org\/es\/josman-nuevo-album-y-gira\/","name":"Josman | Nuevo \u00e1lbum y gira - What the France","isPartOf":{"@id":"https:\/\/whatthefrance.org\/es\/#website"},"datePublished":"2022-08-22T08:00:23+00:00","dateModified":"2022-08-29T19:11:50+00:00","breadcrumb":{"@id":"https:\/\/whatthefrance.org\/es\/josman-nuevo-album-y-gira\/#breadcrumb"},"inLanguage":"es","potentialAction":[{"@type":"ReadAction","target":["https:\/\/whatthefrance.org\/es\/josman-nuevo-album-y-gira\/"]}]},{"@type":"BreadcrumbList","@id":"https:\/\/whatthefrance.org\/es\/josman-nuevo-album-y-gira\/#breadcrumb","itemListElement":[{"@type":"ListItem","position":1,"name":"Home","item":"https:\/\/whatthefrance.org\/es\/"},{"@type":"ListItem","position":2,"name":"Josman | Nuevo \u00e1lbum y gira"}]},{"@type":"WebSite","@id":"https:\/\/whatthefrance.org\/es\/#website","url":"https:\/\/whatthefrance.org\/es\/","name":"What the France","description":"The finest music made in France !","publisher":{"@id":"https:\/\/whatthefrance.org\/es\/#organization"},"potentialAction":[{"@type":"SearchAction","target":{"@type":"EntryPoint","urlTemplate":"https:\/\/whatthefrance.org\/es\/?s={search_term_string}"},"query-input":{"@type":"PropertyValueSpecification","valueRequired":true,"valueName":"search_term_string"}}],"inLanguage":"es"},{"@type":"Organization","@id":"https:\/\/whatthefrance.org\/es\/#organization","name":"What The France","url":"https:\/\/whatthefrance.org\/es\/","logo":{"@type":"ImageObject","inLanguage":"es","@id":"https:\/\/whatthefrance.org\/es\/#\/schema\/logo\/image\/","url":"https:\/\/whatthefrance.org\/wp-content\/uploads\/2019\/12\/44688719_2251580388408837_694180218134331392_n-e1577679609190.png","contentUrl":"https:\/\/whatthefrance.org\/wp-content\/uploads\/2019\/12\/44688719_2251580388408837_694180218134331392_n-e1577679609190.png","width":200,"height":200,"caption":"What The France"},"image":{"@id":"https:\/\/whatthefrance.org\/es\/#\/schema\/logo\/image\/"}},{"@type":"Person","@id":"https:\/\/whatthefrance.org\/es\/#\/schema\/person\/ec6689bd96bf81ba9dcf2264cb54c946","name":"ultrapop-gustavo","image":{"@type":"ImageObject","inLanguage":"es","@id":"https:\/\/secure.gravatar.com\/avatar\/9f35e3e5944405caa221d3f9ae6c981bac53ada24e0340936c6d6364326ab920?s=96&d=mm&r=g","url":"https:\/\/secure.gravatar.com\/avatar\/9f35e3e5944405caa221d3f9ae6c981bac53ada24e0340936c6d6364326ab920?s=96&d=mm&r=g","contentUrl":"https:\/\/secure.gravatar.com\/avatar\/9f35e3e5944405caa221d3f9ae6c981bac53ada24e0340936c6d6364326ab920?s=96&d=mm&r=g","caption":"ultrapop-gustavo"}}]}},"_links":{"self":[{"href":"https:\/\/whatthefrance.org\/es\/wp-json\/wp\/v2\/posts\/45511","targetHints":{"allow":["GET"]}}],"collection":[{"href":"https:\/\/whatthefrance.org\/es\/wp-json\/wp\/v2\/posts"}],"about":[{"href":"https:\/\/whatthefrance.org\/es\/wp-json\/wp\/v2\/types\/post"}],"author":[{"embeddable":true,"href":"https:\/\/whatthefrance.org\/es\/wp-json\/wp\/v2\/users\/35"}],"replies":[{"embeddable":true,"href":"https:\/\/whatthefrance.org\/es\/wp-json\/wp\/v2\/comments?post=45511"}],"version-history":[{"count":3,"href":"https:\/\/whatthefrance.org\/es\/wp-json\/wp\/v2\/posts\/45511\/revisions"}],"predecessor-version":[{"id":45519,"href":"https:\/\/whatthefrance.org\/es\/wp-json\/wp\/v2\/posts\/45511\/revisions\/45519"}],"wp:attachment":[{"href":"https:\/\/whatthefrance.org\/es\/wp-json\/wp\/v2\/media?parent=45511"}],"wp:term":[{"taxonomy":"category","embeddable":true,"href":"https:\/\/whatthefrance.org\/es\/wp-json\/wp\/v2\/categories?post=45511"},{"taxonomy":"post_tag","embeddable":true,"href":"https:\/\/whatthefrance.org\/es\/wp-json\/wp\/v2\/tags?post=45511"}],"curies":[{"name":"wp","href":"https:\/\/api.w.org\/{rel}","templated":true}]}}