{"id":45629,"date":"2022-08-30T10:00:22","date_gmt":"2022-08-30T08:00:22","guid":{"rendered":"https:\/\/whatthefrance.org\/?p=45629"},"modified":"2022-09-02T16:27:44","modified_gmt":"2022-09-02T14:27:44","slug":"worakls-prepara-un-nuevo-album-y-playlist-exclusiva-para-what-the-france","status":"publish","type":"post","link":"https:\/\/whatthefrance.org\/es\/worakls-prepara-un-nuevo-album-y-playlist-exclusiva-para-what-the-france\/","title":{"rendered":"Worakls | \u00a1Prepara un nuevo \u00e1lbum y Playlist exclusiva para What The France!"},"content":{"rendered":"<p><a href=\"https:\/\/www.instagram.com\/worakls.music\/\"><b>Worakls<\/b><\/a><span style=\"font-weight: 400;\">, cuyo nombre real es <\/span><b>Kevin Da Silva Rodrigues<\/b><span style=\"font-weight: 400;\"> es un autor, compositor e int\u00e9rprete de m\u00fasica electr\u00f3nica franc\u00e9s nacido el 28 de septiembre de 1988. Originario de Par\u00eds, comenz\u00f3 a tocar el piano a la edad de 3 a\u00f1os, antes de ingresar al conservatorio de Versalles. Pas\u00f3 por varios grupos, en los que abord\u00f3 diferentes estilos musicales (como rock, hard rock o bossa nova) durante su adolescencia. Empleado en relaciones p\u00fablicas en el club nocturno Le Redlight en Par\u00eds, Worakls comenz\u00f3 a interesarse por la m\u00fasica electr\u00f3nica alrededor de los 18 a\u00f1os. Para ese entonces decidi\u00f3 iniciar su carrera profesional a ra\u00edz de un concierto de Eric Prydz en 2009; y ese mismo a\u00f1o grab\u00f3 su primer EP, titulado <\/span><b><i>Unity<\/i><\/b><span style=\"font-weight: 400;\">, que fue seguido de m\u00faltiples EPs y sencillos que generaron <\/span><b>millones de reproducciones<\/b><span style=\"font-weight: 400;\"> en las plataformas musicales.<\/span><\/p>\n<p><span style=\"font-weight: 400;\">En 2014 se volvi\u00f3 viral gracias a un video con su m\u00fasica que mostraba a un joven ruso escalando la Torre de Shangh\u00e1i, el que sum\u00f3 m\u00e1s de noventa millones de visitas en YouTube. Un a\u00f1o antes, en 2013, fund\u00f3 junto a los artistas <\/span><b>N&#8217;to <\/b><span style=\"font-weight: 400;\">y <\/span><b>Joachim Pastor <\/b><span style=\"font-weight: 400;\">el sello de m\u00fasica electr\u00f3nica Hungry Music. Seis a\u00f1os despu\u00e9s, en 2019, estuvo de gira por Europa con una orquesta de veinte m\u00fasicos, cuyos conciertos mezclaban electr\u00f3nica y m\u00fasica cl\u00e1sica. Esa gira, denominada \u201c<\/span><b>Worakls Orchestra<\/b><span style=\"font-weight: 400;\">\u201d, le permiti\u00f3 interpretar de manera orquestal las piezas de su primer \u00e1lbum, justamente titulado <\/span><b><i>Orchestra<\/i><\/b><span style=\"font-weight: 400;\">, que fuera editado ese mismo a\u00f1o. El \u00e1lbum incluy\u00f3 diez pistas, siendo la \u00faltima, \u201cRed Dressed\u201d, una canci\u00f3n grabada junto a la cantante feroesa Eiv\u00f8r P\u00e1lsd\u00f3ttir. En 2020 cre\u00f3 su segundo sello discogr\u00e1fico al que llam\u00f3 Sonate y desde el que lanz\u00f3 un nuevo \u00e1lbum: la banda sonora del documental \u201cAl frente de los animales amenazados\u201d (\u201cSur le front des animaux menac\u00e9s\u201d en franc\u00e9s), que fuera dirigido por Hugo Cl\u00e9ment. As\u00ed mismo, con la llegada de la pandemia de Covid-19, la segunda parte de su gira qued\u00f3 en suspenso debido a la cancelaci\u00f3n de varios conciertos. En esa \u00e9poca se puso a trabajar en un nuevo proyecto junto a su amigo personal, el violonchelista <\/span><b>Antonin Winter<\/b><span style=\"font-weight: 400;\">, bajo el nombre de <\/span><b>Worakls\u00b2<\/b><span style=\"font-weight: 400;\">. El flamante d\u00fao comenz\u00f3 a presentarse en vivo en varios festivales a mediados del verano boreal de 2021. Ya en 2022, el artista dio a conocer cuatro nuevos sencillos, \u201c<\/span><b>Hiba<\/b><span style=\"font-weight: 400;\">\u201d, \u00ab<strong>Lueur<\/strong>\u00ab, \u00ab<strong>Pipeline<\/strong>\u00bb y \u00ab<strong>54<\/strong>\u00ab, a la vez que anunci\u00f3 su pr\u00f3ximo \u00e1lbum para 2023.<\/span><\/p>\n<p><span style=\"font-weight: 400;\">Mientras esperamos por la salida de su nuevo trabajo, te invitamos a descubrir <\/span><b>la playlist exclusiva que Worakls<\/b><span style=\"font-weight: 400;\"> confeccion\u00f3 para What The France, en la que podr\u00e1s escuchar una selecci\u00f3n de sus propias canciones, adem\u00e1s de sus simples favoritos de artistas como <\/span><b>Rusanda Panfili, Esther Abrami o Sophie Pondjiclis, adem\u00e1s como piezas de Thylacine, Antoine Decrop, Vladimir Cosma<\/b><span style=\"font-weight: 400;\"> o <\/span><b>Aalson<\/b><span style=\"font-weight: 400;\">.<\/span><\/p>\n<div class=\"playListBloc singleBloc\"><div class=\"playListBloc-wrap\">    <div class=\"thumbnail\"><img data-src=\"https:\/\/whatthefrance.org\/wp-content\/uploads\/2022\/08\/WTF-Cover-Collab_woralks-254x254.jpg\" class=\"lazyload\" alt=\"WTF&#8212;Cover-Collab_woralks\" \/>    <\/div>    <div class=\"infos\">        <span class=\"tag\">Curators<\/span>        <h2>A made in France selection by Worakls<\/h2>        <span class=\"separator\"><\/span>       <span class=\"desc\">Listen to a selection of \"made in France\" tracks, carefully handpicked by Worakls.<\/span><div class=\"share flex flexAlignCenter \">\t<span class=\"label\">Compartir<\/span>\t<a href=\"https:\/\/www.facebook.com\/sharer\/sharer.php?u=https:\/\/whatthefrance.org\/es\/playlists\/a-made-in-france-selection-by-worakls\/\" class=\"facebook\" target=\"_blank\" rel=\"noreferrer\">Facebook<\/a>\t<a href=\"https:\/\/twitter.com\/intent\/tweet?url=https:\/\/whatthefrance.org\/es\/playlists\/a-made-in-france-selection-by-worakls\/&text=A+made+in+France+selection+by+Worakls&hashtags=WTF\" class=\"twitter\" target=\"_blank\" rel=\"noreferrer\">Twitter<\/a>\t<a href=\"mailto:?subject=What%20the%20France%20%3A%20A%20made%20in%20France%20selection%20by%20Worakls&body=https:\/\/whatthefrance.org\/es\/playlists\/a-made-in-france-selection-by-worakls\/\" class=\"mail\" target=\"_blank\" rel=\"noreferrer\">Email<\/a><\/div>        <a href=\"#\" class=\"btn btnPlaylist orange playlist-click\" data-id=\"45707\">            <svg version=\"1.1\" x=\"0px\" y=\"0px\" width=\"40px\" height=\"40px\" viewBox=\"0 0 213.7 213.7\" enable-background=\"new 0 0 213.7 213.7\" xml:space=\"preserve\">                <polygon class=\"triangle\" fill=\"none\" stroke-width=\"10\" stroke-linecap=\"round\" stroke-linejoin=\"round\" stroke-miterlimit=\"10\" points=\"\n            73.5,62.5 148.5,105.8 73.5,149.1 \"\/>                <circle class=\"circle\" fill=\"none\"  stroke-width=\"8\" stroke-linecap=\"round\" stroke-linejoin=\"round\" stroke-miterlimit=\"10\" cx=\"106.8\" cy=\"106.8\" r=\"103.3\"\/>                <circle class=\"circle-white\" fill=\"none\"  stroke-width=\"8\" stroke-linecap=\"round\" stroke-linejoin=\"round\" stroke-miterlimit=\"10\" cx=\"106.8\" cy=\"106.8\" r=\"103.3\"\/>            <\/svg>Escuchar        <\/a>    <\/div>  <\/div><\/div>\n","protected":false},"excerpt":{"rendered":"<p>Worakls, cuyo nombre real es Kevin Da Silva Rodrigues es un autor, compositor e int\u00e9rprete de m\u00fasica electr\u00f3nica franc\u00e9s nacido el 28 de septiembre de 1988. Originario de Par\u00eds, comenz\u00f3 a tocar el piano a la edad de 3 a\u00f1os, antes de ingresar al conservatorio de Versalles. Pas\u00f3 por varios grupos, en los que abord\u00f3 [&hellip;]<\/p>\n","protected":false},"author":35,"featured_media":0,"comment_status":"closed","ping_status":"closed","sticky":false,"template":"","format":"standard","meta":{"_acf_changed":false,"footnotes":""},"categories":[1967],"tags":[1936],"class_list":["post-45629","post","type-post","status-publish","format-standard","hentry","category-curator-es","tag-electronic-es"],"acf":[],"yoast_head":"<!-- This site is optimized with the Yoast SEO plugin v27.3 - https:\/\/yoast.com\/product\/yoast-seo-wordpress\/ -->\n<title>Worakls | \u00a1Prepara un nuevo \u00e1lbum y Playlist exclusiva para What The France! - What the France<\/title>\n<meta name=\"robots\" content=\"index, follow, max-snippet:-1, max-image-preview:large, max-video-preview:-1\" \/>\n<link rel=\"canonical\" href=\"https:\/\/whatthefrance.org\/es\/worakls-prepara-un-nuevo-album-y-playlist-exclusiva-para-what-the-france\/\" \/>\n<meta property=\"og:locale\" content=\"es_ES\" \/>\n<meta property=\"og:type\" content=\"article\" \/>\n<meta property=\"og:title\" content=\"Worakls | \u00a1Prepara un nuevo \u00e1lbum y Playlist exclusiva para What The France! - What the France\" \/>\n<meta property=\"og:description\" content=\"Worakls, cuyo nombre real es Kevin Da Silva Rodrigues es un autor, compositor e int\u00e9rprete de m\u00fasica electr\u00f3nica franc\u00e9s nacido el 28 de septiembre de 1988. Originario de Par\u00eds, comenz\u00f3 a tocar el piano a la edad de 3 a\u00f1os, antes de ingresar al conservatorio de Versalles. Pas\u00f3 por varios grupos, en los que abord\u00f3 [&hellip;]\" \/>\n<meta property=\"og:url\" content=\"https:\/\/whatthefrance.org\/es\/worakls-prepara-un-nuevo-album-y-playlist-exclusiva-para-what-the-france\/\" \/>\n<meta property=\"og:site_name\" content=\"What the France\" \/>\n<meta property=\"article:published_time\" content=\"2022-08-30T08:00:22+00:00\" \/>\n<meta property=\"article:modified_time\" content=\"2022-09-02T14:27:44+00:00\" \/>\n<meta property=\"og:image\" content=\"https:\/\/whatthefrance.org\/wp-content\/uploads\/2022\/06\/worakls_what_the_france_cover.png\" \/>\n\t<meta property=\"og:image:width\" content=\"1084\" \/>\n\t<meta property=\"og:image:height\" content=\"452\" \/>\n<meta name=\"author\" content=\"ultrapop-gustavo\" \/>\n<meta name=\"twitter:card\" content=\"summary_large_image\" \/>\n<meta name=\"twitter:label1\" content=\"Escrito por\" \/>\n\t<meta name=\"twitter:data1\" content=\"ultrapop-gustavo\" \/>\n\t<meta name=\"twitter:label2\" content=\"Tiempo de lectura\" \/>\n\t<meta name=\"twitter:data2\" content=\"3 minutos\" \/>\n<script type=\"application\/ld+json\" class=\"yoast-schema-graph\">{\"@context\":\"https:\\\/\\\/schema.org\",\"@graph\":[{\"@type\":\"Article\",\"@id\":\"https:\\\/\\\/whatthefrance.org\\\/es\\\/worakls-prepara-un-nuevo-album-y-playlist-exclusiva-para-what-the-france\\\/#article\",\"isPartOf\":{\"@id\":\"https:\\\/\\\/whatthefrance.org\\\/es\\\/worakls-prepara-un-nuevo-album-y-playlist-exclusiva-para-what-the-france\\\/\"},\"author\":{\"name\":\"ultrapop-gustavo\",\"@id\":\"https:\\\/\\\/whatthefrance.org\\\/es\\\/#\\\/schema\\\/person\\\/ec6689bd96bf81ba9dcf2264cb54c946\"},\"headline\":\"Worakls | \u00a1Prepara un nuevo \u00e1lbum y Playlist exclusiva para What The France!\",\"datePublished\":\"2022-08-30T08:00:22+00:00\",\"dateModified\":\"2022-09-02T14:27:44+00:00\",\"mainEntityOfPage\":{\"@id\":\"https:\\\/\\\/whatthefrance.org\\\/es\\\/worakls-prepara-un-nuevo-album-y-playlist-exclusiva-para-what-the-france\\\/\"},\"wordCount\":505,\"publisher\":{\"@id\":\"https:\\\/\\\/whatthefrance.org\\\/es\\\/#organization\"},\"keywords\":[\"Electronic\"],\"articleSection\":[\"Curator\"],\"inLanguage\":\"es\"},{\"@type\":\"WebPage\",\"@id\":\"https:\\\/\\\/whatthefrance.org\\\/es\\\/worakls-prepara-un-nuevo-album-y-playlist-exclusiva-para-what-the-france\\\/\",\"url\":\"https:\\\/\\\/whatthefrance.org\\\/es\\\/worakls-prepara-un-nuevo-album-y-playlist-exclusiva-para-what-the-france\\\/\",\"name\":\"Worakls | \u00a1Prepara un nuevo \u00e1lbum y Playlist exclusiva para What The France! - What the France\",\"isPartOf\":{\"@id\":\"https:\\\/\\\/whatthefrance.org\\\/es\\\/#website\"},\"datePublished\":\"2022-08-30T08:00:22+00:00\",\"dateModified\":\"2022-09-02T14:27:44+00:00\",\"breadcrumb\":{\"@id\":\"https:\\\/\\\/whatthefrance.org\\\/es\\\/worakls-prepara-un-nuevo-album-y-playlist-exclusiva-para-what-the-france\\\/#breadcrumb\"},\"inLanguage\":\"es\",\"potentialAction\":[{\"@type\":\"ReadAction\",\"target\":[\"https:\\\/\\\/whatthefrance.org\\\/es\\\/worakls-prepara-un-nuevo-album-y-playlist-exclusiva-para-what-the-france\\\/\"]}]},{\"@type\":\"BreadcrumbList\",\"@id\":\"https:\\\/\\\/whatthefrance.org\\\/es\\\/worakls-prepara-un-nuevo-album-y-playlist-exclusiva-para-what-the-france\\\/#breadcrumb\",\"itemListElement\":[{\"@type\":\"ListItem\",\"position\":1,\"name\":\"Home\",\"item\":\"https:\\\/\\\/whatthefrance.org\\\/es\\\/\"},{\"@type\":\"ListItem\",\"position\":2,\"name\":\"Worakls | \u00a1Prepara un nuevo \u00e1lbum y Playlist exclusiva para What The France!\"}]},{\"@type\":\"WebSite\",\"@id\":\"https:\\\/\\\/whatthefrance.org\\\/es\\\/#website\",\"url\":\"https:\\\/\\\/whatthefrance.org\\\/es\\\/\",\"name\":\"What the France\",\"description\":\"The finest music made in France !\",\"publisher\":{\"@id\":\"https:\\\/\\\/whatthefrance.org\\\/es\\\/#organization\"},\"potentialAction\":[{\"@type\":\"SearchAction\",\"target\":{\"@type\":\"EntryPoint\",\"urlTemplate\":\"https:\\\/\\\/whatthefrance.org\\\/es\\\/?s={search_term_string}\"},\"query-input\":{\"@type\":\"PropertyValueSpecification\",\"valueRequired\":true,\"valueName\":\"search_term_string\"}}],\"inLanguage\":\"es\"},{\"@type\":\"Organization\",\"@id\":\"https:\\\/\\\/whatthefrance.org\\\/es\\\/#organization\",\"name\":\"What The France\",\"url\":\"https:\\\/\\\/whatthefrance.org\\\/es\\\/\",\"logo\":{\"@type\":\"ImageObject\",\"inLanguage\":\"es\",\"@id\":\"https:\\\/\\\/whatthefrance.org\\\/es\\\/#\\\/schema\\\/logo\\\/image\\\/\",\"url\":\"https:\\\/\\\/whatthefrance.org\\\/wp-content\\\/uploads\\\/2019\\\/12\\\/44688719_2251580388408837_694180218134331392_n-e1577679609190.png\",\"contentUrl\":\"https:\\\/\\\/whatthefrance.org\\\/wp-content\\\/uploads\\\/2019\\\/12\\\/44688719_2251580388408837_694180218134331392_n-e1577679609190.png\",\"width\":200,\"height\":200,\"caption\":\"What The France\"},\"image\":{\"@id\":\"https:\\\/\\\/whatthefrance.org\\\/es\\\/#\\\/schema\\\/logo\\\/image\\\/\"}},{\"@type\":\"Person\",\"@id\":\"https:\\\/\\\/whatthefrance.org\\\/es\\\/#\\\/schema\\\/person\\\/ec6689bd96bf81ba9dcf2264cb54c946\",\"name\":\"ultrapop-gustavo\",\"image\":{\"@type\":\"ImageObject\",\"inLanguage\":\"es\",\"@id\":\"https:\\\/\\\/secure.gravatar.com\\\/avatar\\\/9f35e3e5944405caa221d3f9ae6c981bac53ada24e0340936c6d6364326ab920?s=96&d=mm&r=g\",\"url\":\"https:\\\/\\\/secure.gravatar.com\\\/avatar\\\/9f35e3e5944405caa221d3f9ae6c981bac53ada24e0340936c6d6364326ab920?s=96&d=mm&r=g\",\"contentUrl\":\"https:\\\/\\\/secure.gravatar.com\\\/avatar\\\/9f35e3e5944405caa221d3f9ae6c981bac53ada24e0340936c6d6364326ab920?s=96&d=mm&r=g\",\"caption\":\"ultrapop-gustavo\"}}]}<\/script>\n<!-- \/ Yoast SEO plugin. -->","yoast_head_json":{"title":"Worakls | \u00a1Prepara un nuevo \u00e1lbum y Playlist exclusiva para What The France! - What the France","robots":{"index":"index","follow":"follow","max-snippet":"max-snippet:-1","max-image-preview":"max-image-preview:large","max-video-preview":"max-video-preview:-1"},"canonical":"https:\/\/whatthefrance.org\/es\/worakls-prepara-un-nuevo-album-y-playlist-exclusiva-para-what-the-france\/","og_locale":"es_ES","og_type":"article","og_title":"Worakls | \u00a1Prepara un nuevo \u00e1lbum y Playlist exclusiva para What The France! - What the France","og_description":"Worakls, cuyo nombre real es Kevin Da Silva Rodrigues es un autor, compositor e int\u00e9rprete de m\u00fasica electr\u00f3nica franc\u00e9s nacido el 28 de septiembre de 1988. Originario de Par\u00eds, comenz\u00f3 a tocar el piano a la edad de 3 a\u00f1os, antes de ingresar al conservatorio de Versalles. Pas\u00f3 por varios grupos, en los que abord\u00f3 [&hellip;]","og_url":"https:\/\/whatthefrance.org\/es\/worakls-prepara-un-nuevo-album-y-playlist-exclusiva-para-what-the-france\/","og_site_name":"What the France","article_published_time":"2022-08-30T08:00:22+00:00","article_modified_time":"2022-09-02T14:27:44+00:00","og_image":[{"url":"https:\/\/whatthefrance.org\/wp-content\/uploads\/2022\/06\/worakls_what_the_france_cover.png","height":452,"width":1084,"type":""}],"author":"ultrapop-gustavo","twitter_card":"summary_large_image","twitter_misc":{"Escrito por":"ultrapop-gustavo","Tiempo de lectura":"3 minutos"},"schema":{"@context":"https:\/\/schema.org","@graph":[{"@type":"Article","@id":"https:\/\/whatthefrance.org\/es\/worakls-prepara-un-nuevo-album-y-playlist-exclusiva-para-what-the-france\/#article","isPartOf":{"@id":"https:\/\/whatthefrance.org\/es\/worakls-prepara-un-nuevo-album-y-playlist-exclusiva-para-what-the-france\/"},"author":{"name":"ultrapop-gustavo","@id":"https:\/\/whatthefrance.org\/es\/#\/schema\/person\/ec6689bd96bf81ba9dcf2264cb54c946"},"headline":"Worakls | \u00a1Prepara un nuevo \u00e1lbum y Playlist exclusiva para What The France!","datePublished":"2022-08-30T08:00:22+00:00","dateModified":"2022-09-02T14:27:44+00:00","mainEntityOfPage":{"@id":"https:\/\/whatthefrance.org\/es\/worakls-prepara-un-nuevo-album-y-playlist-exclusiva-para-what-the-france\/"},"wordCount":505,"publisher":{"@id":"https:\/\/whatthefrance.org\/es\/#organization"},"keywords":["Electronic"],"articleSection":["Curator"],"inLanguage":"es"},{"@type":"WebPage","@id":"https:\/\/whatthefrance.org\/es\/worakls-prepara-un-nuevo-album-y-playlist-exclusiva-para-what-the-france\/","url":"https:\/\/whatthefrance.org\/es\/worakls-prepara-un-nuevo-album-y-playlist-exclusiva-para-what-the-france\/","name":"Worakls | \u00a1Prepara un nuevo \u00e1lbum y Playlist exclusiva para What The France! - What the France","isPartOf":{"@id":"https:\/\/whatthefrance.org\/es\/#website"},"datePublished":"2022-08-30T08:00:22+00:00","dateModified":"2022-09-02T14:27:44+00:00","breadcrumb":{"@id":"https:\/\/whatthefrance.org\/es\/worakls-prepara-un-nuevo-album-y-playlist-exclusiva-para-what-the-france\/#breadcrumb"},"inLanguage":"es","potentialAction":[{"@type":"ReadAction","target":["https:\/\/whatthefrance.org\/es\/worakls-prepara-un-nuevo-album-y-playlist-exclusiva-para-what-the-france\/"]}]},{"@type":"BreadcrumbList","@id":"https:\/\/whatthefrance.org\/es\/worakls-prepara-un-nuevo-album-y-playlist-exclusiva-para-what-the-france\/#breadcrumb","itemListElement":[{"@type":"ListItem","position":1,"name":"Home","item":"https:\/\/whatthefrance.org\/es\/"},{"@type":"ListItem","position":2,"name":"Worakls | \u00a1Prepara un nuevo \u00e1lbum y Playlist exclusiva para What The France!"}]},{"@type":"WebSite","@id":"https:\/\/whatthefrance.org\/es\/#website","url":"https:\/\/whatthefrance.org\/es\/","name":"What the France","description":"The finest music made in France !","publisher":{"@id":"https:\/\/whatthefrance.org\/es\/#organization"},"potentialAction":[{"@type":"SearchAction","target":{"@type":"EntryPoint","urlTemplate":"https:\/\/whatthefrance.org\/es\/?s={search_term_string}"},"query-input":{"@type":"PropertyValueSpecification","valueRequired":true,"valueName":"search_term_string"}}],"inLanguage":"es"},{"@type":"Organization","@id":"https:\/\/whatthefrance.org\/es\/#organization","name":"What The France","url":"https:\/\/whatthefrance.org\/es\/","logo":{"@type":"ImageObject","inLanguage":"es","@id":"https:\/\/whatthefrance.org\/es\/#\/schema\/logo\/image\/","url":"https:\/\/whatthefrance.org\/wp-content\/uploads\/2019\/12\/44688719_2251580388408837_694180218134331392_n-e1577679609190.png","contentUrl":"https:\/\/whatthefrance.org\/wp-content\/uploads\/2019\/12\/44688719_2251580388408837_694180218134331392_n-e1577679609190.png","width":200,"height":200,"caption":"What The France"},"image":{"@id":"https:\/\/whatthefrance.org\/es\/#\/schema\/logo\/image\/"}},{"@type":"Person","@id":"https:\/\/whatthefrance.org\/es\/#\/schema\/person\/ec6689bd96bf81ba9dcf2264cb54c946","name":"ultrapop-gustavo","image":{"@type":"ImageObject","inLanguage":"es","@id":"https:\/\/secure.gravatar.com\/avatar\/9f35e3e5944405caa221d3f9ae6c981bac53ada24e0340936c6d6364326ab920?s=96&d=mm&r=g","url":"https:\/\/secure.gravatar.com\/avatar\/9f35e3e5944405caa221d3f9ae6c981bac53ada24e0340936c6d6364326ab920?s=96&d=mm&r=g","contentUrl":"https:\/\/secure.gravatar.com\/avatar\/9f35e3e5944405caa221d3f9ae6c981bac53ada24e0340936c6d6364326ab920?s=96&d=mm&r=g","caption":"ultrapop-gustavo"}}]}},"_links":{"self":[{"href":"https:\/\/whatthefrance.org\/es\/wp-json\/wp\/v2\/posts\/45629","targetHints":{"allow":["GET"]}}],"collection":[{"href":"https:\/\/whatthefrance.org\/es\/wp-json\/wp\/v2\/posts"}],"about":[{"href":"https:\/\/whatthefrance.org\/es\/wp-json\/wp\/v2\/types\/post"}],"author":[{"embeddable":true,"href":"https:\/\/whatthefrance.org\/es\/wp-json\/wp\/v2\/users\/35"}],"replies":[{"embeddable":true,"href":"https:\/\/whatthefrance.org\/es\/wp-json\/wp\/v2\/comments?post=45629"}],"version-history":[{"count":5,"href":"https:\/\/whatthefrance.org\/es\/wp-json\/wp\/v2\/posts\/45629\/revisions"}],"predecessor-version":[{"id":45985,"href":"https:\/\/whatthefrance.org\/es\/wp-json\/wp\/v2\/posts\/45629\/revisions\/45985"}],"wp:attachment":[{"href":"https:\/\/whatthefrance.org\/es\/wp-json\/wp\/v2\/media?parent=45629"}],"wp:term":[{"taxonomy":"category","embeddable":true,"href":"https:\/\/whatthefrance.org\/es\/wp-json\/wp\/v2\/categories?post=45629"},{"taxonomy":"post_tag","embeddable":true,"href":"https:\/\/whatthefrance.org\/es\/wp-json\/wp\/v2\/tags?post=45629"}],"curies":[{"name":"wp","href":"https:\/\/api.w.org\/{rel}","templated":true}]}}