{"id":46615,"date":"2022-09-19T10:00:56","date_gmt":"2022-09-19T08:00:56","guid":{"rendered":"https:\/\/whatthefrance.org\/?p=46615"},"modified":"2022-09-21T16:18:57","modified_gmt":"2022-09-21T14:18:57","slug":"joao-selva-presenta-en-ep-en-forma-de-panfleto-anti-bolsonaro","status":"publish","type":"post","link":"https:\/\/whatthefrance.org\/es\/joao-selva-presenta-en-ep-en-forma-de-panfleto-anti-bolsonaro\/","title":{"rendered":"Joao Selva | Presenta en EP en forma de panfleto anti-Bolsonaro"},"content":{"rendered":"<p><span style=\"font-weight: 400;\">Tras el \u00e9xito de su segundo \u00e1lbum, <\/span><b><i>Navegar<\/i><\/b><span style=\"font-weight: 400;\">, el m\u00e1s carioca de los lioneses <\/span><a href=\"https:\/\/www.instagram.com\/joaoselvaaa\/\"><b>Jo\u00e3o Selva<\/b><\/a><span style=\"font-weight: 400;\"> se junt\u00f3 con su c\u00f3mplice <\/span><b>Bruno Patchworks<\/b><span style=\"font-weight: 400;\"> para componer cuatro canciones de m\u00fasica pop tropical, bailable y vintage. Una falsa ligereza para abordar con seriedad un claro mensaje en contra de Bolsonaro y en favor de Lula de cara a las elecciones que tendr\u00e1n lugar el 2 y el 30 de octubre en Brasil. Los artistas brasile\u00f1os se han movilizado para apoyar a este \u00faltimo y es el turno de Jo\u00e3o Selva de lanzar un EP en forma de panfleto en contra del actual presidente brasile\u00f1o, que celebra la ca\u00edda del candidato de extrema derecha.<\/span><\/p>\n<p><iframe loading=\"lazy\" title=\"Jo\u00e3o Selva - Bozo Vaza\" width=\"500\" height=\"281\" src=\"https:\/\/www.youtube.com\/embed\/Fanb0RbhF3s?feature=oembed\" frameborder=\"0\" allow=\"accelerometer; autoplay; clipboard-write; encrypted-media; gyroscope; picture-in-picture; web-share\" referrerpolicy=\"strict-origin-when-cross-origin\" allowfullscreen><\/iframe><\/p>\n<p><span style=\"font-weight: 400;\">Lanzado en julio pasado con Underdog Records, el \u00e1lbum abre con la canci\u00f3n de protesta \u201c<\/span><b>Bozo Vaza<\/b><span style=\"font-weight: 400;\">\u201d (que se traduce como \u201csaca a Bolsonaro\u201d) seguida por otra canci\u00f3n: la marcha carnavalesca \u201c<\/span><b>Se Acabou<\/b><span style=\"font-weight: 400;\">\u201d (\u201cse Acab\u00f3\u201d) donde una serie de animales fant\u00e1sticos celebran la ca\u00edda del \u201cCapit\u00e1n\u201d. Esta \u00faltima canci\u00f3n llega acompa\u00f1ada de un remix elaborado por el productor Pedro Bertho (de Furie y de Cracki Records). A la misma la sigue la balada falsamente ingenua \u201cNa Pris\u00e3o\u201d (\u201cEn Prisi\u00f3n\u201d), El EP cuenta con un aire on\u00edrico y psicod\u00e9lico que imagina al actual presidente en la c\u00e1rcel, lugar donde tendr\u00eda por fin un buen tiempo para pensar. Jo\u00e3o Selva destila en esta canci\u00f3n un pop tropical, que conjuga con elegancia el frenes\u00ed de los ritmos brasile\u00f1os con la energ\u00eda del funk y el soul.<\/span><\/p>\n<p><span style=\"font-weight: 400;\"><div class=\"playListBloc singleBloc\"><div class=\"playListBloc-wrap\">    <div class=\"thumbnail\"><img data-src=\"https:\/\/whatthefrance.org\/wp-content\/uploads\/2018\/11\/WTF-Pochettes_world_4-254x254.jpg\" class=\"lazyload\" alt=\"WTF&#8212;Pochettes_world_4\" \/>    <\/div>    <div class=\"infos\">        <span class=\"tag\">Genres<\/span>        <h2>Around The World<\/h2>        <span class=\"separator\"><\/span>       <span class=\"desc\">Explore the latest world music hits made in France. Follow us for weekly updates !<\/span><div class=\"share flex flexAlignCenter \">\t<span class=\"label\">Compartir<\/span>\t<a href=\"https:\/\/www.facebook.com\/sharer\/sharer.php?u=https:\/\/whatthefrance.org\/es\/playlists\/around-the-world\/\" class=\"facebook\" target=\"_blank\" rel=\"noreferrer\">Facebook<\/a>\t<a href=\"https:\/\/twitter.com\/intent\/tweet?url=https:\/\/whatthefrance.org\/es\/playlists\/around-the-world\/&text=Around+The+World&hashtags=WTF\" class=\"twitter\" target=\"_blank\" rel=\"noreferrer\">Twitter<\/a>\t<a href=\"mailto:?subject=What%20the%20France%20%3A%20Around%20The%20World&body=https:\/\/whatthefrance.org\/es\/playlists\/around-the-world\/\" class=\"mail\" target=\"_blank\" rel=\"noreferrer\">Email<\/a><\/div>        <a href=\"#\" class=\"btn btnPlaylist orange playlist-click\" data-id=\"9882\">            <svg version=\"1.1\" x=\"0px\" y=\"0px\" width=\"40px\" height=\"40px\" viewBox=\"0 0 213.7 213.7\" enable-background=\"new 0 0 213.7 213.7\" xml:space=\"preserve\">                <polygon class=\"triangle\" fill=\"none\" stroke-width=\"10\" stroke-linecap=\"round\" stroke-linejoin=\"round\" stroke-miterlimit=\"10\" points=\"\n            73.5,62.5 148.5,105.8 73.5,149.1 \"\/>                <circle class=\"circle\" fill=\"none\"  stroke-width=\"8\" stroke-linecap=\"round\" stroke-linejoin=\"round\" stroke-miterlimit=\"10\" cx=\"106.8\" cy=\"106.8\" r=\"103.3\"\/>                <circle class=\"circle-white\" fill=\"none\"  stroke-width=\"8\" stroke-linecap=\"round\" stroke-linejoin=\"round\" stroke-miterlimit=\"10\" cx=\"106.8\" cy=\"106.8\" r=\"103.3\"\/>            <\/svg>Escuchar        <\/a>    <\/div>  <\/div><\/div><\/span><\/p>\n","protected":false},"excerpt":{"rendered":"<p>Tras el \u00e9xito de su segundo \u00e1lbum, Navegar, el m\u00e1s carioca de los lioneses Jo\u00e3o Selva se junt\u00f3 con su c\u00f3mplice Bruno Patchworks para componer cuatro canciones de m\u00fasica pop tropical, bailable y vintage. Una falsa ligereza para abordar con seriedad un claro mensaje en contra de Bolsonaro y en favor de Lula de cara [&hellip;]<\/p>\n","protected":false},"author":35,"featured_media":0,"comment_status":"closed","ping_status":"closed","sticky":false,"template":"","format":"standard","meta":{"_acf_changed":false,"footnotes":""},"categories":[1968],"tags":[1956],"class_list":["post-46615","post","type-post","status-publish","format-standard","hentry","category-release-es","tag-world-es"],"acf":[],"yoast_head":"<!-- This site is optimized with the Yoast SEO plugin v27.3 - https:\/\/yoast.com\/product\/yoast-seo-wordpress\/ -->\n<title>Joao Selva | Presenta en EP en forma de panfleto anti-Bolsonaro - What the France<\/title>\n<meta name=\"robots\" content=\"index, follow, max-snippet:-1, max-image-preview:large, max-video-preview:-1\" \/>\n<link rel=\"canonical\" href=\"https:\/\/whatthefrance.org\/es\/joao-selva-presenta-en-ep-en-forma-de-panfleto-anti-bolsonaro\/\" \/>\n<meta property=\"og:locale\" content=\"es_ES\" \/>\n<meta property=\"og:type\" content=\"article\" \/>\n<meta property=\"og:title\" content=\"Joao Selva | Presenta en EP en forma de panfleto anti-Bolsonaro - What the France\" \/>\n<meta property=\"og:description\" content=\"Tras el \u00e9xito de su segundo \u00e1lbum, Navegar, el m\u00e1s carioca de los lioneses Jo\u00e3o Selva se junt\u00f3 con su c\u00f3mplice Bruno Patchworks para componer cuatro canciones de m\u00fasica pop tropical, bailable y vintage. Una falsa ligereza para abordar con seriedad un claro mensaje en contra de Bolsonaro y en favor de Lula de cara [&hellip;]\" \/>\n<meta property=\"og:url\" content=\"https:\/\/whatthefrance.org\/es\/joao-selva-presenta-en-ep-en-forma-de-panfleto-anti-bolsonaro\/\" \/>\n<meta property=\"og:site_name\" content=\"What the France\" \/>\n<meta property=\"article:published_time\" content=\"2022-09-19T08:00:56+00:00\" \/>\n<meta property=\"article:modified_time\" content=\"2022-09-21T14:18:57+00:00\" \/>\n<meta property=\"og:image\" content=\"https:\/\/whatthefrance.org\/wp-content\/uploads\/2022\/09\/Joao_Selva_together_what_the_france.png\" \/>\n\t<meta property=\"og:image:width\" content=\"1084\" \/>\n\t<meta property=\"og:image:height\" content=\"452\" \/>\n<meta name=\"author\" content=\"ultrapop-gustavo\" \/>\n<meta name=\"twitter:card\" content=\"summary_large_image\" \/>\n<meta name=\"twitter:label1\" content=\"Escrito por\" \/>\n\t<meta name=\"twitter:data1\" content=\"ultrapop-gustavo\" \/>\n\t<meta name=\"twitter:label2\" content=\"Tiempo de lectura\" \/>\n\t<meta name=\"twitter:data2\" content=\"1 minuto\" \/>\n<script type=\"application\/ld+json\" class=\"yoast-schema-graph\">{\"@context\":\"https:\\\/\\\/schema.org\",\"@graph\":[{\"@type\":\"Article\",\"@id\":\"https:\\\/\\\/whatthefrance.org\\\/es\\\/joao-selva-presenta-en-ep-en-forma-de-panfleto-anti-bolsonaro\\\/#article\",\"isPartOf\":{\"@id\":\"https:\\\/\\\/whatthefrance.org\\\/es\\\/joao-selva-presenta-en-ep-en-forma-de-panfleto-anti-bolsonaro\\\/\"},\"author\":{\"name\":\"ultrapop-gustavo\",\"@id\":\"https:\\\/\\\/whatthefrance.org\\\/es\\\/#\\\/schema\\\/person\\\/ec6689bd96bf81ba9dcf2264cb54c946\"},\"headline\":\"Joao Selva | Presenta en EP en forma de panfleto anti-Bolsonaro\",\"datePublished\":\"2022-09-19T08:00:56+00:00\",\"dateModified\":\"2022-09-21T14:18:57+00:00\",\"mainEntityOfPage\":{\"@id\":\"https:\\\/\\\/whatthefrance.org\\\/es\\\/joao-selva-presenta-en-ep-en-forma-de-panfleto-anti-bolsonaro\\\/\"},\"wordCount\":286,\"publisher\":{\"@id\":\"https:\\\/\\\/whatthefrance.org\\\/es\\\/#organization\"},\"keywords\":[\"World\"],\"articleSection\":[\"Release\"],\"inLanguage\":\"es\"},{\"@type\":\"WebPage\",\"@id\":\"https:\\\/\\\/whatthefrance.org\\\/es\\\/joao-selva-presenta-en-ep-en-forma-de-panfleto-anti-bolsonaro\\\/\",\"url\":\"https:\\\/\\\/whatthefrance.org\\\/es\\\/joao-selva-presenta-en-ep-en-forma-de-panfleto-anti-bolsonaro\\\/\",\"name\":\"Joao Selva | Presenta en EP en forma de panfleto anti-Bolsonaro - What the France\",\"isPartOf\":{\"@id\":\"https:\\\/\\\/whatthefrance.org\\\/es\\\/#website\"},\"datePublished\":\"2022-09-19T08:00:56+00:00\",\"dateModified\":\"2022-09-21T14:18:57+00:00\",\"breadcrumb\":{\"@id\":\"https:\\\/\\\/whatthefrance.org\\\/es\\\/joao-selva-presenta-en-ep-en-forma-de-panfleto-anti-bolsonaro\\\/#breadcrumb\"},\"inLanguage\":\"es\",\"potentialAction\":[{\"@type\":\"ReadAction\",\"target\":[\"https:\\\/\\\/whatthefrance.org\\\/es\\\/joao-selva-presenta-en-ep-en-forma-de-panfleto-anti-bolsonaro\\\/\"]}]},{\"@type\":\"BreadcrumbList\",\"@id\":\"https:\\\/\\\/whatthefrance.org\\\/es\\\/joao-selva-presenta-en-ep-en-forma-de-panfleto-anti-bolsonaro\\\/#breadcrumb\",\"itemListElement\":[{\"@type\":\"ListItem\",\"position\":1,\"name\":\"Home\",\"item\":\"https:\\\/\\\/whatthefrance.org\\\/es\\\/\"},{\"@type\":\"ListItem\",\"position\":2,\"name\":\"Joao Selva | Presenta en EP en forma de panfleto anti-Bolsonaro\"}]},{\"@type\":\"WebSite\",\"@id\":\"https:\\\/\\\/whatthefrance.org\\\/es\\\/#website\",\"url\":\"https:\\\/\\\/whatthefrance.org\\\/es\\\/\",\"name\":\"What the France\",\"description\":\"The finest music made in France !\",\"publisher\":{\"@id\":\"https:\\\/\\\/whatthefrance.org\\\/es\\\/#organization\"},\"potentialAction\":[{\"@type\":\"SearchAction\",\"target\":{\"@type\":\"EntryPoint\",\"urlTemplate\":\"https:\\\/\\\/whatthefrance.org\\\/es\\\/?s={search_term_string}\"},\"query-input\":{\"@type\":\"PropertyValueSpecification\",\"valueRequired\":true,\"valueName\":\"search_term_string\"}}],\"inLanguage\":\"es\"},{\"@type\":\"Organization\",\"@id\":\"https:\\\/\\\/whatthefrance.org\\\/es\\\/#organization\",\"name\":\"What The France\",\"url\":\"https:\\\/\\\/whatthefrance.org\\\/es\\\/\",\"logo\":{\"@type\":\"ImageObject\",\"inLanguage\":\"es\",\"@id\":\"https:\\\/\\\/whatthefrance.org\\\/es\\\/#\\\/schema\\\/logo\\\/image\\\/\",\"url\":\"https:\\\/\\\/whatthefrance.org\\\/wp-content\\\/uploads\\\/2019\\\/12\\\/44688719_2251580388408837_694180218134331392_n-e1577679609190.png\",\"contentUrl\":\"https:\\\/\\\/whatthefrance.org\\\/wp-content\\\/uploads\\\/2019\\\/12\\\/44688719_2251580388408837_694180218134331392_n-e1577679609190.png\",\"width\":200,\"height\":200,\"caption\":\"What The France\"},\"image\":{\"@id\":\"https:\\\/\\\/whatthefrance.org\\\/es\\\/#\\\/schema\\\/logo\\\/image\\\/\"}},{\"@type\":\"Person\",\"@id\":\"https:\\\/\\\/whatthefrance.org\\\/es\\\/#\\\/schema\\\/person\\\/ec6689bd96bf81ba9dcf2264cb54c946\",\"name\":\"ultrapop-gustavo\",\"image\":{\"@type\":\"ImageObject\",\"inLanguage\":\"es\",\"@id\":\"https:\\\/\\\/secure.gravatar.com\\\/avatar\\\/9f35e3e5944405caa221d3f9ae6c981bac53ada24e0340936c6d6364326ab920?s=96&d=mm&r=g\",\"url\":\"https:\\\/\\\/secure.gravatar.com\\\/avatar\\\/9f35e3e5944405caa221d3f9ae6c981bac53ada24e0340936c6d6364326ab920?s=96&d=mm&r=g\",\"contentUrl\":\"https:\\\/\\\/secure.gravatar.com\\\/avatar\\\/9f35e3e5944405caa221d3f9ae6c981bac53ada24e0340936c6d6364326ab920?s=96&d=mm&r=g\",\"caption\":\"ultrapop-gustavo\"}}]}<\/script>\n<!-- \/ Yoast SEO plugin. -->","yoast_head_json":{"title":"Joao Selva | Presenta en EP en forma de panfleto anti-Bolsonaro - What the France","robots":{"index":"index","follow":"follow","max-snippet":"max-snippet:-1","max-image-preview":"max-image-preview:large","max-video-preview":"max-video-preview:-1"},"canonical":"https:\/\/whatthefrance.org\/es\/joao-selva-presenta-en-ep-en-forma-de-panfleto-anti-bolsonaro\/","og_locale":"es_ES","og_type":"article","og_title":"Joao Selva | Presenta en EP en forma de panfleto anti-Bolsonaro - What the France","og_description":"Tras el \u00e9xito de su segundo \u00e1lbum, Navegar, el m\u00e1s carioca de los lioneses Jo\u00e3o Selva se junt\u00f3 con su c\u00f3mplice Bruno Patchworks para componer cuatro canciones de m\u00fasica pop tropical, bailable y vintage. Una falsa ligereza para abordar con seriedad un claro mensaje en contra de Bolsonaro y en favor de Lula de cara [&hellip;]","og_url":"https:\/\/whatthefrance.org\/es\/joao-selva-presenta-en-ep-en-forma-de-panfleto-anti-bolsonaro\/","og_site_name":"What the France","article_published_time":"2022-09-19T08:00:56+00:00","article_modified_time":"2022-09-21T14:18:57+00:00","og_image":[{"url":"https:\/\/whatthefrance.org\/wp-content\/uploads\/2022\/09\/Joao_Selva_together_what_the_france.png","height":452,"width":1084,"type":""}],"author":"ultrapop-gustavo","twitter_card":"summary_large_image","twitter_misc":{"Escrito por":"ultrapop-gustavo","Tiempo de lectura":"1 minuto"},"schema":{"@context":"https:\/\/schema.org","@graph":[{"@type":"Article","@id":"https:\/\/whatthefrance.org\/es\/joao-selva-presenta-en-ep-en-forma-de-panfleto-anti-bolsonaro\/#article","isPartOf":{"@id":"https:\/\/whatthefrance.org\/es\/joao-selva-presenta-en-ep-en-forma-de-panfleto-anti-bolsonaro\/"},"author":{"name":"ultrapop-gustavo","@id":"https:\/\/whatthefrance.org\/es\/#\/schema\/person\/ec6689bd96bf81ba9dcf2264cb54c946"},"headline":"Joao Selva | Presenta en EP en forma de panfleto anti-Bolsonaro","datePublished":"2022-09-19T08:00:56+00:00","dateModified":"2022-09-21T14:18:57+00:00","mainEntityOfPage":{"@id":"https:\/\/whatthefrance.org\/es\/joao-selva-presenta-en-ep-en-forma-de-panfleto-anti-bolsonaro\/"},"wordCount":286,"publisher":{"@id":"https:\/\/whatthefrance.org\/es\/#organization"},"keywords":["World"],"articleSection":["Release"],"inLanguage":"es"},{"@type":"WebPage","@id":"https:\/\/whatthefrance.org\/es\/joao-selva-presenta-en-ep-en-forma-de-panfleto-anti-bolsonaro\/","url":"https:\/\/whatthefrance.org\/es\/joao-selva-presenta-en-ep-en-forma-de-panfleto-anti-bolsonaro\/","name":"Joao Selva | Presenta en EP en forma de panfleto anti-Bolsonaro - What the France","isPartOf":{"@id":"https:\/\/whatthefrance.org\/es\/#website"},"datePublished":"2022-09-19T08:00:56+00:00","dateModified":"2022-09-21T14:18:57+00:00","breadcrumb":{"@id":"https:\/\/whatthefrance.org\/es\/joao-selva-presenta-en-ep-en-forma-de-panfleto-anti-bolsonaro\/#breadcrumb"},"inLanguage":"es","potentialAction":[{"@type":"ReadAction","target":["https:\/\/whatthefrance.org\/es\/joao-selva-presenta-en-ep-en-forma-de-panfleto-anti-bolsonaro\/"]}]},{"@type":"BreadcrumbList","@id":"https:\/\/whatthefrance.org\/es\/joao-selva-presenta-en-ep-en-forma-de-panfleto-anti-bolsonaro\/#breadcrumb","itemListElement":[{"@type":"ListItem","position":1,"name":"Home","item":"https:\/\/whatthefrance.org\/es\/"},{"@type":"ListItem","position":2,"name":"Joao Selva | Presenta en EP en forma de panfleto anti-Bolsonaro"}]},{"@type":"WebSite","@id":"https:\/\/whatthefrance.org\/es\/#website","url":"https:\/\/whatthefrance.org\/es\/","name":"What the France","description":"The finest music made in France !","publisher":{"@id":"https:\/\/whatthefrance.org\/es\/#organization"},"potentialAction":[{"@type":"SearchAction","target":{"@type":"EntryPoint","urlTemplate":"https:\/\/whatthefrance.org\/es\/?s={search_term_string}"},"query-input":{"@type":"PropertyValueSpecification","valueRequired":true,"valueName":"search_term_string"}}],"inLanguage":"es"},{"@type":"Organization","@id":"https:\/\/whatthefrance.org\/es\/#organization","name":"What The France","url":"https:\/\/whatthefrance.org\/es\/","logo":{"@type":"ImageObject","inLanguage":"es","@id":"https:\/\/whatthefrance.org\/es\/#\/schema\/logo\/image\/","url":"https:\/\/whatthefrance.org\/wp-content\/uploads\/2019\/12\/44688719_2251580388408837_694180218134331392_n-e1577679609190.png","contentUrl":"https:\/\/whatthefrance.org\/wp-content\/uploads\/2019\/12\/44688719_2251580388408837_694180218134331392_n-e1577679609190.png","width":200,"height":200,"caption":"What The France"},"image":{"@id":"https:\/\/whatthefrance.org\/es\/#\/schema\/logo\/image\/"}},{"@type":"Person","@id":"https:\/\/whatthefrance.org\/es\/#\/schema\/person\/ec6689bd96bf81ba9dcf2264cb54c946","name":"ultrapop-gustavo","image":{"@type":"ImageObject","inLanguage":"es","@id":"https:\/\/secure.gravatar.com\/avatar\/9f35e3e5944405caa221d3f9ae6c981bac53ada24e0340936c6d6364326ab920?s=96&d=mm&r=g","url":"https:\/\/secure.gravatar.com\/avatar\/9f35e3e5944405caa221d3f9ae6c981bac53ada24e0340936c6d6364326ab920?s=96&d=mm&r=g","contentUrl":"https:\/\/secure.gravatar.com\/avatar\/9f35e3e5944405caa221d3f9ae6c981bac53ada24e0340936c6d6364326ab920?s=96&d=mm&r=g","caption":"ultrapop-gustavo"}}]}},"_links":{"self":[{"href":"https:\/\/whatthefrance.org\/es\/wp-json\/wp\/v2\/posts\/46615","targetHints":{"allow":["GET"]}}],"collection":[{"href":"https:\/\/whatthefrance.org\/es\/wp-json\/wp\/v2\/posts"}],"about":[{"href":"https:\/\/whatthefrance.org\/es\/wp-json\/wp\/v2\/types\/post"}],"author":[{"embeddable":true,"href":"https:\/\/whatthefrance.org\/es\/wp-json\/wp\/v2\/users\/35"}],"replies":[{"embeddable":true,"href":"https:\/\/whatthefrance.org\/es\/wp-json\/wp\/v2\/comments?post=46615"}],"version-history":[{"count":3,"href":"https:\/\/whatthefrance.org\/es\/wp-json\/wp\/v2\/posts\/46615\/revisions"}],"predecessor-version":[{"id":46625,"href":"https:\/\/whatthefrance.org\/es\/wp-json\/wp\/v2\/posts\/46615\/revisions\/46625"}],"wp:attachment":[{"href":"https:\/\/whatthefrance.org\/es\/wp-json\/wp\/v2\/media?parent=46615"}],"wp:term":[{"taxonomy":"category","embeddable":true,"href":"https:\/\/whatthefrance.org\/es\/wp-json\/wp\/v2\/categories?post=46615"},{"taxonomy":"post_tag","embeddable":true,"href":"https:\/\/whatthefrance.org\/es\/wp-json\/wp\/v2\/tags?post=46615"}],"curies":[{"name":"wp","href":"https:\/\/api.w.org\/{rel}","templated":true}]}}