{"id":48324,"date":"2022-10-17T10:00:35","date_gmt":"2022-10-17T08:00:35","guid":{"rendered":"https:\/\/whatthefrance.org\/?p=48324"},"modified":"2022-10-25T17:36:29","modified_gmt":"2022-10-25T15:36:29","slug":"el-festival-da-cancao-celebrara-su-15a-edicion-el-proximo-noviembre-con-chico-cesar-y-camille-bertault","status":"publish","type":"post","link":"https:\/\/whatthefrance.org\/es\/el-festival-da-cancao-celebrara-su-15a-edicion-el-proximo-noviembre-con-chico-cesar-y-camille-bertault\/","title":{"rendered":"El Festival da Can\u00e7\u00e3o celebrar\u00e1 su 15\u00aa edici\u00f3n el pr\u00f3ximo noviembre con Chico C\u00e9sar y Camille Bertault"},"content":{"rendered":"<p><span style=\"font-weight: 400;\">El <\/span><a href=\"https:\/\/festivaldacancaoaf.com.br\/\"><b>Festival da Can\u00e7\u00e3o de la Alliance fran\u00e7aise<\/b><\/a><span style=\"font-weight: 400;\"> celebrar\u00e1 su 15vo aniversario el pr\u00f3ximo noviembre de la mano del cantante brasile\u00f1o <\/span><b>Chico C\u00e9sar<\/b><span style=\"font-weight: 400;\"> y la cantante francesa <\/span><b>Camille Bertault<\/b><span style=\"font-weight: 400;\"> como padrinos. La etapa final de la competencia tendr\u00e1 lugar en R\u00edo de Janeiro el 16 de noviembre de 2022.<\/span><\/p>\n<p><span style=\"font-weight: 400;\">Creado en 2008, el festival se desarrolla a lo largo de todo Brasil, con competencias regionales en R\u00edo de Janeiro, Salvador, Porto Alegre, Curitiba, Brasilia y S\u00e3o Paulo. El objetivo del evento es promover la escena emergente y difundir la diversidad del repertorio musical franc\u00f3fono.<\/span><\/p>\n<p><span style=\"font-weight: 400;\">A trav\u00e9s de un concurso gratuito y abierto a todos, la iniciativa busca promover la nueva escena musical brasile\u00f1a. Por este concurso han pasado con anterioridad artistas como <\/span><b>Luedji Luna<\/b><span style=\"font-weight: 400;\"> y <\/span><b>Amanda Magalh\u00e3es<\/b><span style=\"font-weight: 400;\">. El Festival da Can\u00e7\u00e3o de la Alliance fran\u00e7aise cuenta con el apoyo de Air France, Club Med, MaMA Festival &amp; Convention, la Embajada de Francia en Brasil, Chez Georges y What The France.<\/span><\/p>\n<p><span style=\"font-weight: 400;\">Este a\u00f1o, el jurado estar\u00e1 compuesto por profesionales de la industria brasile\u00f1a como <\/span><b>Ver\u00f4nica Pessoa<\/b><span style=\"font-weight: 400;\">, label manager de Altafonte y por la periodista <\/span><b>Fabiane Pereira<\/b><span style=\"font-weight: 400;\">. El festival estar\u00e1 apadrinado por la cantante de jazz <\/span><b>Camille Bertault<\/b><span style=\"font-weight: 400;\">, y por el cantante brasile\u00f1o <\/span><b>Chico C\u00e9sar<\/b><span style=\"font-weight: 400;\">, quien acaba de lanzar un nuevo \u00e1lbum, titulado <\/span><b><i>Vestido de Amor<\/i><\/b><span style=\"font-weight: 400;\"> (escuche la playlist que el artista ide\u00f3 para What the France).<\/span><\/p>\n<p><img decoding=\"async\" class=\" wp-image-47628 aligncenter\" src=\"https:\/\/whatthefrance.org\/wp-content\/uploads\/2022\/10\/Festival_da_Cancao_22-300x169.png\" alt=\"\" width=\"493\" height=\"278\" srcset=\"https:\/\/whatthefrance.org\/wp-content\/uploads\/2022\/10\/Festival_da_Cancao_22-300x169.png 300w, https:\/\/whatthefrance.org\/wp-content\/uploads\/2022\/10\/Festival_da_Cancao_22-1024x576.png 1024w, https:\/\/whatthefrance.org\/wp-content\/uploads\/2022\/10\/Festival_da_Cancao_22-768x432.png 768w, https:\/\/whatthefrance.org\/wp-content\/uploads\/2022\/10\/Festival_da_Cancao_22.png 1280w\" sizes=\"(max-width: 493px) 100vw, 493px\" \/><\/p>\n<p><span style=\"font-weight: 400;\">Adem\u00e1s de la competici\u00f3n, esta nueva edici\u00f3n del festival ofrecer\u00e1 varias actividades art\u00edsticas, como conciertos, encuentros profesionales y talleres abiertos al p\u00fablico. El evento tendr\u00e1 lugar en varios espacios culturales de R\u00edo, como <\/span><b>Circo Voador<\/b><span style=\"font-weight: 400;\">, <\/span><b>Oi Futuro<\/b><span style=\"font-weight: 400;\"> y la propia <\/span><b>Alliance Fran\u00e7aise<\/b><span style=\"font-weight: 400;\">.<\/span><\/p>\n<p><span style=\"font-weight: 400;\">\u00a1S\u00edguenos en las <\/span><a href=\"https:\/\/fra01.safelinks.protection.outlook.com\/?url=https%3A%2F%2Fweb.facebook.com%2Fwhatthefrance&amp;data=05%7C01%7Cmarie-sophie.cazin%40cnm.fr%7Caf341e58dd234c316f4008dab01dd564%7Cba774e6290394882a8cac4a49ebaf0d1%7C1%7C0%7C638015939424942817%7CUnknown%7CTWFpbGZsb3d8eyJWIjoiMC4wLjAwMDAiLCJQIjoiV2luMzIiLCJBTiI6Ik1haWwiLCJXVCI6Mn0%3D%7C3000%7C%7C%7C&amp;sdata=cfRZrYWbkZIYDhQ1EQbBChUwHELNpqjZT%2Fa0jasdn18%3D&amp;reserved=0\"><b>redes sociales<\/b><\/a><span style=\"font-weight: 400;\"> y consulte el programa completo, que comunicaremos pr\u00f3ximamente!<\/span><\/p>\n<div class=\"playListBloc singleBloc\"><div class=\"playListBloc-wrap\">    <div class=\"thumbnail\"><img data-src=\"https:\/\/whatthefrance.org\/wp-content\/uploads\/2022\/09\/WTF-Cover-Collab_chico_cesar-254x254.jpg\" class=\"lazyload\" alt=\"WTF&#8212;Cover-Collab_chico_cesar\" \/>    <\/div>    <div class=\"infos\">        <span class=\"tag\">Curators<\/span>        <h2>A Made In France Selection By Chico C\u00e9sar<\/h2>        <span class=\"separator\"><\/span>       <span class=\"desc\">Listen to a selection of \"made in France\" tracks, carefully handpicked by Chico C\u00e9sar.\u00a0<\/span><div class=\"share flex flexAlignCenter \">\t<span class=\"label\">Compartir<\/span>\t<a href=\"https:\/\/www.facebook.com\/sharer\/sharer.php?u=https:\/\/whatthefrance.org\/es\/playlists\/a-made-in-france-selection-by-chico-cesar\/\" class=\"facebook\" target=\"_blank\" rel=\"noreferrer\">Facebook<\/a>\t<a href=\"https:\/\/twitter.com\/intent\/tweet?url=https:\/\/whatthefrance.org\/es\/playlists\/a-made-in-france-selection-by-chico-cesar\/&text=A+Made+In+France+Selection+By+Chico+C%C3%A9sar&hashtags=WTF\" class=\"twitter\" target=\"_blank\" rel=\"noreferrer\">Twitter<\/a>\t<a href=\"mailto:?subject=What%20the%20France%20%3A%20A%20Made%20In%20France%20Selection%20By%20Chico%20C%C3%A9sar&body=https:\/\/whatthefrance.org\/es\/playlists\/a-made-in-france-selection-by-chico-cesar\/\" class=\"mail\" target=\"_blank\" rel=\"noreferrer\">Email<\/a><\/div>        <a href=\"#\" class=\"btn btnPlaylist orange playlist-click\" data-id=\"46939\">            <svg version=\"1.1\" x=\"0px\" y=\"0px\" width=\"40px\" height=\"40px\" viewBox=\"0 0 213.7 213.7\" enable-background=\"new 0 0 213.7 213.7\" xml:space=\"preserve\">                <polygon class=\"triangle\" fill=\"none\" stroke-width=\"10\" stroke-linecap=\"round\" stroke-linejoin=\"round\" stroke-miterlimit=\"10\" points=\"\n            73.5,62.5 148.5,105.8 73.5,149.1 \"\/>                <circle class=\"circle\" fill=\"none\"  stroke-width=\"8\" stroke-linecap=\"round\" stroke-linejoin=\"round\" stroke-miterlimit=\"10\" cx=\"106.8\" cy=\"106.8\" r=\"103.3\"\/>                <circle class=\"circle-white\" fill=\"none\"  stroke-width=\"8\" stroke-linecap=\"round\" stroke-linejoin=\"round\" stroke-miterlimit=\"10\" cx=\"106.8\" cy=\"106.8\" r=\"103.3\"\/>            <\/svg>Escuchar        <\/a>    <\/div>  <\/div><\/div>\n","protected":false},"excerpt":{"rendered":"<p>El Festival da Can\u00e7\u00e3o de la Alliance fran\u00e7aise celebrar\u00e1 su 15vo aniversario el pr\u00f3ximo noviembre de la mano del cantante brasile\u00f1o Chico C\u00e9sar y la cantante francesa Camille Bertault como padrinos. La etapa final de la competencia tendr\u00e1 lugar en R\u00edo de Janeiro el 16 de noviembre de 2022. Creado en 2008, el festival se [&hellip;]<\/p>\n","protected":false},"author":35,"featured_media":0,"comment_status":"closed","ping_status":"closed","sticky":false,"template":"","format":"standard","meta":{"_acf_changed":false,"footnotes":""},"categories":[1965],"tags":[1928,1956],"class_list":["post-48324","post","type-post","status-publish","format-standard","hentry","category-events-es","tag-chanson-es","tag-world-es"],"acf":[],"yoast_head":"<!-- This site is optimized with the Yoast SEO plugin v27.3 - https:\/\/yoast.com\/product\/yoast-seo-wordpress\/ -->\n<title>El Festival da Can\u00e7\u00e3o celebrar\u00e1 su 15\u00aa edici\u00f3n el pr\u00f3ximo noviembre con Chico C\u00e9sar y Camille Bertault - What the France<\/title>\n<meta name=\"robots\" content=\"index, follow, max-snippet:-1, max-image-preview:large, max-video-preview:-1\" \/>\n<link rel=\"canonical\" href=\"https:\/\/whatthefrance.org\/es\/el-festival-da-cancao-celebrara-su-15a-edicion-el-proximo-noviembre-con-chico-cesar-y-camille-bertault\/\" \/>\n<meta property=\"og:locale\" content=\"es_ES\" \/>\n<meta property=\"og:type\" content=\"article\" \/>\n<meta property=\"og:title\" content=\"El Festival da Can\u00e7\u00e3o celebrar\u00e1 su 15\u00aa edici\u00f3n el pr\u00f3ximo noviembre con Chico C\u00e9sar y Camille Bertault - What the France\" \/>\n<meta property=\"og:description\" content=\"El Festival da Can\u00e7\u00e3o de la Alliance fran\u00e7aise celebrar\u00e1 su 15vo aniversario el pr\u00f3ximo noviembre de la mano del cantante brasile\u00f1o Chico C\u00e9sar y la cantante francesa Camille Bertault como padrinos. La etapa final de la competencia tendr\u00e1 lugar en R\u00edo de Janeiro el 16 de noviembre de 2022. Creado en 2008, el festival se [&hellip;]\" \/>\n<meta property=\"og:url\" content=\"https:\/\/whatthefrance.org\/es\/el-festival-da-cancao-celebrara-su-15a-edicion-el-proximo-noviembre-con-chico-cesar-y-camille-bertault\/\" \/>\n<meta property=\"og:site_name\" content=\"What the France\" \/>\n<meta property=\"article:published_time\" content=\"2022-10-17T08:00:35+00:00\" \/>\n<meta property=\"article:modified_time\" content=\"2022-10-25T15:36:29+00:00\" \/>\n<meta property=\"og:image\" content=\"https:\/\/whatthefrance.org\/wp-content\/uploads\/2022\/10\/UltimaSemana-Feed.png\" \/>\n\t<meta property=\"og:image:width\" content=\"1084\" \/>\n\t<meta property=\"og:image:height\" content=\"535\" \/><meta property=\"og:image\" content=\"https:\/\/whatthefrance.org\/wp-content\/uploads\/2022\/10\/Festival_da_Cancao_22-300x169.png\" \/>\n<meta name=\"author\" content=\"ultrapop-gustavo\" \/>\n<meta name=\"twitter:card\" content=\"summary_large_image\" \/>\n<meta name=\"twitter:label1\" content=\"Escrito por\" \/>\n\t<meta name=\"twitter:data1\" content=\"ultrapop-gustavo\" \/>\n\t<meta name=\"twitter:label2\" content=\"Tiempo de lectura\" \/>\n\t<meta name=\"twitter:data2\" content=\"2 minutos\" \/>\n<script type=\"application\/ld+json\" class=\"yoast-schema-graph\">{\"@context\":\"https:\\\/\\\/schema.org\",\"@graph\":[{\"@type\":\"Article\",\"@id\":\"https:\\\/\\\/whatthefrance.org\\\/es\\\/el-festival-da-cancao-celebrara-su-15a-edicion-el-proximo-noviembre-con-chico-cesar-y-camille-bertault\\\/#article\",\"isPartOf\":{\"@id\":\"https:\\\/\\\/whatthefrance.org\\\/es\\\/el-festival-da-cancao-celebrara-su-15a-edicion-el-proximo-noviembre-con-chico-cesar-y-camille-bertault\\\/\"},\"author\":{\"name\":\"ultrapop-gustavo\",\"@id\":\"https:\\\/\\\/whatthefrance.org\\\/es\\\/#\\\/schema\\\/person\\\/ec6689bd96bf81ba9dcf2264cb54c946\"},\"headline\":\"El Festival da Can\u00e7\u00e3o celebrar\u00e1 su 15\u00aa edici\u00f3n el pr\u00f3ximo noviembre con Chico C\u00e9sar y Camille Bertault\",\"datePublished\":\"2022-10-17T08:00:35+00:00\",\"dateModified\":\"2022-10-25T15:36:29+00:00\",\"mainEntityOfPage\":{\"@id\":\"https:\\\/\\\/whatthefrance.org\\\/es\\\/el-festival-da-cancao-celebrara-su-15a-edicion-el-proximo-noviembre-con-chico-cesar-y-camille-bertault\\\/\"},\"wordCount\":327,\"publisher\":{\"@id\":\"https:\\\/\\\/whatthefrance.org\\\/es\\\/#organization\"},\"image\":{\"@id\":\"https:\\\/\\\/whatthefrance.org\\\/es\\\/el-festival-da-cancao-celebrara-su-15a-edicion-el-proximo-noviembre-con-chico-cesar-y-camille-bertault\\\/#primaryimage\"},\"thumbnailUrl\":\"https:\\\/\\\/whatthefrance.org\\\/wp-content\\\/uploads\\\/2022\\\/10\\\/Festival_da_Cancao_22-300x169.png\",\"keywords\":[\"Chanson\",\"World\"],\"articleSection\":[\"Event\"],\"inLanguage\":\"es\"},{\"@type\":\"WebPage\",\"@id\":\"https:\\\/\\\/whatthefrance.org\\\/es\\\/el-festival-da-cancao-celebrara-su-15a-edicion-el-proximo-noviembre-con-chico-cesar-y-camille-bertault\\\/\",\"url\":\"https:\\\/\\\/whatthefrance.org\\\/es\\\/el-festival-da-cancao-celebrara-su-15a-edicion-el-proximo-noviembre-con-chico-cesar-y-camille-bertault\\\/\",\"name\":\"El Festival da Can\u00e7\u00e3o celebrar\u00e1 su 15\u00aa edici\u00f3n el pr\u00f3ximo noviembre con Chico C\u00e9sar y Camille Bertault - What the France\",\"isPartOf\":{\"@id\":\"https:\\\/\\\/whatthefrance.org\\\/es\\\/#website\"},\"primaryImageOfPage\":{\"@id\":\"https:\\\/\\\/whatthefrance.org\\\/es\\\/el-festival-da-cancao-celebrara-su-15a-edicion-el-proximo-noviembre-con-chico-cesar-y-camille-bertault\\\/#primaryimage\"},\"image\":{\"@id\":\"https:\\\/\\\/whatthefrance.org\\\/es\\\/el-festival-da-cancao-celebrara-su-15a-edicion-el-proximo-noviembre-con-chico-cesar-y-camille-bertault\\\/#primaryimage\"},\"thumbnailUrl\":\"https:\\\/\\\/whatthefrance.org\\\/wp-content\\\/uploads\\\/2022\\\/10\\\/Festival_da_Cancao_22-300x169.png\",\"datePublished\":\"2022-10-17T08:00:35+00:00\",\"dateModified\":\"2022-10-25T15:36:29+00:00\",\"breadcrumb\":{\"@id\":\"https:\\\/\\\/whatthefrance.org\\\/es\\\/el-festival-da-cancao-celebrara-su-15a-edicion-el-proximo-noviembre-con-chico-cesar-y-camille-bertault\\\/#breadcrumb\"},\"inLanguage\":\"es\",\"potentialAction\":[{\"@type\":\"ReadAction\",\"target\":[\"https:\\\/\\\/whatthefrance.org\\\/es\\\/el-festival-da-cancao-celebrara-su-15a-edicion-el-proximo-noviembre-con-chico-cesar-y-camille-bertault\\\/\"]}]},{\"@type\":\"ImageObject\",\"inLanguage\":\"es\",\"@id\":\"https:\\\/\\\/whatthefrance.org\\\/es\\\/el-festival-da-cancao-celebrara-su-15a-edicion-el-proximo-noviembre-con-chico-cesar-y-camille-bertault\\\/#primaryimage\",\"url\":\"https:\\\/\\\/whatthefrance.org\\\/wp-content\\\/uploads\\\/2022\\\/10\\\/Festival_da_Cancao_22-300x169.png\",\"contentUrl\":\"https:\\\/\\\/whatthefrance.org\\\/wp-content\\\/uploads\\\/2022\\\/10\\\/Festival_da_Cancao_22-300x169.png\"},{\"@type\":\"BreadcrumbList\",\"@id\":\"https:\\\/\\\/whatthefrance.org\\\/es\\\/el-festival-da-cancao-celebrara-su-15a-edicion-el-proximo-noviembre-con-chico-cesar-y-camille-bertault\\\/#breadcrumb\",\"itemListElement\":[{\"@type\":\"ListItem\",\"position\":1,\"name\":\"Home\",\"item\":\"https:\\\/\\\/whatthefrance.org\\\/es\\\/\"},{\"@type\":\"ListItem\",\"position\":2,\"name\":\"El Festival da Can\u00e7\u00e3o celebrar\u00e1 su 15\u00aa edici\u00f3n el pr\u00f3ximo noviembre con Chico C\u00e9sar y Camille Bertault\"}]},{\"@type\":\"WebSite\",\"@id\":\"https:\\\/\\\/whatthefrance.org\\\/es\\\/#website\",\"url\":\"https:\\\/\\\/whatthefrance.org\\\/es\\\/\",\"name\":\"What the France\",\"description\":\"The finest music made in France !\",\"publisher\":{\"@id\":\"https:\\\/\\\/whatthefrance.org\\\/es\\\/#organization\"},\"potentialAction\":[{\"@type\":\"SearchAction\",\"target\":{\"@type\":\"EntryPoint\",\"urlTemplate\":\"https:\\\/\\\/whatthefrance.org\\\/es\\\/?s={search_term_string}\"},\"query-input\":{\"@type\":\"PropertyValueSpecification\",\"valueRequired\":true,\"valueName\":\"search_term_string\"}}],\"inLanguage\":\"es\"},{\"@type\":\"Organization\",\"@id\":\"https:\\\/\\\/whatthefrance.org\\\/es\\\/#organization\",\"name\":\"What The France\",\"url\":\"https:\\\/\\\/whatthefrance.org\\\/es\\\/\",\"logo\":{\"@type\":\"ImageObject\",\"inLanguage\":\"es\",\"@id\":\"https:\\\/\\\/whatthefrance.org\\\/es\\\/#\\\/schema\\\/logo\\\/image\\\/\",\"url\":\"https:\\\/\\\/whatthefrance.org\\\/wp-content\\\/uploads\\\/2019\\\/12\\\/44688719_2251580388408837_694180218134331392_n-e1577679609190.png\",\"contentUrl\":\"https:\\\/\\\/whatthefrance.org\\\/wp-content\\\/uploads\\\/2019\\\/12\\\/44688719_2251580388408837_694180218134331392_n-e1577679609190.png\",\"width\":200,\"height\":200,\"caption\":\"What The France\"},\"image\":{\"@id\":\"https:\\\/\\\/whatthefrance.org\\\/es\\\/#\\\/schema\\\/logo\\\/image\\\/\"}},{\"@type\":\"Person\",\"@id\":\"https:\\\/\\\/whatthefrance.org\\\/es\\\/#\\\/schema\\\/person\\\/ec6689bd96bf81ba9dcf2264cb54c946\",\"name\":\"ultrapop-gustavo\",\"image\":{\"@type\":\"ImageObject\",\"inLanguage\":\"es\",\"@id\":\"https:\\\/\\\/secure.gravatar.com\\\/avatar\\\/9f35e3e5944405caa221d3f9ae6c981bac53ada24e0340936c6d6364326ab920?s=96&d=mm&r=g\",\"url\":\"https:\\\/\\\/secure.gravatar.com\\\/avatar\\\/9f35e3e5944405caa221d3f9ae6c981bac53ada24e0340936c6d6364326ab920?s=96&d=mm&r=g\",\"contentUrl\":\"https:\\\/\\\/secure.gravatar.com\\\/avatar\\\/9f35e3e5944405caa221d3f9ae6c981bac53ada24e0340936c6d6364326ab920?s=96&d=mm&r=g\",\"caption\":\"ultrapop-gustavo\"}}]}<\/script>\n<!-- \/ Yoast SEO plugin. -->","yoast_head_json":{"title":"El Festival da Can\u00e7\u00e3o celebrar\u00e1 su 15\u00aa edici\u00f3n el pr\u00f3ximo noviembre con Chico C\u00e9sar y Camille Bertault - What the France","robots":{"index":"index","follow":"follow","max-snippet":"max-snippet:-1","max-image-preview":"max-image-preview:large","max-video-preview":"max-video-preview:-1"},"canonical":"https:\/\/whatthefrance.org\/es\/el-festival-da-cancao-celebrara-su-15a-edicion-el-proximo-noviembre-con-chico-cesar-y-camille-bertault\/","og_locale":"es_ES","og_type":"article","og_title":"El Festival da Can\u00e7\u00e3o celebrar\u00e1 su 15\u00aa edici\u00f3n el pr\u00f3ximo noviembre con Chico C\u00e9sar y Camille Bertault - What the France","og_description":"El Festival da Can\u00e7\u00e3o de la Alliance fran\u00e7aise celebrar\u00e1 su 15vo aniversario el pr\u00f3ximo noviembre de la mano del cantante brasile\u00f1o Chico C\u00e9sar y la cantante francesa Camille Bertault como padrinos. La etapa final de la competencia tendr\u00e1 lugar en R\u00edo de Janeiro el 16 de noviembre de 2022. Creado en 2008, el festival se [&hellip;]","og_url":"https:\/\/whatthefrance.org\/es\/el-festival-da-cancao-celebrara-su-15a-edicion-el-proximo-noviembre-con-chico-cesar-y-camille-bertault\/","og_site_name":"What the France","article_published_time":"2022-10-17T08:00:35+00:00","article_modified_time":"2022-10-25T15:36:29+00:00","og_image":[{"url":"https:\/\/whatthefrance.org\/wp-content\/uploads\/2022\/10\/UltimaSemana-Feed.png","height":535,"width":1084,"type":""},{"url":"https:\/\/whatthefrance.org\/wp-content\/uploads\/2022\/10\/Festival_da_Cancao_22-300x169.png","type":"","width":"","height":""}],"author":"ultrapop-gustavo","twitter_card":"summary_large_image","twitter_misc":{"Escrito por":"ultrapop-gustavo","Tiempo de lectura":"2 minutos"},"schema":{"@context":"https:\/\/schema.org","@graph":[{"@type":"Article","@id":"https:\/\/whatthefrance.org\/es\/el-festival-da-cancao-celebrara-su-15a-edicion-el-proximo-noviembre-con-chico-cesar-y-camille-bertault\/#article","isPartOf":{"@id":"https:\/\/whatthefrance.org\/es\/el-festival-da-cancao-celebrara-su-15a-edicion-el-proximo-noviembre-con-chico-cesar-y-camille-bertault\/"},"author":{"name":"ultrapop-gustavo","@id":"https:\/\/whatthefrance.org\/es\/#\/schema\/person\/ec6689bd96bf81ba9dcf2264cb54c946"},"headline":"El Festival da Can\u00e7\u00e3o celebrar\u00e1 su 15\u00aa edici\u00f3n el pr\u00f3ximo noviembre con Chico C\u00e9sar y Camille Bertault","datePublished":"2022-10-17T08:00:35+00:00","dateModified":"2022-10-25T15:36:29+00:00","mainEntityOfPage":{"@id":"https:\/\/whatthefrance.org\/es\/el-festival-da-cancao-celebrara-su-15a-edicion-el-proximo-noviembre-con-chico-cesar-y-camille-bertault\/"},"wordCount":327,"publisher":{"@id":"https:\/\/whatthefrance.org\/es\/#organization"},"image":{"@id":"https:\/\/whatthefrance.org\/es\/el-festival-da-cancao-celebrara-su-15a-edicion-el-proximo-noviembre-con-chico-cesar-y-camille-bertault\/#primaryimage"},"thumbnailUrl":"https:\/\/whatthefrance.org\/wp-content\/uploads\/2022\/10\/Festival_da_Cancao_22-300x169.png","keywords":["Chanson","World"],"articleSection":["Event"],"inLanguage":"es"},{"@type":"WebPage","@id":"https:\/\/whatthefrance.org\/es\/el-festival-da-cancao-celebrara-su-15a-edicion-el-proximo-noviembre-con-chico-cesar-y-camille-bertault\/","url":"https:\/\/whatthefrance.org\/es\/el-festival-da-cancao-celebrara-su-15a-edicion-el-proximo-noviembre-con-chico-cesar-y-camille-bertault\/","name":"El Festival da Can\u00e7\u00e3o celebrar\u00e1 su 15\u00aa edici\u00f3n el pr\u00f3ximo noviembre con Chico C\u00e9sar y Camille Bertault - What the France","isPartOf":{"@id":"https:\/\/whatthefrance.org\/es\/#website"},"primaryImageOfPage":{"@id":"https:\/\/whatthefrance.org\/es\/el-festival-da-cancao-celebrara-su-15a-edicion-el-proximo-noviembre-con-chico-cesar-y-camille-bertault\/#primaryimage"},"image":{"@id":"https:\/\/whatthefrance.org\/es\/el-festival-da-cancao-celebrara-su-15a-edicion-el-proximo-noviembre-con-chico-cesar-y-camille-bertault\/#primaryimage"},"thumbnailUrl":"https:\/\/whatthefrance.org\/wp-content\/uploads\/2022\/10\/Festival_da_Cancao_22-300x169.png","datePublished":"2022-10-17T08:00:35+00:00","dateModified":"2022-10-25T15:36:29+00:00","breadcrumb":{"@id":"https:\/\/whatthefrance.org\/es\/el-festival-da-cancao-celebrara-su-15a-edicion-el-proximo-noviembre-con-chico-cesar-y-camille-bertault\/#breadcrumb"},"inLanguage":"es","potentialAction":[{"@type":"ReadAction","target":["https:\/\/whatthefrance.org\/es\/el-festival-da-cancao-celebrara-su-15a-edicion-el-proximo-noviembre-con-chico-cesar-y-camille-bertault\/"]}]},{"@type":"ImageObject","inLanguage":"es","@id":"https:\/\/whatthefrance.org\/es\/el-festival-da-cancao-celebrara-su-15a-edicion-el-proximo-noviembre-con-chico-cesar-y-camille-bertault\/#primaryimage","url":"https:\/\/whatthefrance.org\/wp-content\/uploads\/2022\/10\/Festival_da_Cancao_22-300x169.png","contentUrl":"https:\/\/whatthefrance.org\/wp-content\/uploads\/2022\/10\/Festival_da_Cancao_22-300x169.png"},{"@type":"BreadcrumbList","@id":"https:\/\/whatthefrance.org\/es\/el-festival-da-cancao-celebrara-su-15a-edicion-el-proximo-noviembre-con-chico-cesar-y-camille-bertault\/#breadcrumb","itemListElement":[{"@type":"ListItem","position":1,"name":"Home","item":"https:\/\/whatthefrance.org\/es\/"},{"@type":"ListItem","position":2,"name":"El Festival da Can\u00e7\u00e3o celebrar\u00e1 su 15\u00aa edici\u00f3n el pr\u00f3ximo noviembre con Chico C\u00e9sar y Camille Bertault"}]},{"@type":"WebSite","@id":"https:\/\/whatthefrance.org\/es\/#website","url":"https:\/\/whatthefrance.org\/es\/","name":"What the France","description":"The finest music made in France !","publisher":{"@id":"https:\/\/whatthefrance.org\/es\/#organization"},"potentialAction":[{"@type":"SearchAction","target":{"@type":"EntryPoint","urlTemplate":"https:\/\/whatthefrance.org\/es\/?s={search_term_string}"},"query-input":{"@type":"PropertyValueSpecification","valueRequired":true,"valueName":"search_term_string"}}],"inLanguage":"es"},{"@type":"Organization","@id":"https:\/\/whatthefrance.org\/es\/#organization","name":"What The France","url":"https:\/\/whatthefrance.org\/es\/","logo":{"@type":"ImageObject","inLanguage":"es","@id":"https:\/\/whatthefrance.org\/es\/#\/schema\/logo\/image\/","url":"https:\/\/whatthefrance.org\/wp-content\/uploads\/2019\/12\/44688719_2251580388408837_694180218134331392_n-e1577679609190.png","contentUrl":"https:\/\/whatthefrance.org\/wp-content\/uploads\/2019\/12\/44688719_2251580388408837_694180218134331392_n-e1577679609190.png","width":200,"height":200,"caption":"What The France"},"image":{"@id":"https:\/\/whatthefrance.org\/es\/#\/schema\/logo\/image\/"}},{"@type":"Person","@id":"https:\/\/whatthefrance.org\/es\/#\/schema\/person\/ec6689bd96bf81ba9dcf2264cb54c946","name":"ultrapop-gustavo","image":{"@type":"ImageObject","inLanguage":"es","@id":"https:\/\/secure.gravatar.com\/avatar\/9f35e3e5944405caa221d3f9ae6c981bac53ada24e0340936c6d6364326ab920?s=96&d=mm&r=g","url":"https:\/\/secure.gravatar.com\/avatar\/9f35e3e5944405caa221d3f9ae6c981bac53ada24e0340936c6d6364326ab920?s=96&d=mm&r=g","contentUrl":"https:\/\/secure.gravatar.com\/avatar\/9f35e3e5944405caa221d3f9ae6c981bac53ada24e0340936c6d6364326ab920?s=96&d=mm&r=g","caption":"ultrapop-gustavo"}}]}},"_links":{"self":[{"href":"https:\/\/whatthefrance.org\/es\/wp-json\/wp\/v2\/posts\/48324","targetHints":{"allow":["GET"]}}],"collection":[{"href":"https:\/\/whatthefrance.org\/es\/wp-json\/wp\/v2\/posts"}],"about":[{"href":"https:\/\/whatthefrance.org\/es\/wp-json\/wp\/v2\/types\/post"}],"author":[{"embeddable":true,"href":"https:\/\/whatthefrance.org\/es\/wp-json\/wp\/v2\/users\/35"}],"replies":[{"embeddable":true,"href":"https:\/\/whatthefrance.org\/es\/wp-json\/wp\/v2\/comments?post=48324"}],"version-history":[{"count":2,"href":"https:\/\/whatthefrance.org\/es\/wp-json\/wp\/v2\/posts\/48324\/revisions"}],"predecessor-version":[{"id":48357,"href":"https:\/\/whatthefrance.org\/es\/wp-json\/wp\/v2\/posts\/48324\/revisions\/48357"}],"wp:attachment":[{"href":"https:\/\/whatthefrance.org\/es\/wp-json\/wp\/v2\/media?parent=48324"}],"wp:term":[{"taxonomy":"category","embeddable":true,"href":"https:\/\/whatthefrance.org\/es\/wp-json\/wp\/v2\/categories?post=48324"},{"taxonomy":"post_tag","embeddable":true,"href":"https:\/\/whatthefrance.org\/es\/wp-json\/wp\/v2\/tags?post=48324"}],"curies":[{"name":"wp","href":"https:\/\/api.w.org\/{rel}","templated":true}]}}