{"id":52011,"date":"2023-02-07T10:00:39","date_gmt":"2023-02-07T09:00:39","guid":{"rendered":"https:\/\/whatthefrance.org\/?p=52011"},"modified":"2023-02-17T12:30:31","modified_gmt":"2023-02-17T11:30:31","slug":"sarah-rebecca-nuevo-single-y-una-playlist-exclusiva-para-what-the-france","status":"publish","type":"post","link":"https:\/\/whatthefrance.org\/es\/sarah-rebecca-nuevo-single-y-una-playlist-exclusiva-para-what-the-france\/","title":{"rendered":"Sarah Rebecca | \u00a1Nuevo single y una playlist exclusiva para What The France!"},"content":{"rendered":"<p><span style=\"font-weight: 400;\">La artista <\/span><a href=\"https:\/\/www.instagram.com\/sarahrebeccamusic\/?hl=fr\"><b>Sarah Rebecca<\/b><\/a><span style=\"font-weight: 400;\"> naci\u00f3 y se cri\u00f3 en Ocean Springs, Mississippi, EE. UU. Desde los cinco a\u00f1os se viste con vestidos largos. Tambi\u00e9n les advert\u00eda a sus padres que el canto y la m\u00fasica la acompa\u00f1ar\u00edan toda su vida. Mientras esperaba tener la edad suficiente para realizar sus sue\u00f1os, Sarah comenz\u00f3 a cantar en el coro de gospel de la iglesia bautista, guiada por su abuela, Mammaw, con quien pasaba la mayor parte de su tiempo junto a sus hermanos, a su hermana y a sus primos. Sus referentes musicales en ese momento eran Tori Amos, PJ Harvey y Joni Mitchell, adem\u00e1s de\u00a0 Leonard Cohen y de Bob Dylan. Cuando form\u00f3 su primera banda ten\u00eda tan solo trece a\u00f1os, \u00e9poca en la que se volc\u00f3 a g\u00e9neros como el shoegaze y el grunge, particularmente bajo la influencia de grupos como Nirvana. El pensamiento conservador del Sur de los Estados Unidos la llev\u00f3 a someterse a una educaci\u00f3n estricta y entregada a los hombres, algo que tuvo como efecto rebote que est\u00e9 constantemente alerta sobre los efectos perversos del patriarcado, para luego pasar a reivindicar un feminismo activo. A sus diecisiete a\u00f1os integr\u00f3 el coro de su escuela, donde cant\u00f3 Vivaldi en la m\u00edtica Bas\u00edlica de San Marcos en Venecia, Italia. Este viaje le ayud\u00f3 a confirmar que con el canto podr\u00eda ir a cualquier parte del mundo. As\u00ed es como, un a\u00f1o despu\u00e9s, a los dieciocho a\u00f1os, Sarah dej\u00f3 definitivamente la languidez del sur para ir a Nueva York, y de all\u00ed a San Francisco. En esas dos ciudades se code\u00f3 con la comunidad folk, donde lanz\u00f3 su primer \u00e1lbum, titulado <\/span><i><span style=\"font-weight: 400;\">Blue pearl of happiness<\/span><\/i><span style=\"font-weight: 400;\">. En ese entonces decidi\u00f3 irse de gira por Europa, sin sospechar que este viaje ser\u00eda un punto de inflexi\u00f3n en su vida.<\/span><\/p>\n<p><span style=\"font-weight: 400;\">Fue en Par\u00eds donde Sarah decidi\u00f3 establecerse y donde ha vivido desde entonces. Los tiempos eran dif\u00edciles, pero su voz de gospel estadounidense llam\u00f3 r\u00e1pidamente la atenci\u00f3n del compositor y productor franc\u00e9s L\u00e9o Hellden, quien le pidi\u00f3 que colaborara con \u00e9l en el primer \u00e1lbum de su grupo, <\/span><i><span style=\"font-weight: 400;\">Slove<\/span><\/i><span style=\"font-weight: 400;\">, para el que compuso la canci\u00f3n \u201cFlash\u201d en 2011. Luego lanz\u00f3 un EP a trav\u00e9s del sello HMS, pensado como un trabajo de electro pop al integrar sintetizadores, m\u00e1quinas y cajas de ritmos en sus letras y melod\u00edas. En 2016 colabor\u00f3 \u200b\u200bcon la prestigiosa productora French79, en la que grab\u00f3 el hit del glam pop \u201cDiamond Veins\u201d, que apareci\u00f3 en numerosos comerciales y series (Jimmy Choo, Yves Saint Laurent, Cadillac y la serie de Netflix \u201cRussian Doll\u201d), que suma m\u00e1s de 30 millones de streams. Al a\u00f1o siguiente, esa canci\u00f3n fue remezclada con \u00e9xito por Kid Francescoli (que obtuvo otras 5 millones de reproducciones), para luego volver a ser remixada -en 2021- por VER:WEST y por Ti\u00ebsto (sumando as\u00ed m\u00e1s de 4 millones de streams).<\/span><\/p>\n<p><span style=\"font-weight: 400;\">En 2020 grab\u00f3 el simple \u201cAll my heroes\u201d espec\u00edficamente para el productor y compositor franc\u00e9s Naeleck, que se volvi\u00f3 un hit mundial y que suma ya m\u00e1s de 40 millones de views. En 2021, dentro del sello franc\u00e9s Alter K entreg\u00f3 la versi\u00f3n de lujo de su \u00e1lbum hom\u00f3nimo, con remixes elaborados por artistas como Kid Francescoli, Le Wanderer o BLOW. Luego present\u00f3 el EP <\/span><i><span style=\"font-weight: 400;\">The Guitar Sessions<\/span><\/i><span style=\"font-weight: 400;\">, seguido en julio de ese a\u00f1o por del single \u201cWhatever happens \/ Tout ira bien\u201d con Ariel T, que adem\u00e1s integr\u00f3 la banda sonora de la muy popular serie de Netflix <\/span><span style=\"font-weight: 400;\">Emily In Paris<\/span><span style=\"font-weight: 400;\">. Si bien ahora cuenta con casi 5 millones de oyentes mensuales entre todas las plataformas, \u00a1Sarah Rebecca present\u00f3 su \u00faltimo feat en diciembre de 2022, cuando grab\u00f3 con Naeleck el sencillo \u201cChristmas Kaboom\u201d, que ya tiene m\u00e1s de 10 millones de reproducciones en el mostrador a tan solo un mes de su lanzamiento!<\/span><\/p>\n<p><span style=\"font-weight: 400;\">Sarah Rebecca se ha tomado el tiempo de desarrollar una playlist exclusiva para What The France, en la que comparte con nosotros algunas de sus piezas musicales favoritas \u201cmade in France\u201d. Esta ser\u00e1 la oportunidad de descubrir t\u00edtulos de artistas como Zaho de Sagazan, Molecule, Voyou, Rad Cartier, James Darle, Koudlam, Dave, Maxime Delpierre, L\u00e9o Ferr\u00e9, Jane Birkin, Yves Simon, Manset, Plaisir de France, Tristesse Contemporaine, Alain Chamfort, Jean- Michel Rotin, Christophe, Casual Gabberz, Etienne Daho, A Trois Dans Les WC, Rouge Gorge, Arne Vinzon, Les Clopes, Solve, Kid Francescoli, Gaspar Claus &amp; Lyna Zouaoui, Barbara, Golden Bug &amp; Vega Voga, Niki Black, Tin y Ni\u00e1gara.<\/span><\/p>\n<p><span style=\"font-weight: 400;\"><div class=\"playListBloc singleBloc\"><div class=\"playListBloc-wrap\">    <div class=\"thumbnail\"><img data-src=\"https:\/\/whatthefrance.org\/wp-content\/uploads\/2023\/02\/WTF-Cover-Collab_SarahRebeccajpg-254x254.jpg\" class=\"lazyload\" alt=\"WTF&#8212;Cover-Collab_SarahRebeccajpg\" \/>    <\/div>    <div class=\"infos\">        <span class=\"tag\">Curators<\/span>        <h2>A Made In France Selection By Sarah Rebecca<\/h2>        <span class=\"separator\"><\/span>       <span class=\"desc\">Listen to a selection of made in France tracks, carefully handpicked by Sarah Rebecca.<\/span><div class=\"share flex flexAlignCenter \">\t<span class=\"label\">Compartir<\/span>\t<a href=\"https:\/\/www.facebook.com\/sharer\/sharer.php?u=https:\/\/whatthefrance.org\/es\/playlists\/a-made-in-france-selection-by-sarah-rebecca\/\" class=\"facebook\" target=\"_blank\" rel=\"noreferrer\">Facebook<\/a>\t<a href=\"https:\/\/twitter.com\/intent\/tweet?url=https:\/\/whatthefrance.org\/es\/playlists\/a-made-in-france-selection-by-sarah-rebecca\/&text=A+Made+In+France+Selection+By+Sarah+Rebecca&hashtags=WTF\" class=\"twitter\" target=\"_blank\" rel=\"noreferrer\">Twitter<\/a>\t<a href=\"mailto:?subject=What%20the%20France%20%3A%20A%20Made%20In%20France%20Selection%20By%20Sarah%20Rebecca&body=https:\/\/whatthefrance.org\/es\/playlists\/a-made-in-france-selection-by-sarah-rebecca\/\" class=\"mail\" target=\"_blank\" rel=\"noreferrer\">Email<\/a><\/div>        <a href=\"#\" class=\"btn btnPlaylist orange playlist-click\" data-id=\"51982\">            <svg version=\"1.1\" x=\"0px\" y=\"0px\" width=\"40px\" height=\"40px\" viewBox=\"0 0 213.7 213.7\" enable-background=\"new 0 0 213.7 213.7\" xml:space=\"preserve\">                <polygon class=\"triangle\" fill=\"none\" stroke-width=\"10\" stroke-linecap=\"round\" stroke-linejoin=\"round\" stroke-miterlimit=\"10\" points=\"\n            73.5,62.5 148.5,105.8 73.5,149.1 \"\/>                <circle class=\"circle\" fill=\"none\"  stroke-width=\"8\" stroke-linecap=\"round\" stroke-linejoin=\"round\" stroke-miterlimit=\"10\" cx=\"106.8\" cy=\"106.8\" r=\"103.3\"\/>                <circle class=\"circle-white\" fill=\"none\"  stroke-width=\"8\" stroke-linecap=\"round\" stroke-linejoin=\"round\" stroke-miterlimit=\"10\" cx=\"106.8\" cy=\"106.8\" r=\"103.3\"\/>            <\/svg>Escuchar        <\/a>    <\/div>  <\/div><\/div><\/span><\/p>\n","protected":false},"excerpt":{"rendered":"<p>La artista Sarah Rebecca naci\u00f3 y se cri\u00f3 en Ocean Springs, Mississippi, EE. UU. Desde los cinco a\u00f1os se viste con vestidos largos. Tambi\u00e9n les advert\u00eda a sus padres que el canto y la m\u00fasica la acompa\u00f1ar\u00edan toda su vida. Mientras esperaba tener la edad suficiente para realizar sus sue\u00f1os, Sarah comenz\u00f3 a cantar en [&hellip;]<\/p>\n","protected":false},"author":35,"featured_media":0,"comment_status":"closed","ping_status":"closed","sticky":false,"template":"","format":"standard","meta":{"_acf_changed":false,"footnotes":""},"categories":[1967],"tags":[1936,1945],"class_list":["post-52011","post","type-post","status-publish","format-standard","hentry","category-curator-es","tag-electronic-es","tag-pop-es"],"acf":[],"yoast_head":"<!-- This site is optimized with the Yoast SEO plugin v27.3 - https:\/\/yoast.com\/product\/yoast-seo-wordpress\/ -->\n<title>Sarah Rebecca | \u00a1Nuevo single y una playlist exclusiva para What The France! - What the France<\/title>\n<meta name=\"robots\" content=\"index, follow, max-snippet:-1, max-image-preview:large, max-video-preview:-1\" \/>\n<link rel=\"canonical\" href=\"https:\/\/whatthefrance.org\/es\/sarah-rebecca-nuevo-single-y-una-playlist-exclusiva-para-what-the-france\/\" \/>\n<meta property=\"og:locale\" content=\"es_ES\" \/>\n<meta property=\"og:type\" content=\"article\" \/>\n<meta property=\"og:title\" content=\"Sarah Rebecca | \u00a1Nuevo single y una playlist exclusiva para What The France! - What the France\" \/>\n<meta property=\"og:description\" content=\"La artista Sarah Rebecca naci\u00f3 y se cri\u00f3 en Ocean Springs, Mississippi, EE. UU. Desde los cinco a\u00f1os se viste con vestidos largos. Tambi\u00e9n les advert\u00eda a sus padres que el canto y la m\u00fasica la acompa\u00f1ar\u00edan toda su vida. Mientras esperaba tener la edad suficiente para realizar sus sue\u00f1os, Sarah comenz\u00f3 a cantar en [&hellip;]\" \/>\n<meta property=\"og:url\" content=\"https:\/\/whatthefrance.org\/es\/sarah-rebecca-nuevo-single-y-una-playlist-exclusiva-para-what-the-france\/\" \/>\n<meta property=\"og:site_name\" content=\"What the France\" \/>\n<meta property=\"article:published_time\" content=\"2023-02-07T09:00:39+00:00\" \/>\n<meta property=\"article:modified_time\" content=\"2023-02-17T11:30:31+00:00\" \/>\n<meta property=\"og:image\" content=\"https:\/\/whatthefrance.org\/wp-content\/uploads\/2023\/02\/sarah-rebecca_cover_wordpress_what_the_france.png\" \/>\n\t<meta property=\"og:image:width\" content=\"1084\" \/>\n\t<meta property=\"og:image:height\" content=\"452\" \/>\n<meta name=\"author\" content=\"ultrapop-gustavo\" \/>\n<meta name=\"twitter:card\" content=\"summary_large_image\" \/>\n<meta name=\"twitter:label1\" content=\"Escrito por\" \/>\n\t<meta name=\"twitter:data1\" content=\"ultrapop-gustavo\" \/>\n\t<meta name=\"twitter:label2\" content=\"Tiempo de lectura\" \/>\n\t<meta name=\"twitter:data2\" content=\"4 minutos\" \/>\n<script type=\"application\/ld+json\" class=\"yoast-schema-graph\">{\"@context\":\"https:\\\/\\\/schema.org\",\"@graph\":[{\"@type\":\"Article\",\"@id\":\"https:\\\/\\\/whatthefrance.org\\\/es\\\/sarah-rebecca-nuevo-single-y-una-playlist-exclusiva-para-what-the-france\\\/#article\",\"isPartOf\":{\"@id\":\"https:\\\/\\\/whatthefrance.org\\\/es\\\/sarah-rebecca-nuevo-single-y-una-playlist-exclusiva-para-what-the-france\\\/\"},\"author\":{\"name\":\"ultrapop-gustavo\",\"@id\":\"https:\\\/\\\/whatthefrance.org\\\/es\\\/#\\\/schema\\\/person\\\/ec6689bd96bf81ba9dcf2264cb54c946\"},\"headline\":\"Sarah Rebecca | \u00a1Nuevo single y una playlist exclusiva para What The France!\",\"datePublished\":\"2023-02-07T09:00:39+00:00\",\"dateModified\":\"2023-02-17T11:30:31+00:00\",\"mainEntityOfPage\":{\"@id\":\"https:\\\/\\\/whatthefrance.org\\\/es\\\/sarah-rebecca-nuevo-single-y-una-playlist-exclusiva-para-what-the-france\\\/\"},\"wordCount\":784,\"publisher\":{\"@id\":\"https:\\\/\\\/whatthefrance.org\\\/es\\\/#organization\"},\"keywords\":[\"Electronic\",\"Pop\"],\"articleSection\":[\"Curator\"],\"inLanguage\":\"es\"},{\"@type\":\"WebPage\",\"@id\":\"https:\\\/\\\/whatthefrance.org\\\/es\\\/sarah-rebecca-nuevo-single-y-una-playlist-exclusiva-para-what-the-france\\\/\",\"url\":\"https:\\\/\\\/whatthefrance.org\\\/es\\\/sarah-rebecca-nuevo-single-y-una-playlist-exclusiva-para-what-the-france\\\/\",\"name\":\"Sarah Rebecca | \u00a1Nuevo single y una playlist exclusiva para What The France! - What the France\",\"isPartOf\":{\"@id\":\"https:\\\/\\\/whatthefrance.org\\\/es\\\/#website\"},\"datePublished\":\"2023-02-07T09:00:39+00:00\",\"dateModified\":\"2023-02-17T11:30:31+00:00\",\"breadcrumb\":{\"@id\":\"https:\\\/\\\/whatthefrance.org\\\/es\\\/sarah-rebecca-nuevo-single-y-una-playlist-exclusiva-para-what-the-france\\\/#breadcrumb\"},\"inLanguage\":\"es\",\"potentialAction\":[{\"@type\":\"ReadAction\",\"target\":[\"https:\\\/\\\/whatthefrance.org\\\/es\\\/sarah-rebecca-nuevo-single-y-una-playlist-exclusiva-para-what-the-france\\\/\"]}]},{\"@type\":\"BreadcrumbList\",\"@id\":\"https:\\\/\\\/whatthefrance.org\\\/es\\\/sarah-rebecca-nuevo-single-y-una-playlist-exclusiva-para-what-the-france\\\/#breadcrumb\",\"itemListElement\":[{\"@type\":\"ListItem\",\"position\":1,\"name\":\"Home\",\"item\":\"https:\\\/\\\/whatthefrance.org\\\/es\\\/\"},{\"@type\":\"ListItem\",\"position\":2,\"name\":\"Sarah Rebecca | \u00a1Nuevo single y una playlist exclusiva para What The France!\"}]},{\"@type\":\"WebSite\",\"@id\":\"https:\\\/\\\/whatthefrance.org\\\/es\\\/#website\",\"url\":\"https:\\\/\\\/whatthefrance.org\\\/es\\\/\",\"name\":\"What the France\",\"description\":\"The finest music made in France !\",\"publisher\":{\"@id\":\"https:\\\/\\\/whatthefrance.org\\\/es\\\/#organization\"},\"potentialAction\":[{\"@type\":\"SearchAction\",\"target\":{\"@type\":\"EntryPoint\",\"urlTemplate\":\"https:\\\/\\\/whatthefrance.org\\\/es\\\/?s={search_term_string}\"},\"query-input\":{\"@type\":\"PropertyValueSpecification\",\"valueRequired\":true,\"valueName\":\"search_term_string\"}}],\"inLanguage\":\"es\"},{\"@type\":\"Organization\",\"@id\":\"https:\\\/\\\/whatthefrance.org\\\/es\\\/#organization\",\"name\":\"What The France\",\"url\":\"https:\\\/\\\/whatthefrance.org\\\/es\\\/\",\"logo\":{\"@type\":\"ImageObject\",\"inLanguage\":\"es\",\"@id\":\"https:\\\/\\\/whatthefrance.org\\\/es\\\/#\\\/schema\\\/logo\\\/image\\\/\",\"url\":\"https:\\\/\\\/whatthefrance.org\\\/wp-content\\\/uploads\\\/2019\\\/12\\\/44688719_2251580388408837_694180218134331392_n-e1577679609190.png\",\"contentUrl\":\"https:\\\/\\\/whatthefrance.org\\\/wp-content\\\/uploads\\\/2019\\\/12\\\/44688719_2251580388408837_694180218134331392_n-e1577679609190.png\",\"width\":200,\"height\":200,\"caption\":\"What The France\"},\"image\":{\"@id\":\"https:\\\/\\\/whatthefrance.org\\\/es\\\/#\\\/schema\\\/logo\\\/image\\\/\"}},{\"@type\":\"Person\",\"@id\":\"https:\\\/\\\/whatthefrance.org\\\/es\\\/#\\\/schema\\\/person\\\/ec6689bd96bf81ba9dcf2264cb54c946\",\"name\":\"ultrapop-gustavo\",\"image\":{\"@type\":\"ImageObject\",\"inLanguage\":\"es\",\"@id\":\"https:\\\/\\\/secure.gravatar.com\\\/avatar\\\/9f35e3e5944405caa221d3f9ae6c981bac53ada24e0340936c6d6364326ab920?s=96&d=mm&r=g\",\"url\":\"https:\\\/\\\/secure.gravatar.com\\\/avatar\\\/9f35e3e5944405caa221d3f9ae6c981bac53ada24e0340936c6d6364326ab920?s=96&d=mm&r=g\",\"contentUrl\":\"https:\\\/\\\/secure.gravatar.com\\\/avatar\\\/9f35e3e5944405caa221d3f9ae6c981bac53ada24e0340936c6d6364326ab920?s=96&d=mm&r=g\",\"caption\":\"ultrapop-gustavo\"}}]}<\/script>\n<!-- \/ Yoast SEO plugin. -->","yoast_head_json":{"title":"Sarah Rebecca | \u00a1Nuevo single y una playlist exclusiva para What The France! - What the France","robots":{"index":"index","follow":"follow","max-snippet":"max-snippet:-1","max-image-preview":"max-image-preview:large","max-video-preview":"max-video-preview:-1"},"canonical":"https:\/\/whatthefrance.org\/es\/sarah-rebecca-nuevo-single-y-una-playlist-exclusiva-para-what-the-france\/","og_locale":"es_ES","og_type":"article","og_title":"Sarah Rebecca | \u00a1Nuevo single y una playlist exclusiva para What The France! - What the France","og_description":"La artista Sarah Rebecca naci\u00f3 y se cri\u00f3 en Ocean Springs, Mississippi, EE. UU. Desde los cinco a\u00f1os se viste con vestidos largos. Tambi\u00e9n les advert\u00eda a sus padres que el canto y la m\u00fasica la acompa\u00f1ar\u00edan toda su vida. Mientras esperaba tener la edad suficiente para realizar sus sue\u00f1os, Sarah comenz\u00f3 a cantar en [&hellip;]","og_url":"https:\/\/whatthefrance.org\/es\/sarah-rebecca-nuevo-single-y-una-playlist-exclusiva-para-what-the-france\/","og_site_name":"What the France","article_published_time":"2023-02-07T09:00:39+00:00","article_modified_time":"2023-02-17T11:30:31+00:00","og_image":[{"url":"https:\/\/whatthefrance.org\/wp-content\/uploads\/2023\/02\/sarah-rebecca_cover_wordpress_what_the_france.png","height":452,"width":1084,"type":""}],"author":"ultrapop-gustavo","twitter_card":"summary_large_image","twitter_misc":{"Escrito por":"ultrapop-gustavo","Tiempo de lectura":"4 minutos"},"schema":{"@context":"https:\/\/schema.org","@graph":[{"@type":"Article","@id":"https:\/\/whatthefrance.org\/es\/sarah-rebecca-nuevo-single-y-una-playlist-exclusiva-para-what-the-france\/#article","isPartOf":{"@id":"https:\/\/whatthefrance.org\/es\/sarah-rebecca-nuevo-single-y-una-playlist-exclusiva-para-what-the-france\/"},"author":{"name":"ultrapop-gustavo","@id":"https:\/\/whatthefrance.org\/es\/#\/schema\/person\/ec6689bd96bf81ba9dcf2264cb54c946"},"headline":"Sarah Rebecca | \u00a1Nuevo single y una playlist exclusiva para What The France!","datePublished":"2023-02-07T09:00:39+00:00","dateModified":"2023-02-17T11:30:31+00:00","mainEntityOfPage":{"@id":"https:\/\/whatthefrance.org\/es\/sarah-rebecca-nuevo-single-y-una-playlist-exclusiva-para-what-the-france\/"},"wordCount":784,"publisher":{"@id":"https:\/\/whatthefrance.org\/es\/#organization"},"keywords":["Electronic","Pop"],"articleSection":["Curator"],"inLanguage":"es"},{"@type":"WebPage","@id":"https:\/\/whatthefrance.org\/es\/sarah-rebecca-nuevo-single-y-una-playlist-exclusiva-para-what-the-france\/","url":"https:\/\/whatthefrance.org\/es\/sarah-rebecca-nuevo-single-y-una-playlist-exclusiva-para-what-the-france\/","name":"Sarah Rebecca | \u00a1Nuevo single y una playlist exclusiva para What The France! - What the France","isPartOf":{"@id":"https:\/\/whatthefrance.org\/es\/#website"},"datePublished":"2023-02-07T09:00:39+00:00","dateModified":"2023-02-17T11:30:31+00:00","breadcrumb":{"@id":"https:\/\/whatthefrance.org\/es\/sarah-rebecca-nuevo-single-y-una-playlist-exclusiva-para-what-the-france\/#breadcrumb"},"inLanguage":"es","potentialAction":[{"@type":"ReadAction","target":["https:\/\/whatthefrance.org\/es\/sarah-rebecca-nuevo-single-y-una-playlist-exclusiva-para-what-the-france\/"]}]},{"@type":"BreadcrumbList","@id":"https:\/\/whatthefrance.org\/es\/sarah-rebecca-nuevo-single-y-una-playlist-exclusiva-para-what-the-france\/#breadcrumb","itemListElement":[{"@type":"ListItem","position":1,"name":"Home","item":"https:\/\/whatthefrance.org\/es\/"},{"@type":"ListItem","position":2,"name":"Sarah Rebecca | \u00a1Nuevo single y una playlist exclusiva para What The France!"}]},{"@type":"WebSite","@id":"https:\/\/whatthefrance.org\/es\/#website","url":"https:\/\/whatthefrance.org\/es\/","name":"What the France","description":"The finest music made in France !","publisher":{"@id":"https:\/\/whatthefrance.org\/es\/#organization"},"potentialAction":[{"@type":"SearchAction","target":{"@type":"EntryPoint","urlTemplate":"https:\/\/whatthefrance.org\/es\/?s={search_term_string}"},"query-input":{"@type":"PropertyValueSpecification","valueRequired":true,"valueName":"search_term_string"}}],"inLanguage":"es"},{"@type":"Organization","@id":"https:\/\/whatthefrance.org\/es\/#organization","name":"What The France","url":"https:\/\/whatthefrance.org\/es\/","logo":{"@type":"ImageObject","inLanguage":"es","@id":"https:\/\/whatthefrance.org\/es\/#\/schema\/logo\/image\/","url":"https:\/\/whatthefrance.org\/wp-content\/uploads\/2019\/12\/44688719_2251580388408837_694180218134331392_n-e1577679609190.png","contentUrl":"https:\/\/whatthefrance.org\/wp-content\/uploads\/2019\/12\/44688719_2251580388408837_694180218134331392_n-e1577679609190.png","width":200,"height":200,"caption":"What The France"},"image":{"@id":"https:\/\/whatthefrance.org\/es\/#\/schema\/logo\/image\/"}},{"@type":"Person","@id":"https:\/\/whatthefrance.org\/es\/#\/schema\/person\/ec6689bd96bf81ba9dcf2264cb54c946","name":"ultrapop-gustavo","image":{"@type":"ImageObject","inLanguage":"es","@id":"https:\/\/secure.gravatar.com\/avatar\/9f35e3e5944405caa221d3f9ae6c981bac53ada24e0340936c6d6364326ab920?s=96&d=mm&r=g","url":"https:\/\/secure.gravatar.com\/avatar\/9f35e3e5944405caa221d3f9ae6c981bac53ada24e0340936c6d6364326ab920?s=96&d=mm&r=g","contentUrl":"https:\/\/secure.gravatar.com\/avatar\/9f35e3e5944405caa221d3f9ae6c981bac53ada24e0340936c6d6364326ab920?s=96&d=mm&r=g","caption":"ultrapop-gustavo"}}]}},"_links":{"self":[{"href":"https:\/\/whatthefrance.org\/es\/wp-json\/wp\/v2\/posts\/52011","targetHints":{"allow":["GET"]}}],"collection":[{"href":"https:\/\/whatthefrance.org\/es\/wp-json\/wp\/v2\/posts"}],"about":[{"href":"https:\/\/whatthefrance.org\/es\/wp-json\/wp\/v2\/types\/post"}],"author":[{"embeddable":true,"href":"https:\/\/whatthefrance.org\/es\/wp-json\/wp\/v2\/users\/35"}],"replies":[{"embeddable":true,"href":"https:\/\/whatthefrance.org\/es\/wp-json\/wp\/v2\/comments?post=52011"}],"version-history":[{"count":3,"href":"https:\/\/whatthefrance.org\/es\/wp-json\/wp\/v2\/posts\/52011\/revisions"}],"predecessor-version":[{"id":52019,"href":"https:\/\/whatthefrance.org\/es\/wp-json\/wp\/v2\/posts\/52011\/revisions\/52019"}],"wp:attachment":[{"href":"https:\/\/whatthefrance.org\/es\/wp-json\/wp\/v2\/media?parent=52011"}],"wp:term":[{"taxonomy":"category","embeddable":true,"href":"https:\/\/whatthefrance.org\/es\/wp-json\/wp\/v2\/categories?post=52011"},{"taxonomy":"post_tag","embeddable":true,"href":"https:\/\/whatthefrance.org\/es\/wp-json\/wp\/v2\/tags?post=52011"}],"curies":[{"name":"wp","href":"https:\/\/api.w.org\/{rel}","templated":true}]}}