{"id":52898,"date":"2023-03-08T10:00:27","date_gmt":"2023-03-08T09:00:27","guid":{"rendered":"https:\/\/whatthefrance.org\/?p=52898"},"modified":"2023-03-07T16:28:50","modified_gmt":"2023-03-07T15:28:50","slug":"polo-pan-anuncian-sus-primeros-conciertos-de-2023-en-latinoamerica","status":"publish","type":"post","link":"https:\/\/whatthefrance.org\/es\/polo-pan-anuncian-sus-primeros-conciertos-de-2023-en-latinoamerica\/","title":{"rendered":"Polo &#038; Pan | Anuncian sus primeros conciertos de 2023 en latinoam\u00e9rica"},"content":{"rendered":"<p><span style=\"font-weight: 400;\">Entre los artistas que se postulan como \u201clos reemplazantes\u201d de Daft Punk, sin dudas una de las menciones honor\u00edficas se la lleva <\/span><a href=\"https:\/\/www.instagram.com\/poloandpan\/\"><b>Polo &amp; Pan<\/b><\/a><span style=\"font-weight: 400;\">. Este d\u00fao franc\u00e9s, formado por los DJs <\/span><b>Paul Armand Delille<\/b><span style=\"font-weight: 400;\"> y <\/span><b>Alex Pan<\/b><span style=\"font-weight: 400;\"> estrenaron su primer \u00e1lbum en 2017, al que titularon <\/span><b><i>Caravelle<\/i><\/b><span style=\"font-weight: 400;\">. Cuatro a\u00f1os despu\u00e9s, en 2021 lanzaron su segundo y m\u00e1s reciente LP: <\/span><b><i>Cyclorama<\/i><\/b><span style=\"font-weight: 400;\">.<\/span><\/p>\n<p><iframe loading=\"lazy\" title=\"POLO &amp; PAN \u2014 Requiem (official video)\" width=\"500\" height=\"281\" src=\"https:\/\/www.youtube.com\/embed\/jaQ110THL8M?feature=oembed\" frameborder=\"0\" allow=\"accelerometer; autoplay; clipboard-write; encrypted-media; gyroscope; picture-in-picture; web-share\" referrerpolicy=\"strict-origin-when-cross-origin\" allowfullscreen><\/iframe><\/p>\n<p><span style=\"font-weight: 400;\">A lo largo del a\u00f1o pasado se han dedicado principalmente a tocar en vivo. Dieron m\u00e1s de 30 conciertos alrededor del mundo en una gira que los llev\u00f3 por Estados Unidos y por las principales ciudades de Portugal, Francia, Pa\u00edses Bajos, Espa\u00f1a, Alemania, Suiza y Grecia, entre otros pa\u00edses del continente europeo. Solo han lanzado una \u00fanica canci\u00f3n: \u201c<\/span><b>From a World to Another<\/b><span style=\"font-weight: 400;\">\u201d, grabada junto a <\/span><a href=\"https:\/\/www.instagram.com\/jacquesauberger\/\"><b>Jacques<\/b><\/a><span style=\"font-weight: 400;\">.<\/span><\/p>\n<p><iframe loading=\"lazy\" title=\"POLO &amp; PAN feat. Jacques - From A World To Another\" width=\"500\" height=\"281\" src=\"https:\/\/www.youtube.com\/embed\/XVJUKwdy1Ow?feature=oembed\" frameborder=\"0\" allow=\"accelerometer; autoplay; clipboard-write; encrypted-media; gyroscope; picture-in-picture; web-share\" referrerpolicy=\"strict-origin-when-cross-origin\" allowfullscreen><\/iframe><\/p>\n<p><span style=\"font-weight: 400;\">Aunque el 2023 parece llevarlos por otras partes del mundo. El primer concierto que confirmaron para este a\u00f1o tendr\u00e1 lugar en Francia en la \u00faltima semana de febrero. Luego visitar\u00e1n M\u00e9xico, Rep\u00fablica Dominicana, Colombia, Brasil, Chile y Argentina, donde se presentar\u00e1n el 17 de marzo en el marco del Lollapalooza.<\/span><\/p>\n<p><span style=\"font-weight: 400;\"><div class=\"playListBloc singleBloc\"><div class=\"playListBloc-wrap\">    <div class=\"thumbnail\"><img data-src=\"https:\/\/whatthefrance.org\/wp-content\/uploads\/2018\/11\/WTF-Pochettes_french_touch_5-254x254.jpg\" class=\"lazyload\" alt=\"WTF&#8212;Pochettes_french_touch_5\" \/>    <\/div>    <div class=\"infos\">        <span class=\"tag\">Genres<\/span>        <h2>French Touch 2.0<\/h2>        <span class=\"separator\"><\/span>       <span class=\"desc\">Get your hands on the latest electronic music hits made in France.<\/span><div class=\"share flex flexAlignCenter \">\t<span class=\"label\">Compartir<\/span>\t<a href=\"https:\/\/www.facebook.com\/sharer\/sharer.php?u=https:\/\/whatthefrance.org\/es\/playlists\/french-touch-2-0\/\" class=\"facebook\" target=\"_blank\" rel=\"noreferrer\">Facebook<\/a>\t<a href=\"https:\/\/twitter.com\/intent\/tweet?url=https:\/\/whatthefrance.org\/es\/playlists\/french-touch-2-0\/&text=French+Touch+2.0&hashtags=WTF\" class=\"twitter\" target=\"_blank\" rel=\"noreferrer\">Twitter<\/a>\t<a href=\"mailto:?subject=What%20the%20France%20%3A%20French%20Touch%202.0&body=https:\/\/whatthefrance.org\/es\/playlists\/french-touch-2-0\/\" class=\"mail\" target=\"_blank\" rel=\"noreferrer\">Email<\/a><\/div>        <a href=\"#\" class=\"btn btnPlaylist orange playlist-click\" data-id=\"9900\">            <svg version=\"1.1\" x=\"0px\" y=\"0px\" width=\"40px\" height=\"40px\" viewBox=\"0 0 213.7 213.7\" enable-background=\"new 0 0 213.7 213.7\" xml:space=\"preserve\">                <polygon class=\"triangle\" fill=\"none\" stroke-width=\"10\" stroke-linecap=\"round\" stroke-linejoin=\"round\" stroke-miterlimit=\"10\" points=\"\n            73.5,62.5 148.5,105.8 73.5,149.1 \"\/>                <circle class=\"circle\" fill=\"none\"  stroke-width=\"8\" stroke-linecap=\"round\" stroke-linejoin=\"round\" stroke-miterlimit=\"10\" cx=\"106.8\" cy=\"106.8\" r=\"103.3\"\/>                <circle class=\"circle-white\" fill=\"none\"  stroke-width=\"8\" stroke-linecap=\"round\" stroke-linejoin=\"round\" stroke-miterlimit=\"10\" cx=\"106.8\" cy=\"106.8\" r=\"103.3\"\/>            <\/svg>Escuchar        <\/a>    <\/div>  <\/div><\/div><\/span><\/p>\n","protected":false},"excerpt":{"rendered":"<p>Entre los artistas que se postulan como \u201clos reemplazantes\u201d de Daft Punk, sin dudas una de las menciones honor\u00edficas se la lleva Polo &amp; Pan. Este d\u00fao franc\u00e9s, formado por los DJs Paul Armand Delille y Alex Pan estrenaron su primer \u00e1lbum en 2017, al que titularon Caravelle. Cuatro a\u00f1os despu\u00e9s, en 2021 lanzaron su [&hellip;]<\/p>\n","protected":false},"author":35,"featured_media":0,"comment_status":"closed","ping_status":"closed","sticky":false,"template":"","format":"standard","meta":{"_acf_changed":false,"footnotes":""},"categories":[1965],"tags":[1933,1936],"class_list":["post-52898","post","type-post","status-publish","format-standard","hentry","category-events-es","tag-dj-es","tag-electronic-es"],"acf":[],"yoast_head":"<!-- This site is optimized with the Yoast SEO plugin v27.3 - https:\/\/yoast.com\/product\/yoast-seo-wordpress\/ -->\n<title>Polo &amp; Pan | Anuncian sus primeros conciertos de 2023 en latinoam\u00e9rica - What the France<\/title>\n<meta name=\"robots\" content=\"index, follow, max-snippet:-1, max-image-preview:large, max-video-preview:-1\" \/>\n<link rel=\"canonical\" href=\"https:\/\/whatthefrance.org\/es\/polo-pan-anuncian-sus-primeros-conciertos-de-2023-en-latinoamerica\/\" \/>\n<meta property=\"og:locale\" content=\"es_ES\" \/>\n<meta property=\"og:type\" content=\"article\" \/>\n<meta property=\"og:title\" content=\"Polo &amp; Pan | Anuncian sus primeros conciertos de 2023 en latinoam\u00e9rica - What the France\" \/>\n<meta property=\"og:description\" content=\"Entre los artistas que se postulan como \u201clos reemplazantes\u201d de Daft Punk, sin dudas una de las menciones honor\u00edficas se la lleva Polo &amp; Pan. Este d\u00fao franc\u00e9s, formado por los DJs Paul Armand Delille y Alex Pan estrenaron su primer \u00e1lbum en 2017, al que titularon Caravelle. Cuatro a\u00f1os despu\u00e9s, en 2021 lanzaron su [&hellip;]\" \/>\n<meta property=\"og:url\" content=\"https:\/\/whatthefrance.org\/es\/polo-pan-anuncian-sus-primeros-conciertos-de-2023-en-latinoamerica\/\" \/>\n<meta property=\"og:site_name\" content=\"What the France\" \/>\n<meta property=\"article:published_time\" content=\"2023-03-08T09:00:27+00:00\" \/>\n<meta property=\"og:image\" content=\"https:\/\/whatthefrance.org\/wp-content\/uploads\/2020\/05\/polo__pan_what_the_france.png\" \/>\n\t<meta property=\"og:image:width\" content=\"1084\" \/>\n\t<meta property=\"og:image:height\" content=\"525\" \/>\n<meta name=\"author\" content=\"ultrapop-gustavo\" \/>\n<meta name=\"twitter:card\" content=\"summary_large_image\" \/>\n<meta name=\"twitter:label1\" content=\"Escrito por\" \/>\n\t<meta name=\"twitter:data1\" content=\"ultrapop-gustavo\" \/>\n\t<meta name=\"twitter:label2\" content=\"Tiempo de lectura\" \/>\n\t<meta name=\"twitter:data2\" content=\"1 minuto\" \/>\n<script type=\"application\/ld+json\" class=\"yoast-schema-graph\">{\"@context\":\"https:\\\/\\\/schema.org\",\"@graph\":[{\"@type\":\"Article\",\"@id\":\"https:\\\/\\\/whatthefrance.org\\\/es\\\/polo-pan-anuncian-sus-primeros-conciertos-de-2023-en-latinoamerica\\\/#article\",\"isPartOf\":{\"@id\":\"https:\\\/\\\/whatthefrance.org\\\/es\\\/polo-pan-anuncian-sus-primeros-conciertos-de-2023-en-latinoamerica\\\/\"},\"author\":{\"name\":\"ultrapop-gustavo\",\"@id\":\"https:\\\/\\\/whatthefrance.org\\\/es\\\/#\\\/schema\\\/person\\\/ec6689bd96bf81ba9dcf2264cb54c946\"},\"headline\":\"Polo &#038; Pan | Anuncian sus primeros conciertos de 2023 en latinoam\u00e9rica\",\"datePublished\":\"2023-03-08T09:00:27+00:00\",\"mainEntityOfPage\":{\"@id\":\"https:\\\/\\\/whatthefrance.org\\\/es\\\/polo-pan-anuncian-sus-primeros-conciertos-de-2023-en-latinoamerica\\\/\"},\"wordCount\":219,\"publisher\":{\"@id\":\"https:\\\/\\\/whatthefrance.org\\\/es\\\/#organization\"},\"keywords\":[\"DJ\",\"Electronic\"],\"articleSection\":[\"Event\"],\"inLanguage\":\"es\"},{\"@type\":\"WebPage\",\"@id\":\"https:\\\/\\\/whatthefrance.org\\\/es\\\/polo-pan-anuncian-sus-primeros-conciertos-de-2023-en-latinoamerica\\\/\",\"url\":\"https:\\\/\\\/whatthefrance.org\\\/es\\\/polo-pan-anuncian-sus-primeros-conciertos-de-2023-en-latinoamerica\\\/\",\"name\":\"Polo & Pan | Anuncian sus primeros conciertos de 2023 en latinoam\u00e9rica - What the France\",\"isPartOf\":{\"@id\":\"https:\\\/\\\/whatthefrance.org\\\/es\\\/#website\"},\"datePublished\":\"2023-03-08T09:00:27+00:00\",\"breadcrumb\":{\"@id\":\"https:\\\/\\\/whatthefrance.org\\\/es\\\/polo-pan-anuncian-sus-primeros-conciertos-de-2023-en-latinoamerica\\\/#breadcrumb\"},\"inLanguage\":\"es\",\"potentialAction\":[{\"@type\":\"ReadAction\",\"target\":[\"https:\\\/\\\/whatthefrance.org\\\/es\\\/polo-pan-anuncian-sus-primeros-conciertos-de-2023-en-latinoamerica\\\/\"]}]},{\"@type\":\"BreadcrumbList\",\"@id\":\"https:\\\/\\\/whatthefrance.org\\\/es\\\/polo-pan-anuncian-sus-primeros-conciertos-de-2023-en-latinoamerica\\\/#breadcrumb\",\"itemListElement\":[{\"@type\":\"ListItem\",\"position\":1,\"name\":\"Home\",\"item\":\"https:\\\/\\\/whatthefrance.org\\\/es\\\/\"},{\"@type\":\"ListItem\",\"position\":2,\"name\":\"Polo &#038; Pan | Anuncian sus primeros conciertos de 2023 en latinoam\u00e9rica\"}]},{\"@type\":\"WebSite\",\"@id\":\"https:\\\/\\\/whatthefrance.org\\\/es\\\/#website\",\"url\":\"https:\\\/\\\/whatthefrance.org\\\/es\\\/\",\"name\":\"What the France\",\"description\":\"The finest music made in France !\",\"publisher\":{\"@id\":\"https:\\\/\\\/whatthefrance.org\\\/es\\\/#organization\"},\"potentialAction\":[{\"@type\":\"SearchAction\",\"target\":{\"@type\":\"EntryPoint\",\"urlTemplate\":\"https:\\\/\\\/whatthefrance.org\\\/es\\\/?s={search_term_string}\"},\"query-input\":{\"@type\":\"PropertyValueSpecification\",\"valueRequired\":true,\"valueName\":\"search_term_string\"}}],\"inLanguage\":\"es\"},{\"@type\":\"Organization\",\"@id\":\"https:\\\/\\\/whatthefrance.org\\\/es\\\/#organization\",\"name\":\"What The France\",\"url\":\"https:\\\/\\\/whatthefrance.org\\\/es\\\/\",\"logo\":{\"@type\":\"ImageObject\",\"inLanguage\":\"es\",\"@id\":\"https:\\\/\\\/whatthefrance.org\\\/es\\\/#\\\/schema\\\/logo\\\/image\\\/\",\"url\":\"https:\\\/\\\/whatthefrance.org\\\/wp-content\\\/uploads\\\/2019\\\/12\\\/44688719_2251580388408837_694180218134331392_n-e1577679609190.png\",\"contentUrl\":\"https:\\\/\\\/whatthefrance.org\\\/wp-content\\\/uploads\\\/2019\\\/12\\\/44688719_2251580388408837_694180218134331392_n-e1577679609190.png\",\"width\":200,\"height\":200,\"caption\":\"What The France\"},\"image\":{\"@id\":\"https:\\\/\\\/whatthefrance.org\\\/es\\\/#\\\/schema\\\/logo\\\/image\\\/\"}},{\"@type\":\"Person\",\"@id\":\"https:\\\/\\\/whatthefrance.org\\\/es\\\/#\\\/schema\\\/person\\\/ec6689bd96bf81ba9dcf2264cb54c946\",\"name\":\"ultrapop-gustavo\",\"image\":{\"@type\":\"ImageObject\",\"inLanguage\":\"es\",\"@id\":\"https:\\\/\\\/secure.gravatar.com\\\/avatar\\\/9f35e3e5944405caa221d3f9ae6c981bac53ada24e0340936c6d6364326ab920?s=96&d=mm&r=g\",\"url\":\"https:\\\/\\\/secure.gravatar.com\\\/avatar\\\/9f35e3e5944405caa221d3f9ae6c981bac53ada24e0340936c6d6364326ab920?s=96&d=mm&r=g\",\"contentUrl\":\"https:\\\/\\\/secure.gravatar.com\\\/avatar\\\/9f35e3e5944405caa221d3f9ae6c981bac53ada24e0340936c6d6364326ab920?s=96&d=mm&r=g\",\"caption\":\"ultrapop-gustavo\"}}]}<\/script>\n<!-- \/ Yoast SEO plugin. -->","yoast_head_json":{"title":"Polo & Pan | Anuncian sus primeros conciertos de 2023 en latinoam\u00e9rica - What the France","robots":{"index":"index","follow":"follow","max-snippet":"max-snippet:-1","max-image-preview":"max-image-preview:large","max-video-preview":"max-video-preview:-1"},"canonical":"https:\/\/whatthefrance.org\/es\/polo-pan-anuncian-sus-primeros-conciertos-de-2023-en-latinoamerica\/","og_locale":"es_ES","og_type":"article","og_title":"Polo & Pan | Anuncian sus primeros conciertos de 2023 en latinoam\u00e9rica - What the France","og_description":"Entre los artistas que se postulan como \u201clos reemplazantes\u201d de Daft Punk, sin dudas una de las menciones honor\u00edficas se la lleva Polo &amp; Pan. Este d\u00fao franc\u00e9s, formado por los DJs Paul Armand Delille y Alex Pan estrenaron su primer \u00e1lbum en 2017, al que titularon Caravelle. Cuatro a\u00f1os despu\u00e9s, en 2021 lanzaron su [&hellip;]","og_url":"https:\/\/whatthefrance.org\/es\/polo-pan-anuncian-sus-primeros-conciertos-de-2023-en-latinoamerica\/","og_site_name":"What the France","article_published_time":"2023-03-08T09:00:27+00:00","og_image":[{"url":"https:\/\/whatthefrance.org\/wp-content\/uploads\/2020\/05\/polo__pan_what_the_france.png","height":525,"width":1084,"type":""}],"author":"ultrapop-gustavo","twitter_card":"summary_large_image","twitter_misc":{"Escrito por":"ultrapop-gustavo","Tiempo de lectura":"1 minuto"},"schema":{"@context":"https:\/\/schema.org","@graph":[{"@type":"Article","@id":"https:\/\/whatthefrance.org\/es\/polo-pan-anuncian-sus-primeros-conciertos-de-2023-en-latinoamerica\/#article","isPartOf":{"@id":"https:\/\/whatthefrance.org\/es\/polo-pan-anuncian-sus-primeros-conciertos-de-2023-en-latinoamerica\/"},"author":{"name":"ultrapop-gustavo","@id":"https:\/\/whatthefrance.org\/es\/#\/schema\/person\/ec6689bd96bf81ba9dcf2264cb54c946"},"headline":"Polo &#038; Pan | Anuncian sus primeros conciertos de 2023 en latinoam\u00e9rica","datePublished":"2023-03-08T09:00:27+00:00","mainEntityOfPage":{"@id":"https:\/\/whatthefrance.org\/es\/polo-pan-anuncian-sus-primeros-conciertos-de-2023-en-latinoamerica\/"},"wordCount":219,"publisher":{"@id":"https:\/\/whatthefrance.org\/es\/#organization"},"keywords":["DJ","Electronic"],"articleSection":["Event"],"inLanguage":"es"},{"@type":"WebPage","@id":"https:\/\/whatthefrance.org\/es\/polo-pan-anuncian-sus-primeros-conciertos-de-2023-en-latinoamerica\/","url":"https:\/\/whatthefrance.org\/es\/polo-pan-anuncian-sus-primeros-conciertos-de-2023-en-latinoamerica\/","name":"Polo & Pan | Anuncian sus primeros conciertos de 2023 en latinoam\u00e9rica - What the France","isPartOf":{"@id":"https:\/\/whatthefrance.org\/es\/#website"},"datePublished":"2023-03-08T09:00:27+00:00","breadcrumb":{"@id":"https:\/\/whatthefrance.org\/es\/polo-pan-anuncian-sus-primeros-conciertos-de-2023-en-latinoamerica\/#breadcrumb"},"inLanguage":"es","potentialAction":[{"@type":"ReadAction","target":["https:\/\/whatthefrance.org\/es\/polo-pan-anuncian-sus-primeros-conciertos-de-2023-en-latinoamerica\/"]}]},{"@type":"BreadcrumbList","@id":"https:\/\/whatthefrance.org\/es\/polo-pan-anuncian-sus-primeros-conciertos-de-2023-en-latinoamerica\/#breadcrumb","itemListElement":[{"@type":"ListItem","position":1,"name":"Home","item":"https:\/\/whatthefrance.org\/es\/"},{"@type":"ListItem","position":2,"name":"Polo &#038; Pan | Anuncian sus primeros conciertos de 2023 en latinoam\u00e9rica"}]},{"@type":"WebSite","@id":"https:\/\/whatthefrance.org\/es\/#website","url":"https:\/\/whatthefrance.org\/es\/","name":"What the France","description":"The finest music made in France !","publisher":{"@id":"https:\/\/whatthefrance.org\/es\/#organization"},"potentialAction":[{"@type":"SearchAction","target":{"@type":"EntryPoint","urlTemplate":"https:\/\/whatthefrance.org\/es\/?s={search_term_string}"},"query-input":{"@type":"PropertyValueSpecification","valueRequired":true,"valueName":"search_term_string"}}],"inLanguage":"es"},{"@type":"Organization","@id":"https:\/\/whatthefrance.org\/es\/#organization","name":"What The France","url":"https:\/\/whatthefrance.org\/es\/","logo":{"@type":"ImageObject","inLanguage":"es","@id":"https:\/\/whatthefrance.org\/es\/#\/schema\/logo\/image\/","url":"https:\/\/whatthefrance.org\/wp-content\/uploads\/2019\/12\/44688719_2251580388408837_694180218134331392_n-e1577679609190.png","contentUrl":"https:\/\/whatthefrance.org\/wp-content\/uploads\/2019\/12\/44688719_2251580388408837_694180218134331392_n-e1577679609190.png","width":200,"height":200,"caption":"What The France"},"image":{"@id":"https:\/\/whatthefrance.org\/es\/#\/schema\/logo\/image\/"}},{"@type":"Person","@id":"https:\/\/whatthefrance.org\/es\/#\/schema\/person\/ec6689bd96bf81ba9dcf2264cb54c946","name":"ultrapop-gustavo","image":{"@type":"ImageObject","inLanguage":"es","@id":"https:\/\/secure.gravatar.com\/avatar\/9f35e3e5944405caa221d3f9ae6c981bac53ada24e0340936c6d6364326ab920?s=96&d=mm&r=g","url":"https:\/\/secure.gravatar.com\/avatar\/9f35e3e5944405caa221d3f9ae6c981bac53ada24e0340936c6d6364326ab920?s=96&d=mm&r=g","contentUrl":"https:\/\/secure.gravatar.com\/avatar\/9f35e3e5944405caa221d3f9ae6c981bac53ada24e0340936c6d6364326ab920?s=96&d=mm&r=g","caption":"ultrapop-gustavo"}}]}},"_links":{"self":[{"href":"https:\/\/whatthefrance.org\/es\/wp-json\/wp\/v2\/posts\/52898","targetHints":{"allow":["GET"]}}],"collection":[{"href":"https:\/\/whatthefrance.org\/es\/wp-json\/wp\/v2\/posts"}],"about":[{"href":"https:\/\/whatthefrance.org\/es\/wp-json\/wp\/v2\/types\/post"}],"author":[{"embeddable":true,"href":"https:\/\/whatthefrance.org\/es\/wp-json\/wp\/v2\/users\/35"}],"replies":[{"embeddable":true,"href":"https:\/\/whatthefrance.org\/es\/wp-json\/wp\/v2\/comments?post=52898"}],"version-history":[{"count":2,"href":"https:\/\/whatthefrance.org\/es\/wp-json\/wp\/v2\/posts\/52898\/revisions"}],"predecessor-version":[{"id":52905,"href":"https:\/\/whatthefrance.org\/es\/wp-json\/wp\/v2\/posts\/52898\/revisions\/52905"}],"wp:attachment":[{"href":"https:\/\/whatthefrance.org\/es\/wp-json\/wp\/v2\/media?parent=52898"}],"wp:term":[{"taxonomy":"category","embeddable":true,"href":"https:\/\/whatthefrance.org\/es\/wp-json\/wp\/v2\/categories?post=52898"},{"taxonomy":"post_tag","embeddable":true,"href":"https:\/\/whatthefrance.org\/es\/wp-json\/wp\/v2\/tags?post=52898"}],"curies":[{"name":"wp","href":"https:\/\/api.w.org\/{rel}","templated":true}]}}