{"id":52906,"date":"2023-03-09T10:00:01","date_gmt":"2023-03-09T09:00:01","guid":{"rendered":"https:\/\/whatthefrance.org\/?p=52906"},"modified":"2023-03-13T15:10:35","modified_gmt":"2023-03-13T14:10:35","slug":"limperatrice-de-gira-por-latinoamerica","status":"publish","type":"post","link":"https:\/\/whatthefrance.org\/es\/limperatrice-de-gira-por-latinoamerica\/","title":{"rendered":"L\u2019Imperatrice | \u00a1De gira por latinoam\u00e9rica!"},"content":{"rendered":"<p><span style=\"font-weight: 400;\">El sexteto franc\u00e9s de m\u00fasica pop <\/span><a href=\"https:\/\/www.instagram.com\/l.imperatrice\/\"><b>L\u2019Imperatrice<\/b><\/a><span style=\"font-weight: 400;\"> ha estrenado a mediados del 2021 su segundo \u00e1lbum, <\/span><i><span style=\"font-weight: 400;\">Tako Tsubo<\/span><\/i><span style=\"font-weight: 400;\"> (que se traduce del japon\u00e9s como \u201ctrampa de pulpo\u201d). Este lanzamiento lleg\u00f3 tres a\u00f1os despu\u00e9s de la presentaci\u00f3n de su primer trabajo de estudio, <\/span><i><span style=\"font-weight: 400;\">Matahari<\/span><\/i><span style=\"font-weight: 400;\">, al que acompa\u00f1aron con una primera gira rel\u00e1mpago por su Francia natal, Italia, M\u00e9xico y California (Estados Unidos).<\/span><\/p>\n<p><span style=\"font-weight: 400;\">Durante gran parte del 2022, el grupo ha permanecido alejado de los estudios de grabaci\u00f3n. No fue hasta octubre del a\u00f1o pasado que lanzaron un nuevo track, \u201c<\/span><b>Everything Eventually Ends<\/b><span style=\"font-weight: 400;\">\u201d, grabado en colaboraci\u00f3n con el rapero irland\u00e9s <\/span><b>Rejjie Snow<\/b><span style=\"font-weight: 400;\">.<\/span><\/p>\n<p><span style=\"font-weight: 400;\">En un primer lugar se puede llegar a pensar que la mezcla de estos dos artistas da como resultado algo extra\u00f1o, aunque sorpresivamente se pueden encontrar similitudes entre ambos, o al menos es lo que nos hacen escuchar en este trabajo. La instrumentalizaci\u00f3n del simple cuenta con bombos que, al empalmarlos con el bajo, marcan un ritmo perfecto que sumando rasgueos de guitarra y la parte coral de L\u2019Imperatrice encaja naturalmente con el rapeo de Snow. Juntos nos dan como resultado una canci\u00f3n bailable.<\/span><\/p>\n<p><iframe loading=\"lazy\" title=\"L\u2019Imp\u00e9ratrice x Rejjie Snow \u2014 Everything Eventually Ends (Lyric Video)\" width=\"500\" height=\"281\" src=\"https:\/\/www.youtube.com\/embed\/NZSojrVE5XY?feature=oembed\" frameborder=\"0\" allow=\"accelerometer; autoplay; clipboard-write; encrypted-media; gyroscope; picture-in-picture; web-share\" referrerpolicy=\"strict-origin-when-cross-origin\" allowfullscreen><\/iframe><\/p>\n<h3>A Made in France Selection, por L\u2019Imp\u00e9ratrice<\/h3>\n<p><span style=\"font-weight: 400;\">\u00bfTiene curiosidad por saber qu\u00e9 artistas \u201cMade in France\u201d influenciaron a L\u2019Imp\u00e9ratrice? \u00a1Mira su selecci\u00f3n!<\/span><\/p>\n<p><iframe loading=\"lazy\" title=\"L&#039;Imp\u00e9ratrice&#039;s Made In France selection - What the France\" width=\"500\" height=\"281\" src=\"https:\/\/www.youtube.com\/embed\/YbV9uEk5qT8?feature=oembed\" frameborder=\"0\" allow=\"accelerometer; autoplay; clipboard-write; encrypted-media; gyroscope; picture-in-picture; web-share\" referrerpolicy=\"strict-origin-when-cross-origin\" allowfullscreen><\/iframe><\/p>\n<p><span style=\"font-weight: 400;\"><div class=\"playListBloc singleBloc\"><div class=\"playListBloc-wrap\">    <div class=\"thumbnail\"><img data-src=\"https:\/\/whatthefrance.org\/wp-content\/uploads\/2019\/04\/WTF-Cover-Collab_Limperatrice-254x254.jpg\" class=\"lazyload\" alt=\"WTF&#8212;Cover-Collab_L&#8217;imp\u00e9ratrice\" \/>    <\/div>    <div class=\"infos\">        <span class=\"tag\">Curators<\/span>        <h2>A Made In France Selection by L&#8217;Imp\u00e9ratrice<\/h2>        <span class=\"separator\"><\/span>       <span class=\"desc\">Listen to a selection of \"made in France\" tracks, handpicked by L'Imp\u00e9ratrice ! <\/span><div class=\"share flex flexAlignCenter \">\t<span class=\"label\">Compartir<\/span>\t<a href=\"https:\/\/www.facebook.com\/sharer\/sharer.php?u=https:\/\/whatthefrance.org\/es\/playlists\/a-made-in-france-selection-by-limperatrice\/\" class=\"facebook\" target=\"_blank\" rel=\"noreferrer\">Facebook<\/a>\t<a href=\"https:\/\/twitter.com\/intent\/tweet?url=https:\/\/whatthefrance.org\/es\/playlists\/a-made-in-france-selection-by-limperatrice\/&text=A+Made+In+France+Selection+by+L%27Imp%C3%A9ratrice&hashtags=WTF\" class=\"twitter\" target=\"_blank\" rel=\"noreferrer\">Twitter<\/a>\t<a href=\"mailto:?subject=What%20the%20France%20%3A%20A%20Made%20In%20France%20Selection%20by%20L%27Imp%C3%A9ratrice&body=https:\/\/whatthefrance.org\/es\/playlists\/a-made-in-france-selection-by-limperatrice\/\" class=\"mail\" target=\"_blank\" rel=\"noreferrer\">Email<\/a><\/div>        <a href=\"#\" class=\"btn btnPlaylist orange playlist-click\" data-id=\"10031\">            <svg version=\"1.1\" x=\"0px\" y=\"0px\" width=\"40px\" height=\"40px\" viewBox=\"0 0 213.7 213.7\" enable-background=\"new 0 0 213.7 213.7\" xml:space=\"preserve\">                <polygon class=\"triangle\" fill=\"none\" stroke-width=\"10\" stroke-linecap=\"round\" stroke-linejoin=\"round\" stroke-miterlimit=\"10\" points=\"\n            73.5,62.5 148.5,105.8 73.5,149.1 \"\/>                <circle class=\"circle\" fill=\"none\"  stroke-width=\"8\" stroke-linecap=\"round\" stroke-linejoin=\"round\" stroke-miterlimit=\"10\" cx=\"106.8\" cy=\"106.8\" r=\"103.3\"\/>                <circle class=\"circle-white\" fill=\"none\"  stroke-width=\"8\" stroke-linecap=\"round\" stroke-linejoin=\"round\" stroke-miterlimit=\"10\" cx=\"106.8\" cy=\"106.8\" r=\"103.3\"\/>            <\/svg>Escuchar        <\/a>    <\/div>  <\/div><\/div><\/span><\/p>\n<h3>Su nueva gira internacional<\/h3>\n<p><span style=\"font-weight: 400;\">L\u2019Imperatrice ha anunciado sus primeros cinco conciertos en vivo de este a\u00f1o, entre marzo y julio de 2023. Por el momento se presentar\u00e1 en marzo en Bogot\u00e1 (Colombia) y en Monterrey (M\u00e9xico); en abril visitar\u00e1n la capital de M\u00e9xico, Mexico DF, mientras que en junio estar\u00e1n presentes en el Festival Internacional de Vilanova i la Geltr\u00fa, en Espa\u00f1a. Finalmente, a mediados de julio se espera una funci\u00f3n en Bern, (Suiza).<\/span><\/p>\n","protected":false},"excerpt":{"rendered":"<p>El sexteto franc\u00e9s de m\u00fasica pop L\u2019Imperatrice ha estrenado a mediados del 2021 su segundo \u00e1lbum, Tako Tsubo (que se traduce del japon\u00e9s como \u201ctrampa de pulpo\u201d). Este lanzamiento lleg\u00f3 tres a\u00f1os despu\u00e9s de la presentaci\u00f3n de su primer trabajo de estudio, Matahari, al que acompa\u00f1aron con una primera gira rel\u00e1mpago por su Francia natal, [&hellip;]<\/p>\n","protected":false},"author":35,"featured_media":0,"comment_status":"closed","ping_status":"closed","sticky":false,"template":"","format":"standard","meta":{"_acf_changed":false,"footnotes":""},"categories":[1965],"tags":[1945],"class_list":["post-52906","post","type-post","status-publish","format-standard","hentry","category-events-es","tag-pop-es"],"acf":[],"yoast_head":"<!-- This site is optimized with the Yoast SEO plugin v27.3 - https:\/\/yoast.com\/product\/yoast-seo-wordpress\/ -->\n<title>L\u2019Imperatrice | \u00a1De gira por latinoam\u00e9rica! - What the France<\/title>\n<meta name=\"robots\" content=\"index, follow, max-snippet:-1, max-image-preview:large, max-video-preview:-1\" \/>\n<link rel=\"canonical\" href=\"https:\/\/whatthefrance.org\/es\/limperatrice-de-gira-por-latinoamerica\/\" \/>\n<meta property=\"og:locale\" content=\"es_ES\" \/>\n<meta property=\"og:type\" content=\"article\" \/>\n<meta property=\"og:title\" content=\"L\u2019Imperatrice | \u00a1De gira por latinoam\u00e9rica! - What the France\" \/>\n<meta property=\"og:description\" content=\"El sexteto franc\u00e9s de m\u00fasica pop L\u2019Imperatrice ha estrenado a mediados del 2021 su segundo \u00e1lbum, Tako Tsubo (que se traduce del japon\u00e9s como \u201ctrampa de pulpo\u201d). Este lanzamiento lleg\u00f3 tres a\u00f1os despu\u00e9s de la presentaci\u00f3n de su primer trabajo de estudio, Matahari, al que acompa\u00f1aron con una primera gira rel\u00e1mpago por su Francia natal, [&hellip;]\" \/>\n<meta property=\"og:url\" content=\"https:\/\/whatthefrance.org\/es\/limperatrice-de-gira-por-latinoamerica\/\" \/>\n<meta property=\"og:site_name\" content=\"What the France\" \/>\n<meta property=\"article:published_time\" content=\"2023-03-09T09:00:01+00:00\" \/>\n<meta property=\"article:modified_time\" content=\"2023-03-13T14:10:35+00:00\" \/>\n<meta property=\"og:image\" content=\"https:\/\/whatthefrance.org\/wp-content\/uploads\/2022\/03\/imperatrice-_what_the_france.png\" \/>\n\t<meta property=\"og:image:width\" content=\"1084\" \/>\n\t<meta property=\"og:image:height\" content=\"452\" \/>\n<meta name=\"author\" content=\"ultrapop-gustavo\" \/>\n<meta name=\"twitter:card\" content=\"summary_large_image\" \/>\n<meta name=\"twitter:label1\" content=\"Escrito por\" \/>\n\t<meta name=\"twitter:data1\" content=\"ultrapop-gustavo\" \/>\n\t<meta name=\"twitter:label2\" content=\"Tiempo de lectura\" \/>\n\t<meta name=\"twitter:data2\" content=\"2 minutos\" \/>\n<script type=\"application\/ld+json\" class=\"yoast-schema-graph\">{\"@context\":\"https:\\\/\\\/schema.org\",\"@graph\":[{\"@type\":\"Article\",\"@id\":\"https:\\\/\\\/whatthefrance.org\\\/es\\\/limperatrice-de-gira-por-latinoamerica\\\/#article\",\"isPartOf\":{\"@id\":\"https:\\\/\\\/whatthefrance.org\\\/es\\\/limperatrice-de-gira-por-latinoamerica\\\/\"},\"author\":{\"name\":\"ultrapop-gustavo\",\"@id\":\"https:\\\/\\\/whatthefrance.org\\\/es\\\/#\\\/schema\\\/person\\\/ec6689bd96bf81ba9dcf2264cb54c946\"},\"headline\":\"L\u2019Imperatrice | \u00a1De gira por latinoam\u00e9rica!\",\"datePublished\":\"2023-03-09T09:00:01+00:00\",\"dateModified\":\"2023-03-13T14:10:35+00:00\",\"mainEntityOfPage\":{\"@id\":\"https:\\\/\\\/whatthefrance.org\\\/es\\\/limperatrice-de-gira-por-latinoamerica\\\/\"},\"wordCount\":331,\"publisher\":{\"@id\":\"https:\\\/\\\/whatthefrance.org\\\/es\\\/#organization\"},\"keywords\":[\"Pop\"],\"articleSection\":[\"Event\"],\"inLanguage\":\"es\"},{\"@type\":\"WebPage\",\"@id\":\"https:\\\/\\\/whatthefrance.org\\\/es\\\/limperatrice-de-gira-por-latinoamerica\\\/\",\"url\":\"https:\\\/\\\/whatthefrance.org\\\/es\\\/limperatrice-de-gira-por-latinoamerica\\\/\",\"name\":\"L\u2019Imperatrice | \u00a1De gira por latinoam\u00e9rica! - What the France\",\"isPartOf\":{\"@id\":\"https:\\\/\\\/whatthefrance.org\\\/es\\\/#website\"},\"datePublished\":\"2023-03-09T09:00:01+00:00\",\"dateModified\":\"2023-03-13T14:10:35+00:00\",\"breadcrumb\":{\"@id\":\"https:\\\/\\\/whatthefrance.org\\\/es\\\/limperatrice-de-gira-por-latinoamerica\\\/#breadcrumb\"},\"inLanguage\":\"es\",\"potentialAction\":[{\"@type\":\"ReadAction\",\"target\":[\"https:\\\/\\\/whatthefrance.org\\\/es\\\/limperatrice-de-gira-por-latinoamerica\\\/\"]}]},{\"@type\":\"BreadcrumbList\",\"@id\":\"https:\\\/\\\/whatthefrance.org\\\/es\\\/limperatrice-de-gira-por-latinoamerica\\\/#breadcrumb\",\"itemListElement\":[{\"@type\":\"ListItem\",\"position\":1,\"name\":\"Home\",\"item\":\"https:\\\/\\\/whatthefrance.org\\\/es\\\/\"},{\"@type\":\"ListItem\",\"position\":2,\"name\":\"L\u2019Imperatrice | \u00a1De gira por latinoam\u00e9rica!\"}]},{\"@type\":\"WebSite\",\"@id\":\"https:\\\/\\\/whatthefrance.org\\\/es\\\/#website\",\"url\":\"https:\\\/\\\/whatthefrance.org\\\/es\\\/\",\"name\":\"What the France\",\"description\":\"The finest music made in France !\",\"publisher\":{\"@id\":\"https:\\\/\\\/whatthefrance.org\\\/es\\\/#organization\"},\"potentialAction\":[{\"@type\":\"SearchAction\",\"target\":{\"@type\":\"EntryPoint\",\"urlTemplate\":\"https:\\\/\\\/whatthefrance.org\\\/es\\\/?s={search_term_string}\"},\"query-input\":{\"@type\":\"PropertyValueSpecification\",\"valueRequired\":true,\"valueName\":\"search_term_string\"}}],\"inLanguage\":\"es\"},{\"@type\":\"Organization\",\"@id\":\"https:\\\/\\\/whatthefrance.org\\\/es\\\/#organization\",\"name\":\"What The France\",\"url\":\"https:\\\/\\\/whatthefrance.org\\\/es\\\/\",\"logo\":{\"@type\":\"ImageObject\",\"inLanguage\":\"es\",\"@id\":\"https:\\\/\\\/whatthefrance.org\\\/es\\\/#\\\/schema\\\/logo\\\/image\\\/\",\"url\":\"https:\\\/\\\/whatthefrance.org\\\/wp-content\\\/uploads\\\/2019\\\/12\\\/44688719_2251580388408837_694180218134331392_n-e1577679609190.png\",\"contentUrl\":\"https:\\\/\\\/whatthefrance.org\\\/wp-content\\\/uploads\\\/2019\\\/12\\\/44688719_2251580388408837_694180218134331392_n-e1577679609190.png\",\"width\":200,\"height\":200,\"caption\":\"What The France\"},\"image\":{\"@id\":\"https:\\\/\\\/whatthefrance.org\\\/es\\\/#\\\/schema\\\/logo\\\/image\\\/\"}},{\"@type\":\"Person\",\"@id\":\"https:\\\/\\\/whatthefrance.org\\\/es\\\/#\\\/schema\\\/person\\\/ec6689bd96bf81ba9dcf2264cb54c946\",\"name\":\"ultrapop-gustavo\",\"image\":{\"@type\":\"ImageObject\",\"inLanguage\":\"es\",\"@id\":\"https:\\\/\\\/secure.gravatar.com\\\/avatar\\\/9f35e3e5944405caa221d3f9ae6c981bac53ada24e0340936c6d6364326ab920?s=96&d=mm&r=g\",\"url\":\"https:\\\/\\\/secure.gravatar.com\\\/avatar\\\/9f35e3e5944405caa221d3f9ae6c981bac53ada24e0340936c6d6364326ab920?s=96&d=mm&r=g\",\"contentUrl\":\"https:\\\/\\\/secure.gravatar.com\\\/avatar\\\/9f35e3e5944405caa221d3f9ae6c981bac53ada24e0340936c6d6364326ab920?s=96&d=mm&r=g\",\"caption\":\"ultrapop-gustavo\"}}]}<\/script>\n<!-- \/ Yoast SEO plugin. -->","yoast_head_json":{"title":"L\u2019Imperatrice | \u00a1De gira por latinoam\u00e9rica! - What the France","robots":{"index":"index","follow":"follow","max-snippet":"max-snippet:-1","max-image-preview":"max-image-preview:large","max-video-preview":"max-video-preview:-1"},"canonical":"https:\/\/whatthefrance.org\/es\/limperatrice-de-gira-por-latinoamerica\/","og_locale":"es_ES","og_type":"article","og_title":"L\u2019Imperatrice | \u00a1De gira por latinoam\u00e9rica! - What the France","og_description":"El sexteto franc\u00e9s de m\u00fasica pop L\u2019Imperatrice ha estrenado a mediados del 2021 su segundo \u00e1lbum, Tako Tsubo (que se traduce del japon\u00e9s como \u201ctrampa de pulpo\u201d). Este lanzamiento lleg\u00f3 tres a\u00f1os despu\u00e9s de la presentaci\u00f3n de su primer trabajo de estudio, Matahari, al que acompa\u00f1aron con una primera gira rel\u00e1mpago por su Francia natal, [&hellip;]","og_url":"https:\/\/whatthefrance.org\/es\/limperatrice-de-gira-por-latinoamerica\/","og_site_name":"What the France","article_published_time":"2023-03-09T09:00:01+00:00","article_modified_time":"2023-03-13T14:10:35+00:00","og_image":[{"url":"https:\/\/whatthefrance.org\/wp-content\/uploads\/2022\/03\/imperatrice-_what_the_france.png","height":452,"width":1084,"type":""}],"author":"ultrapop-gustavo","twitter_card":"summary_large_image","twitter_misc":{"Escrito por":"ultrapop-gustavo","Tiempo de lectura":"2 minutos"},"schema":{"@context":"https:\/\/schema.org","@graph":[{"@type":"Article","@id":"https:\/\/whatthefrance.org\/es\/limperatrice-de-gira-por-latinoamerica\/#article","isPartOf":{"@id":"https:\/\/whatthefrance.org\/es\/limperatrice-de-gira-por-latinoamerica\/"},"author":{"name":"ultrapop-gustavo","@id":"https:\/\/whatthefrance.org\/es\/#\/schema\/person\/ec6689bd96bf81ba9dcf2264cb54c946"},"headline":"L\u2019Imperatrice | \u00a1De gira por latinoam\u00e9rica!","datePublished":"2023-03-09T09:00:01+00:00","dateModified":"2023-03-13T14:10:35+00:00","mainEntityOfPage":{"@id":"https:\/\/whatthefrance.org\/es\/limperatrice-de-gira-por-latinoamerica\/"},"wordCount":331,"publisher":{"@id":"https:\/\/whatthefrance.org\/es\/#organization"},"keywords":["Pop"],"articleSection":["Event"],"inLanguage":"es"},{"@type":"WebPage","@id":"https:\/\/whatthefrance.org\/es\/limperatrice-de-gira-por-latinoamerica\/","url":"https:\/\/whatthefrance.org\/es\/limperatrice-de-gira-por-latinoamerica\/","name":"L\u2019Imperatrice | \u00a1De gira por latinoam\u00e9rica! - What the France","isPartOf":{"@id":"https:\/\/whatthefrance.org\/es\/#website"},"datePublished":"2023-03-09T09:00:01+00:00","dateModified":"2023-03-13T14:10:35+00:00","breadcrumb":{"@id":"https:\/\/whatthefrance.org\/es\/limperatrice-de-gira-por-latinoamerica\/#breadcrumb"},"inLanguage":"es","potentialAction":[{"@type":"ReadAction","target":["https:\/\/whatthefrance.org\/es\/limperatrice-de-gira-por-latinoamerica\/"]}]},{"@type":"BreadcrumbList","@id":"https:\/\/whatthefrance.org\/es\/limperatrice-de-gira-por-latinoamerica\/#breadcrumb","itemListElement":[{"@type":"ListItem","position":1,"name":"Home","item":"https:\/\/whatthefrance.org\/es\/"},{"@type":"ListItem","position":2,"name":"L\u2019Imperatrice | \u00a1De gira por latinoam\u00e9rica!"}]},{"@type":"WebSite","@id":"https:\/\/whatthefrance.org\/es\/#website","url":"https:\/\/whatthefrance.org\/es\/","name":"What the France","description":"The finest music made in France !","publisher":{"@id":"https:\/\/whatthefrance.org\/es\/#organization"},"potentialAction":[{"@type":"SearchAction","target":{"@type":"EntryPoint","urlTemplate":"https:\/\/whatthefrance.org\/es\/?s={search_term_string}"},"query-input":{"@type":"PropertyValueSpecification","valueRequired":true,"valueName":"search_term_string"}}],"inLanguage":"es"},{"@type":"Organization","@id":"https:\/\/whatthefrance.org\/es\/#organization","name":"What The France","url":"https:\/\/whatthefrance.org\/es\/","logo":{"@type":"ImageObject","inLanguage":"es","@id":"https:\/\/whatthefrance.org\/es\/#\/schema\/logo\/image\/","url":"https:\/\/whatthefrance.org\/wp-content\/uploads\/2019\/12\/44688719_2251580388408837_694180218134331392_n-e1577679609190.png","contentUrl":"https:\/\/whatthefrance.org\/wp-content\/uploads\/2019\/12\/44688719_2251580388408837_694180218134331392_n-e1577679609190.png","width":200,"height":200,"caption":"What The France"},"image":{"@id":"https:\/\/whatthefrance.org\/es\/#\/schema\/logo\/image\/"}},{"@type":"Person","@id":"https:\/\/whatthefrance.org\/es\/#\/schema\/person\/ec6689bd96bf81ba9dcf2264cb54c946","name":"ultrapop-gustavo","image":{"@type":"ImageObject","inLanguage":"es","@id":"https:\/\/secure.gravatar.com\/avatar\/9f35e3e5944405caa221d3f9ae6c981bac53ada24e0340936c6d6364326ab920?s=96&d=mm&r=g","url":"https:\/\/secure.gravatar.com\/avatar\/9f35e3e5944405caa221d3f9ae6c981bac53ada24e0340936c6d6364326ab920?s=96&d=mm&r=g","contentUrl":"https:\/\/secure.gravatar.com\/avatar\/9f35e3e5944405caa221d3f9ae6c981bac53ada24e0340936c6d6364326ab920?s=96&d=mm&r=g","caption":"ultrapop-gustavo"}}]}},"_links":{"self":[{"href":"https:\/\/whatthefrance.org\/es\/wp-json\/wp\/v2\/posts\/52906","targetHints":{"allow":["GET"]}}],"collection":[{"href":"https:\/\/whatthefrance.org\/es\/wp-json\/wp\/v2\/posts"}],"about":[{"href":"https:\/\/whatthefrance.org\/es\/wp-json\/wp\/v2\/types\/post"}],"author":[{"embeddable":true,"href":"https:\/\/whatthefrance.org\/es\/wp-json\/wp\/v2\/users\/35"}],"replies":[{"embeddable":true,"href":"https:\/\/whatthefrance.org\/es\/wp-json\/wp\/v2\/comments?post=52906"}],"version-history":[{"count":3,"href":"https:\/\/whatthefrance.org\/es\/wp-json\/wp\/v2\/posts\/52906\/revisions"}],"predecessor-version":[{"id":53398,"href":"https:\/\/whatthefrance.org\/es\/wp-json\/wp\/v2\/posts\/52906\/revisions\/53398"}],"wp:attachment":[{"href":"https:\/\/whatthefrance.org\/es\/wp-json\/wp\/v2\/media?parent=52906"}],"wp:term":[{"taxonomy":"category","embeddable":true,"href":"https:\/\/whatthefrance.org\/es\/wp-json\/wp\/v2\/categories?post=52906"},{"taxonomy":"post_tag","embeddable":true,"href":"https:\/\/whatthefrance.org\/es\/wp-json\/wp\/v2\/tags?post=52906"}],"curies":[{"name":"wp","href":"https:\/\/api.w.org\/{rel}","templated":true}]}}