{"id":53132,"date":"2023-03-09T15:00:55","date_gmt":"2023-03-09T14:00:55","guid":{"rendered":"https:\/\/whatthefrance.org\/?p=53132"},"modified":"2023-03-13T11:26:03","modified_gmt":"2023-03-13T10:26:03","slug":"isaac-et-nora-llegan-por-segunda-vez-a-latinoamerica","status":"publish","type":"post","link":"https:\/\/whatthefrance.org\/es\/isaac-et-nora-llegan-por-segunda-vez-a-latinoamerica\/","title":{"rendered":"Isaac et Nora | Llegan por segunda vez a Latinoam\u00e9rica"},"content":{"rendered":"<p><strong><span class=\"em-orange\">Los hermanos franceses <\/span><span class=\"em-orange\"><a href=\"https:\/\/www.instagram.com\/isaacynora\/\">Isaac et Nora<\/a><\/span><span class=\"em-orange\">, de 14 y 11 a\u00f1os respectivamente, se han convertido junto con su padre Nicol\u00e1s en un fen\u00f3meno viral que ya recorri\u00f3 el mundo entero. Desde el sal\u00f3n de su casa han conquistado Internet con sus dulces covers que resignifican algunas de las canciones m\u00e1s ic\u00f3nicas de Latinoam\u00e9rica<\/span><span class=\"em-orange\">.<\/span><\/strong><\/p>\n<p><span style=\"font-weight: 400;\">Lo que empez\u00f3 como un juego dom\u00e9stico y educativo impartido por sus padres durante la pandemia se ha convertido en un \u00e9xito mundial: en junio de 2021 lanzaron\u00a0 su primer \u00e1lbum, <\/span><b><i>Latin &amp; Love Studies<\/i><\/b><span style=\"font-weight: 400;\">, compuesto de varias reversiones de cl\u00e1sicos latinoamericanos, con los que han obtenido una gran repercusi\u00f3n en much\u00edsimos pa\u00edses de latinoam\u00e9rica.<\/span><\/p>\n<p><iframe loading=\"lazy\" title=\"Isaac et Nora - No soy de aqu\u00ed, ni soy de all\u00e1 (Facundo Cabral)\" width=\"500\" height=\"281\" src=\"https:\/\/www.youtube.com\/embed\/pNEsJN2CqRc?feature=oembed\" frameborder=\"0\" allow=\"accelerometer; autoplay; clipboard-write; encrypted-media; gyroscope; picture-in-picture; web-share\" referrerpolicy=\"strict-origin-when-cross-origin\" allowfullscreen><\/iframe><\/p>\n<p><span style=\"font-weight: 400;\">En 2022 realizaron su primera gira por Am\u00e9rica Latina, en la que agotaron las entradas de todos los teatros de Bogot\u00e1, Medell\u00edn, Santiago de Chile, Lima y Arequipa en los que se presentaron. Ya en 2023, el joven d\u00fao se prepara para estrenar su primer \u00e1lbum con canciones originales, a la vez que est\u00e1n trabajando en un EP junto a artistas consagrados de Latinoam\u00e9rica.<\/span><\/p>\n<p><span style=\"font-weight: 400;\">Desde febrero de 2023 hasta agosto de este mismo a\u00f1o, Isaac et Nora realizar\u00e1n una extensa gira mundial, en la que recorrer\u00e1n Europa, Turqu\u00eda, algunos pa\u00edses de As\u00eda y Sudam\u00e9rica, continente que recorrer\u00e1n durante marzo y abril de este a\u00f1o y en el que ya tienen previstos una serie de shows por Argentina, Brasil, Bolivia, Per\u00fa, Ecuador y Colombia<\/span><\/p>\n","protected":false},"excerpt":{"rendered":"<p>Los hermanos franceses Isaac et Nora, de 14 y 11 a\u00f1os respectivamente, se han convertido junto con su padre Nicol\u00e1s en un fen\u00f3meno viral que ya recorri\u00f3 el mundo entero. Desde el sal\u00f3n de su casa han conquistado Internet con sus dulces covers que resignifican algunas de las canciones m\u00e1s ic\u00f3nicas de Latinoam\u00e9rica. Lo que [&hellip;]<\/p>\n","protected":false},"author":35,"featured_media":0,"comment_status":"closed","ping_status":"closed","sticky":false,"template":"","format":"standard","meta":{"_acf_changed":false,"footnotes":""},"categories":[1965],"tags":[1925],"class_list":["post-53132","post","type-post","status-publish","format-standard","hentry","category-events-es","tag-alternative-es"],"acf":[],"yoast_head":"<!-- This site is optimized with the Yoast SEO plugin v27.3 - https:\/\/yoast.com\/product\/yoast-seo-wordpress\/ -->\n<title>Isaac et Nora | Llegan por segunda vez a Latinoam\u00e9rica - What the France<\/title>\n<meta name=\"robots\" content=\"index, follow, max-snippet:-1, max-image-preview:large, max-video-preview:-1\" \/>\n<link rel=\"canonical\" href=\"https:\/\/whatthefrance.org\/es\/isaac-et-nora-llegan-por-segunda-vez-a-latinoamerica\/\" \/>\n<meta property=\"og:locale\" content=\"es_ES\" \/>\n<meta property=\"og:type\" content=\"article\" \/>\n<meta property=\"og:title\" content=\"Isaac et Nora | Llegan por segunda vez a Latinoam\u00e9rica - What the France\" \/>\n<meta property=\"og:description\" content=\"Los hermanos franceses Isaac et Nora, de 14 y 11 a\u00f1os respectivamente, se han convertido junto con su padre Nicol\u00e1s en un fen\u00f3meno viral que ya recorri\u00f3 el mundo entero. Desde el sal\u00f3n de su casa han conquistado Internet con sus dulces covers que resignifican algunas de las canciones m\u00e1s ic\u00f3nicas de Latinoam\u00e9rica. Lo que [&hellip;]\" \/>\n<meta property=\"og:url\" content=\"https:\/\/whatthefrance.org\/es\/isaac-et-nora-llegan-por-segunda-vez-a-latinoamerica\/\" \/>\n<meta property=\"og:site_name\" content=\"What the France\" \/>\n<meta property=\"article:published_time\" content=\"2023-03-09T14:00:55+00:00\" \/>\n<meta property=\"article:modified_time\" content=\"2023-03-13T10:26:03+00:00\" \/>\n<meta property=\"og:image\" content=\"https:\/\/whatthefrance.org\/wp-content\/uploads\/2023\/03\/isaac_et_nora_what_the_france_cover.png\" \/>\n\t<meta property=\"og:image:width\" content=\"2000\" \/>\n\t<meta property=\"og:image:height\" content=\"1125\" \/>\n<meta name=\"author\" content=\"ultrapop-gustavo\" \/>\n<meta name=\"twitter:card\" content=\"summary_large_image\" \/>\n<meta name=\"twitter:label1\" content=\"Escrito por\" \/>\n\t<meta name=\"twitter:data1\" content=\"ultrapop-gustavo\" \/>\n\t<meta name=\"twitter:label2\" content=\"Tiempo de lectura\" \/>\n\t<meta name=\"twitter:data2\" content=\"2 minutos\" \/>\n<script type=\"application\/ld+json\" class=\"yoast-schema-graph\">{\"@context\":\"https:\\\/\\\/schema.org\",\"@graph\":[{\"@type\":\"Article\",\"@id\":\"https:\\\/\\\/whatthefrance.org\\\/es\\\/isaac-et-nora-llegan-por-segunda-vez-a-latinoamerica\\\/#article\",\"isPartOf\":{\"@id\":\"https:\\\/\\\/whatthefrance.org\\\/es\\\/isaac-et-nora-llegan-por-segunda-vez-a-latinoamerica\\\/\"},\"author\":{\"name\":\"ultrapop-gustavo\",\"@id\":\"https:\\\/\\\/whatthefrance.org\\\/es\\\/#\\\/schema\\\/person\\\/ec6689bd96bf81ba9dcf2264cb54c946\"},\"headline\":\"Isaac et Nora | Llegan por segunda vez a Latinoam\u00e9rica\",\"datePublished\":\"2023-03-09T14:00:55+00:00\",\"dateModified\":\"2023-03-13T10:26:03+00:00\",\"mainEntityOfPage\":{\"@id\":\"https:\\\/\\\/whatthefrance.org\\\/es\\\/isaac-et-nora-llegan-por-segunda-vez-a-latinoamerica\\\/\"},\"wordCount\":270,\"publisher\":{\"@id\":\"https:\\\/\\\/whatthefrance.org\\\/es\\\/#organization\"},\"keywords\":[\"Alternative\"],\"articleSection\":[\"Event\"],\"inLanguage\":\"es\"},{\"@type\":\"WebPage\",\"@id\":\"https:\\\/\\\/whatthefrance.org\\\/es\\\/isaac-et-nora-llegan-por-segunda-vez-a-latinoamerica\\\/\",\"url\":\"https:\\\/\\\/whatthefrance.org\\\/es\\\/isaac-et-nora-llegan-por-segunda-vez-a-latinoamerica\\\/\",\"name\":\"Isaac et Nora | Llegan por segunda vez a Latinoam\u00e9rica - What the France\",\"isPartOf\":{\"@id\":\"https:\\\/\\\/whatthefrance.org\\\/es\\\/#website\"},\"datePublished\":\"2023-03-09T14:00:55+00:00\",\"dateModified\":\"2023-03-13T10:26:03+00:00\",\"breadcrumb\":{\"@id\":\"https:\\\/\\\/whatthefrance.org\\\/es\\\/isaac-et-nora-llegan-por-segunda-vez-a-latinoamerica\\\/#breadcrumb\"},\"inLanguage\":\"es\",\"potentialAction\":[{\"@type\":\"ReadAction\",\"target\":[\"https:\\\/\\\/whatthefrance.org\\\/es\\\/isaac-et-nora-llegan-por-segunda-vez-a-latinoamerica\\\/\"]}]},{\"@type\":\"BreadcrumbList\",\"@id\":\"https:\\\/\\\/whatthefrance.org\\\/es\\\/isaac-et-nora-llegan-por-segunda-vez-a-latinoamerica\\\/#breadcrumb\",\"itemListElement\":[{\"@type\":\"ListItem\",\"position\":1,\"name\":\"Home\",\"item\":\"https:\\\/\\\/whatthefrance.org\\\/es\\\/\"},{\"@type\":\"ListItem\",\"position\":2,\"name\":\"Isaac et Nora | Llegan por segunda vez a Latinoam\u00e9rica\"}]},{\"@type\":\"WebSite\",\"@id\":\"https:\\\/\\\/whatthefrance.org\\\/es\\\/#website\",\"url\":\"https:\\\/\\\/whatthefrance.org\\\/es\\\/\",\"name\":\"What the France\",\"description\":\"The finest music made in France !\",\"publisher\":{\"@id\":\"https:\\\/\\\/whatthefrance.org\\\/es\\\/#organization\"},\"potentialAction\":[{\"@type\":\"SearchAction\",\"target\":{\"@type\":\"EntryPoint\",\"urlTemplate\":\"https:\\\/\\\/whatthefrance.org\\\/es\\\/?s={search_term_string}\"},\"query-input\":{\"@type\":\"PropertyValueSpecification\",\"valueRequired\":true,\"valueName\":\"search_term_string\"}}],\"inLanguage\":\"es\"},{\"@type\":\"Organization\",\"@id\":\"https:\\\/\\\/whatthefrance.org\\\/es\\\/#organization\",\"name\":\"What The France\",\"url\":\"https:\\\/\\\/whatthefrance.org\\\/es\\\/\",\"logo\":{\"@type\":\"ImageObject\",\"inLanguage\":\"es\",\"@id\":\"https:\\\/\\\/whatthefrance.org\\\/es\\\/#\\\/schema\\\/logo\\\/image\\\/\",\"url\":\"https:\\\/\\\/whatthefrance.org\\\/wp-content\\\/uploads\\\/2019\\\/12\\\/44688719_2251580388408837_694180218134331392_n-e1577679609190.png\",\"contentUrl\":\"https:\\\/\\\/whatthefrance.org\\\/wp-content\\\/uploads\\\/2019\\\/12\\\/44688719_2251580388408837_694180218134331392_n-e1577679609190.png\",\"width\":200,\"height\":200,\"caption\":\"What The France\"},\"image\":{\"@id\":\"https:\\\/\\\/whatthefrance.org\\\/es\\\/#\\\/schema\\\/logo\\\/image\\\/\"}},{\"@type\":\"Person\",\"@id\":\"https:\\\/\\\/whatthefrance.org\\\/es\\\/#\\\/schema\\\/person\\\/ec6689bd96bf81ba9dcf2264cb54c946\",\"name\":\"ultrapop-gustavo\",\"image\":{\"@type\":\"ImageObject\",\"inLanguage\":\"es\",\"@id\":\"https:\\\/\\\/secure.gravatar.com\\\/avatar\\\/9f35e3e5944405caa221d3f9ae6c981bac53ada24e0340936c6d6364326ab920?s=96&d=mm&r=g\",\"url\":\"https:\\\/\\\/secure.gravatar.com\\\/avatar\\\/9f35e3e5944405caa221d3f9ae6c981bac53ada24e0340936c6d6364326ab920?s=96&d=mm&r=g\",\"contentUrl\":\"https:\\\/\\\/secure.gravatar.com\\\/avatar\\\/9f35e3e5944405caa221d3f9ae6c981bac53ada24e0340936c6d6364326ab920?s=96&d=mm&r=g\",\"caption\":\"ultrapop-gustavo\"}}]}<\/script>\n<!-- \/ Yoast SEO plugin. -->","yoast_head_json":{"title":"Isaac et Nora | Llegan por segunda vez a Latinoam\u00e9rica - What the France","robots":{"index":"index","follow":"follow","max-snippet":"max-snippet:-1","max-image-preview":"max-image-preview:large","max-video-preview":"max-video-preview:-1"},"canonical":"https:\/\/whatthefrance.org\/es\/isaac-et-nora-llegan-por-segunda-vez-a-latinoamerica\/","og_locale":"es_ES","og_type":"article","og_title":"Isaac et Nora | Llegan por segunda vez a Latinoam\u00e9rica - What the France","og_description":"Los hermanos franceses Isaac et Nora, de 14 y 11 a\u00f1os respectivamente, se han convertido junto con su padre Nicol\u00e1s en un fen\u00f3meno viral que ya recorri\u00f3 el mundo entero. Desde el sal\u00f3n de su casa han conquistado Internet con sus dulces covers que resignifican algunas de las canciones m\u00e1s ic\u00f3nicas de Latinoam\u00e9rica. Lo que [&hellip;]","og_url":"https:\/\/whatthefrance.org\/es\/isaac-et-nora-llegan-por-segunda-vez-a-latinoamerica\/","og_site_name":"What the France","article_published_time":"2023-03-09T14:00:55+00:00","article_modified_time":"2023-03-13T10:26:03+00:00","og_image":[{"url":"https:\/\/whatthefrance.org\/wp-content\/uploads\/2023\/03\/isaac_et_nora_what_the_france_cover.png","height":1125,"width":2000,"type":""}],"author":"ultrapop-gustavo","twitter_card":"summary_large_image","twitter_misc":{"Escrito por":"ultrapop-gustavo","Tiempo de lectura":"2 minutos"},"schema":{"@context":"https:\/\/schema.org","@graph":[{"@type":"Article","@id":"https:\/\/whatthefrance.org\/es\/isaac-et-nora-llegan-por-segunda-vez-a-latinoamerica\/#article","isPartOf":{"@id":"https:\/\/whatthefrance.org\/es\/isaac-et-nora-llegan-por-segunda-vez-a-latinoamerica\/"},"author":{"name":"ultrapop-gustavo","@id":"https:\/\/whatthefrance.org\/es\/#\/schema\/person\/ec6689bd96bf81ba9dcf2264cb54c946"},"headline":"Isaac et Nora | Llegan por segunda vez a Latinoam\u00e9rica","datePublished":"2023-03-09T14:00:55+00:00","dateModified":"2023-03-13T10:26:03+00:00","mainEntityOfPage":{"@id":"https:\/\/whatthefrance.org\/es\/isaac-et-nora-llegan-por-segunda-vez-a-latinoamerica\/"},"wordCount":270,"publisher":{"@id":"https:\/\/whatthefrance.org\/es\/#organization"},"keywords":["Alternative"],"articleSection":["Event"],"inLanguage":"es"},{"@type":"WebPage","@id":"https:\/\/whatthefrance.org\/es\/isaac-et-nora-llegan-por-segunda-vez-a-latinoamerica\/","url":"https:\/\/whatthefrance.org\/es\/isaac-et-nora-llegan-por-segunda-vez-a-latinoamerica\/","name":"Isaac et Nora | Llegan por segunda vez a Latinoam\u00e9rica - What the France","isPartOf":{"@id":"https:\/\/whatthefrance.org\/es\/#website"},"datePublished":"2023-03-09T14:00:55+00:00","dateModified":"2023-03-13T10:26:03+00:00","breadcrumb":{"@id":"https:\/\/whatthefrance.org\/es\/isaac-et-nora-llegan-por-segunda-vez-a-latinoamerica\/#breadcrumb"},"inLanguage":"es","potentialAction":[{"@type":"ReadAction","target":["https:\/\/whatthefrance.org\/es\/isaac-et-nora-llegan-por-segunda-vez-a-latinoamerica\/"]}]},{"@type":"BreadcrumbList","@id":"https:\/\/whatthefrance.org\/es\/isaac-et-nora-llegan-por-segunda-vez-a-latinoamerica\/#breadcrumb","itemListElement":[{"@type":"ListItem","position":1,"name":"Home","item":"https:\/\/whatthefrance.org\/es\/"},{"@type":"ListItem","position":2,"name":"Isaac et Nora | Llegan por segunda vez a Latinoam\u00e9rica"}]},{"@type":"WebSite","@id":"https:\/\/whatthefrance.org\/es\/#website","url":"https:\/\/whatthefrance.org\/es\/","name":"What the France","description":"The finest music made in France !","publisher":{"@id":"https:\/\/whatthefrance.org\/es\/#organization"},"potentialAction":[{"@type":"SearchAction","target":{"@type":"EntryPoint","urlTemplate":"https:\/\/whatthefrance.org\/es\/?s={search_term_string}"},"query-input":{"@type":"PropertyValueSpecification","valueRequired":true,"valueName":"search_term_string"}}],"inLanguage":"es"},{"@type":"Organization","@id":"https:\/\/whatthefrance.org\/es\/#organization","name":"What The France","url":"https:\/\/whatthefrance.org\/es\/","logo":{"@type":"ImageObject","inLanguage":"es","@id":"https:\/\/whatthefrance.org\/es\/#\/schema\/logo\/image\/","url":"https:\/\/whatthefrance.org\/wp-content\/uploads\/2019\/12\/44688719_2251580388408837_694180218134331392_n-e1577679609190.png","contentUrl":"https:\/\/whatthefrance.org\/wp-content\/uploads\/2019\/12\/44688719_2251580388408837_694180218134331392_n-e1577679609190.png","width":200,"height":200,"caption":"What The France"},"image":{"@id":"https:\/\/whatthefrance.org\/es\/#\/schema\/logo\/image\/"}},{"@type":"Person","@id":"https:\/\/whatthefrance.org\/es\/#\/schema\/person\/ec6689bd96bf81ba9dcf2264cb54c946","name":"ultrapop-gustavo","image":{"@type":"ImageObject","inLanguage":"es","@id":"https:\/\/secure.gravatar.com\/avatar\/9f35e3e5944405caa221d3f9ae6c981bac53ada24e0340936c6d6364326ab920?s=96&d=mm&r=g","url":"https:\/\/secure.gravatar.com\/avatar\/9f35e3e5944405caa221d3f9ae6c981bac53ada24e0340936c6d6364326ab920?s=96&d=mm&r=g","contentUrl":"https:\/\/secure.gravatar.com\/avatar\/9f35e3e5944405caa221d3f9ae6c981bac53ada24e0340936c6d6364326ab920?s=96&d=mm&r=g","caption":"ultrapop-gustavo"}}]}},"_links":{"self":[{"href":"https:\/\/whatthefrance.org\/es\/wp-json\/wp\/v2\/posts\/53132","targetHints":{"allow":["GET"]}}],"collection":[{"href":"https:\/\/whatthefrance.org\/es\/wp-json\/wp\/v2\/posts"}],"about":[{"href":"https:\/\/whatthefrance.org\/es\/wp-json\/wp\/v2\/types\/post"}],"author":[{"embeddable":true,"href":"https:\/\/whatthefrance.org\/es\/wp-json\/wp\/v2\/users\/35"}],"replies":[{"embeddable":true,"href":"https:\/\/whatthefrance.org\/es\/wp-json\/wp\/v2\/comments?post=53132"}],"version-history":[{"count":4,"href":"https:\/\/whatthefrance.org\/es\/wp-json\/wp\/v2\/posts\/53132\/revisions"}],"predecessor-version":[{"id":53375,"href":"https:\/\/whatthefrance.org\/es\/wp-json\/wp\/v2\/posts\/53132\/revisions\/53375"}],"wp:attachment":[{"href":"https:\/\/whatthefrance.org\/es\/wp-json\/wp\/v2\/media?parent=53132"}],"wp:term":[{"taxonomy":"category","embeddable":true,"href":"https:\/\/whatthefrance.org\/es\/wp-json\/wp\/v2\/categories?post=53132"},{"taxonomy":"post_tag","embeddable":true,"href":"https:\/\/whatthefrance.org\/es\/wp-json\/wp\/v2\/tags?post=53132"}],"curies":[{"name":"wp","href":"https:\/\/api.w.org\/{rel}","templated":true}]}}