{"id":53961,"date":"2023-04-03T10:00:36","date_gmt":"2023-04-03T08:00:36","guid":{"rendered":"https:\/\/whatthefrance.org\/?p=53961"},"modified":"2023-04-03T11:39:40","modified_gmt":"2023-04-03T09:39:40","slug":"zaz-llega-a-america-latina-en-abril","status":"publish","type":"post","link":"https:\/\/whatthefrance.org\/es\/zaz-llega-a-america-latina-en-abril\/","title":{"rendered":"ZAZ | \u00a1Llega a Am\u00e9rica Latina en abril!"},"content":{"rendered":"<p><span style=\"font-weight: 400;\">Durante sus inicios, la voz de <\/span><b>Isabelle Geoffroy<\/b><span style=\"font-weight: 400;\"> fue comparada con la de <\/span><b>Edith Piaf<\/b><span style=\"font-weight: 400;\"> o la de <\/span><b>Ella Fitzgerald<\/b><span style=\"font-weight: 400;\">, hasta que finalmente encontr\u00f3 un nombre propio y se rebautiz\u00f3 a s\u00ed misma como <\/span><a href=\"https:\/\/www.instagram.com\/zaz_off\/\"><b>ZAZ<\/b><\/a><span style=\"font-weight: 400;\">.<\/span><\/p>\n<p><span style=\"font-weight: 400;\">Luego de cuatro exitosos \u00e1lbumes, ZAZ, a la que la prensa describi\u00f3 como una artista cuyas canciones son un canto a la libertad y la igualdad, decidi\u00f3 tomarse un respiro de los escenarios. Fue as\u00ed que, durante la cuarentena, la artista comenz\u00f3 a trabajar en su quinto \u00e1lbum de estudio junto al productor holand\u00e9s <\/span><b>Reyn<\/b><span style=\"font-weight: 400;\"> con quien, en conjunto, han tomado el tiempo de aplicar un color particular a cada canci\u00f3n del \u00e1lbum, con letras tan personales como \u00edntimas y con la voz siempre viva y conmovedora que caracteriza a esta artista.<\/span><\/p>\n<p><span style=\"font-weight: 400;\">Ya entrado el 2023, ZAZ se embarca en una nueva gira mundial, con conciertos m\u00e1s exclusivos y con actuaciones tan cercanas al p\u00fablico como sean posibles. En efecto, ZAZ busca regresar a lo esencial, acercarse al p\u00fablico y recorrer el mundo naturalmente en el marco de la \u201c<\/span><b><i>Organique Tour<\/i><\/b><span style=\"font-weight: 400;\">\u201d.<\/span><\/p>\n<p><iframe loading=\"lazy\" title=\"Teaser ZAZ - ORGANIQUE TOUR 2022\" width=\"500\" height=\"281\" src=\"https:\/\/www.youtube.com\/embed\/kmqIU8olEQE?feature=oembed\" frameborder=\"0\" allow=\"accelerometer; autoplay; clipboard-write; encrypted-media; gyroscope; picture-in-picture; web-share\" referrerpolicy=\"strict-origin-when-cross-origin\" allowfullscreen><\/iframe><\/p>\n<p><span style=\"font-weight: 400;\">Sus seguidores podr\u00e1n reencontrarse con ZAZ para descubrir una nueva faceta en su arte. \u201c<\/span><i><span style=\"font-weight: 400;\">Todo lo que vemos proviene de nuestra manera de mirar: lo que amamos, lo que odiamos, lo que nos hace feliz\u2026 Pero hay muchas otras maneras de mirar<\/span><\/i><span style=\"font-weight: 400;\">\u201d, agrega la artista francesa.<\/span><\/p>\n<div class=\"playListBloc singleBloc\"><div class=\"playListBloc-wrap\">    <div class=\"thumbnail\"><img data-src=\"https:\/\/whatthefrance.org\/wp-content\/uploads\/2018\/11\/wtf-pochettes_chanson_3-254x254.jpg\" class=\"lazyload\" alt=\"wtf&#8212;pochettes_chanson_3\" \/>    <\/div>    <div class=\"infos\">        <span class=\"tag\">Genres<\/span>        <h2>Pardon My Chanson<\/h2>        <span class=\"separator\"><\/span>       <span class=\"desc\">Sing along with to the latest French chanson hits made in France. <\/span><div class=\"share flex flexAlignCenter \">\t<span class=\"label\">Compartir<\/span>\t<a href=\"https:\/\/www.facebook.com\/sharer\/sharer.php?u=https:\/\/whatthefrance.org\/es\/playlists\/pardon-my-chanson\/\" class=\"facebook\" target=\"_blank\" rel=\"noreferrer\">Facebook<\/a>\t<a href=\"https:\/\/twitter.com\/intent\/tweet?url=https:\/\/whatthefrance.org\/es\/playlists\/pardon-my-chanson\/&text=Pardon+My+Chanson&hashtags=WTF\" class=\"twitter\" target=\"_blank\" rel=\"noreferrer\">Twitter<\/a>\t<a href=\"mailto:?subject=What%20the%20France%20%3A%20Pardon%20My%20Chanson&body=https:\/\/whatthefrance.org\/es\/playlists\/pardon-my-chanson\/\" class=\"mail\" target=\"_blank\" rel=\"noreferrer\">Email<\/a><\/div>        <a href=\"#\" class=\"btn btnPlaylist orange playlist-click\" data-id=\"9897\">            <svg version=\"1.1\" x=\"0px\" y=\"0px\" width=\"40px\" height=\"40px\" viewBox=\"0 0 213.7 213.7\" enable-background=\"new 0 0 213.7 213.7\" xml:space=\"preserve\">                <polygon class=\"triangle\" fill=\"none\" stroke-width=\"10\" stroke-linecap=\"round\" stroke-linejoin=\"round\" stroke-miterlimit=\"10\" points=\"\n            73.5,62.5 148.5,105.8 73.5,149.1 \"\/>                <circle class=\"circle\" fill=\"none\"  stroke-width=\"8\" stroke-linecap=\"round\" stroke-linejoin=\"round\" stroke-miterlimit=\"10\" cx=\"106.8\" cy=\"106.8\" r=\"103.3\"\/>                <circle class=\"circle-white\" fill=\"none\"  stroke-width=\"8\" stroke-linecap=\"round\" stroke-linejoin=\"round\" stroke-miterlimit=\"10\" cx=\"106.8\" cy=\"106.8\" r=\"103.3\"\/>            <\/svg>Escuchar        <\/a>    <\/div>  <\/div><\/div>\n<p>&nbsp;<\/p>\n","protected":false},"excerpt":{"rendered":"<p>Durante sus inicios, la voz de Isabelle Geoffroy fue comparada con la de Edith Piaf o la de Ella Fitzgerald, hasta que finalmente encontr\u00f3 un nombre propio y se rebautiz\u00f3 a s\u00ed misma como ZAZ. Luego de cuatro exitosos \u00e1lbumes, ZAZ, a la que la prensa describi\u00f3 como una artista cuyas canciones son un canto [&hellip;]<\/p>\n","protected":false},"author":35,"featured_media":0,"comment_status":"closed","ping_status":"closed","sticky":false,"template":"","format":"standard","meta":{"_acf_changed":false,"footnotes":""},"categories":[1965],"tags":[1928],"class_list":["post-53961","post","type-post","status-publish","format-standard","hentry","category-events-es","tag-chanson-es"],"acf":[],"yoast_head":"<!-- This site is optimized with the Yoast SEO plugin v27.3 - https:\/\/yoast.com\/product\/yoast-seo-wordpress\/ -->\n<title>ZAZ | \u00a1Llega a Am\u00e9rica Latina en abril! - What the France<\/title>\n<meta name=\"robots\" content=\"index, follow, max-snippet:-1, max-image-preview:large, max-video-preview:-1\" \/>\n<link rel=\"canonical\" href=\"https:\/\/whatthefrance.org\/es\/zaz-llega-a-america-latina-en-abril\/\" \/>\n<meta property=\"og:locale\" content=\"es_ES\" \/>\n<meta property=\"og:type\" content=\"article\" \/>\n<meta property=\"og:title\" content=\"ZAZ | \u00a1Llega a Am\u00e9rica Latina en abril! - What the France\" \/>\n<meta property=\"og:description\" content=\"Durante sus inicios, la voz de Isabelle Geoffroy fue comparada con la de Edith Piaf o la de Ella Fitzgerald, hasta que finalmente encontr\u00f3 un nombre propio y se rebautiz\u00f3 a s\u00ed misma como ZAZ. Luego de cuatro exitosos \u00e1lbumes, ZAZ, a la que la prensa describi\u00f3 como una artista cuyas canciones son un canto [&hellip;]\" \/>\n<meta property=\"og:url\" content=\"https:\/\/whatthefrance.org\/es\/zaz-llega-a-america-latina-en-abril\/\" \/>\n<meta property=\"og:site_name\" content=\"What the France\" \/>\n<meta property=\"article:published_time\" content=\"2023-04-03T08:00:36+00:00\" \/>\n<meta property=\"article:modified_time\" content=\"2023-04-03T09:39:40+00:00\" \/>\n<meta property=\"og:image\" content=\"https:\/\/whatthefrance.org\/wp-content\/uploads\/2023\/03\/zaz_what_the_france_cover.jpg\" \/>\n\t<meta property=\"og:image:width\" content=\"1172\" \/>\n\t<meta property=\"og:image:height\" content=\"560\" \/>\n<meta name=\"author\" content=\"ultrapop-gustavo\" \/>\n<meta name=\"twitter:card\" content=\"summary_large_image\" \/>\n<meta name=\"twitter:label1\" content=\"Escrito por\" \/>\n\t<meta name=\"twitter:data1\" content=\"ultrapop-gustavo\" \/>\n\t<meta name=\"twitter:label2\" content=\"Tiempo de lectura\" \/>\n\t<meta name=\"twitter:data2\" content=\"1 minuto\" \/>\n<script type=\"application\/ld+json\" class=\"yoast-schema-graph\">{\"@context\":\"https:\\\/\\\/schema.org\",\"@graph\":[{\"@type\":\"Article\",\"@id\":\"https:\\\/\\\/whatthefrance.org\\\/es\\\/zaz-llega-a-america-latina-en-abril\\\/#article\",\"isPartOf\":{\"@id\":\"https:\\\/\\\/whatthefrance.org\\\/es\\\/zaz-llega-a-america-latina-en-abril\\\/\"},\"author\":{\"name\":\"ultrapop-gustavo\",\"@id\":\"https:\\\/\\\/whatthefrance.org\\\/es\\\/#\\\/schema\\\/person\\\/ec6689bd96bf81ba9dcf2264cb54c946\"},\"headline\":\"ZAZ | \u00a1Llega a Am\u00e9rica Latina en abril!\",\"datePublished\":\"2023-04-03T08:00:36+00:00\",\"dateModified\":\"2023-04-03T09:39:40+00:00\",\"mainEntityOfPage\":{\"@id\":\"https:\\\/\\\/whatthefrance.org\\\/es\\\/zaz-llega-a-america-latina-en-abril\\\/\"},\"wordCount\":246,\"publisher\":{\"@id\":\"https:\\\/\\\/whatthefrance.org\\\/es\\\/#organization\"},\"keywords\":[\"Chanson\"],\"articleSection\":[\"Event\"],\"inLanguage\":\"es\"},{\"@type\":\"WebPage\",\"@id\":\"https:\\\/\\\/whatthefrance.org\\\/es\\\/zaz-llega-a-america-latina-en-abril\\\/\",\"url\":\"https:\\\/\\\/whatthefrance.org\\\/es\\\/zaz-llega-a-america-latina-en-abril\\\/\",\"name\":\"ZAZ | \u00a1Llega a Am\u00e9rica Latina en abril! - What the France\",\"isPartOf\":{\"@id\":\"https:\\\/\\\/whatthefrance.org\\\/es\\\/#website\"},\"datePublished\":\"2023-04-03T08:00:36+00:00\",\"dateModified\":\"2023-04-03T09:39:40+00:00\",\"breadcrumb\":{\"@id\":\"https:\\\/\\\/whatthefrance.org\\\/es\\\/zaz-llega-a-america-latina-en-abril\\\/#breadcrumb\"},\"inLanguage\":\"es\",\"potentialAction\":[{\"@type\":\"ReadAction\",\"target\":[\"https:\\\/\\\/whatthefrance.org\\\/es\\\/zaz-llega-a-america-latina-en-abril\\\/\"]}]},{\"@type\":\"BreadcrumbList\",\"@id\":\"https:\\\/\\\/whatthefrance.org\\\/es\\\/zaz-llega-a-america-latina-en-abril\\\/#breadcrumb\",\"itemListElement\":[{\"@type\":\"ListItem\",\"position\":1,\"name\":\"Home\",\"item\":\"https:\\\/\\\/whatthefrance.org\\\/es\\\/\"},{\"@type\":\"ListItem\",\"position\":2,\"name\":\"ZAZ | \u00a1Llega a Am\u00e9rica Latina en abril!\"}]},{\"@type\":\"WebSite\",\"@id\":\"https:\\\/\\\/whatthefrance.org\\\/es\\\/#website\",\"url\":\"https:\\\/\\\/whatthefrance.org\\\/es\\\/\",\"name\":\"What the France\",\"description\":\"The finest music made in France !\",\"publisher\":{\"@id\":\"https:\\\/\\\/whatthefrance.org\\\/es\\\/#organization\"},\"potentialAction\":[{\"@type\":\"SearchAction\",\"target\":{\"@type\":\"EntryPoint\",\"urlTemplate\":\"https:\\\/\\\/whatthefrance.org\\\/es\\\/?s={search_term_string}\"},\"query-input\":{\"@type\":\"PropertyValueSpecification\",\"valueRequired\":true,\"valueName\":\"search_term_string\"}}],\"inLanguage\":\"es\"},{\"@type\":\"Organization\",\"@id\":\"https:\\\/\\\/whatthefrance.org\\\/es\\\/#organization\",\"name\":\"What The France\",\"url\":\"https:\\\/\\\/whatthefrance.org\\\/es\\\/\",\"logo\":{\"@type\":\"ImageObject\",\"inLanguage\":\"es\",\"@id\":\"https:\\\/\\\/whatthefrance.org\\\/es\\\/#\\\/schema\\\/logo\\\/image\\\/\",\"url\":\"https:\\\/\\\/whatthefrance.org\\\/wp-content\\\/uploads\\\/2019\\\/12\\\/44688719_2251580388408837_694180218134331392_n-e1577679609190.png\",\"contentUrl\":\"https:\\\/\\\/whatthefrance.org\\\/wp-content\\\/uploads\\\/2019\\\/12\\\/44688719_2251580388408837_694180218134331392_n-e1577679609190.png\",\"width\":200,\"height\":200,\"caption\":\"What The France\"},\"image\":{\"@id\":\"https:\\\/\\\/whatthefrance.org\\\/es\\\/#\\\/schema\\\/logo\\\/image\\\/\"}},{\"@type\":\"Person\",\"@id\":\"https:\\\/\\\/whatthefrance.org\\\/es\\\/#\\\/schema\\\/person\\\/ec6689bd96bf81ba9dcf2264cb54c946\",\"name\":\"ultrapop-gustavo\",\"image\":{\"@type\":\"ImageObject\",\"inLanguage\":\"es\",\"@id\":\"https:\\\/\\\/secure.gravatar.com\\\/avatar\\\/9f35e3e5944405caa221d3f9ae6c981bac53ada24e0340936c6d6364326ab920?s=96&d=mm&r=g\",\"url\":\"https:\\\/\\\/secure.gravatar.com\\\/avatar\\\/9f35e3e5944405caa221d3f9ae6c981bac53ada24e0340936c6d6364326ab920?s=96&d=mm&r=g\",\"contentUrl\":\"https:\\\/\\\/secure.gravatar.com\\\/avatar\\\/9f35e3e5944405caa221d3f9ae6c981bac53ada24e0340936c6d6364326ab920?s=96&d=mm&r=g\",\"caption\":\"ultrapop-gustavo\"}}]}<\/script>\n<!-- \/ Yoast SEO plugin. -->","yoast_head_json":{"title":"ZAZ | \u00a1Llega a Am\u00e9rica Latina en abril! - What the France","robots":{"index":"index","follow":"follow","max-snippet":"max-snippet:-1","max-image-preview":"max-image-preview:large","max-video-preview":"max-video-preview:-1"},"canonical":"https:\/\/whatthefrance.org\/es\/zaz-llega-a-america-latina-en-abril\/","og_locale":"es_ES","og_type":"article","og_title":"ZAZ | \u00a1Llega a Am\u00e9rica Latina en abril! - What the France","og_description":"Durante sus inicios, la voz de Isabelle Geoffroy fue comparada con la de Edith Piaf o la de Ella Fitzgerald, hasta que finalmente encontr\u00f3 un nombre propio y se rebautiz\u00f3 a s\u00ed misma como ZAZ. Luego de cuatro exitosos \u00e1lbumes, ZAZ, a la que la prensa describi\u00f3 como una artista cuyas canciones son un canto [&hellip;]","og_url":"https:\/\/whatthefrance.org\/es\/zaz-llega-a-america-latina-en-abril\/","og_site_name":"What the France","article_published_time":"2023-04-03T08:00:36+00:00","article_modified_time":"2023-04-03T09:39:40+00:00","og_image":[{"url":"https:\/\/whatthefrance.org\/wp-content\/uploads\/2023\/03\/zaz_what_the_france_cover.jpg","height":560,"width":1172,"type":""}],"author":"ultrapop-gustavo","twitter_card":"summary_large_image","twitter_misc":{"Escrito por":"ultrapop-gustavo","Tiempo de lectura":"1 minuto"},"schema":{"@context":"https:\/\/schema.org","@graph":[{"@type":"Article","@id":"https:\/\/whatthefrance.org\/es\/zaz-llega-a-america-latina-en-abril\/#article","isPartOf":{"@id":"https:\/\/whatthefrance.org\/es\/zaz-llega-a-america-latina-en-abril\/"},"author":{"name":"ultrapop-gustavo","@id":"https:\/\/whatthefrance.org\/es\/#\/schema\/person\/ec6689bd96bf81ba9dcf2264cb54c946"},"headline":"ZAZ | \u00a1Llega a Am\u00e9rica Latina en abril!","datePublished":"2023-04-03T08:00:36+00:00","dateModified":"2023-04-03T09:39:40+00:00","mainEntityOfPage":{"@id":"https:\/\/whatthefrance.org\/es\/zaz-llega-a-america-latina-en-abril\/"},"wordCount":246,"publisher":{"@id":"https:\/\/whatthefrance.org\/es\/#organization"},"keywords":["Chanson"],"articleSection":["Event"],"inLanguage":"es"},{"@type":"WebPage","@id":"https:\/\/whatthefrance.org\/es\/zaz-llega-a-america-latina-en-abril\/","url":"https:\/\/whatthefrance.org\/es\/zaz-llega-a-america-latina-en-abril\/","name":"ZAZ | \u00a1Llega a Am\u00e9rica Latina en abril! - What the France","isPartOf":{"@id":"https:\/\/whatthefrance.org\/es\/#website"},"datePublished":"2023-04-03T08:00:36+00:00","dateModified":"2023-04-03T09:39:40+00:00","breadcrumb":{"@id":"https:\/\/whatthefrance.org\/es\/zaz-llega-a-america-latina-en-abril\/#breadcrumb"},"inLanguage":"es","potentialAction":[{"@type":"ReadAction","target":["https:\/\/whatthefrance.org\/es\/zaz-llega-a-america-latina-en-abril\/"]}]},{"@type":"BreadcrumbList","@id":"https:\/\/whatthefrance.org\/es\/zaz-llega-a-america-latina-en-abril\/#breadcrumb","itemListElement":[{"@type":"ListItem","position":1,"name":"Home","item":"https:\/\/whatthefrance.org\/es\/"},{"@type":"ListItem","position":2,"name":"ZAZ | \u00a1Llega a Am\u00e9rica Latina en abril!"}]},{"@type":"WebSite","@id":"https:\/\/whatthefrance.org\/es\/#website","url":"https:\/\/whatthefrance.org\/es\/","name":"What the France","description":"The finest music made in France !","publisher":{"@id":"https:\/\/whatthefrance.org\/es\/#organization"},"potentialAction":[{"@type":"SearchAction","target":{"@type":"EntryPoint","urlTemplate":"https:\/\/whatthefrance.org\/es\/?s={search_term_string}"},"query-input":{"@type":"PropertyValueSpecification","valueRequired":true,"valueName":"search_term_string"}}],"inLanguage":"es"},{"@type":"Organization","@id":"https:\/\/whatthefrance.org\/es\/#organization","name":"What The France","url":"https:\/\/whatthefrance.org\/es\/","logo":{"@type":"ImageObject","inLanguage":"es","@id":"https:\/\/whatthefrance.org\/es\/#\/schema\/logo\/image\/","url":"https:\/\/whatthefrance.org\/wp-content\/uploads\/2019\/12\/44688719_2251580388408837_694180218134331392_n-e1577679609190.png","contentUrl":"https:\/\/whatthefrance.org\/wp-content\/uploads\/2019\/12\/44688719_2251580388408837_694180218134331392_n-e1577679609190.png","width":200,"height":200,"caption":"What The France"},"image":{"@id":"https:\/\/whatthefrance.org\/es\/#\/schema\/logo\/image\/"}},{"@type":"Person","@id":"https:\/\/whatthefrance.org\/es\/#\/schema\/person\/ec6689bd96bf81ba9dcf2264cb54c946","name":"ultrapop-gustavo","image":{"@type":"ImageObject","inLanguage":"es","@id":"https:\/\/secure.gravatar.com\/avatar\/9f35e3e5944405caa221d3f9ae6c981bac53ada24e0340936c6d6364326ab920?s=96&d=mm&r=g","url":"https:\/\/secure.gravatar.com\/avatar\/9f35e3e5944405caa221d3f9ae6c981bac53ada24e0340936c6d6364326ab920?s=96&d=mm&r=g","contentUrl":"https:\/\/secure.gravatar.com\/avatar\/9f35e3e5944405caa221d3f9ae6c981bac53ada24e0340936c6d6364326ab920?s=96&d=mm&r=g","caption":"ultrapop-gustavo"}}]}},"_links":{"self":[{"href":"https:\/\/whatthefrance.org\/es\/wp-json\/wp\/v2\/posts\/53961","targetHints":{"allow":["GET"]}}],"collection":[{"href":"https:\/\/whatthefrance.org\/es\/wp-json\/wp\/v2\/posts"}],"about":[{"href":"https:\/\/whatthefrance.org\/es\/wp-json\/wp\/v2\/types\/post"}],"author":[{"embeddable":true,"href":"https:\/\/whatthefrance.org\/es\/wp-json\/wp\/v2\/users\/35"}],"replies":[{"embeddable":true,"href":"https:\/\/whatthefrance.org\/es\/wp-json\/wp\/v2\/comments?post=53961"}],"version-history":[{"count":5,"href":"https:\/\/whatthefrance.org\/es\/wp-json\/wp\/v2\/posts\/53961\/revisions"}],"predecessor-version":[{"id":54223,"href":"https:\/\/whatthefrance.org\/es\/wp-json\/wp\/v2\/posts\/53961\/revisions\/54223"}],"wp:attachment":[{"href":"https:\/\/whatthefrance.org\/es\/wp-json\/wp\/v2\/media?parent=53961"}],"wp:term":[{"taxonomy":"category","embeddable":true,"href":"https:\/\/whatthefrance.org\/es\/wp-json\/wp\/v2\/categories?post=53961"},{"taxonomy":"post_tag","embeddable":true,"href":"https:\/\/whatthefrance.org\/es\/wp-json\/wp\/v2\/tags?post=53961"}],"curies":[{"name":"wp","href":"https:\/\/api.w.org\/{rel}","templated":true}]}}