{"id":54912,"date":"2023-04-18T10:00:27","date_gmt":"2023-04-18T08:00:27","guid":{"rendered":"https:\/\/whatthefrance.org\/?p=54912"},"modified":"2023-04-21T09:28:55","modified_gmt":"2023-04-21T07:28:55","slug":"naissam-jalal-nuevo-album","status":"publish","type":"post","link":"https:\/\/whatthefrance.org\/es\/naissam-jalal-nuevo-album\/","title":{"rendered":"Na\u00efssam Jalal | \u00a1Nuevo \u00e1lbum"},"content":{"rendered":"<p><a href=\"https:\/\/www.instagram.com\/naissamjalal\/\"><b>Na\u00efssam Jalal<\/b><\/a><span style=\"font-weight: 400;\"> presenta su nuevo \u00e1lbum, <\/span><b><i>Healing Rituals<\/i><\/b><span style=\"font-weight: 400;\">. Esta destacado flautista y compositor de origen sirio, nacido y criado en los suburbios de Par\u00eds, proviene de una familia marcada por la pasi\u00f3n y la curiosidad musical.<br \/>\nM\u00e1s pronto que tarde trascendi\u00f3 en \u00e9l la esencia de la m\u00fasica cl\u00e1sica europea y \u00e1rabe, la improvisaci\u00f3n del jazz, el hip-hop, el funk y los ritmos africanos, con un agudo sentido de la s\u00edntesis y un toque hipersensible.<\/span><\/p>\n<p><iframe loading=\"lazy\" title=\"Na\u00efssam Jalal &quot;Healing Rituals&quot; - Rituel du vent (Live  @points_communs_sn)\" width=\"500\" height=\"281\" src=\"https:\/\/www.youtube.com\/embed\/8URdPw1eO64?feature=oembed\" frameborder=\"0\" allow=\"accelerometer; autoplay; clipboard-write; encrypted-media; gyroscope; picture-in-picture; web-share\" referrerpolicy=\"strict-origin-when-cross-origin\" allowfullscreen><\/iframe><\/p>\n<p><span style=\"font-weight: 400;\">Na\u00efssam Jalal relata la g\u00e9nesis de su nuevo \u00e1lbum, <\/span><i><span style=\"font-weight: 400;\">Healing Rituals<\/span><\/i><span style=\"font-weight: 400;\">, lanzado el 31 de marzo de 2023. Este \u00e1lbum, por su lado, se hace eco de <\/span><b><i>Quest of the Invisible<\/i><\/b><span style=\"font-weight: 400;\">, su \u00e1lbum de 2019.<\/span><\/p>\n<p><span style=\"font-weight: 400;\">Entre su nuevo \u00e1lbum, <\/span><i><span style=\"font-weight: 400;\">Healing Rituals<\/span><\/i><span style=\"font-weight: 400;\"> y la curaci\u00f3n, solo hay un grado de diferencia. Los ocho rituales que escuchamos y sentimos a lo largo de este \u00e1lbum son una llamada de cincuenta minutos a la <\/span><b>sanaci\u00f3n<\/b><span style=\"font-weight: 400;\">. Se trata de una formaci\u00f3n de cuarteto que <\/span><b>Na\u00efssal Jalal <\/b><span style=\"font-weight: 400;\">ha elegido para plasmar los rituales de este \u00e1lbum con acentos orientales, serenos y lunares.Tomando prestados sonidos del jazz, la m\u00fasica indostan\u00ed y sahariana, los <b>arabescos<\/b> responden a los tres imperativos de un cuerpo que sufre: el silencio, el trance y la belleza. M\u00edstica, tranquila y relajante, esta p\u00f3cima musical es todo lo que el esp\u00edritu necesita para recobrar la esperanza y olvidar dolores y angustias.<\/span><\/p>\n<p><span style=\"font-weight: 400;\">\u201c<\/span><i><span style=\"font-weight: 400;\">En un momento particularmente doloroso de mi vida, tuve que pasar algunas semanas en el hospital<\/span><\/i><span style=\"font-weight: 400;\">. Un amigo m\u00fasico vino a verme y toc\u00f3 en mi habitaci\u00f3n. <\/span><i><span style=\"font-weight: 400;\">Escuchar su m\u00fasica en ese momento y en ese lugar tuvo un efecto muy fuerte en m\u00ed, tanto a nivel moral, para mi bienestar interior y a nivel fisiol\u00f3gico<\/span><\/i><span style=\"font-weight: 400;\">. <\/span><i><span style=\"font-weight: 400;\">As\u00ed que decid\u00ed compartir con otros lo que hab\u00eda recibido<\/span><\/i><span style=\"font-weight: 400;\">. <\/span><i><span style=\"font-weight: 400;\">Mis <\/span><\/i><b><i>rituales de sanaci\u00f3n<\/i><\/b><i><span style=\"font-weight: 400;\"> se centran en los tres imperativos de un cuerpo con dolor: silencio, trance y belleza<\/span><\/i><span style=\"font-weight: 400;\">. <\/span><i><span style=\"font-weight: 400;\">Silencio para calmarse<\/span><\/i><span style=\"font-weight: 400;\">. <\/span><i><span style=\"font-weight: 400;\">El trance para olvidar el dolor y la angustia<\/span><\/i><span style=\"font-weight: 400;\">. <\/span><i><span style=\"font-weight: 400;\">La belleza es lo que el esp\u00edritu necesita como alimento para encontrar la esperanza y el deseo de vivir frente a la fealdad del cuerpo que sufre<\/span><\/i><span style=\"font-weight: 400;\">\u201d.<\/span><\/p>\n<p><span style=\"font-weight: 400;\">Compuestos por elementos fuera de toda tradici\u00f3n, son los frutos de su imaginaci\u00f3n los que dise\u00f1aron los rituales que escuchamos en <\/span><i><span style=\"font-weight: 400;\">Healing Rituals<\/span><\/i><span style=\"font-weight: 400;\">. La calma, la plenitud, el asombro, el r\u00edo, la luna, el sol, los cerros, la niebla, el bosque, el viento y la tierra le sirvieron de inspiraci\u00f3n. El \u00e1lbum transcribe en m\u00fasica la poderosa energ\u00eda de cada uno de estos elementos para recrear en los o\u00eddos de los oyentes las sentimientos que se crearon con ellos.<\/span><\/p>\n<p style=\"text-align: center;\"><img decoding=\"async\" class=\"size-medium wp-image-54817 aligncenter\" src=\"https:\/\/whatthefrance.org\/wp-content\/uploads\/2023\/04\/Un-autre-monde-300x276.jpg\" alt=\"\" width=\"300\" height=\"276\" srcset=\"https:\/\/whatthefrance.org\/wp-content\/uploads\/2023\/04\/Un-autre-monde-300x276.jpg 300w, https:\/\/whatthefrance.org\/wp-content\/uploads\/2023\/04\/Un-autre-monde.jpg 400w\" sizes=\"(max-width: 300px) 100vw, 300px\" \/>Su anterior \u00e1lbum, Un Autre Monde, lanzado en 2021.<\/p>\n<p><span style=\"font-weight: 400;\"><div class=\"playListBloc singleBloc\"><div class=\"playListBloc-wrap\">    <div class=\"thumbnail\"><img data-src=\"https:\/\/whatthefrance.org\/wp-content\/uploads\/2018\/11\/Design-sans-titre-254x254.jpg\" class=\"lazyload\" alt=\"Design sans titre\" \/>    <\/div>    <div class=\"infos\">        <span class=\"tag\">Genres<\/span>        <h2>Kiss my Jazz<\/h2>        <span class=\"separator\"><\/span>       <span class=\"desc\">Jam to the latest jazz hits made in France.<\/span><div class=\"share flex flexAlignCenter \">\t<span class=\"label\">Compartir<\/span>\t<a href=\"https:\/\/www.facebook.com\/sharer\/sharer.php?u=https:\/\/whatthefrance.org\/es\/playlists\/kiss-my-jazz\/\" class=\"facebook\" target=\"_blank\" rel=\"noreferrer\">Facebook<\/a>\t<a href=\"https:\/\/twitter.com\/intent\/tweet?url=https:\/\/whatthefrance.org\/es\/playlists\/kiss-my-jazz\/&text=Kiss+my+Jazz&hashtags=WTF\" class=\"twitter\" target=\"_blank\" rel=\"noreferrer\">Twitter<\/a>\t<a href=\"mailto:?subject=What%20the%20France%20%3A%20Kiss%20my%20Jazz&body=https:\/\/whatthefrance.org\/es\/playlists\/kiss-my-jazz\/\" class=\"mail\" target=\"_blank\" rel=\"noreferrer\">Email<\/a><\/div>        <a href=\"#\" class=\"btn btnPlaylist orange playlist-click\" data-id=\"9893\">            <svg version=\"1.1\" x=\"0px\" y=\"0px\" width=\"40px\" height=\"40px\" viewBox=\"0 0 213.7 213.7\" enable-background=\"new 0 0 213.7 213.7\" xml:space=\"preserve\">                <polygon class=\"triangle\" fill=\"none\" stroke-width=\"10\" stroke-linecap=\"round\" stroke-linejoin=\"round\" stroke-miterlimit=\"10\" points=\"\n            73.5,62.5 148.5,105.8 73.5,149.1 \"\/>                <circle class=\"circle\" fill=\"none\"  stroke-width=\"8\" stroke-linecap=\"round\" stroke-linejoin=\"round\" stroke-miterlimit=\"10\" cx=\"106.8\" cy=\"106.8\" r=\"103.3\"\/>                <circle class=\"circle-white\" fill=\"none\"  stroke-width=\"8\" stroke-linecap=\"round\" stroke-linejoin=\"round\" stroke-miterlimit=\"10\" cx=\"106.8\" cy=\"106.8\" r=\"103.3\"\/>            <\/svg>Escuchar        <\/a>    <\/div>  <\/div><\/div><\/span><\/p>\n","protected":false},"excerpt":{"rendered":"<p>Na\u00efssam Jalal presenta su nuevo \u00e1lbum, Healing Rituals. Esta destacado flautista y compositor de origen sirio, nacido y criado en los suburbios de Par\u00eds, proviene de una familia marcada por la pasi\u00f3n y la curiosidad musical. M\u00e1s pronto que tarde trascendi\u00f3 en \u00e9l la esencia de la m\u00fasica cl\u00e1sica europea y \u00e1rabe, la improvisaci\u00f3n del [&hellip;]<\/p>\n","protected":false},"author":35,"featured_media":0,"comment_status":"closed","ping_status":"closed","sticky":false,"template":"","format":"standard","meta":{"_acf_changed":false,"footnotes":""},"categories":[1968],"tags":[1930,1956],"class_list":["post-54912","post","type-post","status-publish","format-standard","hentry","category-release-es","tag-contemporary-es","tag-world-es"],"acf":[],"yoast_head":"<!-- This site is optimized with the Yoast SEO plugin v27.3 - https:\/\/yoast.com\/product\/yoast-seo-wordpress\/ -->\n<title>Na\u00efssam Jalal | \u00a1Nuevo \u00e1lbum - What the France<\/title>\n<meta name=\"robots\" content=\"index, follow, max-snippet:-1, max-image-preview:large, max-video-preview:-1\" \/>\n<link rel=\"canonical\" href=\"https:\/\/whatthefrance.org\/es\/naissam-jalal-nuevo-album\/\" \/>\n<meta property=\"og:locale\" content=\"es_ES\" \/>\n<meta property=\"og:type\" content=\"article\" \/>\n<meta property=\"og:title\" content=\"Na\u00efssam Jalal | \u00a1Nuevo \u00e1lbum - What the France\" \/>\n<meta property=\"og:description\" content=\"Na\u00efssam Jalal presenta su nuevo \u00e1lbum, Healing Rituals. Esta destacado flautista y compositor de origen sirio, nacido y criado en los suburbios de Par\u00eds, proviene de una familia marcada por la pasi\u00f3n y la curiosidad musical. M\u00e1s pronto que tarde trascendi\u00f3 en \u00e9l la esencia de la m\u00fasica cl\u00e1sica europea y \u00e1rabe, la improvisaci\u00f3n del [&hellip;]\" \/>\n<meta property=\"og:url\" content=\"https:\/\/whatthefrance.org\/es\/naissam-jalal-nuevo-album\/\" \/>\n<meta property=\"og:site_name\" content=\"What the France\" \/>\n<meta property=\"article:published_time\" content=\"2023-04-18T08:00:27+00:00\" \/>\n<meta property=\"article:modified_time\" content=\"2023-04-21T07:28:55+00:00\" \/>\n<meta property=\"og:image\" content=\"https:\/\/whatthefrance.org\/wp-content\/uploads\/2023\/04\/naissam_jalal_what_the_france.png\" \/>\n\t<meta property=\"og:image:width\" content=\"1084\" \/>\n\t<meta property=\"og:image:height\" content=\"452\" \/><meta property=\"og:image\" content=\"https:\/\/whatthefrance.org\/wp-content\/uploads\/2023\/04\/Un-autre-monde-300x276.jpg\" \/>\n<meta name=\"author\" content=\"ultrapop-gustavo\" \/>\n<meta name=\"twitter:card\" content=\"summary_large_image\" \/>\n<meta name=\"twitter:label1\" content=\"Escrito por\" \/>\n\t<meta name=\"twitter:data1\" content=\"ultrapop-gustavo\" \/>\n\t<meta name=\"twitter:label2\" content=\"Tiempo de lectura\" \/>\n\t<meta name=\"twitter:data2\" content=\"3 minutos\" \/>\n<script type=\"application\/ld+json\" class=\"yoast-schema-graph\">{\"@context\":\"https:\\\/\\\/schema.org\",\"@graph\":[{\"@type\":\"Article\",\"@id\":\"https:\\\/\\\/whatthefrance.org\\\/es\\\/naissam-jalal-nuevo-album\\\/#article\",\"isPartOf\":{\"@id\":\"https:\\\/\\\/whatthefrance.org\\\/es\\\/naissam-jalal-nuevo-album\\\/\"},\"author\":{\"name\":\"ultrapop-gustavo\",\"@id\":\"https:\\\/\\\/whatthefrance.org\\\/es\\\/#\\\/schema\\\/person\\\/ec6689bd96bf81ba9dcf2264cb54c946\"},\"headline\":\"Na\u00efssam Jalal | \u00a1Nuevo \u00e1lbum\",\"datePublished\":\"2023-04-18T08:00:27+00:00\",\"dateModified\":\"2023-04-21T07:28:55+00:00\",\"mainEntityOfPage\":{\"@id\":\"https:\\\/\\\/whatthefrance.org\\\/es\\\/naissam-jalal-nuevo-album\\\/\"},\"wordCount\":477,\"publisher\":{\"@id\":\"https:\\\/\\\/whatthefrance.org\\\/es\\\/#organization\"},\"image\":{\"@id\":\"https:\\\/\\\/whatthefrance.org\\\/es\\\/naissam-jalal-nuevo-album\\\/#primaryimage\"},\"thumbnailUrl\":\"https:\\\/\\\/whatthefrance.org\\\/wp-content\\\/uploads\\\/2023\\\/04\\\/Un-autre-monde-300x276.jpg\",\"keywords\":[\"Contemporary\",\"World\"],\"articleSection\":[\"Release\"],\"inLanguage\":\"es\"},{\"@type\":\"WebPage\",\"@id\":\"https:\\\/\\\/whatthefrance.org\\\/es\\\/naissam-jalal-nuevo-album\\\/\",\"url\":\"https:\\\/\\\/whatthefrance.org\\\/es\\\/naissam-jalal-nuevo-album\\\/\",\"name\":\"Na\u00efssam Jalal | \u00a1Nuevo \u00e1lbum - What the France\",\"isPartOf\":{\"@id\":\"https:\\\/\\\/whatthefrance.org\\\/es\\\/#website\"},\"primaryImageOfPage\":{\"@id\":\"https:\\\/\\\/whatthefrance.org\\\/es\\\/naissam-jalal-nuevo-album\\\/#primaryimage\"},\"image\":{\"@id\":\"https:\\\/\\\/whatthefrance.org\\\/es\\\/naissam-jalal-nuevo-album\\\/#primaryimage\"},\"thumbnailUrl\":\"https:\\\/\\\/whatthefrance.org\\\/wp-content\\\/uploads\\\/2023\\\/04\\\/Un-autre-monde-300x276.jpg\",\"datePublished\":\"2023-04-18T08:00:27+00:00\",\"dateModified\":\"2023-04-21T07:28:55+00:00\",\"breadcrumb\":{\"@id\":\"https:\\\/\\\/whatthefrance.org\\\/es\\\/naissam-jalal-nuevo-album\\\/#breadcrumb\"},\"inLanguage\":\"es\",\"potentialAction\":[{\"@type\":\"ReadAction\",\"target\":[\"https:\\\/\\\/whatthefrance.org\\\/es\\\/naissam-jalal-nuevo-album\\\/\"]}]},{\"@type\":\"ImageObject\",\"inLanguage\":\"es\",\"@id\":\"https:\\\/\\\/whatthefrance.org\\\/es\\\/naissam-jalal-nuevo-album\\\/#primaryimage\",\"url\":\"https:\\\/\\\/whatthefrance.org\\\/wp-content\\\/uploads\\\/2023\\\/04\\\/Un-autre-monde-300x276.jpg\",\"contentUrl\":\"https:\\\/\\\/whatthefrance.org\\\/wp-content\\\/uploads\\\/2023\\\/04\\\/Un-autre-monde-300x276.jpg\"},{\"@type\":\"BreadcrumbList\",\"@id\":\"https:\\\/\\\/whatthefrance.org\\\/es\\\/naissam-jalal-nuevo-album\\\/#breadcrumb\",\"itemListElement\":[{\"@type\":\"ListItem\",\"position\":1,\"name\":\"Home\",\"item\":\"https:\\\/\\\/whatthefrance.org\\\/es\\\/\"},{\"@type\":\"ListItem\",\"position\":2,\"name\":\"Na\u00efssam Jalal | \u00a1Nuevo \u00e1lbum\"}]},{\"@type\":\"WebSite\",\"@id\":\"https:\\\/\\\/whatthefrance.org\\\/es\\\/#website\",\"url\":\"https:\\\/\\\/whatthefrance.org\\\/es\\\/\",\"name\":\"What the France\",\"description\":\"The finest music made in France !\",\"publisher\":{\"@id\":\"https:\\\/\\\/whatthefrance.org\\\/es\\\/#organization\"},\"potentialAction\":[{\"@type\":\"SearchAction\",\"target\":{\"@type\":\"EntryPoint\",\"urlTemplate\":\"https:\\\/\\\/whatthefrance.org\\\/es\\\/?s={search_term_string}\"},\"query-input\":{\"@type\":\"PropertyValueSpecification\",\"valueRequired\":true,\"valueName\":\"search_term_string\"}}],\"inLanguage\":\"es\"},{\"@type\":\"Organization\",\"@id\":\"https:\\\/\\\/whatthefrance.org\\\/es\\\/#organization\",\"name\":\"What The France\",\"url\":\"https:\\\/\\\/whatthefrance.org\\\/es\\\/\",\"logo\":{\"@type\":\"ImageObject\",\"inLanguage\":\"es\",\"@id\":\"https:\\\/\\\/whatthefrance.org\\\/es\\\/#\\\/schema\\\/logo\\\/image\\\/\",\"url\":\"https:\\\/\\\/whatthefrance.org\\\/wp-content\\\/uploads\\\/2019\\\/12\\\/44688719_2251580388408837_694180218134331392_n-e1577679609190.png\",\"contentUrl\":\"https:\\\/\\\/whatthefrance.org\\\/wp-content\\\/uploads\\\/2019\\\/12\\\/44688719_2251580388408837_694180218134331392_n-e1577679609190.png\",\"width\":200,\"height\":200,\"caption\":\"What The France\"},\"image\":{\"@id\":\"https:\\\/\\\/whatthefrance.org\\\/es\\\/#\\\/schema\\\/logo\\\/image\\\/\"}},{\"@type\":\"Person\",\"@id\":\"https:\\\/\\\/whatthefrance.org\\\/es\\\/#\\\/schema\\\/person\\\/ec6689bd96bf81ba9dcf2264cb54c946\",\"name\":\"ultrapop-gustavo\",\"image\":{\"@type\":\"ImageObject\",\"inLanguage\":\"es\",\"@id\":\"https:\\\/\\\/secure.gravatar.com\\\/avatar\\\/9f35e3e5944405caa221d3f9ae6c981bac53ada24e0340936c6d6364326ab920?s=96&d=mm&r=g\",\"url\":\"https:\\\/\\\/secure.gravatar.com\\\/avatar\\\/9f35e3e5944405caa221d3f9ae6c981bac53ada24e0340936c6d6364326ab920?s=96&d=mm&r=g\",\"contentUrl\":\"https:\\\/\\\/secure.gravatar.com\\\/avatar\\\/9f35e3e5944405caa221d3f9ae6c981bac53ada24e0340936c6d6364326ab920?s=96&d=mm&r=g\",\"caption\":\"ultrapop-gustavo\"}}]}<\/script>\n<!-- \/ Yoast SEO plugin. -->","yoast_head_json":{"title":"Na\u00efssam Jalal | \u00a1Nuevo \u00e1lbum - What the France","robots":{"index":"index","follow":"follow","max-snippet":"max-snippet:-1","max-image-preview":"max-image-preview:large","max-video-preview":"max-video-preview:-1"},"canonical":"https:\/\/whatthefrance.org\/es\/naissam-jalal-nuevo-album\/","og_locale":"es_ES","og_type":"article","og_title":"Na\u00efssam Jalal | \u00a1Nuevo \u00e1lbum - What the France","og_description":"Na\u00efssam Jalal presenta su nuevo \u00e1lbum, Healing Rituals. Esta destacado flautista y compositor de origen sirio, nacido y criado en los suburbios de Par\u00eds, proviene de una familia marcada por la pasi\u00f3n y la curiosidad musical. M\u00e1s pronto que tarde trascendi\u00f3 en \u00e9l la esencia de la m\u00fasica cl\u00e1sica europea y \u00e1rabe, la improvisaci\u00f3n del [&hellip;]","og_url":"https:\/\/whatthefrance.org\/es\/naissam-jalal-nuevo-album\/","og_site_name":"What the France","article_published_time":"2023-04-18T08:00:27+00:00","article_modified_time":"2023-04-21T07:28:55+00:00","og_image":[{"url":"https:\/\/whatthefrance.org\/wp-content\/uploads\/2023\/04\/naissam_jalal_what_the_france.png","height":452,"width":1084,"type":""},{"url":"https:\/\/whatthefrance.org\/wp-content\/uploads\/2023\/04\/Un-autre-monde-300x276.jpg","type":"","width":"","height":""}],"author":"ultrapop-gustavo","twitter_card":"summary_large_image","twitter_misc":{"Escrito por":"ultrapop-gustavo","Tiempo de lectura":"3 minutos"},"schema":{"@context":"https:\/\/schema.org","@graph":[{"@type":"Article","@id":"https:\/\/whatthefrance.org\/es\/naissam-jalal-nuevo-album\/#article","isPartOf":{"@id":"https:\/\/whatthefrance.org\/es\/naissam-jalal-nuevo-album\/"},"author":{"name":"ultrapop-gustavo","@id":"https:\/\/whatthefrance.org\/es\/#\/schema\/person\/ec6689bd96bf81ba9dcf2264cb54c946"},"headline":"Na\u00efssam Jalal | \u00a1Nuevo \u00e1lbum","datePublished":"2023-04-18T08:00:27+00:00","dateModified":"2023-04-21T07:28:55+00:00","mainEntityOfPage":{"@id":"https:\/\/whatthefrance.org\/es\/naissam-jalal-nuevo-album\/"},"wordCount":477,"publisher":{"@id":"https:\/\/whatthefrance.org\/es\/#organization"},"image":{"@id":"https:\/\/whatthefrance.org\/es\/naissam-jalal-nuevo-album\/#primaryimage"},"thumbnailUrl":"https:\/\/whatthefrance.org\/wp-content\/uploads\/2023\/04\/Un-autre-monde-300x276.jpg","keywords":["Contemporary","World"],"articleSection":["Release"],"inLanguage":"es"},{"@type":"WebPage","@id":"https:\/\/whatthefrance.org\/es\/naissam-jalal-nuevo-album\/","url":"https:\/\/whatthefrance.org\/es\/naissam-jalal-nuevo-album\/","name":"Na\u00efssam Jalal | \u00a1Nuevo \u00e1lbum - What the France","isPartOf":{"@id":"https:\/\/whatthefrance.org\/es\/#website"},"primaryImageOfPage":{"@id":"https:\/\/whatthefrance.org\/es\/naissam-jalal-nuevo-album\/#primaryimage"},"image":{"@id":"https:\/\/whatthefrance.org\/es\/naissam-jalal-nuevo-album\/#primaryimage"},"thumbnailUrl":"https:\/\/whatthefrance.org\/wp-content\/uploads\/2023\/04\/Un-autre-monde-300x276.jpg","datePublished":"2023-04-18T08:00:27+00:00","dateModified":"2023-04-21T07:28:55+00:00","breadcrumb":{"@id":"https:\/\/whatthefrance.org\/es\/naissam-jalal-nuevo-album\/#breadcrumb"},"inLanguage":"es","potentialAction":[{"@type":"ReadAction","target":["https:\/\/whatthefrance.org\/es\/naissam-jalal-nuevo-album\/"]}]},{"@type":"ImageObject","inLanguage":"es","@id":"https:\/\/whatthefrance.org\/es\/naissam-jalal-nuevo-album\/#primaryimage","url":"https:\/\/whatthefrance.org\/wp-content\/uploads\/2023\/04\/Un-autre-monde-300x276.jpg","contentUrl":"https:\/\/whatthefrance.org\/wp-content\/uploads\/2023\/04\/Un-autre-monde-300x276.jpg"},{"@type":"BreadcrumbList","@id":"https:\/\/whatthefrance.org\/es\/naissam-jalal-nuevo-album\/#breadcrumb","itemListElement":[{"@type":"ListItem","position":1,"name":"Home","item":"https:\/\/whatthefrance.org\/es\/"},{"@type":"ListItem","position":2,"name":"Na\u00efssam Jalal | \u00a1Nuevo \u00e1lbum"}]},{"@type":"WebSite","@id":"https:\/\/whatthefrance.org\/es\/#website","url":"https:\/\/whatthefrance.org\/es\/","name":"What the France","description":"The finest music made in France !","publisher":{"@id":"https:\/\/whatthefrance.org\/es\/#organization"},"potentialAction":[{"@type":"SearchAction","target":{"@type":"EntryPoint","urlTemplate":"https:\/\/whatthefrance.org\/es\/?s={search_term_string}"},"query-input":{"@type":"PropertyValueSpecification","valueRequired":true,"valueName":"search_term_string"}}],"inLanguage":"es"},{"@type":"Organization","@id":"https:\/\/whatthefrance.org\/es\/#organization","name":"What The France","url":"https:\/\/whatthefrance.org\/es\/","logo":{"@type":"ImageObject","inLanguage":"es","@id":"https:\/\/whatthefrance.org\/es\/#\/schema\/logo\/image\/","url":"https:\/\/whatthefrance.org\/wp-content\/uploads\/2019\/12\/44688719_2251580388408837_694180218134331392_n-e1577679609190.png","contentUrl":"https:\/\/whatthefrance.org\/wp-content\/uploads\/2019\/12\/44688719_2251580388408837_694180218134331392_n-e1577679609190.png","width":200,"height":200,"caption":"What The France"},"image":{"@id":"https:\/\/whatthefrance.org\/es\/#\/schema\/logo\/image\/"}},{"@type":"Person","@id":"https:\/\/whatthefrance.org\/es\/#\/schema\/person\/ec6689bd96bf81ba9dcf2264cb54c946","name":"ultrapop-gustavo","image":{"@type":"ImageObject","inLanguage":"es","@id":"https:\/\/secure.gravatar.com\/avatar\/9f35e3e5944405caa221d3f9ae6c981bac53ada24e0340936c6d6364326ab920?s=96&d=mm&r=g","url":"https:\/\/secure.gravatar.com\/avatar\/9f35e3e5944405caa221d3f9ae6c981bac53ada24e0340936c6d6364326ab920?s=96&d=mm&r=g","contentUrl":"https:\/\/secure.gravatar.com\/avatar\/9f35e3e5944405caa221d3f9ae6c981bac53ada24e0340936c6d6364326ab920?s=96&d=mm&r=g","caption":"ultrapop-gustavo"}}]}},"_links":{"self":[{"href":"https:\/\/whatthefrance.org\/es\/wp-json\/wp\/v2\/posts\/54912","targetHints":{"allow":["GET"]}}],"collection":[{"href":"https:\/\/whatthefrance.org\/es\/wp-json\/wp\/v2\/posts"}],"about":[{"href":"https:\/\/whatthefrance.org\/es\/wp-json\/wp\/v2\/types\/post"}],"author":[{"embeddable":true,"href":"https:\/\/whatthefrance.org\/es\/wp-json\/wp\/v2\/users\/35"}],"replies":[{"embeddable":true,"href":"https:\/\/whatthefrance.org\/es\/wp-json\/wp\/v2\/comments?post=54912"}],"version-history":[{"count":4,"href":"https:\/\/whatthefrance.org\/es\/wp-json\/wp\/v2\/posts\/54912\/revisions"}],"predecessor-version":[{"id":55044,"href":"https:\/\/whatthefrance.org\/es\/wp-json\/wp\/v2\/posts\/54912\/revisions\/55044"}],"wp:attachment":[{"href":"https:\/\/whatthefrance.org\/es\/wp-json\/wp\/v2\/media?parent=54912"}],"wp:term":[{"taxonomy":"category","embeddable":true,"href":"https:\/\/whatthefrance.org\/es\/wp-json\/wp\/v2\/categories?post=54912"},{"taxonomy":"post_tag","embeddable":true,"href":"https:\/\/whatthefrance.org\/es\/wp-json\/wp\/v2\/tags?post=54912"}],"curies":[{"name":"wp","href":"https:\/\/api.w.org\/{rel}","templated":true}]}}