{"id":55249,"date":"2023-05-05T10:00:34","date_gmt":"2023-05-05T08:00:34","guid":{"rendered":"https:\/\/whatthefrance.org\/?p=55249"},"modified":"2023-05-09T09:46:28","modified_gmt":"2023-05-09T07:46:28","slug":"jupiter-okwess-mexico-primera-parada-de-su-gira-por-america","status":"publish","type":"post","link":"https:\/\/whatthefrance.org\/es\/jupiter-okwess-mexico-primera-parada-de-su-gira-por-america\/","title":{"rendered":"Jupiter &#038; Okwess | \u00a1M\u00e9xico, primera parada de su gira por Am\u00e9rica!"},"content":{"rendered":"<p><a href=\"https:\/\/www.instagram.com\/jupiterokwess\/\"><b>Jupiter &amp; Okwess<\/b><\/a><span style=\"font-weight: 400;\">, originario de Rep\u00fablica Democr\u00e1tica del Congo, se encuentra actualmente en latinoam\u00e9rica para presentarse en M\u00e9xico, el pa\u00eds que visit\u00f3 durante octubre de 2022 en el marco de su \u00faltima gira, conocida como <\/span><b><i>M\u00e9xico Is My Land Tour<\/i><\/b><span style=\"font-weight: 400;\">. Luego de dar en ese entonces siete conciertos, con los que recorri\u00f3 varias ciudades (como Ciudad de M\u00e9xico, Aguascalientes, Los Cabos, Zacatecas y Guadalajara), Jupiter &amp; Okwess regresa para dar <\/span><b>dos nuevas fechas durante abril y mayo<\/b><span style=\"font-weight: 400;\"> de este a\u00f1o.<\/span><\/p>\n<p><span style=\"font-weight: 400;\">Los show de Jupiter &amp; Okwess integran actualmente una selecci\u00f3n de sus m\u00e1s grandes \u00e9xitos, adem\u00e1s de varias canciones de su \u00faltimo \u00e1lbum, <\/span><b><i>Na Kozonga<\/i><\/b><span style=\"font-weight: 400;\">, lanzado a principios de 2021. En sus simples encontramos una <\/span><b>mezcla de ritmos, que van de la m\u00fasica tradicional africana hasta llegar al jazz, a la samba y a la m\u00fasica soul<\/b><span style=\"font-weight: 400;\">, entre otros g\u00e9neros que convierten a la experiencia de escucharlo en vivo en una mezcla llena de energ\u00edas y de ritmos contagiosos.<\/span><\/p>\n<p><iframe loading=\"lazy\" title=\"Jupiter &amp; Okwess - You Sold Me a Dream (feat. Ana Tijoux) (Official Video)\" width=\"500\" height=\"375\" src=\"https:\/\/www.youtube.com\/embed\/diqsrgtJj9g?feature=oembed\" frameborder=\"0\" allow=\"accelerometer; autoplay; clipboard-write; encrypted-media; gyroscope; picture-in-picture; web-share\" referrerpolicy=\"strict-origin-when-cross-origin\" allowfullscreen><\/iframe><\/p>\n<p><span style=\"font-weight: 400;\">Los dos conciertos que Jupiter &amp; Okwess dar\u00e1 en el pa\u00eds latinoamericano se llevar\u00e1n a cabo el 28 de abril en el teatro Foro Indierocks! de la Ciudad de M\u00e9xico (donde encabeza la programaci\u00f3n de la noche junto al grupo peruano Novalima) y el 6 de mayo en el Auditorio Lake Forum, de la ciudad Aguascalientes.<\/span><\/p>\n<div class=\"playListBloc singleBloc\"><div class=\"playListBloc-wrap\">    <div class=\"thumbnail\"><img data-src=\"https:\/\/whatthefrance.org\/wp-content\/uploads\/2018\/11\/WTF-Pochettes_world_4-254x254.jpg\" class=\"lazyload\" alt=\"WTF&#8212;Pochettes_world_4\" \/>    <\/div>    <div class=\"infos\">        <span class=\"tag\">Genres<\/span>        <h2>Around The World<\/h2>        <span class=\"separator\"><\/span>       <span class=\"desc\">Explore the latest world music hits made in France. Follow us for weekly updates !<\/span><div class=\"share flex flexAlignCenter \">\t<span class=\"label\">Compartir<\/span>\t<a href=\"https:\/\/www.facebook.com\/sharer\/sharer.php?u=https:\/\/whatthefrance.org\/es\/playlists\/around-the-world\/\" class=\"facebook\" target=\"_blank\" rel=\"noreferrer\">Facebook<\/a>\t<a href=\"https:\/\/twitter.com\/intent\/tweet?url=https:\/\/whatthefrance.org\/es\/playlists\/around-the-world\/&text=Around+The+World&hashtags=WTF\" class=\"twitter\" target=\"_blank\" rel=\"noreferrer\">Twitter<\/a>\t<a href=\"mailto:?subject=What%20the%20France%20%3A%20Around%20The%20World&body=https:\/\/whatthefrance.org\/es\/playlists\/around-the-world\/\" class=\"mail\" target=\"_blank\" rel=\"noreferrer\">Email<\/a><\/div>        <a href=\"#\" class=\"btn btnPlaylist orange playlist-click\" data-id=\"9882\">            <svg version=\"1.1\" x=\"0px\" y=\"0px\" width=\"40px\" height=\"40px\" viewBox=\"0 0 213.7 213.7\" enable-background=\"new 0 0 213.7 213.7\" xml:space=\"preserve\">                <polygon class=\"triangle\" fill=\"none\" stroke-width=\"10\" stroke-linecap=\"round\" stroke-linejoin=\"round\" stroke-miterlimit=\"10\" points=\"\n            73.5,62.5 148.5,105.8 73.5,149.1 \"\/>                <circle class=\"circle\" fill=\"none\"  stroke-width=\"8\" stroke-linecap=\"round\" stroke-linejoin=\"round\" stroke-miterlimit=\"10\" cx=\"106.8\" cy=\"106.8\" r=\"103.3\"\/>                <circle class=\"circle-white\" fill=\"none\"  stroke-width=\"8\" stroke-linecap=\"round\" stroke-linejoin=\"round\" stroke-miterlimit=\"10\" cx=\"106.8\" cy=\"106.8\" r=\"103.3\"\/>            <\/svg>Escuchar        <\/a>    <\/div>  <\/div><\/div>\n<p>La gira continuar\u00e1 luego por Brasil, Estados Unidos de Norteam\u00e9rica y Canada. Vea la lista de ciudades donde se presentar\u00e1 en la web de What The France.<\/p>\n","protected":false},"excerpt":{"rendered":"<p>Jupiter &amp; Okwess, originario de Rep\u00fablica Democr\u00e1tica del Congo, se encuentra actualmente en latinoam\u00e9rica para presentarse en M\u00e9xico, el pa\u00eds que visit\u00f3 durante octubre de 2022 en el marco de su \u00faltima gira, conocida como M\u00e9xico Is My Land Tour. Luego de dar en ese entonces siete conciertos, con los que recorri\u00f3 varias ciudades (como [&hellip;]<\/p>\n","protected":false},"author":35,"featured_media":0,"comment_status":"closed","ping_status":"closed","sticky":false,"template":"","format":"standard","meta":{"_acf_changed":false,"footnotes":""},"categories":[1965],"tags":[1945,1956],"class_list":["post-55249","post","type-post","status-publish","format-standard","hentry","category-events-es","tag-pop-es","tag-world-es"],"acf":[],"yoast_head":"<!-- This site is optimized with the Yoast SEO plugin v27.3 - https:\/\/yoast.com\/product\/yoast-seo-wordpress\/ -->\n<title>Jupiter &amp; Okwess | \u00a1M\u00e9xico, primera parada de su gira por Am\u00e9rica! - What the France<\/title>\n<meta name=\"robots\" content=\"index, follow, max-snippet:-1, max-image-preview:large, max-video-preview:-1\" \/>\n<link rel=\"canonical\" href=\"https:\/\/whatthefrance.org\/es\/jupiter-okwess-mexico-primera-parada-de-su-gira-por-america\/\" \/>\n<meta property=\"og:locale\" content=\"es_ES\" \/>\n<meta property=\"og:type\" content=\"article\" \/>\n<meta property=\"og:title\" content=\"Jupiter &amp; Okwess | \u00a1M\u00e9xico, primera parada de su gira por Am\u00e9rica! - What the France\" \/>\n<meta property=\"og:description\" content=\"Jupiter &amp; Okwess, originario de Rep\u00fablica Democr\u00e1tica del Congo, se encuentra actualmente en latinoam\u00e9rica para presentarse en M\u00e9xico, el pa\u00eds que visit\u00f3 durante octubre de 2022 en el marco de su \u00faltima gira, conocida como M\u00e9xico Is My Land Tour. Luego de dar en ese entonces siete conciertos, con los que recorri\u00f3 varias ciudades (como [&hellip;]\" \/>\n<meta property=\"og:url\" content=\"https:\/\/whatthefrance.org\/es\/jupiter-okwess-mexico-primera-parada-de-su-gira-por-america\/\" \/>\n<meta property=\"og:site_name\" content=\"What the France\" \/>\n<meta property=\"article:published_time\" content=\"2023-05-05T08:00:34+00:00\" \/>\n<meta property=\"article:modified_time\" content=\"2023-05-09T07:46:28+00:00\" \/>\n<meta property=\"og:image\" content=\"https:\/\/whatthefrance.org\/wp-content\/uploads\/2023\/05\/jupiterokwess_wordpress_imagecover_what_the_france.png\" \/>\n\t<meta property=\"og:image:width\" content=\"1084\" \/>\n\t<meta property=\"og:image:height\" content=\"452\" \/>\n<meta name=\"author\" content=\"ultrapop-gustavo\" \/>\n<meta name=\"twitter:card\" content=\"summary_large_image\" \/>\n<meta name=\"twitter:label1\" content=\"Escrito por\" \/>\n\t<meta name=\"twitter:data1\" content=\"ultrapop-gustavo\" \/>\n\t<meta name=\"twitter:label2\" content=\"Tiempo de lectura\" \/>\n\t<meta name=\"twitter:data2\" content=\"2 minutos\" \/>\n<script type=\"application\/ld+json\" class=\"yoast-schema-graph\">{\"@context\":\"https:\\\/\\\/schema.org\",\"@graph\":[{\"@type\":\"Article\",\"@id\":\"https:\\\/\\\/whatthefrance.org\\\/es\\\/jupiter-okwess-mexico-primera-parada-de-su-gira-por-america\\\/#article\",\"isPartOf\":{\"@id\":\"https:\\\/\\\/whatthefrance.org\\\/es\\\/jupiter-okwess-mexico-primera-parada-de-su-gira-por-america\\\/\"},\"author\":{\"name\":\"ultrapop-gustavo\",\"@id\":\"https:\\\/\\\/whatthefrance.org\\\/es\\\/#\\\/schema\\\/person\\\/ec6689bd96bf81ba9dcf2264cb54c946\"},\"headline\":\"Jupiter &#038; Okwess | \u00a1M\u00e9xico, primera parada de su gira por Am\u00e9rica!\",\"datePublished\":\"2023-05-05T08:00:34+00:00\",\"dateModified\":\"2023-05-09T07:46:28+00:00\",\"mainEntityOfPage\":{\"@id\":\"https:\\\/\\\/whatthefrance.org\\\/es\\\/jupiter-okwess-mexico-primera-parada-de-su-gira-por-america\\\/\"},\"wordCount\":277,\"publisher\":{\"@id\":\"https:\\\/\\\/whatthefrance.org\\\/es\\\/#organization\"},\"keywords\":[\"Pop\",\"World\"],\"articleSection\":[\"Event\"],\"inLanguage\":\"es\"},{\"@type\":\"WebPage\",\"@id\":\"https:\\\/\\\/whatthefrance.org\\\/es\\\/jupiter-okwess-mexico-primera-parada-de-su-gira-por-america\\\/\",\"url\":\"https:\\\/\\\/whatthefrance.org\\\/es\\\/jupiter-okwess-mexico-primera-parada-de-su-gira-por-america\\\/\",\"name\":\"Jupiter & Okwess | \u00a1M\u00e9xico, primera parada de su gira por Am\u00e9rica! - What the France\",\"isPartOf\":{\"@id\":\"https:\\\/\\\/whatthefrance.org\\\/es\\\/#website\"},\"datePublished\":\"2023-05-05T08:00:34+00:00\",\"dateModified\":\"2023-05-09T07:46:28+00:00\",\"breadcrumb\":{\"@id\":\"https:\\\/\\\/whatthefrance.org\\\/es\\\/jupiter-okwess-mexico-primera-parada-de-su-gira-por-america\\\/#breadcrumb\"},\"inLanguage\":\"es\",\"potentialAction\":[{\"@type\":\"ReadAction\",\"target\":[\"https:\\\/\\\/whatthefrance.org\\\/es\\\/jupiter-okwess-mexico-primera-parada-de-su-gira-por-america\\\/\"]}]},{\"@type\":\"BreadcrumbList\",\"@id\":\"https:\\\/\\\/whatthefrance.org\\\/es\\\/jupiter-okwess-mexico-primera-parada-de-su-gira-por-america\\\/#breadcrumb\",\"itemListElement\":[{\"@type\":\"ListItem\",\"position\":1,\"name\":\"Home\",\"item\":\"https:\\\/\\\/whatthefrance.org\\\/es\\\/\"},{\"@type\":\"ListItem\",\"position\":2,\"name\":\"Jupiter &#038; Okwess | \u00a1M\u00e9xico, primera parada de su gira por Am\u00e9rica!\"}]},{\"@type\":\"WebSite\",\"@id\":\"https:\\\/\\\/whatthefrance.org\\\/es\\\/#website\",\"url\":\"https:\\\/\\\/whatthefrance.org\\\/es\\\/\",\"name\":\"What the France\",\"description\":\"The finest music made in France !\",\"publisher\":{\"@id\":\"https:\\\/\\\/whatthefrance.org\\\/es\\\/#organization\"},\"potentialAction\":[{\"@type\":\"SearchAction\",\"target\":{\"@type\":\"EntryPoint\",\"urlTemplate\":\"https:\\\/\\\/whatthefrance.org\\\/es\\\/?s={search_term_string}\"},\"query-input\":{\"@type\":\"PropertyValueSpecification\",\"valueRequired\":true,\"valueName\":\"search_term_string\"}}],\"inLanguage\":\"es\"},{\"@type\":\"Organization\",\"@id\":\"https:\\\/\\\/whatthefrance.org\\\/es\\\/#organization\",\"name\":\"What The France\",\"url\":\"https:\\\/\\\/whatthefrance.org\\\/es\\\/\",\"logo\":{\"@type\":\"ImageObject\",\"inLanguage\":\"es\",\"@id\":\"https:\\\/\\\/whatthefrance.org\\\/es\\\/#\\\/schema\\\/logo\\\/image\\\/\",\"url\":\"https:\\\/\\\/whatthefrance.org\\\/wp-content\\\/uploads\\\/2019\\\/12\\\/44688719_2251580388408837_694180218134331392_n-e1577679609190.png\",\"contentUrl\":\"https:\\\/\\\/whatthefrance.org\\\/wp-content\\\/uploads\\\/2019\\\/12\\\/44688719_2251580388408837_694180218134331392_n-e1577679609190.png\",\"width\":200,\"height\":200,\"caption\":\"What The France\"},\"image\":{\"@id\":\"https:\\\/\\\/whatthefrance.org\\\/es\\\/#\\\/schema\\\/logo\\\/image\\\/\"}},{\"@type\":\"Person\",\"@id\":\"https:\\\/\\\/whatthefrance.org\\\/es\\\/#\\\/schema\\\/person\\\/ec6689bd96bf81ba9dcf2264cb54c946\",\"name\":\"ultrapop-gustavo\",\"image\":{\"@type\":\"ImageObject\",\"inLanguage\":\"es\",\"@id\":\"https:\\\/\\\/secure.gravatar.com\\\/avatar\\\/9f35e3e5944405caa221d3f9ae6c981bac53ada24e0340936c6d6364326ab920?s=96&d=mm&r=g\",\"url\":\"https:\\\/\\\/secure.gravatar.com\\\/avatar\\\/9f35e3e5944405caa221d3f9ae6c981bac53ada24e0340936c6d6364326ab920?s=96&d=mm&r=g\",\"contentUrl\":\"https:\\\/\\\/secure.gravatar.com\\\/avatar\\\/9f35e3e5944405caa221d3f9ae6c981bac53ada24e0340936c6d6364326ab920?s=96&d=mm&r=g\",\"caption\":\"ultrapop-gustavo\"}}]}<\/script>\n<!-- \/ Yoast SEO plugin. -->","yoast_head_json":{"title":"Jupiter & Okwess | \u00a1M\u00e9xico, primera parada de su gira por Am\u00e9rica! - What the France","robots":{"index":"index","follow":"follow","max-snippet":"max-snippet:-1","max-image-preview":"max-image-preview:large","max-video-preview":"max-video-preview:-1"},"canonical":"https:\/\/whatthefrance.org\/es\/jupiter-okwess-mexico-primera-parada-de-su-gira-por-america\/","og_locale":"es_ES","og_type":"article","og_title":"Jupiter & Okwess | \u00a1M\u00e9xico, primera parada de su gira por Am\u00e9rica! - What the France","og_description":"Jupiter &amp; Okwess, originario de Rep\u00fablica Democr\u00e1tica del Congo, se encuentra actualmente en latinoam\u00e9rica para presentarse en M\u00e9xico, el pa\u00eds que visit\u00f3 durante octubre de 2022 en el marco de su \u00faltima gira, conocida como M\u00e9xico Is My Land Tour. Luego de dar en ese entonces siete conciertos, con los que recorri\u00f3 varias ciudades (como [&hellip;]","og_url":"https:\/\/whatthefrance.org\/es\/jupiter-okwess-mexico-primera-parada-de-su-gira-por-america\/","og_site_name":"What the France","article_published_time":"2023-05-05T08:00:34+00:00","article_modified_time":"2023-05-09T07:46:28+00:00","og_image":[{"url":"https:\/\/whatthefrance.org\/wp-content\/uploads\/2023\/05\/jupiterokwess_wordpress_imagecover_what_the_france.png","height":452,"width":1084,"type":""}],"author":"ultrapop-gustavo","twitter_card":"summary_large_image","twitter_misc":{"Escrito por":"ultrapop-gustavo","Tiempo de lectura":"2 minutos"},"schema":{"@context":"https:\/\/schema.org","@graph":[{"@type":"Article","@id":"https:\/\/whatthefrance.org\/es\/jupiter-okwess-mexico-primera-parada-de-su-gira-por-america\/#article","isPartOf":{"@id":"https:\/\/whatthefrance.org\/es\/jupiter-okwess-mexico-primera-parada-de-su-gira-por-america\/"},"author":{"name":"ultrapop-gustavo","@id":"https:\/\/whatthefrance.org\/es\/#\/schema\/person\/ec6689bd96bf81ba9dcf2264cb54c946"},"headline":"Jupiter &#038; Okwess | \u00a1M\u00e9xico, primera parada de su gira por Am\u00e9rica!","datePublished":"2023-05-05T08:00:34+00:00","dateModified":"2023-05-09T07:46:28+00:00","mainEntityOfPage":{"@id":"https:\/\/whatthefrance.org\/es\/jupiter-okwess-mexico-primera-parada-de-su-gira-por-america\/"},"wordCount":277,"publisher":{"@id":"https:\/\/whatthefrance.org\/es\/#organization"},"keywords":["Pop","World"],"articleSection":["Event"],"inLanguage":"es"},{"@type":"WebPage","@id":"https:\/\/whatthefrance.org\/es\/jupiter-okwess-mexico-primera-parada-de-su-gira-por-america\/","url":"https:\/\/whatthefrance.org\/es\/jupiter-okwess-mexico-primera-parada-de-su-gira-por-america\/","name":"Jupiter & Okwess | \u00a1M\u00e9xico, primera parada de su gira por Am\u00e9rica! - What the France","isPartOf":{"@id":"https:\/\/whatthefrance.org\/es\/#website"},"datePublished":"2023-05-05T08:00:34+00:00","dateModified":"2023-05-09T07:46:28+00:00","breadcrumb":{"@id":"https:\/\/whatthefrance.org\/es\/jupiter-okwess-mexico-primera-parada-de-su-gira-por-america\/#breadcrumb"},"inLanguage":"es","potentialAction":[{"@type":"ReadAction","target":["https:\/\/whatthefrance.org\/es\/jupiter-okwess-mexico-primera-parada-de-su-gira-por-america\/"]}]},{"@type":"BreadcrumbList","@id":"https:\/\/whatthefrance.org\/es\/jupiter-okwess-mexico-primera-parada-de-su-gira-por-america\/#breadcrumb","itemListElement":[{"@type":"ListItem","position":1,"name":"Home","item":"https:\/\/whatthefrance.org\/es\/"},{"@type":"ListItem","position":2,"name":"Jupiter &#038; Okwess | \u00a1M\u00e9xico, primera parada de su gira por Am\u00e9rica!"}]},{"@type":"WebSite","@id":"https:\/\/whatthefrance.org\/es\/#website","url":"https:\/\/whatthefrance.org\/es\/","name":"What the France","description":"The finest music made in France !","publisher":{"@id":"https:\/\/whatthefrance.org\/es\/#organization"},"potentialAction":[{"@type":"SearchAction","target":{"@type":"EntryPoint","urlTemplate":"https:\/\/whatthefrance.org\/es\/?s={search_term_string}"},"query-input":{"@type":"PropertyValueSpecification","valueRequired":true,"valueName":"search_term_string"}}],"inLanguage":"es"},{"@type":"Organization","@id":"https:\/\/whatthefrance.org\/es\/#organization","name":"What The France","url":"https:\/\/whatthefrance.org\/es\/","logo":{"@type":"ImageObject","inLanguage":"es","@id":"https:\/\/whatthefrance.org\/es\/#\/schema\/logo\/image\/","url":"https:\/\/whatthefrance.org\/wp-content\/uploads\/2019\/12\/44688719_2251580388408837_694180218134331392_n-e1577679609190.png","contentUrl":"https:\/\/whatthefrance.org\/wp-content\/uploads\/2019\/12\/44688719_2251580388408837_694180218134331392_n-e1577679609190.png","width":200,"height":200,"caption":"What The France"},"image":{"@id":"https:\/\/whatthefrance.org\/es\/#\/schema\/logo\/image\/"}},{"@type":"Person","@id":"https:\/\/whatthefrance.org\/es\/#\/schema\/person\/ec6689bd96bf81ba9dcf2264cb54c946","name":"ultrapop-gustavo","image":{"@type":"ImageObject","inLanguage":"es","@id":"https:\/\/secure.gravatar.com\/avatar\/9f35e3e5944405caa221d3f9ae6c981bac53ada24e0340936c6d6364326ab920?s=96&d=mm&r=g","url":"https:\/\/secure.gravatar.com\/avatar\/9f35e3e5944405caa221d3f9ae6c981bac53ada24e0340936c6d6364326ab920?s=96&d=mm&r=g","contentUrl":"https:\/\/secure.gravatar.com\/avatar\/9f35e3e5944405caa221d3f9ae6c981bac53ada24e0340936c6d6364326ab920?s=96&d=mm&r=g","caption":"ultrapop-gustavo"}}]}},"_links":{"self":[{"href":"https:\/\/whatthefrance.org\/es\/wp-json\/wp\/v2\/posts\/55249","targetHints":{"allow":["GET"]}}],"collection":[{"href":"https:\/\/whatthefrance.org\/es\/wp-json\/wp\/v2\/posts"}],"about":[{"href":"https:\/\/whatthefrance.org\/es\/wp-json\/wp\/v2\/types\/post"}],"author":[{"embeddable":true,"href":"https:\/\/whatthefrance.org\/es\/wp-json\/wp\/v2\/users\/35"}],"replies":[{"embeddable":true,"href":"https:\/\/whatthefrance.org\/es\/wp-json\/wp\/v2\/comments?post=55249"}],"version-history":[{"count":7,"href":"https:\/\/whatthefrance.org\/es\/wp-json\/wp\/v2\/posts\/55249\/revisions"}],"predecessor-version":[{"id":55961,"href":"https:\/\/whatthefrance.org\/es\/wp-json\/wp\/v2\/posts\/55249\/revisions\/55961"}],"wp:attachment":[{"href":"https:\/\/whatthefrance.org\/es\/wp-json\/wp\/v2\/media?parent=55249"}],"wp:term":[{"taxonomy":"category","embeddable":true,"href":"https:\/\/whatthefrance.org\/es\/wp-json\/wp\/v2\/categories?post=55249"},{"taxonomy":"post_tag","embeddable":true,"href":"https:\/\/whatthefrance.org\/es\/wp-json\/wp\/v2\/tags?post=55249"}],"curies":[{"name":"wp","href":"https:\/\/api.w.org\/{rel}","templated":true}]}}