{"id":55811,"date":"2023-05-04T10:00:03","date_gmt":"2023-05-04T08:00:03","guid":{"rendered":"https:\/\/whatthefrance.org\/?p=55811"},"modified":"2023-05-05T15:32:46","modified_gmt":"2023-05-05T13:32:46","slug":"the-great-escape-se-anuncian-los-grupos-made-in-france-para-la-edicion-de-2023","status":"publish","type":"post","link":"https:\/\/whatthefrance.org\/es\/the-great-escape-se-anuncian-los-grupos-made-in-france-para-la-edicion-de-2023\/","title":{"rendered":"The Great Escape | Se anuncian los grupos \u201cmade in France\u201d para la edici\u00f3n de 2023"},"content":{"rendered":"<p><span style=\"font-weight: 400;\">Para la decimosexta edici\u00f3n de <\/span><a href=\"https:\/\/www.greatescapefestival.com\/\"><b>The Great Escape<\/b><\/a><span style=\"font-weight: 400;\">, el festival anglosaj\u00f3n de referencia para la \u201c<\/span><b>m\u00fasica nueva<\/b><span style=\"font-weight: 400;\">\u201d contar\u00e1 con \u00a17 artistas franceses que tocar\u00e1n en vivo! \u00a1Este gran festival de tres d\u00edas tendr\u00e1 lugar <\/span><b>del 10 al 13 de mayo de 2023 <\/b><span style=\"font-weight: 400;\">en Brighton, Inglaterra!<br \/>\nDe hecho, desde 2006, este festival es un evento ineludible tanto para <b>descubrir<\/b> nuevos artistas como para (re)ver talentos internacionales. Desde el <b>rock<\/b>, pasando por el <b>pop<\/b>, el <b>electro<\/b> o el <b>post-punk<\/b>, The Great Escape ser\u00e1 la pr\u00f3xima cita ineludible.<\/span><\/p>\n<p><span style=\"font-weight: 400;\">Los tres d\u00edas que durar\u00e1 el festival ser\u00e1n ricos en <\/span><a href=\"https:\/\/greatescapefestival.com\/tge23-app-and-full-schedule\/\"><span style=\"font-weight: 400;\">actividades<\/span><\/a><span style=\"font-weight: 400;\"> de todo tipo, ya que este evento ser\u00e1 el punto de referencia para escuchar a los <\/span><b>nuevos talentos<\/b><span style=\"font-weight: 400;\"> pero tambi\u00e9n para participar en <\/span><b>conferencias<\/b><span style=\"font-weight: 400;\">, keynotes y de reuniones en formato speed networking.<\/span><\/p>\n<p><span style=\"font-weight: 400;\"><img decoding=\"async\" class=\"wp-image-55697 aligncenter\" src=\"https:\/\/whatthefrance.org\/wp-content\/uploads\/2023\/05\/20230125-102537-180559-240x300.jpg\" alt=\"\" width=\"372\" height=\"465\" srcset=\"https:\/\/whatthefrance.org\/wp-content\/uploads\/2023\/05\/20230125-102537-180559-240x300.jpg 240w, https:\/\/whatthefrance.org\/wp-content\/uploads\/2023\/05\/20230125-102537-180559.jpg 454w\" sizes=\"(max-width: 372px) 100vw, 372px\" \/><\/span><\/p>\n<h2><b>\u00bfQui\u00e9nes ser\u00e1n los 7 artistas franceses que participar\u00e1n?<\/b><\/h2>\n<p><span style=\"font-weight: 400;\">Habr\u00e1 <\/span><b>siete artistas que representar\u00e1n a Francia<\/b><span style=\"font-weight: 400;\"> en The Great Escape. Estos actuar\u00e1n junto a <\/span><b>artistas internacionales<\/b><span style=\"font-weight: 400;\"> como <\/span><b>White Flowers<\/b><span style=\"font-weight: 400;\">, <\/span><b>Ella More<\/b><span style=\"font-weight: 400;\">, <\/span><b>Picture Parlor<\/b><span style=\"font-weight: 400;\">, <\/span><b>Animal Shithouse<\/b><span style=\"font-weight: 400;\">, <\/span><b>Slant<\/b><span style=\"font-weight: 400;\">, <\/span><b>CatBear<\/b><span style=\"font-weight: 400;\"> y otros 400 artistas.<\/span><\/p>\n<h3><b>PPJ<\/b><\/h3>\n<h3><img decoding=\"async\" class=\"wp-image-55605 alignright\" src=\"https:\/\/whatthefrance.org\/wp-content\/uploads\/2023\/05\/hardies-ppj-4-300x199.jpg\" alt=\"\" width=\"172\" height=\"114\" srcset=\"https:\/\/whatthefrance.org\/wp-content\/uploads\/2023\/05\/hardies-ppj-4-300x199.jpg 300w, https:\/\/whatthefrance.org\/wp-content\/uploads\/2023\/05\/hardies-ppj-4-1024x678.jpg 1024w, https:\/\/whatthefrance.org\/wp-content\/uploads\/2023\/05\/hardies-ppj-4-768x509.jpg 768w, https:\/\/whatthefrance.org\/wp-content\/uploads\/2023\/05\/hardies-ppj-4.jpg 1200w\" sizes=\"(max-width: 172px) 100vw, 172px\" \/><\/h3>\n<p><a href=\"https:\/\/www.instagram.com\/paulapovoajerge\/\"><span style=\"font-weight: 400;\">PPJ<\/span><\/a><span style=\"font-weight: 400;\"> (Pepe Jota en espa\u00f1ol) es el resultado de una colaboraci\u00f3n entre tres talentos ecl\u00e9cticos y complementarios. Su estilo <\/span><b>electro-pop<\/b><span style=\"font-weight: 400;\"> con tintes <\/span><b>franco-brasile\u00f1os<\/b><span style=\"font-weight: 400;\"> est\u00e1 lleno de <\/span><b>positividad<\/b><span style=\"font-weight: 400;\">. En abril de 2023, PPJ lanz\u00f3 su \u00faltimo sencillo, \u201cBicha\u201d, lleno de sintetizadores y ritmos brasile\u00f1os. Actuar\u00e1n el <\/span><span style=\"font-weight: 400;\">jueves 11 de mayo a las 12:00<\/span><span style=\"font-weight: 400;\"> (horario birt\u00e1nico) en el escenario Patterns Downstairs y a las 12:15 (horario brit\u00e1nico) <\/span><span style=\"font-weight: 400;\">el viernes 12 de mayo<\/span><span style=\"font-weight: 400;\"> en Komedia Studio.<\/span><\/p>\n<p><iframe loading=\"lazy\" title=\"PPJ - Bicha\" width=\"500\" height=\"281\" src=\"https:\/\/www.youtube.com\/embed\/nW_d3Y9ZaAk?feature=oembed\" frameborder=\"0\" allow=\"accelerometer; autoplay; clipboard-write; encrypted-media; gyroscope; picture-in-picture; web-share\" referrerpolicy=\"strict-origin-when-cross-origin\" allowfullscreen><\/iframe><\/p>\n<h3><b>Quasi Qui<\/b><\/h3>\n<p><span style=\"font-weight: 400;\"><img decoding=\"async\" class=\"wp-image-55610 alignright\" src=\"https:\/\/whatthefrance.org\/wp-content\/uploads\/2023\/05\/Capture_d_ecran_2022-09-08_a_10.43.49-300x220.webp\" alt=\"\" width=\"205\" height=\"151\" srcset=\"https:\/\/whatthefrance.org\/wp-content\/uploads\/2023\/05\/Capture_d_ecran_2022-09-08_a_10.43.49-300x220.webp 300w, https:\/\/whatthefrance.org\/wp-content\/uploads\/2023\/05\/Capture_d_ecran_2022-09-08_a_10.43.49-768x563.webp 768w, https:\/\/whatthefrance.org\/wp-content\/uploads\/2023\/05\/Capture_d_ecran_2022-09-08_a_10.43.49.webp 944w\" sizes=\"(max-width: 205px) 100vw, 205px\" \/><a href=\"https:\/\/www.instagram.com\/quasi_qui\/\">Quasi Qui<\/a> es un nuevo proyecto formado por Yehan Jehan y su hermana Zadi. Se refieren a su estilo como un milkshake elaborado por una gran batidora que mezcla g\u00e9neros que van desde <b>los a\u00f1os 50\u2019s hasta la actualidad<\/b>. Recientemente, en el <a href=\"https:\/\/whatthefrance.org\/fr\/quasi-qui-what-the-france-live-shot\/\">Festival BISE 2023<\/a>, Quasi Qui interpret\u00f3 en vivo las canciones de su \u00faltimo \u00e1lbum, <i>Downloading a New Operating System<\/i>, lanzado en noviembre de 2022. Se presentar\u00e1n el viernes 12 de mayo a las 18:00 (horario brit\u00e1nico) en el escenario The Arch.<br \/>\n<\/span><\/p>\n<p><iframe loading=\"lazy\" title=\"QUASI QUI \u2014 City Mashups\" width=\"500\" height=\"375\" src=\"https:\/\/www.youtube.com\/embed\/UN7gFgvwECU?feature=oembed\" frameborder=\"0\" allow=\"accelerometer; autoplay; clipboard-write; encrypted-media; gyroscope; picture-in-picture; web-share\" referrerpolicy=\"strict-origin-when-cross-origin\" allowfullscreen><\/iframe><\/p>\n<h3><b>Aime Simone<\/b><\/h3>\n<p><span style=\"font-weight: 400;\"><img decoding=\"async\" class=\"wp-image-55615 alignright\" src=\"https:\/\/whatthefrance.org\/wp-content\/uploads\/2023\/05\/634439743a7fc_6344397f46518-300x300.webp\" alt=\"\" width=\"113\" height=\"113\" srcset=\"https:\/\/whatthefrance.org\/wp-content\/uploads\/2023\/05\/634439743a7fc_6344397f46518-300x300.webp 300w, https:\/\/whatthefrance.org\/wp-content\/uploads\/2023\/05\/634439743a7fc_6344397f46518-150x150.webp 150w, https:\/\/whatthefrance.org\/wp-content\/uploads\/2023\/05\/634439743a7fc_6344397f46518-768x768.webp 768w, https:\/\/whatthefrance.org\/wp-content\/uploads\/2023\/05\/634439743a7fc_6344397f46518-452x452.webp 452w, https:\/\/whatthefrance.org\/wp-content\/uploads\/2023\/05\/634439743a7fc_6344397f46518-348x348.webp 348w, https:\/\/whatthefrance.org\/wp-content\/uploads\/2023\/05\/634439743a7fc_6344397f46518-254x254.webp 254w, https:\/\/whatthefrance.org\/wp-content\/uploads\/2023\/05\/634439743a7fc_6344397f46518-170x170.webp 170w, https:\/\/whatthefrance.org\/wp-content\/uploads\/2023\/05\/634439743a7fc_6344397f46518.webp 900w\" sizes=\"(max-width: 113px) 100vw, 113px\" \/>En su primer \u00e1lbum, <i>Say Yes, Say No<\/i>, <b>brillante<\/b> y lleno de emoci\u00f3n, totalmente escrito, producido y mezclado por el propio <a href=\"https:\/\/www.instagram.com\/aime.simone\/\">Aime Simone<\/a>, el m\u00fasico entrega canciones <b>indie<\/b> con aires de <b>techno berlin\u00e9s<\/b>. Esto es lo que \u00e9l llama \u201c<b>post-pop<\/b>\u201d. Aim\u00e9 Simone actuar\u00e1 el viernes 12 de mayo a las 22:00 (horario brit\u00e1nico) en el escenario Zahara.<br \/>\n<\/span><\/p>\n<p><iframe loading=\"lazy\" title=\"Aime Simone - Baby Don&#039;t Quit (Live)\" width=\"500\" height=\"281\" src=\"https:\/\/www.youtube.com\/embed\/8AvjdQezYz4?feature=oembed\" frameborder=\"0\" allow=\"accelerometer; autoplay; clipboard-write; encrypted-media; gyroscope; picture-in-picture; web-share\" referrerpolicy=\"strict-origin-when-cross-origin\" allowfullscreen><\/iframe><\/p>\n<h3><b>Song\u00f8<\/b><\/h3>\n<p><span style=\"font-weight: 400;\"><img decoding=\"async\" class=\"wp-image-55620 alignright\" src=\"https:\/\/whatthefrance.org\/wp-content\/uploads\/2023\/05\/songo-670x750-1-268x300.jpg\" alt=\"\" width=\"119\" height=\"133\" srcset=\"https:\/\/whatthefrance.org\/wp-content\/uploads\/2023\/05\/songo-670x750-1-268x300.jpg 268w, https:\/\/whatthefrance.org\/wp-content\/uploads\/2023\/05\/songo-670x750-1.jpg 670w\" sizes=\"(max-width: 119px) 100vw, 119px\" \/>Desde 2019, <a href=\"https:\/\/www.instagram.com\/songomusic\/\">Song\u00f8<\/a> ha estado creando su propia versi\u00f3n de la m\u00fasica <b>afro-pop<\/b> y \u00faltimamente ha ofrecido presentaciones en vivo intensas y poderosas. Sisanda Myataza canta y rapea en xhosa (dialecto oriundo del sur de \u00c1frica), ingl\u00e9s y franc\u00e9s. As\u00ed es como, desde el <b>Afrohouse<\/b> al <b>Amapiano<\/b>, pasando por el <b>French Touch<\/b> y el <b>Afrobeat<\/b>, Song\u00f8 re\u00fane una variedad de influencias que mezclan ritmos <b>electr\u00f3nicos<\/b> y org\u00e1nicos, y deja espacio para que los instrumentos y el <b>groove<\/b> se expresen. Song\u00f8 actuar\u00e1 el jueves 11 de mayo a las 18:00 (horario brit\u00e1nico) en el escenario Jubilee Square, el viernes 12 de mayo a las 19:15 de nuevo en el escenario Jubilee Square y finalmente el s\u00e1bado 13 de mayo a las 19:15 en el escenario Patterns Upstairs.<br \/>\n<\/span><\/p>\n<p><iframe loading=\"lazy\" title=\"SONG\u00d8 - Phuku Phuku (Live Session)\" width=\"500\" height=\"281\" src=\"https:\/\/www.youtube.com\/embed\/iLgO9e3euNA?feature=oembed\" frameborder=\"0\" allow=\"accelerometer; autoplay; clipboard-write; encrypted-media; gyroscope; picture-in-picture; web-share\" referrerpolicy=\"strict-origin-when-cross-origin\" allowfullscreen><\/iframe><\/p>\n<h3><b>UTO<\/b><\/h3>\n<p><span style=\"font-weight: 400;\"><img decoding=\"async\" class=\"wp-image-55625 alignright\" src=\"https:\/\/whatthefrance.org\/wp-content\/uploads\/2023\/05\/UTO\u2014EPTheNightsdue\u00a9ValentinGiacobetti3-300x300.jpg\" alt=\"\" width=\"102\" height=\"102\" srcset=\"https:\/\/whatthefrance.org\/wp-content\/uploads\/2023\/05\/UTO\u2014EPTheNightsdue\u00a9ValentinGiacobetti3-300x300.jpg 300w, https:\/\/whatthefrance.org\/wp-content\/uploads\/2023\/05\/UTO\u2014EPTheNightsdue\u00a9ValentinGiacobetti3-150x150.jpg 150w, https:\/\/whatthefrance.org\/wp-content\/uploads\/2023\/05\/UTO\u2014EPTheNightsdue\u00a9ValentinGiacobetti3-768x768.jpg 768w, https:\/\/whatthefrance.org\/wp-content\/uploads\/2023\/05\/UTO\u2014EPTheNightsdue\u00a9ValentinGiacobetti3-452x452.jpg 452w, https:\/\/whatthefrance.org\/wp-content\/uploads\/2023\/05\/UTO\u2014EPTheNightsdue\u00a9ValentinGiacobetti3-348x348.jpg 348w, https:\/\/whatthefrance.org\/wp-content\/uploads\/2023\/05\/UTO\u2014EPTheNightsdue\u00a9ValentinGiacobetti3-254x254.jpg 254w, https:\/\/whatthefrance.org\/wp-content\/uploads\/2023\/05\/UTO\u2014EPTheNightsdue\u00a9ValentinGiacobetti3-170x170.jpg 170w, https:\/\/whatthefrance.org\/wp-content\/uploads\/2023\/05\/UTO\u2014EPTheNightsdue\u00a9ValentinGiacobetti3.jpg 1000w\" sizes=\"(max-width: 102px) 100vw, 102px\" \/>Desde la monoton\u00eda de las cajas de ritmos que marcan el paso del tiempo, respondiendo a las melod\u00edas de otro tiempo, <b>barrocas<\/b>, m\u00edsticas y brumosas llevadas por elegantes sintetizadores, toque espectrales de piano y lentos metales, el estilo de <a href=\"https:\/\/www.instagram.com\/uto_itself\/\">UTO<\/a> se arraiga en universos muy diversos para crear su universo <b>electro pop lo-fi<\/b>.<br \/>\n<\/span><\/p>\n<p><iframe loading=\"lazy\" title=\"UTO - Row Paddle (Official Music Video)\" width=\"500\" height=\"281\" src=\"https:\/\/www.youtube.com\/embed\/z2qSIeEMJy8?feature=oembed\" frameborder=\"0\" allow=\"accelerometer; autoplay; clipboard-write; encrypted-media; gyroscope; picture-in-picture; web-share\" referrerpolicy=\"strict-origin-when-cross-origin\" allowfullscreen><\/iframe><\/p>\n<p><b>Los distintos escenarios del festival The Great Escape tambi\u00e9n contar\u00e1n con la presencia de <\/b><a href=\"https:\/\/www.instagram.com\/sabrinabellaouel\/\"><b>Sabrina Bellaouel<\/b><\/a><b> y de <\/b><a href=\"https:\/\/www.instagram.com\/hermeticdelight_official\/\"><b>Hermetic Delight<\/b><\/a><b>!<\/b><\/p>\n","protected":false},"excerpt":{"rendered":"<p>Para la decimosexta edici\u00f3n de The Great Escape, el festival anglosaj\u00f3n de referencia para la \u201cm\u00fasica nueva\u201d contar\u00e1 con \u00a17 artistas franceses que tocar\u00e1n en vivo! \u00a1Este gran festival de tres d\u00edas tendr\u00e1 lugar del 10 al 13 de mayo de 2023 en Brighton, Inglaterra! De hecho, desde 2006, este festival es un evento ineludible [&hellip;]<\/p>\n","protected":false},"author":35,"featured_media":0,"comment_status":"closed","ping_status":"closed","sticky":false,"template":"","format":"standard","meta":{"_acf_changed":false,"footnotes":""},"categories":[1965],"tags":[1928,1931,1936,1944,1945,1952,1953],"class_list":["post-55811","post","type-post","status-publish","format-standard","hentry","category-events-es","tag-chanson-es","tag-dance-es","tag-electronic-es","tag-new-wave-es","tag-pop-es","tag-synth-pop-es","tag-techno-es"],"acf":[],"yoast_head":"<!-- This site is optimized with the Yoast SEO plugin v27.3 - https:\/\/yoast.com\/product\/yoast-seo-wordpress\/ -->\n<title>The Great Escape | Se anuncian los grupos \u201cmade in France\u201d para la edici\u00f3n de 2023 - What the France<\/title>\n<meta name=\"robots\" content=\"index, follow, max-snippet:-1, max-image-preview:large, max-video-preview:-1\" \/>\n<link rel=\"canonical\" href=\"https:\/\/whatthefrance.org\/es\/the-great-escape-se-anuncian-los-grupos-made-in-france-para-la-edicion-de-2023\/\" \/>\n<meta property=\"og:locale\" content=\"es_ES\" \/>\n<meta property=\"og:type\" content=\"article\" \/>\n<meta property=\"og:title\" content=\"The Great Escape | Se anuncian los grupos \u201cmade in France\u201d para la edici\u00f3n de 2023 - What the France\" \/>\n<meta property=\"og:description\" content=\"Para la decimosexta edici\u00f3n de The Great Escape, el festival anglosaj\u00f3n de referencia para la \u201cm\u00fasica nueva\u201d contar\u00e1 con \u00a17 artistas franceses que tocar\u00e1n en vivo! \u00a1Este gran festival de tres d\u00edas tendr\u00e1 lugar del 10 al 13 de mayo de 2023 en Brighton, Inglaterra! De hecho, desde 2006, este festival es un evento ineludible [&hellip;]\" \/>\n<meta property=\"og:url\" content=\"https:\/\/whatthefrance.org\/es\/the-great-escape-se-anuncian-los-grupos-made-in-france-para-la-edicion-de-2023\/\" \/>\n<meta property=\"og:site_name\" content=\"What the France\" \/>\n<meta property=\"article:published_time\" content=\"2023-05-04T08:00:03+00:00\" \/>\n<meta property=\"article:modified_time\" content=\"2023-05-05T13:32:46+00:00\" \/>\n<meta property=\"og:image\" content=\"https:\/\/whatthefrance.org\/wp-content\/uploads\/2023\/05\/greatescape_wordpress_imagecover_what_the_france.png\" \/>\n\t<meta property=\"og:image:width\" content=\"1084\" \/>\n\t<meta property=\"og:image:height\" content=\"452\" \/><meta property=\"og:image\" content=\"https:\/\/whatthefrance.org\/wp-content\/uploads\/2023\/05\/20230125-102537-180559-240x300.jpg\" \/>\n<meta name=\"author\" content=\"ultrapop-gustavo\" \/>\n<meta name=\"twitter:card\" content=\"summary_large_image\" \/>\n<meta name=\"twitter:label1\" content=\"Escrito por\" \/>\n\t<meta name=\"twitter:data1\" content=\"ultrapop-gustavo\" \/>\n\t<meta name=\"twitter:label2\" content=\"Tiempo de lectura\" \/>\n\t<meta name=\"twitter:data2\" content=\"4 minutos\" \/>\n<script type=\"application\/ld+json\" class=\"yoast-schema-graph\">{\"@context\":\"https:\\\/\\\/schema.org\",\"@graph\":[{\"@type\":\"Article\",\"@id\":\"https:\\\/\\\/whatthefrance.org\\\/es\\\/the-great-escape-se-anuncian-los-grupos-made-in-france-para-la-edicion-de-2023\\\/#article\",\"isPartOf\":{\"@id\":\"https:\\\/\\\/whatthefrance.org\\\/es\\\/the-great-escape-se-anuncian-los-grupos-made-in-france-para-la-edicion-de-2023\\\/\"},\"author\":{\"name\":\"ultrapop-gustavo\",\"@id\":\"https:\\\/\\\/whatthefrance.org\\\/es\\\/#\\\/schema\\\/person\\\/ec6689bd96bf81ba9dcf2264cb54c946\"},\"headline\":\"The Great Escape | Se anuncian los grupos \u201cmade in France\u201d para la edici\u00f3n de 2023\",\"datePublished\":\"2023-05-04T08:00:03+00:00\",\"dateModified\":\"2023-05-05T13:32:46+00:00\",\"mainEntityOfPage\":{\"@id\":\"https:\\\/\\\/whatthefrance.org\\\/es\\\/the-great-escape-se-anuncian-los-grupos-made-in-france-para-la-edicion-de-2023\\\/\"},\"wordCount\":649,\"publisher\":{\"@id\":\"https:\\\/\\\/whatthefrance.org\\\/es\\\/#organization\"},\"image\":{\"@id\":\"https:\\\/\\\/whatthefrance.org\\\/es\\\/the-great-escape-se-anuncian-los-grupos-made-in-france-para-la-edicion-de-2023\\\/#primaryimage\"},\"thumbnailUrl\":\"https:\\\/\\\/whatthefrance.org\\\/wp-content\\\/uploads\\\/2023\\\/05\\\/20230125-102537-180559-240x300.jpg\",\"keywords\":[\"Chanson\",\"Dance\",\"Electronic\",\"New wave\",\"Pop\",\"Synth Pop\",\"Techno\"],\"articleSection\":[\"Event\"],\"inLanguage\":\"es\"},{\"@type\":\"WebPage\",\"@id\":\"https:\\\/\\\/whatthefrance.org\\\/es\\\/the-great-escape-se-anuncian-los-grupos-made-in-france-para-la-edicion-de-2023\\\/\",\"url\":\"https:\\\/\\\/whatthefrance.org\\\/es\\\/the-great-escape-se-anuncian-los-grupos-made-in-france-para-la-edicion-de-2023\\\/\",\"name\":\"The Great Escape | Se anuncian los grupos \u201cmade in France\u201d para la edici\u00f3n de 2023 - What the France\",\"isPartOf\":{\"@id\":\"https:\\\/\\\/whatthefrance.org\\\/es\\\/#website\"},\"primaryImageOfPage\":{\"@id\":\"https:\\\/\\\/whatthefrance.org\\\/es\\\/the-great-escape-se-anuncian-los-grupos-made-in-france-para-la-edicion-de-2023\\\/#primaryimage\"},\"image\":{\"@id\":\"https:\\\/\\\/whatthefrance.org\\\/es\\\/the-great-escape-se-anuncian-los-grupos-made-in-france-para-la-edicion-de-2023\\\/#primaryimage\"},\"thumbnailUrl\":\"https:\\\/\\\/whatthefrance.org\\\/wp-content\\\/uploads\\\/2023\\\/05\\\/20230125-102537-180559-240x300.jpg\",\"datePublished\":\"2023-05-04T08:00:03+00:00\",\"dateModified\":\"2023-05-05T13:32:46+00:00\",\"breadcrumb\":{\"@id\":\"https:\\\/\\\/whatthefrance.org\\\/es\\\/the-great-escape-se-anuncian-los-grupos-made-in-france-para-la-edicion-de-2023\\\/#breadcrumb\"},\"inLanguage\":\"es\",\"potentialAction\":[{\"@type\":\"ReadAction\",\"target\":[\"https:\\\/\\\/whatthefrance.org\\\/es\\\/the-great-escape-se-anuncian-los-grupos-made-in-france-para-la-edicion-de-2023\\\/\"]}]},{\"@type\":\"ImageObject\",\"inLanguage\":\"es\",\"@id\":\"https:\\\/\\\/whatthefrance.org\\\/es\\\/the-great-escape-se-anuncian-los-grupos-made-in-france-para-la-edicion-de-2023\\\/#primaryimage\",\"url\":\"https:\\\/\\\/whatthefrance.org\\\/wp-content\\\/uploads\\\/2023\\\/05\\\/20230125-102537-180559-240x300.jpg\",\"contentUrl\":\"https:\\\/\\\/whatthefrance.org\\\/wp-content\\\/uploads\\\/2023\\\/05\\\/20230125-102537-180559-240x300.jpg\"},{\"@type\":\"BreadcrumbList\",\"@id\":\"https:\\\/\\\/whatthefrance.org\\\/es\\\/the-great-escape-se-anuncian-los-grupos-made-in-france-para-la-edicion-de-2023\\\/#breadcrumb\",\"itemListElement\":[{\"@type\":\"ListItem\",\"position\":1,\"name\":\"Home\",\"item\":\"https:\\\/\\\/whatthefrance.org\\\/es\\\/\"},{\"@type\":\"ListItem\",\"position\":2,\"name\":\"The Great Escape | Se anuncian los grupos \u201cmade in France\u201d para la edici\u00f3n de 2023\"}]},{\"@type\":\"WebSite\",\"@id\":\"https:\\\/\\\/whatthefrance.org\\\/es\\\/#website\",\"url\":\"https:\\\/\\\/whatthefrance.org\\\/es\\\/\",\"name\":\"What the France\",\"description\":\"The finest music made in France !\",\"publisher\":{\"@id\":\"https:\\\/\\\/whatthefrance.org\\\/es\\\/#organization\"},\"potentialAction\":[{\"@type\":\"SearchAction\",\"target\":{\"@type\":\"EntryPoint\",\"urlTemplate\":\"https:\\\/\\\/whatthefrance.org\\\/es\\\/?s={search_term_string}\"},\"query-input\":{\"@type\":\"PropertyValueSpecification\",\"valueRequired\":true,\"valueName\":\"search_term_string\"}}],\"inLanguage\":\"es\"},{\"@type\":\"Organization\",\"@id\":\"https:\\\/\\\/whatthefrance.org\\\/es\\\/#organization\",\"name\":\"What The France\",\"url\":\"https:\\\/\\\/whatthefrance.org\\\/es\\\/\",\"logo\":{\"@type\":\"ImageObject\",\"inLanguage\":\"es\",\"@id\":\"https:\\\/\\\/whatthefrance.org\\\/es\\\/#\\\/schema\\\/logo\\\/image\\\/\",\"url\":\"https:\\\/\\\/whatthefrance.org\\\/wp-content\\\/uploads\\\/2019\\\/12\\\/44688719_2251580388408837_694180218134331392_n-e1577679609190.png\",\"contentUrl\":\"https:\\\/\\\/whatthefrance.org\\\/wp-content\\\/uploads\\\/2019\\\/12\\\/44688719_2251580388408837_694180218134331392_n-e1577679609190.png\",\"width\":200,\"height\":200,\"caption\":\"What The France\"},\"image\":{\"@id\":\"https:\\\/\\\/whatthefrance.org\\\/es\\\/#\\\/schema\\\/logo\\\/image\\\/\"}},{\"@type\":\"Person\",\"@id\":\"https:\\\/\\\/whatthefrance.org\\\/es\\\/#\\\/schema\\\/person\\\/ec6689bd96bf81ba9dcf2264cb54c946\",\"name\":\"ultrapop-gustavo\",\"image\":{\"@type\":\"ImageObject\",\"inLanguage\":\"es\",\"@id\":\"https:\\\/\\\/secure.gravatar.com\\\/avatar\\\/9f35e3e5944405caa221d3f9ae6c981bac53ada24e0340936c6d6364326ab920?s=96&d=mm&r=g\",\"url\":\"https:\\\/\\\/secure.gravatar.com\\\/avatar\\\/9f35e3e5944405caa221d3f9ae6c981bac53ada24e0340936c6d6364326ab920?s=96&d=mm&r=g\",\"contentUrl\":\"https:\\\/\\\/secure.gravatar.com\\\/avatar\\\/9f35e3e5944405caa221d3f9ae6c981bac53ada24e0340936c6d6364326ab920?s=96&d=mm&r=g\",\"caption\":\"ultrapop-gustavo\"}}]}<\/script>\n<!-- \/ Yoast SEO plugin. -->","yoast_head_json":{"title":"The Great Escape | Se anuncian los grupos \u201cmade in France\u201d para la edici\u00f3n de 2023 - What the France","robots":{"index":"index","follow":"follow","max-snippet":"max-snippet:-1","max-image-preview":"max-image-preview:large","max-video-preview":"max-video-preview:-1"},"canonical":"https:\/\/whatthefrance.org\/es\/the-great-escape-se-anuncian-los-grupos-made-in-france-para-la-edicion-de-2023\/","og_locale":"es_ES","og_type":"article","og_title":"The Great Escape | Se anuncian los grupos \u201cmade in France\u201d para la edici\u00f3n de 2023 - What the France","og_description":"Para la decimosexta edici\u00f3n de The Great Escape, el festival anglosaj\u00f3n de referencia para la \u201cm\u00fasica nueva\u201d contar\u00e1 con \u00a17 artistas franceses que tocar\u00e1n en vivo! \u00a1Este gran festival de tres d\u00edas tendr\u00e1 lugar del 10 al 13 de mayo de 2023 en Brighton, Inglaterra! De hecho, desde 2006, este festival es un evento ineludible [&hellip;]","og_url":"https:\/\/whatthefrance.org\/es\/the-great-escape-se-anuncian-los-grupos-made-in-france-para-la-edicion-de-2023\/","og_site_name":"What the France","article_published_time":"2023-05-04T08:00:03+00:00","article_modified_time":"2023-05-05T13:32:46+00:00","og_image":[{"url":"https:\/\/whatthefrance.org\/wp-content\/uploads\/2023\/05\/greatescape_wordpress_imagecover_what_the_france.png","height":452,"width":1084,"type":""},{"url":"https:\/\/whatthefrance.org\/wp-content\/uploads\/2023\/05\/20230125-102537-180559-240x300.jpg","type":"","width":"","height":""}],"author":"ultrapop-gustavo","twitter_card":"summary_large_image","twitter_misc":{"Escrito por":"ultrapop-gustavo","Tiempo de lectura":"4 minutos"},"schema":{"@context":"https:\/\/schema.org","@graph":[{"@type":"Article","@id":"https:\/\/whatthefrance.org\/es\/the-great-escape-se-anuncian-los-grupos-made-in-france-para-la-edicion-de-2023\/#article","isPartOf":{"@id":"https:\/\/whatthefrance.org\/es\/the-great-escape-se-anuncian-los-grupos-made-in-france-para-la-edicion-de-2023\/"},"author":{"name":"ultrapop-gustavo","@id":"https:\/\/whatthefrance.org\/es\/#\/schema\/person\/ec6689bd96bf81ba9dcf2264cb54c946"},"headline":"The Great Escape | Se anuncian los grupos \u201cmade in France\u201d para la edici\u00f3n de 2023","datePublished":"2023-05-04T08:00:03+00:00","dateModified":"2023-05-05T13:32:46+00:00","mainEntityOfPage":{"@id":"https:\/\/whatthefrance.org\/es\/the-great-escape-se-anuncian-los-grupos-made-in-france-para-la-edicion-de-2023\/"},"wordCount":649,"publisher":{"@id":"https:\/\/whatthefrance.org\/es\/#organization"},"image":{"@id":"https:\/\/whatthefrance.org\/es\/the-great-escape-se-anuncian-los-grupos-made-in-france-para-la-edicion-de-2023\/#primaryimage"},"thumbnailUrl":"https:\/\/whatthefrance.org\/wp-content\/uploads\/2023\/05\/20230125-102537-180559-240x300.jpg","keywords":["Chanson","Dance","Electronic","New wave","Pop","Synth Pop","Techno"],"articleSection":["Event"],"inLanguage":"es"},{"@type":"WebPage","@id":"https:\/\/whatthefrance.org\/es\/the-great-escape-se-anuncian-los-grupos-made-in-france-para-la-edicion-de-2023\/","url":"https:\/\/whatthefrance.org\/es\/the-great-escape-se-anuncian-los-grupos-made-in-france-para-la-edicion-de-2023\/","name":"The Great Escape | Se anuncian los grupos \u201cmade in France\u201d para la edici\u00f3n de 2023 - What the France","isPartOf":{"@id":"https:\/\/whatthefrance.org\/es\/#website"},"primaryImageOfPage":{"@id":"https:\/\/whatthefrance.org\/es\/the-great-escape-se-anuncian-los-grupos-made-in-france-para-la-edicion-de-2023\/#primaryimage"},"image":{"@id":"https:\/\/whatthefrance.org\/es\/the-great-escape-se-anuncian-los-grupos-made-in-france-para-la-edicion-de-2023\/#primaryimage"},"thumbnailUrl":"https:\/\/whatthefrance.org\/wp-content\/uploads\/2023\/05\/20230125-102537-180559-240x300.jpg","datePublished":"2023-05-04T08:00:03+00:00","dateModified":"2023-05-05T13:32:46+00:00","breadcrumb":{"@id":"https:\/\/whatthefrance.org\/es\/the-great-escape-se-anuncian-los-grupos-made-in-france-para-la-edicion-de-2023\/#breadcrumb"},"inLanguage":"es","potentialAction":[{"@type":"ReadAction","target":["https:\/\/whatthefrance.org\/es\/the-great-escape-se-anuncian-los-grupos-made-in-france-para-la-edicion-de-2023\/"]}]},{"@type":"ImageObject","inLanguage":"es","@id":"https:\/\/whatthefrance.org\/es\/the-great-escape-se-anuncian-los-grupos-made-in-france-para-la-edicion-de-2023\/#primaryimage","url":"https:\/\/whatthefrance.org\/wp-content\/uploads\/2023\/05\/20230125-102537-180559-240x300.jpg","contentUrl":"https:\/\/whatthefrance.org\/wp-content\/uploads\/2023\/05\/20230125-102537-180559-240x300.jpg"},{"@type":"BreadcrumbList","@id":"https:\/\/whatthefrance.org\/es\/the-great-escape-se-anuncian-los-grupos-made-in-france-para-la-edicion-de-2023\/#breadcrumb","itemListElement":[{"@type":"ListItem","position":1,"name":"Home","item":"https:\/\/whatthefrance.org\/es\/"},{"@type":"ListItem","position":2,"name":"The Great Escape | Se anuncian los grupos \u201cmade in France\u201d para la edici\u00f3n de 2023"}]},{"@type":"WebSite","@id":"https:\/\/whatthefrance.org\/es\/#website","url":"https:\/\/whatthefrance.org\/es\/","name":"What the France","description":"The finest music made in France !","publisher":{"@id":"https:\/\/whatthefrance.org\/es\/#organization"},"potentialAction":[{"@type":"SearchAction","target":{"@type":"EntryPoint","urlTemplate":"https:\/\/whatthefrance.org\/es\/?s={search_term_string}"},"query-input":{"@type":"PropertyValueSpecification","valueRequired":true,"valueName":"search_term_string"}}],"inLanguage":"es"},{"@type":"Organization","@id":"https:\/\/whatthefrance.org\/es\/#organization","name":"What The France","url":"https:\/\/whatthefrance.org\/es\/","logo":{"@type":"ImageObject","inLanguage":"es","@id":"https:\/\/whatthefrance.org\/es\/#\/schema\/logo\/image\/","url":"https:\/\/whatthefrance.org\/wp-content\/uploads\/2019\/12\/44688719_2251580388408837_694180218134331392_n-e1577679609190.png","contentUrl":"https:\/\/whatthefrance.org\/wp-content\/uploads\/2019\/12\/44688719_2251580388408837_694180218134331392_n-e1577679609190.png","width":200,"height":200,"caption":"What The France"},"image":{"@id":"https:\/\/whatthefrance.org\/es\/#\/schema\/logo\/image\/"}},{"@type":"Person","@id":"https:\/\/whatthefrance.org\/es\/#\/schema\/person\/ec6689bd96bf81ba9dcf2264cb54c946","name":"ultrapop-gustavo","image":{"@type":"ImageObject","inLanguage":"es","@id":"https:\/\/secure.gravatar.com\/avatar\/9f35e3e5944405caa221d3f9ae6c981bac53ada24e0340936c6d6364326ab920?s=96&d=mm&r=g","url":"https:\/\/secure.gravatar.com\/avatar\/9f35e3e5944405caa221d3f9ae6c981bac53ada24e0340936c6d6364326ab920?s=96&d=mm&r=g","contentUrl":"https:\/\/secure.gravatar.com\/avatar\/9f35e3e5944405caa221d3f9ae6c981bac53ada24e0340936c6d6364326ab920?s=96&d=mm&r=g","caption":"ultrapop-gustavo"}}]}},"_links":{"self":[{"href":"https:\/\/whatthefrance.org\/es\/wp-json\/wp\/v2\/posts\/55811","targetHints":{"allow":["GET"]}}],"collection":[{"href":"https:\/\/whatthefrance.org\/es\/wp-json\/wp\/v2\/posts"}],"about":[{"href":"https:\/\/whatthefrance.org\/es\/wp-json\/wp\/v2\/types\/post"}],"author":[{"embeddable":true,"href":"https:\/\/whatthefrance.org\/es\/wp-json\/wp\/v2\/users\/35"}],"replies":[{"embeddable":true,"href":"https:\/\/whatthefrance.org\/es\/wp-json\/wp\/v2\/comments?post=55811"}],"version-history":[{"count":3,"href":"https:\/\/whatthefrance.org\/es\/wp-json\/wp\/v2\/posts\/55811\/revisions"}],"predecessor-version":[{"id":55830,"href":"https:\/\/whatthefrance.org\/es\/wp-json\/wp\/v2\/posts\/55811\/revisions\/55830"}],"wp:attachment":[{"href":"https:\/\/whatthefrance.org\/es\/wp-json\/wp\/v2\/media?parent=55811"}],"wp:term":[{"taxonomy":"category","embeddable":true,"href":"https:\/\/whatthefrance.org\/es\/wp-json\/wp\/v2\/categories?post=55811"},{"taxonomy":"post_tag","embeddable":true,"href":"https:\/\/whatthefrance.org\/es\/wp-json\/wp\/v2\/tags?post=55811"}],"curies":[{"name":"wp","href":"https:\/\/api.w.org\/{rel}","templated":true}]}}