{"id":57918,"date":"2023-06-20T10:00:44","date_gmt":"2023-06-20T08:00:44","guid":{"rendered":"https:\/\/whatthefrance.org\/?p=57918"},"modified":"2023-06-22T17:56:42","modified_gmt":"2023-06-22T15:56:42","slug":"the-rodeo-una-gira-por-asia-y-una-playlist-exclusiva-para-what-the-france","status":"publish","type":"post","link":"https:\/\/whatthefrance.org\/es\/the-rodeo-una-gira-por-asia-y-una-playlist-exclusiva-para-what-the-france\/","title":{"rendered":"The Rodeo | \u00a1Una gira por Asia y una playlist exclusiva para What the France!"},"content":{"rendered":"<p><span style=\"font-weight: 400;\">Detr\u00e1s del anagrama <\/span><a href=\"https:\/\/www.instagram.com\/therodeo\/\"><b>The Rodeo<\/b><\/a><span style=\"font-weight: 400;\"> se esconde el nombre Doroth\u00e9e. Esta artista francesa recorre paisajes de todo el mundo para inspirarse y ofrecernos, desde hace m\u00e1s de una d\u00e9cada, su colorida m\u00fasica pop. Su primer EP, llamado <\/span><b><i>My First E.P<\/i><\/b><span style=\"font-weight: 400;\"> fue lanzado en 2007. Despu\u00e9s de lanzar el \u00e1lbum <\/span><b><i>Music Maelstr\u00f6m <\/i><\/b><span style=\"font-weight: 400;\">en 2010, con el que se ti\u00f1era su musica de country-folk, cuatro a\u00f1os despu\u00e9s nos presento el \u00e1lbum <\/span><b><i>Tale Of Woe<\/i><\/b><span style=\"font-weight: 400;\">, luego sucedido tambi\u00e9n en 2014 por <\/span><b><i>La Musica Del Diavolo<\/i><\/b><span style=\"font-weight: 400;\">, esta vez m\u00e1s orientado al Motown. Fue en 2018 cuando volvie\u00f3 a cantar en franc\u00e9s en el \u00e1lbum <\/span><b><i>Th\u00e9rianthropie Paradis<\/i><\/b><span style=\"font-weight: 400;\">, que present\u00f3 un cambio ling\u00fc\u00edstico que contin\u00faa hasta la actualidad en su \u00faltima obra, <\/span><b><i>Arlequine<\/i><\/b><span style=\"font-weight: 400;\">, lanzado en febrero de 2023. \u00a1<\/span><span style=\"font-weight: 400;\">Las inspiraciones de The Rodeo se pueden encontrar en nuestra playlist exclusiva<\/span><span style=\"font-weight: 400;\">!<\/span><\/p>\n<p><iframe loading=\"lazy\" title=\"The Rodeo - L&#039; Hymne \u00e0 la moue\" width=\"500\" height=\"281\" src=\"https:\/\/www.youtube.com\/embed\/I1025yJbfSk?feature=oembed\" frameborder=\"0\" allow=\"accelerometer; autoplay; clipboard-write; encrypted-media; gyroscope; picture-in-picture; web-share\" referrerpolicy=\"strict-origin-when-cross-origin\" allowfullscreen><\/iframe><\/p>\n<h2><b>Arlequine, el nuevo \u00e1lbum de The Rodeo<\/b><\/h2>\n<p><span style=\"font-weight: 400;\">Si bien su m\u00fasica se ha vuelo internacional, The Rodeo desea jugar con las palabras del franc\u00e9s, evitando siempre las rimas f\u00e1ciles. Su \u00faltimo \u00e1lbum es el ejemplo perfecto de esto. <\/span><b><i>Arlequine<\/i><\/b><span style=\"font-weight: 400;\"> es una \u201cobra en mosaico\u201d, donde los g\u00e9neros se mezclan armoniosamente. Al igual que en sus viajes, la m\u00fasica pop se presenta en nueve canciones muy diferentes entre s\u00ed, dando siempre es una respuesta a la canci\u00f3n anterior. Durante estos treinta minutos no resultar\u00e1 raro encontrar melod\u00edas de bossa nova, blues-rock y un poco de punk, a veces. Todo lo canta siempre con una voz que bien podr\u00eda ser la de France Gall o la de Lio: justa y bien fraseada. Sin embargo se cuidan las armon\u00edas de las canciones, cada simple es una peque\u00f1a historia melanc\u00f3lica cantada con alegr\u00eda y optimismo.<\/span><\/p>\n<p><img decoding=\"async\" class=\"aligncenter wp-image-57653 size-medium\" src=\"https:\/\/whatthefrance.org\/wp-content\/uploads\/2023\/06\/116429CC-CCC0-42FB-B185-E6BFEF8A9D4F-1024x1024.jpeg-300x300.webp\" alt=\" Arlequine, l'album de The Rodeo\" width=\"300\" height=\"300\" srcset=\"https:\/\/whatthefrance.org\/wp-content\/uploads\/2023\/06\/116429CC-CCC0-42FB-B185-E6BFEF8A9D4F-1024x1024.jpeg-300x300.webp 300w, https:\/\/whatthefrance.org\/wp-content\/uploads\/2023\/06\/116429CC-CCC0-42FB-B185-E6BFEF8A9D4F-1024x1024.jpeg-150x150.webp 150w, https:\/\/whatthefrance.org\/wp-content\/uploads\/2023\/06\/116429CC-CCC0-42FB-B185-E6BFEF8A9D4F-1024x1024.jpeg-452x452.webp 452w, https:\/\/whatthefrance.org\/wp-content\/uploads\/2023\/06\/116429CC-CCC0-42FB-B185-E6BFEF8A9D4F-1024x1024.jpeg-348x348.webp 348w, https:\/\/whatthefrance.org\/wp-content\/uploads\/2023\/06\/116429CC-CCC0-42FB-B185-E6BFEF8A9D4F-1024x1024.jpeg-254x254.webp 254w, https:\/\/whatthefrance.org\/wp-content\/uploads\/2023\/06\/116429CC-CCC0-42FB-B185-E6BFEF8A9D4F-1024x1024.jpeg-170x170.webp 170w, https:\/\/whatthefrance.org\/wp-content\/uploads\/2023\/06\/116429CC-CCC0-42FB-B185-E6BFEF8A9D4F-1024x1024.jpeg.webp 697w\" sizes=\"(max-width: 300px) 100vw, 300px\" \/><\/p>\n<p><span style=\"font-weight: 400;\">La orquestaci\u00f3n de estas nuevas canciones nos sumerge en una especie de banda sonora de una historia que habla del final de una relaci\u00f3n rom\u00e1ntica (te toca a ti escuchar para descubrir el misterio) y la salida que le sigue a ese t\u00fanel. Siempre con melod\u00edas pop francesas de los a\u00f1os 60\u2019s y 70\u2019s, The Rodeo trae consigo mucho color en <\/span><i><span style=\"font-weight: 400;\">Arlequine<\/span><\/i><span style=\"font-weight: 400;\">.<\/span><\/p>\n<h2><b>La gira y la playlist exclusiva de The Rodeo<\/b><\/h2>\n<p><span style=\"font-weight: 400;\">Mientras contin\u00faa <\/span><b>su gira por Asia<\/b><span style=\"font-weight: 400;\">, The Rodeo ha producido una <\/span><a href=\"https:\/\/whatthefrance.org\/fr\/playlists-cat\/curators-fr\/\"><b>playlist en exclusiva<\/b><\/a><span style=\"font-weight: 400;\"> para What the France. The Rodeo nos regala algunas de sus canciones favoritas \u201cmade in France\u201d, interpretadas por artistas como V\u00e9ronique Sanson, Marie Lafor\u00eat, P\u00e9pite, Les Rita Mitsouko, Anne Sylvestre, Voyou, Deux, Le Couleur, Hubert Lenoir y por Claude Nougaro.<\/span><\/p>\n<p><span style=\"font-weight: 400;\"><div class=\"playListBloc singleBloc\"><div class=\"playListBloc-wrap\">    <div class=\"thumbnail\"><img data-src=\"https:\/\/whatthefrance.org\/wp-content\/uploads\/2023\/06\/Cover-A-Made-in-France-Selection-By-The-Rodeo-254x254.jpeg\" class=\"lazyload\" alt=\"Cover A Made in France Selection By The Rodeo\" \/>    <\/div>    <div class=\"infos\">        <span class=\"tag\">Curators<\/span>        <h2>A Made In France Selection By The Rodeo<\/h2>        <span class=\"separator\"><\/span>       <span class=\"desc\">Listen to a selection of made in France tracks, carefully handpicked by The Rodeo.<\/span><div class=\"share flex flexAlignCenter \">\t<span class=\"label\">Compartir<\/span>\t<a href=\"https:\/\/www.facebook.com\/sharer\/sharer.php?u=https:\/\/whatthefrance.org\/es\/playlists\/a-made-in-france-selection-by-the-rodeo\/\" class=\"facebook\" target=\"_blank\" rel=\"noreferrer\">Facebook<\/a>\t<a href=\"https:\/\/twitter.com\/intent\/tweet?url=https:\/\/whatthefrance.org\/es\/playlists\/a-made-in-france-selection-by-the-rodeo\/&text=A+Made+In+France+Selection+By+The+Rodeo&hashtags=WTF\" class=\"twitter\" target=\"_blank\" rel=\"noreferrer\">Twitter<\/a>\t<a href=\"mailto:?subject=What%20the%20France%20%3A%20A%20Made%20In%20France%20Selection%20By%20The%20Rodeo&body=https:\/\/whatthefrance.org\/es\/playlists\/a-made-in-france-selection-by-the-rodeo\/\" class=\"mail\" target=\"_blank\" rel=\"noreferrer\">Email<\/a><\/div>        <a href=\"#\" class=\"btn btnPlaylist orange playlist-click\" data-id=\"57296\">            <svg version=\"1.1\" x=\"0px\" y=\"0px\" width=\"40px\" height=\"40px\" viewBox=\"0 0 213.7 213.7\" enable-background=\"new 0 0 213.7 213.7\" xml:space=\"preserve\">                <polygon class=\"triangle\" fill=\"none\" stroke-width=\"10\" stroke-linecap=\"round\" stroke-linejoin=\"round\" stroke-miterlimit=\"10\" points=\"\n            73.5,62.5 148.5,105.8 73.5,149.1 \"\/>                <circle class=\"circle\" fill=\"none\"  stroke-width=\"8\" stroke-linecap=\"round\" stroke-linejoin=\"round\" stroke-miterlimit=\"10\" cx=\"106.8\" cy=\"106.8\" r=\"103.3\"\/>                <circle class=\"circle-white\" fill=\"none\"  stroke-width=\"8\" stroke-linecap=\"round\" stroke-linejoin=\"round\" stroke-miterlimit=\"10\" cx=\"106.8\" cy=\"106.8\" r=\"103.3\"\/>            <\/svg>Escuchar        <\/a>    <\/div>  <\/div><\/div><\/span><\/p>\n","protected":false},"excerpt":{"rendered":"<p>Detr\u00e1s del anagrama The Rodeo se esconde el nombre Doroth\u00e9e. Esta artista francesa recorre paisajes de todo el mundo para inspirarse y ofrecernos, desde hace m\u00e1s de una d\u00e9cada, su colorida m\u00fasica pop. Su primer EP, llamado My First E.P fue lanzado en 2007. Despu\u00e9s de lanzar el \u00e1lbum Music Maelstr\u00f6m en 2010, con el [&hellip;]<\/p>\n","protected":false},"author":35,"featured_media":0,"comment_status":"closed","ping_status":"closed","sticky":false,"template":"","format":"standard","meta":{"_acf_changed":false,"footnotes":""},"categories":[1967],"tags":[1926,1938,7752,1950],"class_list":["post-57918","post","type-post","status-publish","format-standard","hentry","category-curator-es","tag-blues-es","tag-folk-es","tag-pop-folk-es","tag-rock-es"],"acf":[],"yoast_head":"<!-- This site is optimized with the Yoast SEO plugin v27.3 - https:\/\/yoast.com\/product\/yoast-seo-wordpress\/ -->\n<title>The Rodeo | \u00a1Una gira por Asia y una playlist exclusiva para What the France! - What the France<\/title>\n<meta name=\"robots\" content=\"index, follow, max-snippet:-1, max-image-preview:large, max-video-preview:-1\" \/>\n<link rel=\"canonical\" href=\"https:\/\/whatthefrance.org\/es\/the-rodeo-una-gira-por-asia-y-una-playlist-exclusiva-para-what-the-france\/\" \/>\n<meta property=\"og:locale\" content=\"es_ES\" \/>\n<meta property=\"og:type\" content=\"article\" \/>\n<meta property=\"og:title\" content=\"The Rodeo | \u00a1Una gira por Asia y una playlist exclusiva para What the France! - What the France\" \/>\n<meta property=\"og:description\" content=\"Detr\u00e1s del anagrama The Rodeo se esconde el nombre Doroth\u00e9e. Esta artista francesa recorre paisajes de todo el mundo para inspirarse y ofrecernos, desde hace m\u00e1s de una d\u00e9cada, su colorida m\u00fasica pop. Su primer EP, llamado My First E.P fue lanzado en 2007. Despu\u00e9s de lanzar el \u00e1lbum Music Maelstr\u00f6m en 2010, con el [&hellip;]\" \/>\n<meta property=\"og:url\" content=\"https:\/\/whatthefrance.org\/es\/the-rodeo-una-gira-por-asia-y-una-playlist-exclusiva-para-what-the-france\/\" \/>\n<meta property=\"og:site_name\" content=\"What the France\" \/>\n<meta property=\"article:published_time\" content=\"2023-06-20T08:00:44+00:00\" \/>\n<meta property=\"article:modified_time\" content=\"2023-06-22T15:56:42+00:00\" \/>\n<meta property=\"og:image\" content=\"https:\/\/whatthefrance.org\/wp-content\/uploads\/2023\/06\/therodeo_wordpress_what_the_france.png\" \/>\n\t<meta property=\"og:image:width\" content=\"1084\" \/>\n\t<meta property=\"og:image:height\" content=\"452\" \/><meta property=\"og:image\" content=\"https:\/\/whatthefrance.org\/wp-content\/uploads\/2023\/06\/116429CC-CCC0-42FB-B185-E6BFEF8A9D4F-1024x1024.jpeg-300x300.webp\" \/>\n<meta name=\"author\" content=\"ultrapop-gustavo\" \/>\n<meta name=\"twitter:card\" content=\"summary_large_image\" \/>\n<meta name=\"twitter:label1\" content=\"Escrito por\" \/>\n\t<meta name=\"twitter:data1\" content=\"ultrapop-gustavo\" \/>\n\t<meta name=\"twitter:label2\" content=\"Tiempo de lectura\" \/>\n\t<meta name=\"twitter:data2\" content=\"2 minutos\" \/>\n<script type=\"application\/ld+json\" class=\"yoast-schema-graph\">{\"@context\":\"https:\\\/\\\/schema.org\",\"@graph\":[{\"@type\":\"Article\",\"@id\":\"https:\\\/\\\/whatthefrance.org\\\/es\\\/the-rodeo-una-gira-por-asia-y-una-playlist-exclusiva-para-what-the-france\\\/#article\",\"isPartOf\":{\"@id\":\"https:\\\/\\\/whatthefrance.org\\\/es\\\/the-rodeo-una-gira-por-asia-y-una-playlist-exclusiva-para-what-the-france\\\/\"},\"author\":{\"name\":\"ultrapop-gustavo\",\"@id\":\"https:\\\/\\\/whatthefrance.org\\\/es\\\/#\\\/schema\\\/person\\\/ec6689bd96bf81ba9dcf2264cb54c946\"},\"headline\":\"The Rodeo | \u00a1Una gira por Asia y una playlist exclusiva para What the France!\",\"datePublished\":\"2023-06-20T08:00:44+00:00\",\"dateModified\":\"2023-06-22T15:56:42+00:00\",\"mainEntityOfPage\":{\"@id\":\"https:\\\/\\\/whatthefrance.org\\\/es\\\/the-rodeo-una-gira-por-asia-y-una-playlist-exclusiva-para-what-the-france\\\/\"},\"wordCount\":455,\"publisher\":{\"@id\":\"https:\\\/\\\/whatthefrance.org\\\/es\\\/#organization\"},\"image\":{\"@id\":\"https:\\\/\\\/whatthefrance.org\\\/es\\\/the-rodeo-una-gira-por-asia-y-una-playlist-exclusiva-para-what-the-france\\\/#primaryimage\"},\"thumbnailUrl\":\"https:\\\/\\\/whatthefrance.org\\\/wp-content\\\/uploads\\\/2023\\\/06\\\/116429CC-CCC0-42FB-B185-E6BFEF8A9D4F-1024x1024.jpeg-300x300.webp\",\"keywords\":[\"Blues\",\"Folk\",\"Pop Folk\",\"Rock\"],\"articleSection\":[\"Curator\"],\"inLanguage\":\"es\"},{\"@type\":\"WebPage\",\"@id\":\"https:\\\/\\\/whatthefrance.org\\\/es\\\/the-rodeo-una-gira-por-asia-y-una-playlist-exclusiva-para-what-the-france\\\/\",\"url\":\"https:\\\/\\\/whatthefrance.org\\\/es\\\/the-rodeo-una-gira-por-asia-y-una-playlist-exclusiva-para-what-the-france\\\/\",\"name\":\"The Rodeo | \u00a1Una gira por Asia y una playlist exclusiva para What the France! - What the France\",\"isPartOf\":{\"@id\":\"https:\\\/\\\/whatthefrance.org\\\/es\\\/#website\"},\"primaryImageOfPage\":{\"@id\":\"https:\\\/\\\/whatthefrance.org\\\/es\\\/the-rodeo-una-gira-por-asia-y-una-playlist-exclusiva-para-what-the-france\\\/#primaryimage\"},\"image\":{\"@id\":\"https:\\\/\\\/whatthefrance.org\\\/es\\\/the-rodeo-una-gira-por-asia-y-una-playlist-exclusiva-para-what-the-france\\\/#primaryimage\"},\"thumbnailUrl\":\"https:\\\/\\\/whatthefrance.org\\\/wp-content\\\/uploads\\\/2023\\\/06\\\/116429CC-CCC0-42FB-B185-E6BFEF8A9D4F-1024x1024.jpeg-300x300.webp\",\"datePublished\":\"2023-06-20T08:00:44+00:00\",\"dateModified\":\"2023-06-22T15:56:42+00:00\",\"breadcrumb\":{\"@id\":\"https:\\\/\\\/whatthefrance.org\\\/es\\\/the-rodeo-una-gira-por-asia-y-una-playlist-exclusiva-para-what-the-france\\\/#breadcrumb\"},\"inLanguage\":\"es\",\"potentialAction\":[{\"@type\":\"ReadAction\",\"target\":[\"https:\\\/\\\/whatthefrance.org\\\/es\\\/the-rodeo-una-gira-por-asia-y-una-playlist-exclusiva-para-what-the-france\\\/\"]}]},{\"@type\":\"ImageObject\",\"inLanguage\":\"es\",\"@id\":\"https:\\\/\\\/whatthefrance.org\\\/es\\\/the-rodeo-una-gira-por-asia-y-una-playlist-exclusiva-para-what-the-france\\\/#primaryimage\",\"url\":\"https:\\\/\\\/whatthefrance.org\\\/wp-content\\\/uploads\\\/2023\\\/06\\\/116429CC-CCC0-42FB-B185-E6BFEF8A9D4F-1024x1024.jpeg-300x300.webp\",\"contentUrl\":\"https:\\\/\\\/whatthefrance.org\\\/wp-content\\\/uploads\\\/2023\\\/06\\\/116429CC-CCC0-42FB-B185-E6BFEF8A9D4F-1024x1024.jpeg-300x300.webp\"},{\"@type\":\"BreadcrumbList\",\"@id\":\"https:\\\/\\\/whatthefrance.org\\\/es\\\/the-rodeo-una-gira-por-asia-y-una-playlist-exclusiva-para-what-the-france\\\/#breadcrumb\",\"itemListElement\":[{\"@type\":\"ListItem\",\"position\":1,\"name\":\"Home\",\"item\":\"https:\\\/\\\/whatthefrance.org\\\/es\\\/\"},{\"@type\":\"ListItem\",\"position\":2,\"name\":\"The Rodeo | \u00a1Una gira por Asia y una playlist exclusiva para What the France!\"}]},{\"@type\":\"WebSite\",\"@id\":\"https:\\\/\\\/whatthefrance.org\\\/es\\\/#website\",\"url\":\"https:\\\/\\\/whatthefrance.org\\\/es\\\/\",\"name\":\"What the France\",\"description\":\"The finest music made in France !\",\"publisher\":{\"@id\":\"https:\\\/\\\/whatthefrance.org\\\/es\\\/#organization\"},\"potentialAction\":[{\"@type\":\"SearchAction\",\"target\":{\"@type\":\"EntryPoint\",\"urlTemplate\":\"https:\\\/\\\/whatthefrance.org\\\/es\\\/?s={search_term_string}\"},\"query-input\":{\"@type\":\"PropertyValueSpecification\",\"valueRequired\":true,\"valueName\":\"search_term_string\"}}],\"inLanguage\":\"es\"},{\"@type\":\"Organization\",\"@id\":\"https:\\\/\\\/whatthefrance.org\\\/es\\\/#organization\",\"name\":\"What The France\",\"url\":\"https:\\\/\\\/whatthefrance.org\\\/es\\\/\",\"logo\":{\"@type\":\"ImageObject\",\"inLanguage\":\"es\",\"@id\":\"https:\\\/\\\/whatthefrance.org\\\/es\\\/#\\\/schema\\\/logo\\\/image\\\/\",\"url\":\"https:\\\/\\\/whatthefrance.org\\\/wp-content\\\/uploads\\\/2019\\\/12\\\/44688719_2251580388408837_694180218134331392_n-e1577679609190.png\",\"contentUrl\":\"https:\\\/\\\/whatthefrance.org\\\/wp-content\\\/uploads\\\/2019\\\/12\\\/44688719_2251580388408837_694180218134331392_n-e1577679609190.png\",\"width\":200,\"height\":200,\"caption\":\"What The France\"},\"image\":{\"@id\":\"https:\\\/\\\/whatthefrance.org\\\/es\\\/#\\\/schema\\\/logo\\\/image\\\/\"}},{\"@type\":\"Person\",\"@id\":\"https:\\\/\\\/whatthefrance.org\\\/es\\\/#\\\/schema\\\/person\\\/ec6689bd96bf81ba9dcf2264cb54c946\",\"name\":\"ultrapop-gustavo\",\"image\":{\"@type\":\"ImageObject\",\"inLanguage\":\"es\",\"@id\":\"https:\\\/\\\/secure.gravatar.com\\\/avatar\\\/9f35e3e5944405caa221d3f9ae6c981bac53ada24e0340936c6d6364326ab920?s=96&d=mm&r=g\",\"url\":\"https:\\\/\\\/secure.gravatar.com\\\/avatar\\\/9f35e3e5944405caa221d3f9ae6c981bac53ada24e0340936c6d6364326ab920?s=96&d=mm&r=g\",\"contentUrl\":\"https:\\\/\\\/secure.gravatar.com\\\/avatar\\\/9f35e3e5944405caa221d3f9ae6c981bac53ada24e0340936c6d6364326ab920?s=96&d=mm&r=g\",\"caption\":\"ultrapop-gustavo\"}}]}<\/script>\n<!-- \/ Yoast SEO plugin. -->","yoast_head_json":{"title":"The Rodeo | \u00a1Una gira por Asia y una playlist exclusiva para What the France! - What the France","robots":{"index":"index","follow":"follow","max-snippet":"max-snippet:-1","max-image-preview":"max-image-preview:large","max-video-preview":"max-video-preview:-1"},"canonical":"https:\/\/whatthefrance.org\/es\/the-rodeo-una-gira-por-asia-y-una-playlist-exclusiva-para-what-the-france\/","og_locale":"es_ES","og_type":"article","og_title":"The Rodeo | \u00a1Una gira por Asia y una playlist exclusiva para What the France! - What the France","og_description":"Detr\u00e1s del anagrama The Rodeo se esconde el nombre Doroth\u00e9e. Esta artista francesa recorre paisajes de todo el mundo para inspirarse y ofrecernos, desde hace m\u00e1s de una d\u00e9cada, su colorida m\u00fasica pop. Su primer EP, llamado My First E.P fue lanzado en 2007. Despu\u00e9s de lanzar el \u00e1lbum Music Maelstr\u00f6m en 2010, con el [&hellip;]","og_url":"https:\/\/whatthefrance.org\/es\/the-rodeo-una-gira-por-asia-y-una-playlist-exclusiva-para-what-the-france\/","og_site_name":"What the France","article_published_time":"2023-06-20T08:00:44+00:00","article_modified_time":"2023-06-22T15:56:42+00:00","og_image":[{"url":"https:\/\/whatthefrance.org\/wp-content\/uploads\/2023\/06\/therodeo_wordpress_what_the_france.png","height":452,"width":1084,"type":""},{"url":"https:\/\/whatthefrance.org\/wp-content\/uploads\/2023\/06\/116429CC-CCC0-42FB-B185-E6BFEF8A9D4F-1024x1024.jpeg-300x300.webp","type":"","width":"","height":""}],"author":"ultrapop-gustavo","twitter_card":"summary_large_image","twitter_misc":{"Escrito por":"ultrapop-gustavo","Tiempo de lectura":"2 minutos"},"schema":{"@context":"https:\/\/schema.org","@graph":[{"@type":"Article","@id":"https:\/\/whatthefrance.org\/es\/the-rodeo-una-gira-por-asia-y-una-playlist-exclusiva-para-what-the-france\/#article","isPartOf":{"@id":"https:\/\/whatthefrance.org\/es\/the-rodeo-una-gira-por-asia-y-una-playlist-exclusiva-para-what-the-france\/"},"author":{"name":"ultrapop-gustavo","@id":"https:\/\/whatthefrance.org\/es\/#\/schema\/person\/ec6689bd96bf81ba9dcf2264cb54c946"},"headline":"The Rodeo | \u00a1Una gira por Asia y una playlist exclusiva para What the France!","datePublished":"2023-06-20T08:00:44+00:00","dateModified":"2023-06-22T15:56:42+00:00","mainEntityOfPage":{"@id":"https:\/\/whatthefrance.org\/es\/the-rodeo-una-gira-por-asia-y-una-playlist-exclusiva-para-what-the-france\/"},"wordCount":455,"publisher":{"@id":"https:\/\/whatthefrance.org\/es\/#organization"},"image":{"@id":"https:\/\/whatthefrance.org\/es\/the-rodeo-una-gira-por-asia-y-una-playlist-exclusiva-para-what-the-france\/#primaryimage"},"thumbnailUrl":"https:\/\/whatthefrance.org\/wp-content\/uploads\/2023\/06\/116429CC-CCC0-42FB-B185-E6BFEF8A9D4F-1024x1024.jpeg-300x300.webp","keywords":["Blues","Folk","Pop Folk","Rock"],"articleSection":["Curator"],"inLanguage":"es"},{"@type":"WebPage","@id":"https:\/\/whatthefrance.org\/es\/the-rodeo-una-gira-por-asia-y-una-playlist-exclusiva-para-what-the-france\/","url":"https:\/\/whatthefrance.org\/es\/the-rodeo-una-gira-por-asia-y-una-playlist-exclusiva-para-what-the-france\/","name":"The Rodeo | \u00a1Una gira por Asia y una playlist exclusiva para What the France! - What the France","isPartOf":{"@id":"https:\/\/whatthefrance.org\/es\/#website"},"primaryImageOfPage":{"@id":"https:\/\/whatthefrance.org\/es\/the-rodeo-una-gira-por-asia-y-una-playlist-exclusiva-para-what-the-france\/#primaryimage"},"image":{"@id":"https:\/\/whatthefrance.org\/es\/the-rodeo-una-gira-por-asia-y-una-playlist-exclusiva-para-what-the-france\/#primaryimage"},"thumbnailUrl":"https:\/\/whatthefrance.org\/wp-content\/uploads\/2023\/06\/116429CC-CCC0-42FB-B185-E6BFEF8A9D4F-1024x1024.jpeg-300x300.webp","datePublished":"2023-06-20T08:00:44+00:00","dateModified":"2023-06-22T15:56:42+00:00","breadcrumb":{"@id":"https:\/\/whatthefrance.org\/es\/the-rodeo-una-gira-por-asia-y-una-playlist-exclusiva-para-what-the-france\/#breadcrumb"},"inLanguage":"es","potentialAction":[{"@type":"ReadAction","target":["https:\/\/whatthefrance.org\/es\/the-rodeo-una-gira-por-asia-y-una-playlist-exclusiva-para-what-the-france\/"]}]},{"@type":"ImageObject","inLanguage":"es","@id":"https:\/\/whatthefrance.org\/es\/the-rodeo-una-gira-por-asia-y-una-playlist-exclusiva-para-what-the-france\/#primaryimage","url":"https:\/\/whatthefrance.org\/wp-content\/uploads\/2023\/06\/116429CC-CCC0-42FB-B185-E6BFEF8A9D4F-1024x1024.jpeg-300x300.webp","contentUrl":"https:\/\/whatthefrance.org\/wp-content\/uploads\/2023\/06\/116429CC-CCC0-42FB-B185-E6BFEF8A9D4F-1024x1024.jpeg-300x300.webp"},{"@type":"BreadcrumbList","@id":"https:\/\/whatthefrance.org\/es\/the-rodeo-una-gira-por-asia-y-una-playlist-exclusiva-para-what-the-france\/#breadcrumb","itemListElement":[{"@type":"ListItem","position":1,"name":"Home","item":"https:\/\/whatthefrance.org\/es\/"},{"@type":"ListItem","position":2,"name":"The Rodeo | \u00a1Una gira por Asia y una playlist exclusiva para What the France!"}]},{"@type":"WebSite","@id":"https:\/\/whatthefrance.org\/es\/#website","url":"https:\/\/whatthefrance.org\/es\/","name":"What the France","description":"The finest music made in France !","publisher":{"@id":"https:\/\/whatthefrance.org\/es\/#organization"},"potentialAction":[{"@type":"SearchAction","target":{"@type":"EntryPoint","urlTemplate":"https:\/\/whatthefrance.org\/es\/?s={search_term_string}"},"query-input":{"@type":"PropertyValueSpecification","valueRequired":true,"valueName":"search_term_string"}}],"inLanguage":"es"},{"@type":"Organization","@id":"https:\/\/whatthefrance.org\/es\/#organization","name":"What The France","url":"https:\/\/whatthefrance.org\/es\/","logo":{"@type":"ImageObject","inLanguage":"es","@id":"https:\/\/whatthefrance.org\/es\/#\/schema\/logo\/image\/","url":"https:\/\/whatthefrance.org\/wp-content\/uploads\/2019\/12\/44688719_2251580388408837_694180218134331392_n-e1577679609190.png","contentUrl":"https:\/\/whatthefrance.org\/wp-content\/uploads\/2019\/12\/44688719_2251580388408837_694180218134331392_n-e1577679609190.png","width":200,"height":200,"caption":"What The France"},"image":{"@id":"https:\/\/whatthefrance.org\/es\/#\/schema\/logo\/image\/"}},{"@type":"Person","@id":"https:\/\/whatthefrance.org\/es\/#\/schema\/person\/ec6689bd96bf81ba9dcf2264cb54c946","name":"ultrapop-gustavo","image":{"@type":"ImageObject","inLanguage":"es","@id":"https:\/\/secure.gravatar.com\/avatar\/9f35e3e5944405caa221d3f9ae6c981bac53ada24e0340936c6d6364326ab920?s=96&d=mm&r=g","url":"https:\/\/secure.gravatar.com\/avatar\/9f35e3e5944405caa221d3f9ae6c981bac53ada24e0340936c6d6364326ab920?s=96&d=mm&r=g","contentUrl":"https:\/\/secure.gravatar.com\/avatar\/9f35e3e5944405caa221d3f9ae6c981bac53ada24e0340936c6d6364326ab920?s=96&d=mm&r=g","caption":"ultrapop-gustavo"}}]}},"_links":{"self":[{"href":"https:\/\/whatthefrance.org\/es\/wp-json\/wp\/v2\/posts\/57918","targetHints":{"allow":["GET"]}}],"collection":[{"href":"https:\/\/whatthefrance.org\/es\/wp-json\/wp\/v2\/posts"}],"about":[{"href":"https:\/\/whatthefrance.org\/es\/wp-json\/wp\/v2\/types\/post"}],"author":[{"embeddable":true,"href":"https:\/\/whatthefrance.org\/es\/wp-json\/wp\/v2\/users\/35"}],"replies":[{"embeddable":true,"href":"https:\/\/whatthefrance.org\/es\/wp-json\/wp\/v2\/comments?post=57918"}],"version-history":[{"count":3,"href":"https:\/\/whatthefrance.org\/es\/wp-json\/wp\/v2\/posts\/57918\/revisions"}],"predecessor-version":[{"id":57959,"href":"https:\/\/whatthefrance.org\/es\/wp-json\/wp\/v2\/posts\/57918\/revisions\/57959"}],"wp:attachment":[{"href":"https:\/\/whatthefrance.org\/es\/wp-json\/wp\/v2\/media?parent=57918"}],"wp:term":[{"taxonomy":"category","embeddable":true,"href":"https:\/\/whatthefrance.org\/es\/wp-json\/wp\/v2\/categories?post=57918"},{"taxonomy":"post_tag","embeddable":true,"href":"https:\/\/whatthefrance.org\/es\/wp-json\/wp\/v2\/tags?post=57918"}],"curies":[{"name":"wp","href":"https:\/\/api.w.org\/{rel}","templated":true}]}}