{"id":58246,"date":"2023-06-29T10:00:55","date_gmt":"2023-06-29T08:00:55","guid":{"rendered":"https:\/\/whatthefrance.org\/?p=58246"},"modified":"2023-06-29T19:54:16","modified_gmt":"2023-06-29T17:54:16","slug":"ben-howard-nuevo-album-y-gira-internacional","status":"publish","type":"post","link":"https:\/\/whatthefrance.org\/es\/ben-howard-nuevo-album-y-gira-internacional\/","title":{"rendered":"Ben Howard | \u00a1Nuevo \u00e1lbum y gira internacional!"},"content":{"rendered":"<p><span style=\"font-weight: 400;\">El 16 de junio, el artista ingl\u00e9s <\/span><a href=\"https:\/\/www.instagram.com\/benhoward_\/\"><b>Ben Howard<\/b><\/a><span style=\"font-weight: 400;\"> present\u00f3 el \u00e1lbum titulado <\/span><b><i>Is It?<\/i><\/b><span style=\"font-weight: 400;\">, publicado a trav\u00e9s del sello franc\u00e9s \u00a0<u>t\u00f4t\u00a0<\/u><u>Ou tard<\/u><\/span><span style=\"font-weight: 400;\">. Actualmente se encuentra en Inglaterra con una serie de conciertos para promocionar su nuevo \u00e1lbum, previo a tocar en julio junto a la Filarm\u00f3nica de Par\u00eds, para continuar\u00e1n luego su gira por el continente <\/span><b>europeo<\/b><span style=\"font-weight: 400;\"> y <\/span><b>norteam\u00e9rica<\/b><span style=\"font-weight: 400;\">.<\/span><\/p>\n<p><img decoding=\"async\" class=\"aligncenter wp-image-58051\" src=\"https:\/\/whatthefrance.org\/wp-content\/uploads\/2023\/06\/is-it-what-the-france-300x300.jpg\" alt=\"L'album Ben Howard, lanc\u00e9 avant la tourn\u00e9e de Ben Howard\" width=\"259\" height=\"259\" srcset=\"https:\/\/whatthefrance.org\/wp-content\/uploads\/2023\/06\/is-it-what-the-france-300x300.jpg 300w, https:\/\/whatthefrance.org\/wp-content\/uploads\/2023\/06\/is-it-what-the-france-1024x1024.jpg 1024w, https:\/\/whatthefrance.org\/wp-content\/uploads\/2023\/06\/is-it-what-the-france-150x150.jpg 150w, https:\/\/whatthefrance.org\/wp-content\/uploads\/2023\/06\/is-it-what-the-france-768x768.jpg 768w, https:\/\/whatthefrance.org\/wp-content\/uploads\/2023\/06\/is-it-what-the-france-452x452.jpg 452w, https:\/\/whatthefrance.org\/wp-content\/uploads\/2023\/06\/is-it-what-the-france-348x348.jpg 348w, https:\/\/whatthefrance.org\/wp-content\/uploads\/2023\/06\/is-it-what-the-france-254x254.jpg 254w, https:\/\/whatthefrance.org\/wp-content\/uploads\/2023\/06\/is-it-what-the-france-170x170.jpg 170w, https:\/\/whatthefrance.org\/wp-content\/uploads\/2023\/06\/is-it-what-the-france.jpg 1500w\" sizes=\"(max-width: 259px) 100vw, 259px\" \/><\/p>\n<p style=\"text-align: center;\"><span style=\"font-weight: 400;\">La portada del \u00e1lbum <\/span><i><span style=\"font-weight: 400;\">Is It?<\/span><\/i><span style=\"font-weight: 400;\">, lanzado en junio de 2023<\/span><\/p>\n<p><span style=\"font-weight: 400;\">Fueron necesarios tan solo 10 d\u00edas para grabar las 10 canciones que componen a esta nueva obra. Tras sufrir dos mini accidentes vasculares cerebrales (ACV), volvi\u00f3 a encerrarse en el estudio franc\u00e9s Le Manoir de L\u00e9on para grabar este nuevo proyecto, que va en l\u00ednea con su anterior \u00e1lbum, <\/span><a href=\"https:\/\/whatthefrance.org\/fr\/ben-howard-nouvel-album-collections-from-the-whiteout\/\"><b>Collections from the Whiteout<\/b><\/a><span style=\"font-weight: 400;\">, editado dos a\u00f1os antes.<\/span><\/p>\n<p><span style=\"font-weight: 400;\">Inicialmente orientado hacia un esp\u00edritu m\u00e1s <\/span><b>folk<\/b><span style=\"font-weight: 400;\">, como el del \u00e1lbum de 2011 <\/span><b><i>Every Kingdom<\/i><\/b><span style=\"font-weight: 400;\"> (que permiti\u00f3 a Ben Howard ser laureado en las categor\u00edas \u201cArtista masculino\u201d y \u201cRevelaci\u00f3n del a\u00f1o\u201d en los Brit Awards de 2013), este \u00faltimo proyecto se ha transformado profundamente con el transcurso de los a\u00f1os. En comparaci\u00f3n con su EP debut de 2008, <\/span><b><i>Games in the dark<\/i><\/b><span style=\"font-weight: 400;\">, suena casi como Radiohead, y las voces vibrantes de su segundo EP, lanzado al a\u00f1o siguiente, <\/span><b><i>These Waters<\/i><\/b><span style=\"font-weight: 400;\">, su \u00faltimo \u00e1lbum <\/span><b>suena como un ruptura con sus inicios<\/b><span style=\"font-weight: 400;\">.<\/span><\/p>\n<h2><b>\u00bfC\u00f3mo suena el \u00faltimo \u00e1lbum de Ben Howard?<\/b><\/h2>\n<p><span style=\"font-weight: 400;\">M\u00e1s <\/span><b>el\u00e9ctrico<\/b><span style=\"font-weight: 400;\"> y <\/span><b>electr\u00f3nico<\/b><span style=\"font-weight: 400;\">, gracias a un serio trabajo en cuanto a los sampleos y ritmos, <\/span><b><i>Is It?<\/i><\/b><span style=\"font-weight: 400;\"> se convierte en un \u00e1lbum clave para Ben Howard, conocido por no repetirse jam\u00e1s. Con una multitud de historias que contar en <\/span><b>10 canciones<\/b><span style=\"font-weight: 400;\">, el \u00e1lbum aborda su infancia, la meditaci\u00f3n y sus recuerdos. Para este <\/span><b>\u00e1lbum pensado como mosaico<\/b><span style=\"font-weight: 400;\"> utiliz\u00f3 varios instrumentos originales, como el <\/span><b>armonio<\/b><span style=\"font-weight: 400;\"> por ejemplo.<\/span><\/p>\n<p><span style=\"font-weight: 400;\">Acompa\u00f1ado de su preciada formaci\u00f3n musical, \u00a1Ben Howard saldr\u00e1 de gira para dar unos cuarenta conciertos por todo el mundo! Te invitamos a encontrarlo en nuestra playlist titulada \u201cPop the Champagne\u201d.<\/span><\/p>\n<p><span style=\"font-weight: 400;\"><div class=\"playListBloc singleBloc\"><div class=\"playListBloc-wrap\">    <div class=\"thumbnail\"><img data-src=\"https:\/\/whatthefrance.org\/wp-content\/uploads\/2018\/11\/TEMPLATE-POCHETTE-GENRE-pop-Louane-254x254.jpg\" class=\"lazyload\" alt=\"TEMPLATE POCHETTE GENRE &#8211; pop &#8211; Louane\" \/>    <\/div>    <div class=\"infos\">        <span class=\"tag\">Genres<\/span>        <h2>Pop The Champagne<\/h2>        <span class=\"separator\"><\/span>       <span class=\"desc\">Listen to the latest pop music hits made in France.<\/span><div class=\"share flex flexAlignCenter \">\t<span class=\"label\">Compartir<\/span>\t<a href=\"https:\/\/www.facebook.com\/sharer\/sharer.php?u=https:\/\/whatthefrance.org\/es\/playlists\/pop-the-champagne\/\" class=\"facebook\" target=\"_blank\" rel=\"noreferrer\">Facebook<\/a>\t<a href=\"https:\/\/twitter.com\/intent\/tweet?url=https:\/\/whatthefrance.org\/es\/playlists\/pop-the-champagne\/&text=Pop+The+Champagne&hashtags=WTF\" class=\"twitter\" target=\"_blank\" rel=\"noreferrer\">Twitter<\/a>\t<a href=\"mailto:?subject=What%20the%20France%20%3A%20Pop%20The%20Champagne&body=https:\/\/whatthefrance.org\/es\/playlists\/pop-the-champagne\/\" class=\"mail\" target=\"_blank\" rel=\"noreferrer\">Email<\/a><\/div>        <a href=\"#\" class=\"btn btnPlaylist orange playlist-click\" data-id=\"9899\">            <svg version=\"1.1\" x=\"0px\" y=\"0px\" width=\"40px\" height=\"40px\" viewBox=\"0 0 213.7 213.7\" enable-background=\"new 0 0 213.7 213.7\" xml:space=\"preserve\">                <polygon class=\"triangle\" fill=\"none\" stroke-width=\"10\" stroke-linecap=\"round\" stroke-linejoin=\"round\" stroke-miterlimit=\"10\" points=\"\n            73.5,62.5 148.5,105.8 73.5,149.1 \"\/>                <circle class=\"circle\" fill=\"none\"  stroke-width=\"8\" stroke-linecap=\"round\" stroke-linejoin=\"round\" stroke-miterlimit=\"10\" cx=\"106.8\" cy=\"106.8\" r=\"103.3\"\/>                <circle class=\"circle-white\" fill=\"none\"  stroke-width=\"8\" stroke-linecap=\"round\" stroke-linejoin=\"round\" stroke-miterlimit=\"10\" cx=\"106.8\" cy=\"106.8\" r=\"103.3\"\/>            <\/svg>Escuchar        <\/a>    <\/div>  <\/div><\/div><\/span><\/p>\n<p><span style=\"font-weight: 400;\"><strong>Ben Howard<\/strong> pasar\u00e1 por varias ciudades, entre las que se incluyen Newbury, Glasgow, Londres, Cardiff, Newquay y Portsmouth (<strong>Reino Unido<\/strong>); Beuningen (<strong>Pa\u00edses Bajos<\/strong>); Vienna (<strong>Austria<\/strong>); Trencin (<strong>Eslovaquia<\/strong>); Sesto Al Reghena (<strong>Italia<\/strong>); Praga (<strong>Rep\u00fablica Checa<\/strong>); Varsovia (<strong>Polonia<\/strong>); Berl\u00edn, Hamburgo y Munich (<strong>Alemania<\/strong>); Washington, Philadelphia, Nueva York, Boston, Chicago, Denver, Salt Lake City, Portland, Seattle y Los \u00c1ngeles (<strong>Estados Unidos<\/strong>); Laval, Toronto, Vancouver, Oakland y Del Mar (<strong>Canad\u00e1<\/strong>).<\/span><\/p>\n","protected":false},"excerpt":{"rendered":"<p>El 16 de junio, el artista ingl\u00e9s Ben Howard present\u00f3 el \u00e1lbum titulado Is It?, publicado a trav\u00e9s del sello franc\u00e9s \u00a0t\u00f4t\u00a0Ou tard. Actualmente se encuentra en Inglaterra con una serie de conciertos para promocionar su nuevo \u00e1lbum, previo a tocar en julio junto a la Filarm\u00f3nica de Par\u00eds, para continuar\u00e1n luego su gira por [&hellip;]<\/p>\n","protected":false},"author":35,"featured_media":0,"comment_status":"closed","ping_status":"closed","sticky":false,"template":"","format":"standard","meta":{"_acf_changed":false,"footnotes":""},"categories":[1965],"tags":[1938,7752,1951],"class_list":["post-58246","post","type-post","status-publish","format-standard","hentry","category-events-es","tag-folk-es","tag-pop-folk-es","tag-soul-es"],"acf":[],"yoast_head":"<!-- This site is optimized with the Yoast SEO plugin v27.3 - https:\/\/yoast.com\/product\/yoast-seo-wordpress\/ -->\n<title>Ben Howard | \u00a1Nuevo \u00e1lbum y gira internacional! - What the France<\/title>\n<meta name=\"robots\" content=\"index, follow, max-snippet:-1, max-image-preview:large, max-video-preview:-1\" \/>\n<link rel=\"canonical\" href=\"https:\/\/whatthefrance.org\/es\/ben-howard-nuevo-album-y-gira-internacional\/\" \/>\n<meta property=\"og:locale\" content=\"es_ES\" \/>\n<meta property=\"og:type\" content=\"article\" \/>\n<meta property=\"og:title\" content=\"Ben Howard | \u00a1Nuevo \u00e1lbum y gira internacional! - What the France\" \/>\n<meta property=\"og:description\" content=\"El 16 de junio, el artista ingl\u00e9s Ben Howard present\u00f3 el \u00e1lbum titulado Is It?, publicado a trav\u00e9s del sello franc\u00e9s \u00a0t\u00f4t\u00a0Ou tard. Actualmente se encuentra en Inglaterra con una serie de conciertos para promocionar su nuevo \u00e1lbum, previo a tocar en julio junto a la Filarm\u00f3nica de Par\u00eds, para continuar\u00e1n luego su gira por [&hellip;]\" \/>\n<meta property=\"og:url\" content=\"https:\/\/whatthefrance.org\/es\/ben-howard-nuevo-album-y-gira-internacional\/\" \/>\n<meta property=\"og:site_name\" content=\"What the France\" \/>\n<meta property=\"article:published_time\" content=\"2023-06-29T08:00:55+00:00\" \/>\n<meta property=\"article:modified_time\" content=\"2023-06-29T17:54:16+00:00\" \/>\n<meta property=\"og:image\" content=\"https:\/\/whatthefrance.org\/wp-content\/uploads\/2023\/06\/tabou1_wordpress_what_the_france-1.png\" \/>\n\t<meta property=\"og:image:width\" content=\"1084\" \/>\n\t<meta property=\"og:image:height\" content=\"452\" \/><meta property=\"og:image\" content=\"https:\/\/whatthefrance.org\/wp-content\/uploads\/2023\/06\/is-it-what-the-france-300x300.jpg\" \/>\n<meta name=\"author\" content=\"ultrapop-gustavo\" \/>\n<meta name=\"twitter:card\" content=\"summary_large_image\" \/>\n<meta name=\"twitter:label1\" content=\"Escrito por\" \/>\n\t<meta name=\"twitter:data1\" content=\"ultrapop-gustavo\" \/>\n\t<meta name=\"twitter:label2\" content=\"Tiempo de lectura\" \/>\n\t<meta name=\"twitter:data2\" content=\"2 minutos\" \/>\n<script type=\"application\/ld+json\" class=\"yoast-schema-graph\">{\"@context\":\"https:\\\/\\\/schema.org\",\"@graph\":[{\"@type\":\"Article\",\"@id\":\"https:\\\/\\\/whatthefrance.org\\\/es\\\/ben-howard-nuevo-album-y-gira-internacional\\\/#article\",\"isPartOf\":{\"@id\":\"https:\\\/\\\/whatthefrance.org\\\/es\\\/ben-howard-nuevo-album-y-gira-internacional\\\/\"},\"author\":{\"name\":\"ultrapop-gustavo\",\"@id\":\"https:\\\/\\\/whatthefrance.org\\\/es\\\/#\\\/schema\\\/person\\\/ec6689bd96bf81ba9dcf2264cb54c946\"},\"headline\":\"Ben Howard | \u00a1Nuevo \u00e1lbum y gira internacional!\",\"datePublished\":\"2023-06-29T08:00:55+00:00\",\"dateModified\":\"2023-06-29T17:54:16+00:00\",\"mainEntityOfPage\":{\"@id\":\"https:\\\/\\\/whatthefrance.org\\\/es\\\/ben-howard-nuevo-album-y-gira-internacional\\\/\"},\"wordCount\":424,\"publisher\":{\"@id\":\"https:\\\/\\\/whatthefrance.org\\\/es\\\/#organization\"},\"image\":{\"@id\":\"https:\\\/\\\/whatthefrance.org\\\/es\\\/ben-howard-nuevo-album-y-gira-internacional\\\/#primaryimage\"},\"thumbnailUrl\":\"https:\\\/\\\/whatthefrance.org\\\/wp-content\\\/uploads\\\/2023\\\/06\\\/is-it-what-the-france-300x300.jpg\",\"keywords\":[\"Folk\",\"Pop Folk\",\"Soul\"],\"articleSection\":[\"Event\"],\"inLanguage\":\"es\"},{\"@type\":\"WebPage\",\"@id\":\"https:\\\/\\\/whatthefrance.org\\\/es\\\/ben-howard-nuevo-album-y-gira-internacional\\\/\",\"url\":\"https:\\\/\\\/whatthefrance.org\\\/es\\\/ben-howard-nuevo-album-y-gira-internacional\\\/\",\"name\":\"Ben Howard | \u00a1Nuevo \u00e1lbum y gira internacional! - What the France\",\"isPartOf\":{\"@id\":\"https:\\\/\\\/whatthefrance.org\\\/es\\\/#website\"},\"primaryImageOfPage\":{\"@id\":\"https:\\\/\\\/whatthefrance.org\\\/es\\\/ben-howard-nuevo-album-y-gira-internacional\\\/#primaryimage\"},\"image\":{\"@id\":\"https:\\\/\\\/whatthefrance.org\\\/es\\\/ben-howard-nuevo-album-y-gira-internacional\\\/#primaryimage\"},\"thumbnailUrl\":\"https:\\\/\\\/whatthefrance.org\\\/wp-content\\\/uploads\\\/2023\\\/06\\\/is-it-what-the-france-300x300.jpg\",\"datePublished\":\"2023-06-29T08:00:55+00:00\",\"dateModified\":\"2023-06-29T17:54:16+00:00\",\"breadcrumb\":{\"@id\":\"https:\\\/\\\/whatthefrance.org\\\/es\\\/ben-howard-nuevo-album-y-gira-internacional\\\/#breadcrumb\"},\"inLanguage\":\"es\",\"potentialAction\":[{\"@type\":\"ReadAction\",\"target\":[\"https:\\\/\\\/whatthefrance.org\\\/es\\\/ben-howard-nuevo-album-y-gira-internacional\\\/\"]}]},{\"@type\":\"ImageObject\",\"inLanguage\":\"es\",\"@id\":\"https:\\\/\\\/whatthefrance.org\\\/es\\\/ben-howard-nuevo-album-y-gira-internacional\\\/#primaryimage\",\"url\":\"https:\\\/\\\/whatthefrance.org\\\/wp-content\\\/uploads\\\/2023\\\/06\\\/is-it-what-the-france-300x300.jpg\",\"contentUrl\":\"https:\\\/\\\/whatthefrance.org\\\/wp-content\\\/uploads\\\/2023\\\/06\\\/is-it-what-the-france-300x300.jpg\"},{\"@type\":\"BreadcrumbList\",\"@id\":\"https:\\\/\\\/whatthefrance.org\\\/es\\\/ben-howard-nuevo-album-y-gira-internacional\\\/#breadcrumb\",\"itemListElement\":[{\"@type\":\"ListItem\",\"position\":1,\"name\":\"Home\",\"item\":\"https:\\\/\\\/whatthefrance.org\\\/es\\\/\"},{\"@type\":\"ListItem\",\"position\":2,\"name\":\"Ben Howard | \u00a1Nuevo \u00e1lbum y gira internacional!\"}]},{\"@type\":\"WebSite\",\"@id\":\"https:\\\/\\\/whatthefrance.org\\\/es\\\/#website\",\"url\":\"https:\\\/\\\/whatthefrance.org\\\/es\\\/\",\"name\":\"What the France\",\"description\":\"The finest music made in France !\",\"publisher\":{\"@id\":\"https:\\\/\\\/whatthefrance.org\\\/es\\\/#organization\"},\"potentialAction\":[{\"@type\":\"SearchAction\",\"target\":{\"@type\":\"EntryPoint\",\"urlTemplate\":\"https:\\\/\\\/whatthefrance.org\\\/es\\\/?s={search_term_string}\"},\"query-input\":{\"@type\":\"PropertyValueSpecification\",\"valueRequired\":true,\"valueName\":\"search_term_string\"}}],\"inLanguage\":\"es\"},{\"@type\":\"Organization\",\"@id\":\"https:\\\/\\\/whatthefrance.org\\\/es\\\/#organization\",\"name\":\"What The France\",\"url\":\"https:\\\/\\\/whatthefrance.org\\\/es\\\/\",\"logo\":{\"@type\":\"ImageObject\",\"inLanguage\":\"es\",\"@id\":\"https:\\\/\\\/whatthefrance.org\\\/es\\\/#\\\/schema\\\/logo\\\/image\\\/\",\"url\":\"https:\\\/\\\/whatthefrance.org\\\/wp-content\\\/uploads\\\/2019\\\/12\\\/44688719_2251580388408837_694180218134331392_n-e1577679609190.png\",\"contentUrl\":\"https:\\\/\\\/whatthefrance.org\\\/wp-content\\\/uploads\\\/2019\\\/12\\\/44688719_2251580388408837_694180218134331392_n-e1577679609190.png\",\"width\":200,\"height\":200,\"caption\":\"What The France\"},\"image\":{\"@id\":\"https:\\\/\\\/whatthefrance.org\\\/es\\\/#\\\/schema\\\/logo\\\/image\\\/\"}},{\"@type\":\"Person\",\"@id\":\"https:\\\/\\\/whatthefrance.org\\\/es\\\/#\\\/schema\\\/person\\\/ec6689bd96bf81ba9dcf2264cb54c946\",\"name\":\"ultrapop-gustavo\",\"image\":{\"@type\":\"ImageObject\",\"inLanguage\":\"es\",\"@id\":\"https:\\\/\\\/secure.gravatar.com\\\/avatar\\\/9f35e3e5944405caa221d3f9ae6c981bac53ada24e0340936c6d6364326ab920?s=96&d=mm&r=g\",\"url\":\"https:\\\/\\\/secure.gravatar.com\\\/avatar\\\/9f35e3e5944405caa221d3f9ae6c981bac53ada24e0340936c6d6364326ab920?s=96&d=mm&r=g\",\"contentUrl\":\"https:\\\/\\\/secure.gravatar.com\\\/avatar\\\/9f35e3e5944405caa221d3f9ae6c981bac53ada24e0340936c6d6364326ab920?s=96&d=mm&r=g\",\"caption\":\"ultrapop-gustavo\"}}]}<\/script>\n<!-- \/ Yoast SEO plugin. -->","yoast_head_json":{"title":"Ben Howard | \u00a1Nuevo \u00e1lbum y gira internacional! - What the France","robots":{"index":"index","follow":"follow","max-snippet":"max-snippet:-1","max-image-preview":"max-image-preview:large","max-video-preview":"max-video-preview:-1"},"canonical":"https:\/\/whatthefrance.org\/es\/ben-howard-nuevo-album-y-gira-internacional\/","og_locale":"es_ES","og_type":"article","og_title":"Ben Howard | \u00a1Nuevo \u00e1lbum y gira internacional! - What the France","og_description":"El 16 de junio, el artista ingl\u00e9s Ben Howard present\u00f3 el \u00e1lbum titulado Is It?, publicado a trav\u00e9s del sello franc\u00e9s \u00a0t\u00f4t\u00a0Ou tard. Actualmente se encuentra en Inglaterra con una serie de conciertos para promocionar su nuevo \u00e1lbum, previo a tocar en julio junto a la Filarm\u00f3nica de Par\u00eds, para continuar\u00e1n luego su gira por [&hellip;]","og_url":"https:\/\/whatthefrance.org\/es\/ben-howard-nuevo-album-y-gira-internacional\/","og_site_name":"What the France","article_published_time":"2023-06-29T08:00:55+00:00","article_modified_time":"2023-06-29T17:54:16+00:00","og_image":[{"url":"https:\/\/whatthefrance.org\/wp-content\/uploads\/2023\/06\/tabou1_wordpress_what_the_france-1.png","height":452,"width":1084,"type":""},{"url":"https:\/\/whatthefrance.org\/wp-content\/uploads\/2023\/06\/is-it-what-the-france-300x300.jpg","type":"","width":"","height":""}],"author":"ultrapop-gustavo","twitter_card":"summary_large_image","twitter_misc":{"Escrito por":"ultrapop-gustavo","Tiempo de lectura":"2 minutos"},"schema":{"@context":"https:\/\/schema.org","@graph":[{"@type":"Article","@id":"https:\/\/whatthefrance.org\/es\/ben-howard-nuevo-album-y-gira-internacional\/#article","isPartOf":{"@id":"https:\/\/whatthefrance.org\/es\/ben-howard-nuevo-album-y-gira-internacional\/"},"author":{"name":"ultrapop-gustavo","@id":"https:\/\/whatthefrance.org\/es\/#\/schema\/person\/ec6689bd96bf81ba9dcf2264cb54c946"},"headline":"Ben Howard | \u00a1Nuevo \u00e1lbum y gira internacional!","datePublished":"2023-06-29T08:00:55+00:00","dateModified":"2023-06-29T17:54:16+00:00","mainEntityOfPage":{"@id":"https:\/\/whatthefrance.org\/es\/ben-howard-nuevo-album-y-gira-internacional\/"},"wordCount":424,"publisher":{"@id":"https:\/\/whatthefrance.org\/es\/#organization"},"image":{"@id":"https:\/\/whatthefrance.org\/es\/ben-howard-nuevo-album-y-gira-internacional\/#primaryimage"},"thumbnailUrl":"https:\/\/whatthefrance.org\/wp-content\/uploads\/2023\/06\/is-it-what-the-france-300x300.jpg","keywords":["Folk","Pop Folk","Soul"],"articleSection":["Event"],"inLanguage":"es"},{"@type":"WebPage","@id":"https:\/\/whatthefrance.org\/es\/ben-howard-nuevo-album-y-gira-internacional\/","url":"https:\/\/whatthefrance.org\/es\/ben-howard-nuevo-album-y-gira-internacional\/","name":"Ben Howard | \u00a1Nuevo \u00e1lbum y gira internacional! - What the France","isPartOf":{"@id":"https:\/\/whatthefrance.org\/es\/#website"},"primaryImageOfPage":{"@id":"https:\/\/whatthefrance.org\/es\/ben-howard-nuevo-album-y-gira-internacional\/#primaryimage"},"image":{"@id":"https:\/\/whatthefrance.org\/es\/ben-howard-nuevo-album-y-gira-internacional\/#primaryimage"},"thumbnailUrl":"https:\/\/whatthefrance.org\/wp-content\/uploads\/2023\/06\/is-it-what-the-france-300x300.jpg","datePublished":"2023-06-29T08:00:55+00:00","dateModified":"2023-06-29T17:54:16+00:00","breadcrumb":{"@id":"https:\/\/whatthefrance.org\/es\/ben-howard-nuevo-album-y-gira-internacional\/#breadcrumb"},"inLanguage":"es","potentialAction":[{"@type":"ReadAction","target":["https:\/\/whatthefrance.org\/es\/ben-howard-nuevo-album-y-gira-internacional\/"]}]},{"@type":"ImageObject","inLanguage":"es","@id":"https:\/\/whatthefrance.org\/es\/ben-howard-nuevo-album-y-gira-internacional\/#primaryimage","url":"https:\/\/whatthefrance.org\/wp-content\/uploads\/2023\/06\/is-it-what-the-france-300x300.jpg","contentUrl":"https:\/\/whatthefrance.org\/wp-content\/uploads\/2023\/06\/is-it-what-the-france-300x300.jpg"},{"@type":"BreadcrumbList","@id":"https:\/\/whatthefrance.org\/es\/ben-howard-nuevo-album-y-gira-internacional\/#breadcrumb","itemListElement":[{"@type":"ListItem","position":1,"name":"Home","item":"https:\/\/whatthefrance.org\/es\/"},{"@type":"ListItem","position":2,"name":"Ben Howard | \u00a1Nuevo \u00e1lbum y gira internacional!"}]},{"@type":"WebSite","@id":"https:\/\/whatthefrance.org\/es\/#website","url":"https:\/\/whatthefrance.org\/es\/","name":"What the France","description":"The finest music made in France !","publisher":{"@id":"https:\/\/whatthefrance.org\/es\/#organization"},"potentialAction":[{"@type":"SearchAction","target":{"@type":"EntryPoint","urlTemplate":"https:\/\/whatthefrance.org\/es\/?s={search_term_string}"},"query-input":{"@type":"PropertyValueSpecification","valueRequired":true,"valueName":"search_term_string"}}],"inLanguage":"es"},{"@type":"Organization","@id":"https:\/\/whatthefrance.org\/es\/#organization","name":"What The France","url":"https:\/\/whatthefrance.org\/es\/","logo":{"@type":"ImageObject","inLanguage":"es","@id":"https:\/\/whatthefrance.org\/es\/#\/schema\/logo\/image\/","url":"https:\/\/whatthefrance.org\/wp-content\/uploads\/2019\/12\/44688719_2251580388408837_694180218134331392_n-e1577679609190.png","contentUrl":"https:\/\/whatthefrance.org\/wp-content\/uploads\/2019\/12\/44688719_2251580388408837_694180218134331392_n-e1577679609190.png","width":200,"height":200,"caption":"What The France"},"image":{"@id":"https:\/\/whatthefrance.org\/es\/#\/schema\/logo\/image\/"}},{"@type":"Person","@id":"https:\/\/whatthefrance.org\/es\/#\/schema\/person\/ec6689bd96bf81ba9dcf2264cb54c946","name":"ultrapop-gustavo","image":{"@type":"ImageObject","inLanguage":"es","@id":"https:\/\/secure.gravatar.com\/avatar\/9f35e3e5944405caa221d3f9ae6c981bac53ada24e0340936c6d6364326ab920?s=96&d=mm&r=g","url":"https:\/\/secure.gravatar.com\/avatar\/9f35e3e5944405caa221d3f9ae6c981bac53ada24e0340936c6d6364326ab920?s=96&d=mm&r=g","contentUrl":"https:\/\/secure.gravatar.com\/avatar\/9f35e3e5944405caa221d3f9ae6c981bac53ada24e0340936c6d6364326ab920?s=96&d=mm&r=g","caption":"ultrapop-gustavo"}}]}},"_links":{"self":[{"href":"https:\/\/whatthefrance.org\/es\/wp-json\/wp\/v2\/posts\/58246","targetHints":{"allow":["GET"]}}],"collection":[{"href":"https:\/\/whatthefrance.org\/es\/wp-json\/wp\/v2\/posts"}],"about":[{"href":"https:\/\/whatthefrance.org\/es\/wp-json\/wp\/v2\/types\/post"}],"author":[{"embeddable":true,"href":"https:\/\/whatthefrance.org\/es\/wp-json\/wp\/v2\/users\/35"}],"replies":[{"embeddable":true,"href":"https:\/\/whatthefrance.org\/es\/wp-json\/wp\/v2\/comments?post=58246"}],"version-history":[{"count":3,"href":"https:\/\/whatthefrance.org\/es\/wp-json\/wp\/v2\/posts\/58246\/revisions"}],"predecessor-version":[{"id":58264,"href":"https:\/\/whatthefrance.org\/es\/wp-json\/wp\/v2\/posts\/58246\/revisions\/58264"}],"wp:attachment":[{"href":"https:\/\/whatthefrance.org\/es\/wp-json\/wp\/v2\/media?parent=58246"}],"wp:term":[{"taxonomy":"category","embeddable":true,"href":"https:\/\/whatthefrance.org\/es\/wp-json\/wp\/v2\/categories?post=58246"},{"taxonomy":"post_tag","embeddable":true,"href":"https:\/\/whatthefrance.org\/es\/wp-json\/wp\/v2\/tags?post=58246"}],"curies":[{"name":"wp","href":"https:\/\/api.w.org\/{rel}","templated":true}]}}