{"id":61320,"date":"2023-09-19T17:17:26","date_gmt":"2023-09-19T15:17:26","guid":{"rendered":"https:\/\/whatthefrance.org\/?p=61320"},"modified":"2023-09-19T17:17:26","modified_gmt":"2023-09-19T15:17:26","slug":"jacques-canetti-el-espiritu-de-la-chanson-francesa","status":"publish","type":"post","link":"https:\/\/whatthefrance.org\/es\/jacques-canetti-el-espiritu-de-la-chanson-francesa\/","title":{"rendered":"Jacques Canetti | El esp\u00edritu de la chanson francesa"},"content":{"rendered":"<p><b>Jacques Canetti<\/b><span style=\"font-weight: 400;\"> (1909-1997) fue uno de los productores pioneros de la Chanson Fran\u00e7aise. Despu\u00e9s de lanzar las carreras de <\/span><b>Edith Piaf<\/b><span style=\"font-weight: 400;\">, <\/span><b>Charles Trenet<\/b><span style=\"font-weight: 400;\">, <\/span><b>Jacques Brel<\/b><span style=\"font-weight: 400;\">, <\/span><b>Georges Brassens<\/b><span style=\"font-weight: 400;\"> y <\/span><a href=\"https:\/\/whatthefrance.org\/fr\/gainsbourgs-got-classique\/\"><b>Serge Gainsbourg<\/b><\/a><span style=\"font-weight: 400;\">, para citar solo algunos; dej\u00f3 su puesto de director art\u00edstico en Philips, al que se hab\u00eda incorporado tras dejar Polydor, para fundar su propio sello en 1962, que ser\u00eda el primer sello independiente de canciones francesas. Su hija, Fran\u00e7oise Canetti, seleccion\u00f3 para What The France una serie de <\/span><span style=\"font-weight: 400;\">chansons <\/span><span style=\"font-weight: 400;\">\u00fanicas e inolvidables de <\/span><b>Jeanne Moreau<\/b><span style=\"font-weight: 400;\">, <\/span><b>Serge Reggiani<\/b><span style=\"font-weight: 400;\">, <\/span><b>Brigitte Fontaine<\/b><span style=\"font-weight: 400;\">, <\/span><b>Jacques Higelin<\/b><span style=\"font-weight: 400;\">, <\/span><b>Cora Vaucaire<\/b><span style=\"font-weight: 400;\">, <\/span><b>Marcel Mouloudji<\/b><span style=\"font-weight: 400;\">, <\/span><b>Bee Michelin<\/b><span style=\"font-weight: 400;\">, <\/span><b>Andr\u00e9 Claveau<\/b><span style=\"font-weight: 400;\">, <\/span><b>Catherine Sauvage<\/b><span style=\"font-weight: 400;\"> y <\/span><b>Philippe Clay<\/b><span style=\"font-weight: 400;\">.<\/span><\/p>\n<div class=\"playListBloc singleBloc\"><div class=\"playListBloc-wrap\">    <div class=\"thumbnail\"><img data-src=\"https:\/\/whatthefrance.org\/wp-content\/uploads\/2018\/11\/pochette-playlist-ANNEES-CANETTI-254x254.jpg\" class=\"lazyload\" alt=\"pochette &#8211; playlist ANNEES CANETTI\" \/>    <\/div>    <div class=\"infos\">        <span class=\"tag\">Themes<\/span>        <h2>Les Ann\u00e9es Jacques Canetti &#8211; L&#8217;esprit...<\/h2>        <span class=\"separator\"><\/span>       <span class=\"desc\">Here is a collection of songs taken from Jacques Canetti's catalogue.<\/span><div class=\"share flex flexAlignCenter \">\t<span class=\"label\">Compartir<\/span>\t<a href=\"https:\/\/www.facebook.com\/sharer\/sharer.php?u=https:\/\/whatthefrance.org\/es\/playlists\/les-annees-jacques-canetti-lesprit-chanson-francaise\/\" class=\"facebook\" target=\"_blank\" rel=\"noreferrer\">Facebook<\/a>\t<a href=\"https:\/\/twitter.com\/intent\/tweet?url=https:\/\/whatthefrance.org\/es\/playlists\/les-annees-jacques-canetti-lesprit-chanson-francaise\/&text=Les+Ann%C3%A9es+Jacques+Canetti+-+L%27esprit+Chanson+Fran%C3%A7aise&hashtags=WTF\" class=\"twitter\" target=\"_blank\" rel=\"noreferrer\">Twitter<\/a>\t<a href=\"mailto:?subject=What%20the%20France%20%3A%20Les%20Ann%C3%A9es%20Jacques%20Canetti%20-%20L%27esprit%20Chanson%20Fran%C3%A7aise&body=https:\/\/whatthefrance.org\/es\/playlists\/les-annees-jacques-canetti-lesprit-chanson-francaise\/\" class=\"mail\" target=\"_blank\" rel=\"noreferrer\">Email<\/a><\/div>        <a href=\"#\" class=\"btn btnPlaylist orange playlist-click\" data-id=\"9927\">            <svg version=\"1.1\" x=\"0px\" y=\"0px\" width=\"40px\" height=\"40px\" viewBox=\"0 0 213.7 213.7\" enable-background=\"new 0 0 213.7 213.7\" xml:space=\"preserve\">                <polygon class=\"triangle\" fill=\"none\" stroke-width=\"10\" stroke-linecap=\"round\" stroke-linejoin=\"round\" stroke-miterlimit=\"10\" points=\"\n            73.5,62.5 148.5,105.8 73.5,149.1 \"\/>                <circle class=\"circle\" fill=\"none\"  stroke-width=\"8\" stroke-linecap=\"round\" stroke-linejoin=\"round\" stroke-miterlimit=\"10\" cx=\"106.8\" cy=\"106.8\" r=\"103.3\"\/>                <circle class=\"circle-white\" fill=\"none\"  stroke-width=\"8\" stroke-linecap=\"round\" stroke-linejoin=\"round\" stroke-miterlimit=\"10\" cx=\"106.8\" cy=\"106.8\" r=\"103.3\"\/>            <\/svg>Escuchar        <\/a>    <\/div>  <\/div><\/div>\n","protected":false},"excerpt":{"rendered":"<p>Jacques Canetti (1909-1997) fue uno de los productores pioneros de la Chanson Fran\u00e7aise. Despu\u00e9s de lanzar las carreras de Edith Piaf, Charles Trenet, Jacques Brel, Georges Brassens y Serge Gainsbourg, para citar solo algunos; dej\u00f3 su puesto de director art\u00edstico en Philips, al que se hab\u00eda incorporado tras dejar Polydor, para fundar su propio sello [&hellip;]<\/p>\n","protected":false},"author":35,"featured_media":0,"comment_status":"closed","ping_status":"closed","sticky":false,"template":"","format":"standard","meta":{"_acf_changed":false,"footnotes":""},"categories":[1966],"tags":[1928],"class_list":["post-61320","post","type-post","status-publish","format-standard","hentry","category-playlist-es","tag-chanson-es"],"acf":[],"yoast_head":"<!-- This site is optimized with the Yoast SEO plugin v27.3 - https:\/\/yoast.com\/product\/yoast-seo-wordpress\/ -->\n<title>Jacques Canetti | El esp\u00edritu de la chanson francesa - What the France<\/title>\n<meta name=\"robots\" content=\"index, follow, max-snippet:-1, max-image-preview:large, max-video-preview:-1\" \/>\n<link rel=\"canonical\" href=\"https:\/\/whatthefrance.org\/es\/jacques-canetti-el-espiritu-de-la-chanson-francesa\/\" \/>\n<meta property=\"og:locale\" content=\"es_ES\" \/>\n<meta property=\"og:type\" content=\"article\" \/>\n<meta property=\"og:title\" content=\"Jacques Canetti | El esp\u00edritu de la chanson francesa - What the France\" \/>\n<meta property=\"og:description\" content=\"Jacques Canetti (1909-1997) fue uno de los productores pioneros de la Chanson Fran\u00e7aise. Despu\u00e9s de lanzar las carreras de Edith Piaf, Charles Trenet, Jacques Brel, Georges Brassens y Serge Gainsbourg, para citar solo algunos; dej\u00f3 su puesto de director art\u00edstico en Philips, al que se hab\u00eda incorporado tras dejar Polydor, para fundar su propio sello [&hellip;]\" \/>\n<meta property=\"og:url\" content=\"https:\/\/whatthefrance.org\/es\/jacques-canetti-el-espiritu-de-la-chanson-francesa\/\" \/>\n<meta property=\"og:site_name\" content=\"What the France\" \/>\n<meta property=\"article:published_time\" content=\"2023-09-19T15:17:26+00:00\" \/>\n<meta property=\"og:image\" content=\"https:\/\/whatthefrance.org\/wp-content\/uploads\/2019\/04\/4-1.jpg\" \/>\n\t<meta property=\"og:image:width\" content=\"1258\" \/>\n\t<meta property=\"og:image:height\" content=\"551\" \/>\n<meta name=\"author\" content=\"ultrapop-gustavo\" \/>\n<meta name=\"twitter:card\" content=\"summary_large_image\" \/>\n<meta name=\"twitter:label1\" content=\"Escrito por\" \/>\n\t<meta name=\"twitter:data1\" content=\"ultrapop-gustavo\" \/>\n\t<meta name=\"twitter:label2\" content=\"Tiempo de lectura\" \/>\n\t<meta name=\"twitter:data2\" content=\"1 minuto\" \/>\n<script type=\"application\/ld+json\" class=\"yoast-schema-graph\">{\"@context\":\"https:\\\/\\\/schema.org\",\"@graph\":[{\"@type\":\"Article\",\"@id\":\"https:\\\/\\\/whatthefrance.org\\\/es\\\/jacques-canetti-el-espiritu-de-la-chanson-francesa\\\/#article\",\"isPartOf\":{\"@id\":\"https:\\\/\\\/whatthefrance.org\\\/es\\\/jacques-canetti-el-espiritu-de-la-chanson-francesa\\\/\"},\"author\":{\"name\":\"ultrapop-gustavo\",\"@id\":\"https:\\\/\\\/whatthefrance.org\\\/es\\\/#\\\/schema\\\/person\\\/ec6689bd96bf81ba9dcf2264cb54c946\"},\"headline\":\"Jacques Canetti | El esp\u00edritu de la chanson francesa\",\"datePublished\":\"2023-09-19T15:17:26+00:00\",\"mainEntityOfPage\":{\"@id\":\"https:\\\/\\\/whatthefrance.org\\\/es\\\/jacques-canetti-el-espiritu-de-la-chanson-francesa\\\/\"},\"wordCount\":120,\"publisher\":{\"@id\":\"https:\\\/\\\/whatthefrance.org\\\/es\\\/#organization\"},\"keywords\":[\"Chanson\"],\"articleSection\":[\"Playlist\"],\"inLanguage\":\"es\"},{\"@type\":\"WebPage\",\"@id\":\"https:\\\/\\\/whatthefrance.org\\\/es\\\/jacques-canetti-el-espiritu-de-la-chanson-francesa\\\/\",\"url\":\"https:\\\/\\\/whatthefrance.org\\\/es\\\/jacques-canetti-el-espiritu-de-la-chanson-francesa\\\/\",\"name\":\"Jacques Canetti | El esp\u00edritu de la chanson francesa - What the France\",\"isPartOf\":{\"@id\":\"https:\\\/\\\/whatthefrance.org\\\/es\\\/#website\"},\"datePublished\":\"2023-09-19T15:17:26+00:00\",\"breadcrumb\":{\"@id\":\"https:\\\/\\\/whatthefrance.org\\\/es\\\/jacques-canetti-el-espiritu-de-la-chanson-francesa\\\/#breadcrumb\"},\"inLanguage\":\"es\",\"potentialAction\":[{\"@type\":\"ReadAction\",\"target\":[\"https:\\\/\\\/whatthefrance.org\\\/es\\\/jacques-canetti-el-espiritu-de-la-chanson-francesa\\\/\"]}]},{\"@type\":\"BreadcrumbList\",\"@id\":\"https:\\\/\\\/whatthefrance.org\\\/es\\\/jacques-canetti-el-espiritu-de-la-chanson-francesa\\\/#breadcrumb\",\"itemListElement\":[{\"@type\":\"ListItem\",\"position\":1,\"name\":\"Home\",\"item\":\"https:\\\/\\\/whatthefrance.org\\\/es\\\/\"},{\"@type\":\"ListItem\",\"position\":2,\"name\":\"Jacques Canetti | El esp\u00edritu de la chanson francesa\"}]},{\"@type\":\"WebSite\",\"@id\":\"https:\\\/\\\/whatthefrance.org\\\/es\\\/#website\",\"url\":\"https:\\\/\\\/whatthefrance.org\\\/es\\\/\",\"name\":\"What the France\",\"description\":\"The finest music made in France !\",\"publisher\":{\"@id\":\"https:\\\/\\\/whatthefrance.org\\\/es\\\/#organization\"},\"potentialAction\":[{\"@type\":\"SearchAction\",\"target\":{\"@type\":\"EntryPoint\",\"urlTemplate\":\"https:\\\/\\\/whatthefrance.org\\\/es\\\/?s={search_term_string}\"},\"query-input\":{\"@type\":\"PropertyValueSpecification\",\"valueRequired\":true,\"valueName\":\"search_term_string\"}}],\"inLanguage\":\"es\"},{\"@type\":\"Organization\",\"@id\":\"https:\\\/\\\/whatthefrance.org\\\/es\\\/#organization\",\"name\":\"What The France\",\"url\":\"https:\\\/\\\/whatthefrance.org\\\/es\\\/\",\"logo\":{\"@type\":\"ImageObject\",\"inLanguage\":\"es\",\"@id\":\"https:\\\/\\\/whatthefrance.org\\\/es\\\/#\\\/schema\\\/logo\\\/image\\\/\",\"url\":\"https:\\\/\\\/whatthefrance.org\\\/wp-content\\\/uploads\\\/2019\\\/12\\\/44688719_2251580388408837_694180218134331392_n-e1577679609190.png\",\"contentUrl\":\"https:\\\/\\\/whatthefrance.org\\\/wp-content\\\/uploads\\\/2019\\\/12\\\/44688719_2251580388408837_694180218134331392_n-e1577679609190.png\",\"width\":200,\"height\":200,\"caption\":\"What The France\"},\"image\":{\"@id\":\"https:\\\/\\\/whatthefrance.org\\\/es\\\/#\\\/schema\\\/logo\\\/image\\\/\"}},{\"@type\":\"Person\",\"@id\":\"https:\\\/\\\/whatthefrance.org\\\/es\\\/#\\\/schema\\\/person\\\/ec6689bd96bf81ba9dcf2264cb54c946\",\"name\":\"ultrapop-gustavo\",\"image\":{\"@type\":\"ImageObject\",\"inLanguage\":\"es\",\"@id\":\"https:\\\/\\\/secure.gravatar.com\\\/avatar\\\/9f35e3e5944405caa221d3f9ae6c981bac53ada24e0340936c6d6364326ab920?s=96&d=mm&r=g\",\"url\":\"https:\\\/\\\/secure.gravatar.com\\\/avatar\\\/9f35e3e5944405caa221d3f9ae6c981bac53ada24e0340936c6d6364326ab920?s=96&d=mm&r=g\",\"contentUrl\":\"https:\\\/\\\/secure.gravatar.com\\\/avatar\\\/9f35e3e5944405caa221d3f9ae6c981bac53ada24e0340936c6d6364326ab920?s=96&d=mm&r=g\",\"caption\":\"ultrapop-gustavo\"}}]}<\/script>\n<!-- \/ Yoast SEO plugin. -->","yoast_head_json":{"title":"Jacques Canetti | El esp\u00edritu de la chanson francesa - What the France","robots":{"index":"index","follow":"follow","max-snippet":"max-snippet:-1","max-image-preview":"max-image-preview:large","max-video-preview":"max-video-preview:-1"},"canonical":"https:\/\/whatthefrance.org\/es\/jacques-canetti-el-espiritu-de-la-chanson-francesa\/","og_locale":"es_ES","og_type":"article","og_title":"Jacques Canetti | El esp\u00edritu de la chanson francesa - What the France","og_description":"Jacques Canetti (1909-1997) fue uno de los productores pioneros de la Chanson Fran\u00e7aise. Despu\u00e9s de lanzar las carreras de Edith Piaf, Charles Trenet, Jacques Brel, Georges Brassens y Serge Gainsbourg, para citar solo algunos; dej\u00f3 su puesto de director art\u00edstico en Philips, al que se hab\u00eda incorporado tras dejar Polydor, para fundar su propio sello [&hellip;]","og_url":"https:\/\/whatthefrance.org\/es\/jacques-canetti-el-espiritu-de-la-chanson-francesa\/","og_site_name":"What the France","article_published_time":"2023-09-19T15:17:26+00:00","og_image":[{"url":"https:\/\/whatthefrance.org\/wp-content\/uploads\/2019\/04\/4-1.jpg","height":551,"width":1258,"type":""}],"author":"ultrapop-gustavo","twitter_card":"summary_large_image","twitter_misc":{"Escrito por":"ultrapop-gustavo","Tiempo de lectura":"1 minuto"},"schema":{"@context":"https:\/\/schema.org","@graph":[{"@type":"Article","@id":"https:\/\/whatthefrance.org\/es\/jacques-canetti-el-espiritu-de-la-chanson-francesa\/#article","isPartOf":{"@id":"https:\/\/whatthefrance.org\/es\/jacques-canetti-el-espiritu-de-la-chanson-francesa\/"},"author":{"name":"ultrapop-gustavo","@id":"https:\/\/whatthefrance.org\/es\/#\/schema\/person\/ec6689bd96bf81ba9dcf2264cb54c946"},"headline":"Jacques Canetti | El esp\u00edritu de la chanson francesa","datePublished":"2023-09-19T15:17:26+00:00","mainEntityOfPage":{"@id":"https:\/\/whatthefrance.org\/es\/jacques-canetti-el-espiritu-de-la-chanson-francesa\/"},"wordCount":120,"publisher":{"@id":"https:\/\/whatthefrance.org\/es\/#organization"},"keywords":["Chanson"],"articleSection":["Playlist"],"inLanguage":"es"},{"@type":"WebPage","@id":"https:\/\/whatthefrance.org\/es\/jacques-canetti-el-espiritu-de-la-chanson-francesa\/","url":"https:\/\/whatthefrance.org\/es\/jacques-canetti-el-espiritu-de-la-chanson-francesa\/","name":"Jacques Canetti | El esp\u00edritu de la chanson francesa - What the France","isPartOf":{"@id":"https:\/\/whatthefrance.org\/es\/#website"},"datePublished":"2023-09-19T15:17:26+00:00","breadcrumb":{"@id":"https:\/\/whatthefrance.org\/es\/jacques-canetti-el-espiritu-de-la-chanson-francesa\/#breadcrumb"},"inLanguage":"es","potentialAction":[{"@type":"ReadAction","target":["https:\/\/whatthefrance.org\/es\/jacques-canetti-el-espiritu-de-la-chanson-francesa\/"]}]},{"@type":"BreadcrumbList","@id":"https:\/\/whatthefrance.org\/es\/jacques-canetti-el-espiritu-de-la-chanson-francesa\/#breadcrumb","itemListElement":[{"@type":"ListItem","position":1,"name":"Home","item":"https:\/\/whatthefrance.org\/es\/"},{"@type":"ListItem","position":2,"name":"Jacques Canetti | El esp\u00edritu de la chanson francesa"}]},{"@type":"WebSite","@id":"https:\/\/whatthefrance.org\/es\/#website","url":"https:\/\/whatthefrance.org\/es\/","name":"What the France","description":"The finest music made in France !","publisher":{"@id":"https:\/\/whatthefrance.org\/es\/#organization"},"potentialAction":[{"@type":"SearchAction","target":{"@type":"EntryPoint","urlTemplate":"https:\/\/whatthefrance.org\/es\/?s={search_term_string}"},"query-input":{"@type":"PropertyValueSpecification","valueRequired":true,"valueName":"search_term_string"}}],"inLanguage":"es"},{"@type":"Organization","@id":"https:\/\/whatthefrance.org\/es\/#organization","name":"What The France","url":"https:\/\/whatthefrance.org\/es\/","logo":{"@type":"ImageObject","inLanguage":"es","@id":"https:\/\/whatthefrance.org\/es\/#\/schema\/logo\/image\/","url":"https:\/\/whatthefrance.org\/wp-content\/uploads\/2019\/12\/44688719_2251580388408837_694180218134331392_n-e1577679609190.png","contentUrl":"https:\/\/whatthefrance.org\/wp-content\/uploads\/2019\/12\/44688719_2251580388408837_694180218134331392_n-e1577679609190.png","width":200,"height":200,"caption":"What The France"},"image":{"@id":"https:\/\/whatthefrance.org\/es\/#\/schema\/logo\/image\/"}},{"@type":"Person","@id":"https:\/\/whatthefrance.org\/es\/#\/schema\/person\/ec6689bd96bf81ba9dcf2264cb54c946","name":"ultrapop-gustavo","image":{"@type":"ImageObject","inLanguage":"es","@id":"https:\/\/secure.gravatar.com\/avatar\/9f35e3e5944405caa221d3f9ae6c981bac53ada24e0340936c6d6364326ab920?s=96&d=mm&r=g","url":"https:\/\/secure.gravatar.com\/avatar\/9f35e3e5944405caa221d3f9ae6c981bac53ada24e0340936c6d6364326ab920?s=96&d=mm&r=g","contentUrl":"https:\/\/secure.gravatar.com\/avatar\/9f35e3e5944405caa221d3f9ae6c981bac53ada24e0340936c6d6364326ab920?s=96&d=mm&r=g","caption":"ultrapop-gustavo"}}]}},"_links":{"self":[{"href":"https:\/\/whatthefrance.org\/es\/wp-json\/wp\/v2\/posts\/61320","targetHints":{"allow":["GET"]}}],"collection":[{"href":"https:\/\/whatthefrance.org\/es\/wp-json\/wp\/v2\/posts"}],"about":[{"href":"https:\/\/whatthefrance.org\/es\/wp-json\/wp\/v2\/types\/post"}],"author":[{"embeddable":true,"href":"https:\/\/whatthefrance.org\/es\/wp-json\/wp\/v2\/users\/35"}],"replies":[{"embeddable":true,"href":"https:\/\/whatthefrance.org\/es\/wp-json\/wp\/v2\/comments?post=61320"}],"version-history":[{"count":4,"href":"https:\/\/whatthefrance.org\/es\/wp-json\/wp\/v2\/posts\/61320\/revisions"}],"predecessor-version":[{"id":61326,"href":"https:\/\/whatthefrance.org\/es\/wp-json\/wp\/v2\/posts\/61320\/revisions\/61326"}],"wp:attachment":[{"href":"https:\/\/whatthefrance.org\/es\/wp-json\/wp\/v2\/media?parent=61320"}],"wp:term":[{"taxonomy":"category","embeddable":true,"href":"https:\/\/whatthefrance.org\/es\/wp-json\/wp\/v2\/categories?post=61320"},{"taxonomy":"post_tag","embeddable":true,"href":"https:\/\/whatthefrance.org\/es\/wp-json\/wp\/v2\/tags?post=61320"}],"curies":[{"name":"wp","href":"https:\/\/api.w.org\/{rel}","templated":true}]}}