{"id":62658,"date":"2023-10-31T16:49:14","date_gmt":"2023-10-31T15:49:14","guid":{"rendered":"https:\/\/whatthefrance.org\/?p=62658"},"modified":"2023-10-31T16:55:41","modified_gmt":"2023-10-31T15:55:41","slug":"didier-jeunesse-una-playlist-exclusiva-dedicada-a-las-canciones-infantiles","status":"publish","type":"post","link":"https:\/\/whatthefrance.org\/es\/didier-jeunesse-una-playlist-exclusiva-dedicada-a-las-canciones-infantiles\/","title":{"rendered":"Didier Jeunesse | \u00a1Una playlist exclusiva dedicada a las canciones infantiles!"},"content":{"rendered":"<p><span style=\"font-weight: 400;\">En m\u00e1s de 35 a\u00f1os de existencia, <\/span><a href=\"https:\/\/www.didier-jeunesse.com\"><b>\u00e9ditions Didier Jeunesse<\/b><\/a><span style=\"font-weight: 400;\"> ha construido un cat\u00e1logo muy bonito, alimentado por las pasiones por la comunicaci\u00f3n de su fundadora Mich\u00e8le Moreau: la m\u00fasica y el canto, por supuesto, pero tambi\u00e9n a los cuentos, el humor, los recitados de poes\u00eda. Libro tras libro, cada imagen y cada palabra busca dar en el blanco, ponerse a la altura de los ni\u00f1os. Desde entonces, la m\u00fasica de Didier Jeunesse se ha escuchado en sus m\u00faltiples facetas: cuentos musicales como <\/span><b>La bella durmiente<\/b><span style=\"font-weight: 400;\"> o <\/span><b>Pedro y el lobo<\/b><span style=\"font-weight: 400;\">, canciones infantiles francesas y una riqu\u00edsima colecci\u00f3n de canciones infantiles de todo el mundo, <\/span><b>Bulle et Bob<\/b><span style=\"font-weight: 400;\">, canciones de cuna de jazz, promenades, o incluso obras de <\/span><b><i>Monsieur Mozart, Monsieur Bach y Clara Schumann<\/i><\/b><span style=\"font-weight: 400;\">. Didier Jeunesse ha sabido desarrollar una l\u00ednea editorial original basada en libro-discos, \u00e1lbumes y novelas, que han cosechado \u00e9xito a\u00f1o tras a\u00f1o.<\/span><\/p>\n<p><span style=\"font-weight: 400;\">Te invitamos a descubrir una playlist exclusiva, desarrollada para What the France por el equipo editorial de Didier Jeunesse, que re\u00fane varias canciones infantiles y otros cl\u00e1sicos de la canci\u00f3n infantil de su cat\u00e1logo.<\/span><\/p>\n<p><span style=\"font-weight: 400;\"><div class=\"playListBloc singleBloc\"><div class=\"playListBloc-wrap\">    <div class=\"thumbnail\"><img data-src=\"https:\/\/whatthefrance.org\/wp-content\/uploads\/2023\/10\/WTF-Cover-TheEmes_comptines_chansons-254x254.jpg\" class=\"lazyload\" alt=\"WTF&#8212;Cover-The\u011ames_comptines_chansons\" \/>    <\/div>    <div class=\"infos\">        <span class=\"tag\">Themes<\/span>        <h2>Comptines &#038; Chansons Par Didier Jeunesse<\/h2>        <span class=\"separator\"><\/span>       <span class=\"desc\">Listen to a selection of French nursery rhymes and children's songs.<\/span><div class=\"share flex flexAlignCenter \">\t<span class=\"label\">Compartir<\/span>\t<a href=\"https:\/\/www.facebook.com\/sharer\/sharer.php?u=https:\/\/whatthefrance.org\/es\/playlists\/comptines-chansons-par-didier-jeunesse\/\" class=\"facebook\" target=\"_blank\" rel=\"noreferrer\">Facebook<\/a>\t<a href=\"https:\/\/twitter.com\/intent\/tweet?url=https:\/\/whatthefrance.org\/es\/playlists\/comptines-chansons-par-didier-jeunesse\/&text=Comptines+%26+Chansons+Par+Didier+Jeunesse&hashtags=WTF\" class=\"twitter\" target=\"_blank\" rel=\"noreferrer\">Twitter<\/a>\t<a href=\"mailto:?subject=What%20the%20France%20%3A%20Comptines%20%26%20Chansons%20Par%20Didier%20Jeunesse&body=https:\/\/whatthefrance.org\/es\/playlists\/comptines-chansons-par-didier-jeunesse\/\" class=\"mail\" target=\"_blank\" rel=\"noreferrer\">Email<\/a><\/div>        <a href=\"#\" class=\"btn btnPlaylist orange playlist-click\" data-id=\"62374\">            <svg version=\"1.1\" x=\"0px\" y=\"0px\" width=\"40px\" height=\"40px\" viewBox=\"0 0 213.7 213.7\" enable-background=\"new 0 0 213.7 213.7\" xml:space=\"preserve\">                <polygon class=\"triangle\" fill=\"none\" stroke-width=\"10\" stroke-linecap=\"round\" stroke-linejoin=\"round\" stroke-miterlimit=\"10\" points=\"\n            73.5,62.5 148.5,105.8 73.5,149.1 \"\/>                <circle class=\"circle\" fill=\"none\"  stroke-width=\"8\" stroke-linecap=\"round\" stroke-linejoin=\"round\" stroke-miterlimit=\"10\" cx=\"106.8\" cy=\"106.8\" r=\"103.3\"\/>                <circle class=\"circle-white\" fill=\"none\"  stroke-width=\"8\" stroke-linecap=\"round\" stroke-linejoin=\"round\" stroke-miterlimit=\"10\" cx=\"106.8\" cy=\"106.8\" r=\"103.3\"\/>            <\/svg>Escuchar        <\/a>    <\/div>  <\/div><\/div><\/span><\/p>\n","protected":false},"excerpt":{"rendered":"<p>En m\u00e1s de 35 a\u00f1os de existencia, \u00e9ditions Didier Jeunesse ha construido un cat\u00e1logo muy bonito, alimentado por las pasiones por la comunicaci\u00f3n de su fundadora Mich\u00e8le Moreau: la m\u00fasica y el canto, por supuesto, pero tambi\u00e9n a los cuentos, el humor, los recitados de poes\u00eda. Libro tras libro, cada imagen y cada palabra busca [&hellip;]<\/p>\n","protected":false},"author":35,"featured_media":0,"comment_status":"closed","ping_status":"closed","sticky":false,"template":"","format":"standard","meta":{"_acf_changed":false,"footnotes":""},"categories":[1966],"tags":[1928],"class_list":["post-62658","post","type-post","status-publish","format-standard","hentry","category-playlist-es","tag-chanson-es"],"acf":[],"yoast_head":"<!-- This site is optimized with the Yoast SEO plugin v27.3 - https:\/\/yoast.com\/product\/yoast-seo-wordpress\/ -->\n<title>Didier Jeunesse | \u00a1Una playlist exclusiva dedicada a las canciones infantiles! - What the France<\/title>\n<meta name=\"robots\" content=\"index, follow, max-snippet:-1, max-image-preview:large, max-video-preview:-1\" \/>\n<link rel=\"canonical\" href=\"https:\/\/whatthefrance.org\/es\/didier-jeunesse-una-playlist-exclusiva-dedicada-a-las-canciones-infantiles\/\" \/>\n<meta property=\"og:locale\" content=\"es_ES\" \/>\n<meta property=\"og:type\" content=\"article\" \/>\n<meta property=\"og:title\" content=\"Didier Jeunesse | \u00a1Una playlist exclusiva dedicada a las canciones infantiles! - What the France\" \/>\n<meta property=\"og:description\" content=\"En m\u00e1s de 35 a\u00f1os de existencia, \u00e9ditions Didier Jeunesse ha construido un cat\u00e1logo muy bonito, alimentado por las pasiones por la comunicaci\u00f3n de su fundadora Mich\u00e8le Moreau: la m\u00fasica y el canto, por supuesto, pero tambi\u00e9n a los cuentos, el humor, los recitados de poes\u00eda. Libro tras libro, cada imagen y cada palabra busca [&hellip;]\" \/>\n<meta property=\"og:url\" content=\"https:\/\/whatthefrance.org\/es\/didier-jeunesse-una-playlist-exclusiva-dedicada-a-las-canciones-infantiles\/\" \/>\n<meta property=\"og:site_name\" content=\"What the France\" \/>\n<meta property=\"article:published_time\" content=\"2023-10-31T15:49:14+00:00\" \/>\n<meta property=\"article:modified_time\" content=\"2023-10-31T15:55:41+00:00\" \/>\n<meta property=\"og:image\" content=\"https:\/\/whatthefrance.org\/wp-content\/uploads\/2023\/10\/didier_jeunesse_wordpress_what_the_france-1.png\" \/>\n\t<meta property=\"og:image:width\" content=\"1084\" \/>\n\t<meta property=\"og:image:height\" content=\"452\" \/>\n<meta name=\"author\" content=\"ultrapop-gustavo\" \/>\n<meta name=\"twitter:card\" content=\"summary_large_image\" \/>\n<meta name=\"twitter:label1\" content=\"Escrito por\" \/>\n\t<meta name=\"twitter:data1\" content=\"ultrapop-gustavo\" \/>\n\t<meta name=\"twitter:label2\" content=\"Tiempo de lectura\" \/>\n\t<meta name=\"twitter:data2\" content=\"1 minuto\" \/>\n<script type=\"application\/ld+json\" class=\"yoast-schema-graph\">{\"@context\":\"https:\\\/\\\/schema.org\",\"@graph\":[{\"@type\":\"Article\",\"@id\":\"https:\\\/\\\/whatthefrance.org\\\/es\\\/didier-jeunesse-una-playlist-exclusiva-dedicada-a-las-canciones-infantiles\\\/#article\",\"isPartOf\":{\"@id\":\"https:\\\/\\\/whatthefrance.org\\\/es\\\/didier-jeunesse-una-playlist-exclusiva-dedicada-a-las-canciones-infantiles\\\/\"},\"author\":{\"name\":\"ultrapop-gustavo\",\"@id\":\"https:\\\/\\\/whatthefrance.org\\\/es\\\/#\\\/schema\\\/person\\\/ec6689bd96bf81ba9dcf2264cb54c946\"},\"headline\":\"Didier Jeunesse | \u00a1Una playlist exclusiva dedicada a las canciones infantiles!\",\"datePublished\":\"2023-10-31T15:49:14+00:00\",\"dateModified\":\"2023-10-31T15:55:41+00:00\",\"mainEntityOfPage\":{\"@id\":\"https:\\\/\\\/whatthefrance.org\\\/es\\\/didier-jeunesse-una-playlist-exclusiva-dedicada-a-las-canciones-infantiles\\\/\"},\"wordCount\":212,\"publisher\":{\"@id\":\"https:\\\/\\\/whatthefrance.org\\\/es\\\/#organization\"},\"keywords\":[\"Chanson\"],\"articleSection\":[\"Playlist\"],\"inLanguage\":\"es\"},{\"@type\":\"WebPage\",\"@id\":\"https:\\\/\\\/whatthefrance.org\\\/es\\\/didier-jeunesse-una-playlist-exclusiva-dedicada-a-las-canciones-infantiles\\\/\",\"url\":\"https:\\\/\\\/whatthefrance.org\\\/es\\\/didier-jeunesse-una-playlist-exclusiva-dedicada-a-las-canciones-infantiles\\\/\",\"name\":\"Didier Jeunesse | \u00a1Una playlist exclusiva dedicada a las canciones infantiles! - What the France\",\"isPartOf\":{\"@id\":\"https:\\\/\\\/whatthefrance.org\\\/es\\\/#website\"},\"datePublished\":\"2023-10-31T15:49:14+00:00\",\"dateModified\":\"2023-10-31T15:55:41+00:00\",\"breadcrumb\":{\"@id\":\"https:\\\/\\\/whatthefrance.org\\\/es\\\/didier-jeunesse-una-playlist-exclusiva-dedicada-a-las-canciones-infantiles\\\/#breadcrumb\"},\"inLanguage\":\"es\",\"potentialAction\":[{\"@type\":\"ReadAction\",\"target\":[\"https:\\\/\\\/whatthefrance.org\\\/es\\\/didier-jeunesse-una-playlist-exclusiva-dedicada-a-las-canciones-infantiles\\\/\"]}]},{\"@type\":\"BreadcrumbList\",\"@id\":\"https:\\\/\\\/whatthefrance.org\\\/es\\\/didier-jeunesse-una-playlist-exclusiva-dedicada-a-las-canciones-infantiles\\\/#breadcrumb\",\"itemListElement\":[{\"@type\":\"ListItem\",\"position\":1,\"name\":\"Home\",\"item\":\"https:\\\/\\\/whatthefrance.org\\\/es\\\/\"},{\"@type\":\"ListItem\",\"position\":2,\"name\":\"Didier Jeunesse | \u00a1Una playlist exclusiva dedicada a las canciones infantiles!\"}]},{\"@type\":\"WebSite\",\"@id\":\"https:\\\/\\\/whatthefrance.org\\\/es\\\/#website\",\"url\":\"https:\\\/\\\/whatthefrance.org\\\/es\\\/\",\"name\":\"What the France\",\"description\":\"The finest music made in France !\",\"publisher\":{\"@id\":\"https:\\\/\\\/whatthefrance.org\\\/es\\\/#organization\"},\"potentialAction\":[{\"@type\":\"SearchAction\",\"target\":{\"@type\":\"EntryPoint\",\"urlTemplate\":\"https:\\\/\\\/whatthefrance.org\\\/es\\\/?s={search_term_string}\"},\"query-input\":{\"@type\":\"PropertyValueSpecification\",\"valueRequired\":true,\"valueName\":\"search_term_string\"}}],\"inLanguage\":\"es\"},{\"@type\":\"Organization\",\"@id\":\"https:\\\/\\\/whatthefrance.org\\\/es\\\/#organization\",\"name\":\"What The France\",\"url\":\"https:\\\/\\\/whatthefrance.org\\\/es\\\/\",\"logo\":{\"@type\":\"ImageObject\",\"inLanguage\":\"es\",\"@id\":\"https:\\\/\\\/whatthefrance.org\\\/es\\\/#\\\/schema\\\/logo\\\/image\\\/\",\"url\":\"https:\\\/\\\/whatthefrance.org\\\/wp-content\\\/uploads\\\/2019\\\/12\\\/44688719_2251580388408837_694180218134331392_n-e1577679609190.png\",\"contentUrl\":\"https:\\\/\\\/whatthefrance.org\\\/wp-content\\\/uploads\\\/2019\\\/12\\\/44688719_2251580388408837_694180218134331392_n-e1577679609190.png\",\"width\":200,\"height\":200,\"caption\":\"What The France\"},\"image\":{\"@id\":\"https:\\\/\\\/whatthefrance.org\\\/es\\\/#\\\/schema\\\/logo\\\/image\\\/\"}},{\"@type\":\"Person\",\"@id\":\"https:\\\/\\\/whatthefrance.org\\\/es\\\/#\\\/schema\\\/person\\\/ec6689bd96bf81ba9dcf2264cb54c946\",\"name\":\"ultrapop-gustavo\",\"image\":{\"@type\":\"ImageObject\",\"inLanguage\":\"es\",\"@id\":\"https:\\\/\\\/secure.gravatar.com\\\/avatar\\\/9f35e3e5944405caa221d3f9ae6c981bac53ada24e0340936c6d6364326ab920?s=96&d=mm&r=g\",\"url\":\"https:\\\/\\\/secure.gravatar.com\\\/avatar\\\/9f35e3e5944405caa221d3f9ae6c981bac53ada24e0340936c6d6364326ab920?s=96&d=mm&r=g\",\"contentUrl\":\"https:\\\/\\\/secure.gravatar.com\\\/avatar\\\/9f35e3e5944405caa221d3f9ae6c981bac53ada24e0340936c6d6364326ab920?s=96&d=mm&r=g\",\"caption\":\"ultrapop-gustavo\"}}]}<\/script>\n<!-- \/ Yoast SEO plugin. -->","yoast_head_json":{"title":"Didier Jeunesse | \u00a1Una playlist exclusiva dedicada a las canciones infantiles! - What the France","robots":{"index":"index","follow":"follow","max-snippet":"max-snippet:-1","max-image-preview":"max-image-preview:large","max-video-preview":"max-video-preview:-1"},"canonical":"https:\/\/whatthefrance.org\/es\/didier-jeunesse-una-playlist-exclusiva-dedicada-a-las-canciones-infantiles\/","og_locale":"es_ES","og_type":"article","og_title":"Didier Jeunesse | \u00a1Una playlist exclusiva dedicada a las canciones infantiles! - What the France","og_description":"En m\u00e1s de 35 a\u00f1os de existencia, \u00e9ditions Didier Jeunesse ha construido un cat\u00e1logo muy bonito, alimentado por las pasiones por la comunicaci\u00f3n de su fundadora Mich\u00e8le Moreau: la m\u00fasica y el canto, por supuesto, pero tambi\u00e9n a los cuentos, el humor, los recitados de poes\u00eda. Libro tras libro, cada imagen y cada palabra busca [&hellip;]","og_url":"https:\/\/whatthefrance.org\/es\/didier-jeunesse-una-playlist-exclusiva-dedicada-a-las-canciones-infantiles\/","og_site_name":"What the France","article_published_time":"2023-10-31T15:49:14+00:00","article_modified_time":"2023-10-31T15:55:41+00:00","og_image":[{"url":"https:\/\/whatthefrance.org\/wp-content\/uploads\/2023\/10\/didier_jeunesse_wordpress_what_the_france-1.png","height":452,"width":1084,"type":""}],"author":"ultrapop-gustavo","twitter_card":"summary_large_image","twitter_misc":{"Escrito por":"ultrapop-gustavo","Tiempo de lectura":"1 minuto"},"schema":{"@context":"https:\/\/schema.org","@graph":[{"@type":"Article","@id":"https:\/\/whatthefrance.org\/es\/didier-jeunesse-una-playlist-exclusiva-dedicada-a-las-canciones-infantiles\/#article","isPartOf":{"@id":"https:\/\/whatthefrance.org\/es\/didier-jeunesse-una-playlist-exclusiva-dedicada-a-las-canciones-infantiles\/"},"author":{"name":"ultrapop-gustavo","@id":"https:\/\/whatthefrance.org\/es\/#\/schema\/person\/ec6689bd96bf81ba9dcf2264cb54c946"},"headline":"Didier Jeunesse | \u00a1Una playlist exclusiva dedicada a las canciones infantiles!","datePublished":"2023-10-31T15:49:14+00:00","dateModified":"2023-10-31T15:55:41+00:00","mainEntityOfPage":{"@id":"https:\/\/whatthefrance.org\/es\/didier-jeunesse-una-playlist-exclusiva-dedicada-a-las-canciones-infantiles\/"},"wordCount":212,"publisher":{"@id":"https:\/\/whatthefrance.org\/es\/#organization"},"keywords":["Chanson"],"articleSection":["Playlist"],"inLanguage":"es"},{"@type":"WebPage","@id":"https:\/\/whatthefrance.org\/es\/didier-jeunesse-una-playlist-exclusiva-dedicada-a-las-canciones-infantiles\/","url":"https:\/\/whatthefrance.org\/es\/didier-jeunesse-una-playlist-exclusiva-dedicada-a-las-canciones-infantiles\/","name":"Didier Jeunesse | \u00a1Una playlist exclusiva dedicada a las canciones infantiles! - What the France","isPartOf":{"@id":"https:\/\/whatthefrance.org\/es\/#website"},"datePublished":"2023-10-31T15:49:14+00:00","dateModified":"2023-10-31T15:55:41+00:00","breadcrumb":{"@id":"https:\/\/whatthefrance.org\/es\/didier-jeunesse-una-playlist-exclusiva-dedicada-a-las-canciones-infantiles\/#breadcrumb"},"inLanguage":"es","potentialAction":[{"@type":"ReadAction","target":["https:\/\/whatthefrance.org\/es\/didier-jeunesse-una-playlist-exclusiva-dedicada-a-las-canciones-infantiles\/"]}]},{"@type":"BreadcrumbList","@id":"https:\/\/whatthefrance.org\/es\/didier-jeunesse-una-playlist-exclusiva-dedicada-a-las-canciones-infantiles\/#breadcrumb","itemListElement":[{"@type":"ListItem","position":1,"name":"Home","item":"https:\/\/whatthefrance.org\/es\/"},{"@type":"ListItem","position":2,"name":"Didier Jeunesse | \u00a1Una playlist exclusiva dedicada a las canciones infantiles!"}]},{"@type":"WebSite","@id":"https:\/\/whatthefrance.org\/es\/#website","url":"https:\/\/whatthefrance.org\/es\/","name":"What the France","description":"The finest music made in France !","publisher":{"@id":"https:\/\/whatthefrance.org\/es\/#organization"},"potentialAction":[{"@type":"SearchAction","target":{"@type":"EntryPoint","urlTemplate":"https:\/\/whatthefrance.org\/es\/?s={search_term_string}"},"query-input":{"@type":"PropertyValueSpecification","valueRequired":true,"valueName":"search_term_string"}}],"inLanguage":"es"},{"@type":"Organization","@id":"https:\/\/whatthefrance.org\/es\/#organization","name":"What The France","url":"https:\/\/whatthefrance.org\/es\/","logo":{"@type":"ImageObject","inLanguage":"es","@id":"https:\/\/whatthefrance.org\/es\/#\/schema\/logo\/image\/","url":"https:\/\/whatthefrance.org\/wp-content\/uploads\/2019\/12\/44688719_2251580388408837_694180218134331392_n-e1577679609190.png","contentUrl":"https:\/\/whatthefrance.org\/wp-content\/uploads\/2019\/12\/44688719_2251580388408837_694180218134331392_n-e1577679609190.png","width":200,"height":200,"caption":"What The France"},"image":{"@id":"https:\/\/whatthefrance.org\/es\/#\/schema\/logo\/image\/"}},{"@type":"Person","@id":"https:\/\/whatthefrance.org\/es\/#\/schema\/person\/ec6689bd96bf81ba9dcf2264cb54c946","name":"ultrapop-gustavo","image":{"@type":"ImageObject","inLanguage":"es","@id":"https:\/\/secure.gravatar.com\/avatar\/9f35e3e5944405caa221d3f9ae6c981bac53ada24e0340936c6d6364326ab920?s=96&d=mm&r=g","url":"https:\/\/secure.gravatar.com\/avatar\/9f35e3e5944405caa221d3f9ae6c981bac53ada24e0340936c6d6364326ab920?s=96&d=mm&r=g","contentUrl":"https:\/\/secure.gravatar.com\/avatar\/9f35e3e5944405caa221d3f9ae6c981bac53ada24e0340936c6d6364326ab920?s=96&d=mm&r=g","caption":"ultrapop-gustavo"}}]}},"_links":{"self":[{"href":"https:\/\/whatthefrance.org\/es\/wp-json\/wp\/v2\/posts\/62658","targetHints":{"allow":["GET"]}}],"collection":[{"href":"https:\/\/whatthefrance.org\/es\/wp-json\/wp\/v2\/posts"}],"about":[{"href":"https:\/\/whatthefrance.org\/es\/wp-json\/wp\/v2\/types\/post"}],"author":[{"embeddable":true,"href":"https:\/\/whatthefrance.org\/es\/wp-json\/wp\/v2\/users\/35"}],"replies":[{"embeddable":true,"href":"https:\/\/whatthefrance.org\/es\/wp-json\/wp\/v2\/comments?post=62658"}],"version-history":[{"count":4,"href":"https:\/\/whatthefrance.org\/es\/wp-json\/wp\/v2\/posts\/62658\/revisions"}],"predecessor-version":[{"id":62669,"href":"https:\/\/whatthefrance.org\/es\/wp-json\/wp\/v2\/posts\/62658\/revisions\/62669"}],"wp:attachment":[{"href":"https:\/\/whatthefrance.org\/es\/wp-json\/wp\/v2\/media?parent=62658"}],"wp:term":[{"taxonomy":"category","embeddable":true,"href":"https:\/\/whatthefrance.org\/es\/wp-json\/wp\/v2\/categories?post=62658"},{"taxonomy":"post_tag","embeddable":true,"href":"https:\/\/whatthefrance.org\/es\/wp-json\/wp\/v2\/tags?post=62658"}],"curies":[{"name":"wp","href":"https:\/\/api.w.org\/{rel}","templated":true}]}}