{"id":66113,"date":"2024-02-23T15:06:11","date_gmt":"2024-02-23T14:06:11","guid":{"rendered":"https:\/\/whatthefrance.org\/?p=66113"},"modified":"2024-02-23T15:06:11","modified_gmt":"2024-02-23T14:06:11","slug":"malted-milk-un-nuevo-album-por-su-vigesimo-aniversario","status":"publish","type":"post","link":"https:\/\/whatthefrance.org\/es\/malted-milk-un-nuevo-album-por-su-vigesimo-aniversario\/","title":{"rendered":"Malted Milk | Un nuevo \u00e1lbum por su vig\u00e9simo aniversario"},"content":{"rendered":"<p><span style=\"font-weight: 400;\"><a href=\"https:\/\/www.instagram.com\/malted_milk\/\">Malted Milk<\/a>, d\u00fao de blues en sus inicios, se ha convertido en una aut\u00e9ntica banda de soul que, tras celebrar recientemente 20 a\u00f1os de carrera, sigue electrizando la escena con su creatividad. El grupo regresa este viernes 23 de febrero con un nuevo disco, \u201c<\/span><strong><i>1975<\/i><\/strong><span style=\"font-weight: 400;\">\u201d<\/span><\/p>\n<p><i><span style=\"font-weight: 400;\">1975<\/span><\/i><span style=\"font-weight: 400;\">, un proyecto profundamente \u00edntimo, explora las historias y la perspectiva del cantante principal. Partiendo de una perspectiva personal, explora temas sociales marcados por los abusos de los poderosos, la indiferencia y las cuestiones en torno a la libertad.<\/span><\/p>\n<p><span style=\"font-weight: 400;\">Los tonos del \u00e1lbum oscilan entre la lucidez, la ira y el optimismo, sobre piezas de inspiraci\u00f3n <strong>soul<\/strong> y <strong>funk<\/strong> influenciadas por g\u00e9neros m\u00e1s modernos como el <strong>disco<\/strong> y el <strong>folk-world<\/strong>.<\/span><\/p>\n<p><span style=\"font-weight: 400;\">Un \u00e1lbum que marca un punto de inflexi\u00f3n para el grupo, que apuesta por \u201cabordar abiertamente temas inc\u00f3modos y reflejar honestamente su pasi\u00f3n por la m\u00fasica popular y americana\u201d.<\/span><\/p>\n<div class=\"playListBloc singleBloc\"><div class=\"playListBloc-wrap\">    <div class=\"thumbnail\"><img data-src=\"https:\/\/whatthefrance.org\/wp-content\/uploads\/2018\/11\/Design-sans-titre-254x254.jpg\" class=\"lazyload\" alt=\"Design sans titre\" \/>    <\/div>    <div class=\"infos\">        <span class=\"tag\">Genres<\/span>        <h2>Kiss my Jazz<\/h2>        <span class=\"separator\"><\/span>       <span class=\"desc\">Jam to the latest jazz hits made in France.<\/span><div class=\"share flex flexAlignCenter \">\t<span class=\"label\">Compartir<\/span>\t<a href=\"https:\/\/www.facebook.com\/sharer\/sharer.php?u=https:\/\/whatthefrance.org\/es\/playlists\/kiss-my-jazz\/\" class=\"facebook\" target=\"_blank\" rel=\"noreferrer\">Facebook<\/a>\t<a href=\"https:\/\/twitter.com\/intent\/tweet?url=https:\/\/whatthefrance.org\/es\/playlists\/kiss-my-jazz\/&text=Kiss+my+Jazz&hashtags=WTF\" class=\"twitter\" target=\"_blank\" rel=\"noreferrer\">Twitter<\/a>\t<a href=\"mailto:?subject=What%20the%20France%20%3A%20Kiss%20my%20Jazz&body=https:\/\/whatthefrance.org\/es\/playlists\/kiss-my-jazz\/\" class=\"mail\" target=\"_blank\" rel=\"noreferrer\">Email<\/a><\/div>        <a href=\"#\" class=\"btn btnPlaylist orange playlist-click\" data-id=\"9893\">            <svg version=\"1.1\" x=\"0px\" y=\"0px\" width=\"40px\" height=\"40px\" viewBox=\"0 0 213.7 213.7\" enable-background=\"new 0 0 213.7 213.7\" xml:space=\"preserve\">                <polygon class=\"triangle\" fill=\"none\" stroke-width=\"10\" stroke-linecap=\"round\" stroke-linejoin=\"round\" stroke-miterlimit=\"10\" points=\"\n            73.5,62.5 148.5,105.8 73.5,149.1 \"\/>                <circle class=\"circle\" fill=\"none\"  stroke-width=\"8\" stroke-linecap=\"round\" stroke-linejoin=\"round\" stroke-miterlimit=\"10\" cx=\"106.8\" cy=\"106.8\" r=\"103.3\"\/>                <circle class=\"circle-white\" fill=\"none\"  stroke-width=\"8\" stroke-linecap=\"round\" stroke-linejoin=\"round\" stroke-miterlimit=\"10\" cx=\"106.8\" cy=\"106.8\" r=\"103.3\"\/>            <\/svg>Escuchar        <\/a>    <\/div>  <\/div><\/div>\n","protected":false},"excerpt":{"rendered":"<p>Malted Milk, d\u00fao de blues en sus inicios, se ha convertido en una aut\u00e9ntica banda de soul que, tras celebrar recientemente 20 a\u00f1os de carrera, sigue electrizando la escena con su creatividad. El grupo regresa este viernes 23 de febrero con un nuevo disco, \u201c1975\u201d 1975, un proyecto profundamente \u00edntimo, explora las historias y la [&hellip;]<\/p>\n","protected":false},"author":35,"featured_media":0,"comment_status":"closed","ping_status":"closed","sticky":false,"template":"","format":"standard","meta":{"_acf_changed":false,"footnotes":""},"categories":[1965,1968],"tags":[1938],"class_list":["post-66113","post","type-post","status-publish","format-standard","hentry","category-events-es","category-release-es","tag-folk-es"],"acf":[],"yoast_head":"<!-- This site is optimized with the Yoast SEO plugin v27.3 - https:\/\/yoast.com\/product\/yoast-seo-wordpress\/ -->\n<title>Malted Milk | Un nuevo \u00e1lbum por su vig\u00e9simo aniversario - What the France<\/title>\n<meta name=\"robots\" content=\"index, follow, max-snippet:-1, max-image-preview:large, max-video-preview:-1\" \/>\n<link rel=\"canonical\" href=\"https:\/\/whatthefrance.org\/es\/malted-milk-un-nuevo-album-por-su-vigesimo-aniversario\/\" \/>\n<meta property=\"og:locale\" content=\"es_ES\" \/>\n<meta property=\"og:type\" content=\"article\" \/>\n<meta property=\"og:title\" content=\"Malted Milk | Un nuevo \u00e1lbum por su vig\u00e9simo aniversario - What the France\" \/>\n<meta property=\"og:description\" content=\"Malted Milk, d\u00fao de blues en sus inicios, se ha convertido en una aut\u00e9ntica banda de soul que, tras celebrar recientemente 20 a\u00f1os de carrera, sigue electrizando la escena con su creatividad. El grupo regresa este viernes 23 de febrero con un nuevo disco, \u201c1975\u201d 1975, un proyecto profundamente \u00edntimo, explora las historias y la [&hellip;]\" \/>\n<meta property=\"og:url\" content=\"https:\/\/whatthefrance.org\/es\/malted-milk-un-nuevo-album-por-su-vigesimo-aniversario\/\" \/>\n<meta property=\"og:site_name\" content=\"What the France\" \/>\n<meta property=\"article:published_time\" content=\"2024-02-23T14:06:11+00:00\" \/>\n<meta property=\"og:image\" content=\"https:\/\/whatthefrance.org\/wp-content\/uploads\/2024\/02\/malted_milk_wordpress_what_the_france.png\" \/>\n\t<meta property=\"og:image:width\" content=\"1084\" \/>\n\t<meta property=\"og:image:height\" content=\"452\" \/>\n<meta name=\"author\" content=\"ultrapop-gustavo\" \/>\n<meta name=\"twitter:card\" content=\"summary_large_image\" \/>\n<meta name=\"twitter:label1\" content=\"Escrito por\" \/>\n\t<meta name=\"twitter:data1\" content=\"ultrapop-gustavo\" \/>\n\t<meta name=\"twitter:label2\" content=\"Tiempo de lectura\" \/>\n\t<meta name=\"twitter:data2\" content=\"1 minuto\" \/>\n<script type=\"application\/ld+json\" class=\"yoast-schema-graph\">{\"@context\":\"https:\\\/\\\/schema.org\",\"@graph\":[{\"@type\":\"Article\",\"@id\":\"https:\\\/\\\/whatthefrance.org\\\/es\\\/malted-milk-un-nuevo-album-por-su-vigesimo-aniversario\\\/#article\",\"isPartOf\":{\"@id\":\"https:\\\/\\\/whatthefrance.org\\\/es\\\/malted-milk-un-nuevo-album-por-su-vigesimo-aniversario\\\/\"},\"author\":{\"name\":\"ultrapop-gustavo\",\"@id\":\"https:\\\/\\\/whatthefrance.org\\\/es\\\/#\\\/schema\\\/person\\\/ec6689bd96bf81ba9dcf2264cb54c946\"},\"headline\":\"Malted Milk | Un nuevo \u00e1lbum por su vig\u00e9simo aniversario\",\"datePublished\":\"2024-02-23T14:06:11+00:00\",\"mainEntityOfPage\":{\"@id\":\"https:\\\/\\\/whatthefrance.org\\\/es\\\/malted-milk-un-nuevo-album-por-su-vigesimo-aniversario\\\/\"},\"wordCount\":162,\"publisher\":{\"@id\":\"https:\\\/\\\/whatthefrance.org\\\/es\\\/#organization\"},\"keywords\":[\"Folk\"],\"articleSection\":[\"Event\",\"Release\"],\"inLanguage\":\"es\"},{\"@type\":\"WebPage\",\"@id\":\"https:\\\/\\\/whatthefrance.org\\\/es\\\/malted-milk-un-nuevo-album-por-su-vigesimo-aniversario\\\/\",\"url\":\"https:\\\/\\\/whatthefrance.org\\\/es\\\/malted-milk-un-nuevo-album-por-su-vigesimo-aniversario\\\/\",\"name\":\"Malted Milk | Un nuevo \u00e1lbum por su vig\u00e9simo aniversario - What the France\",\"isPartOf\":{\"@id\":\"https:\\\/\\\/whatthefrance.org\\\/es\\\/#website\"},\"datePublished\":\"2024-02-23T14:06:11+00:00\",\"breadcrumb\":{\"@id\":\"https:\\\/\\\/whatthefrance.org\\\/es\\\/malted-milk-un-nuevo-album-por-su-vigesimo-aniversario\\\/#breadcrumb\"},\"inLanguage\":\"es\",\"potentialAction\":[{\"@type\":\"ReadAction\",\"target\":[\"https:\\\/\\\/whatthefrance.org\\\/es\\\/malted-milk-un-nuevo-album-por-su-vigesimo-aniversario\\\/\"]}]},{\"@type\":\"BreadcrumbList\",\"@id\":\"https:\\\/\\\/whatthefrance.org\\\/es\\\/malted-milk-un-nuevo-album-por-su-vigesimo-aniversario\\\/#breadcrumb\",\"itemListElement\":[{\"@type\":\"ListItem\",\"position\":1,\"name\":\"Home\",\"item\":\"https:\\\/\\\/whatthefrance.org\\\/es\\\/\"},{\"@type\":\"ListItem\",\"position\":2,\"name\":\"Malted Milk | Un nuevo \u00e1lbum por su vig\u00e9simo aniversario\"}]},{\"@type\":\"WebSite\",\"@id\":\"https:\\\/\\\/whatthefrance.org\\\/es\\\/#website\",\"url\":\"https:\\\/\\\/whatthefrance.org\\\/es\\\/\",\"name\":\"What the France\",\"description\":\"The finest music made in France !\",\"publisher\":{\"@id\":\"https:\\\/\\\/whatthefrance.org\\\/es\\\/#organization\"},\"potentialAction\":[{\"@type\":\"SearchAction\",\"target\":{\"@type\":\"EntryPoint\",\"urlTemplate\":\"https:\\\/\\\/whatthefrance.org\\\/es\\\/?s={search_term_string}\"},\"query-input\":{\"@type\":\"PropertyValueSpecification\",\"valueRequired\":true,\"valueName\":\"search_term_string\"}}],\"inLanguage\":\"es\"},{\"@type\":\"Organization\",\"@id\":\"https:\\\/\\\/whatthefrance.org\\\/es\\\/#organization\",\"name\":\"What The France\",\"url\":\"https:\\\/\\\/whatthefrance.org\\\/es\\\/\",\"logo\":{\"@type\":\"ImageObject\",\"inLanguage\":\"es\",\"@id\":\"https:\\\/\\\/whatthefrance.org\\\/es\\\/#\\\/schema\\\/logo\\\/image\\\/\",\"url\":\"https:\\\/\\\/whatthefrance.org\\\/wp-content\\\/uploads\\\/2019\\\/12\\\/44688719_2251580388408837_694180218134331392_n-e1577679609190.png\",\"contentUrl\":\"https:\\\/\\\/whatthefrance.org\\\/wp-content\\\/uploads\\\/2019\\\/12\\\/44688719_2251580388408837_694180218134331392_n-e1577679609190.png\",\"width\":200,\"height\":200,\"caption\":\"What The France\"},\"image\":{\"@id\":\"https:\\\/\\\/whatthefrance.org\\\/es\\\/#\\\/schema\\\/logo\\\/image\\\/\"}},{\"@type\":\"Person\",\"@id\":\"https:\\\/\\\/whatthefrance.org\\\/es\\\/#\\\/schema\\\/person\\\/ec6689bd96bf81ba9dcf2264cb54c946\",\"name\":\"ultrapop-gustavo\",\"image\":{\"@type\":\"ImageObject\",\"inLanguage\":\"es\",\"@id\":\"https:\\\/\\\/secure.gravatar.com\\\/avatar\\\/9f35e3e5944405caa221d3f9ae6c981bac53ada24e0340936c6d6364326ab920?s=96&d=mm&r=g\",\"url\":\"https:\\\/\\\/secure.gravatar.com\\\/avatar\\\/9f35e3e5944405caa221d3f9ae6c981bac53ada24e0340936c6d6364326ab920?s=96&d=mm&r=g\",\"contentUrl\":\"https:\\\/\\\/secure.gravatar.com\\\/avatar\\\/9f35e3e5944405caa221d3f9ae6c981bac53ada24e0340936c6d6364326ab920?s=96&d=mm&r=g\",\"caption\":\"ultrapop-gustavo\"}}]}<\/script>\n<!-- \/ Yoast SEO plugin. -->","yoast_head_json":{"title":"Malted Milk | Un nuevo \u00e1lbum por su vig\u00e9simo aniversario - What the France","robots":{"index":"index","follow":"follow","max-snippet":"max-snippet:-1","max-image-preview":"max-image-preview:large","max-video-preview":"max-video-preview:-1"},"canonical":"https:\/\/whatthefrance.org\/es\/malted-milk-un-nuevo-album-por-su-vigesimo-aniversario\/","og_locale":"es_ES","og_type":"article","og_title":"Malted Milk | Un nuevo \u00e1lbum por su vig\u00e9simo aniversario - What the France","og_description":"Malted Milk, d\u00fao de blues en sus inicios, se ha convertido en una aut\u00e9ntica banda de soul que, tras celebrar recientemente 20 a\u00f1os de carrera, sigue electrizando la escena con su creatividad. El grupo regresa este viernes 23 de febrero con un nuevo disco, \u201c1975\u201d 1975, un proyecto profundamente \u00edntimo, explora las historias y la [&hellip;]","og_url":"https:\/\/whatthefrance.org\/es\/malted-milk-un-nuevo-album-por-su-vigesimo-aniversario\/","og_site_name":"What the France","article_published_time":"2024-02-23T14:06:11+00:00","og_image":[{"url":"https:\/\/whatthefrance.org\/wp-content\/uploads\/2024\/02\/malted_milk_wordpress_what_the_france.png","height":452,"width":1084,"type":""}],"author":"ultrapop-gustavo","twitter_card":"summary_large_image","twitter_misc":{"Escrito por":"ultrapop-gustavo","Tiempo de lectura":"1 minuto"},"schema":{"@context":"https:\/\/schema.org","@graph":[{"@type":"Article","@id":"https:\/\/whatthefrance.org\/es\/malted-milk-un-nuevo-album-por-su-vigesimo-aniversario\/#article","isPartOf":{"@id":"https:\/\/whatthefrance.org\/es\/malted-milk-un-nuevo-album-por-su-vigesimo-aniversario\/"},"author":{"name":"ultrapop-gustavo","@id":"https:\/\/whatthefrance.org\/es\/#\/schema\/person\/ec6689bd96bf81ba9dcf2264cb54c946"},"headline":"Malted Milk | Un nuevo \u00e1lbum por su vig\u00e9simo aniversario","datePublished":"2024-02-23T14:06:11+00:00","mainEntityOfPage":{"@id":"https:\/\/whatthefrance.org\/es\/malted-milk-un-nuevo-album-por-su-vigesimo-aniversario\/"},"wordCount":162,"publisher":{"@id":"https:\/\/whatthefrance.org\/es\/#organization"},"keywords":["Folk"],"articleSection":["Event","Release"],"inLanguage":"es"},{"@type":"WebPage","@id":"https:\/\/whatthefrance.org\/es\/malted-milk-un-nuevo-album-por-su-vigesimo-aniversario\/","url":"https:\/\/whatthefrance.org\/es\/malted-milk-un-nuevo-album-por-su-vigesimo-aniversario\/","name":"Malted Milk | Un nuevo \u00e1lbum por su vig\u00e9simo aniversario - What the France","isPartOf":{"@id":"https:\/\/whatthefrance.org\/es\/#website"},"datePublished":"2024-02-23T14:06:11+00:00","breadcrumb":{"@id":"https:\/\/whatthefrance.org\/es\/malted-milk-un-nuevo-album-por-su-vigesimo-aniversario\/#breadcrumb"},"inLanguage":"es","potentialAction":[{"@type":"ReadAction","target":["https:\/\/whatthefrance.org\/es\/malted-milk-un-nuevo-album-por-su-vigesimo-aniversario\/"]}]},{"@type":"BreadcrumbList","@id":"https:\/\/whatthefrance.org\/es\/malted-milk-un-nuevo-album-por-su-vigesimo-aniversario\/#breadcrumb","itemListElement":[{"@type":"ListItem","position":1,"name":"Home","item":"https:\/\/whatthefrance.org\/es\/"},{"@type":"ListItem","position":2,"name":"Malted Milk | Un nuevo \u00e1lbum por su vig\u00e9simo aniversario"}]},{"@type":"WebSite","@id":"https:\/\/whatthefrance.org\/es\/#website","url":"https:\/\/whatthefrance.org\/es\/","name":"What the France","description":"The finest music made in France !","publisher":{"@id":"https:\/\/whatthefrance.org\/es\/#organization"},"potentialAction":[{"@type":"SearchAction","target":{"@type":"EntryPoint","urlTemplate":"https:\/\/whatthefrance.org\/es\/?s={search_term_string}"},"query-input":{"@type":"PropertyValueSpecification","valueRequired":true,"valueName":"search_term_string"}}],"inLanguage":"es"},{"@type":"Organization","@id":"https:\/\/whatthefrance.org\/es\/#organization","name":"What The France","url":"https:\/\/whatthefrance.org\/es\/","logo":{"@type":"ImageObject","inLanguage":"es","@id":"https:\/\/whatthefrance.org\/es\/#\/schema\/logo\/image\/","url":"https:\/\/whatthefrance.org\/wp-content\/uploads\/2019\/12\/44688719_2251580388408837_694180218134331392_n-e1577679609190.png","contentUrl":"https:\/\/whatthefrance.org\/wp-content\/uploads\/2019\/12\/44688719_2251580388408837_694180218134331392_n-e1577679609190.png","width":200,"height":200,"caption":"What The France"},"image":{"@id":"https:\/\/whatthefrance.org\/es\/#\/schema\/logo\/image\/"}},{"@type":"Person","@id":"https:\/\/whatthefrance.org\/es\/#\/schema\/person\/ec6689bd96bf81ba9dcf2264cb54c946","name":"ultrapop-gustavo","image":{"@type":"ImageObject","inLanguage":"es","@id":"https:\/\/secure.gravatar.com\/avatar\/9f35e3e5944405caa221d3f9ae6c981bac53ada24e0340936c6d6364326ab920?s=96&d=mm&r=g","url":"https:\/\/secure.gravatar.com\/avatar\/9f35e3e5944405caa221d3f9ae6c981bac53ada24e0340936c6d6364326ab920?s=96&d=mm&r=g","contentUrl":"https:\/\/secure.gravatar.com\/avatar\/9f35e3e5944405caa221d3f9ae6c981bac53ada24e0340936c6d6364326ab920?s=96&d=mm&r=g","caption":"ultrapop-gustavo"}}]}},"_links":{"self":[{"href":"https:\/\/whatthefrance.org\/es\/wp-json\/wp\/v2\/posts\/66113","targetHints":{"allow":["GET"]}}],"collection":[{"href":"https:\/\/whatthefrance.org\/es\/wp-json\/wp\/v2\/posts"}],"about":[{"href":"https:\/\/whatthefrance.org\/es\/wp-json\/wp\/v2\/types\/post"}],"author":[{"embeddable":true,"href":"https:\/\/whatthefrance.org\/es\/wp-json\/wp\/v2\/users\/35"}],"replies":[{"embeddable":true,"href":"https:\/\/whatthefrance.org\/es\/wp-json\/wp\/v2\/comments?post=66113"}],"version-history":[{"count":2,"href":"https:\/\/whatthefrance.org\/es\/wp-json\/wp\/v2\/posts\/66113\/revisions"}],"predecessor-version":[{"id":66115,"href":"https:\/\/whatthefrance.org\/es\/wp-json\/wp\/v2\/posts\/66113\/revisions\/66115"}],"wp:attachment":[{"href":"https:\/\/whatthefrance.org\/es\/wp-json\/wp\/v2\/media?parent=66113"}],"wp:term":[{"taxonomy":"category","embeddable":true,"href":"https:\/\/whatthefrance.org\/es\/wp-json\/wp\/v2\/categories?post=66113"},{"taxonomy":"post_tag","embeddable":true,"href":"https:\/\/whatthefrance.org\/es\/wp-json\/wp\/v2\/tags?post=66113"}],"curies":[{"name":"wp","href":"https:\/\/api.w.org\/{rel}","templated":true}]}}