{"id":66830,"date":"2024-03-12T17:07:44","date_gmt":"2024-03-12T16:07:44","guid":{"rendered":"https:\/\/whatthefrance.org\/?p=66830"},"modified":"2024-03-12T17:07:44","modified_gmt":"2024-03-12T16:07:44","slug":"astral-bakers-album-debut-y-una-playlist-exclusiva","status":"publish","type":"post","link":"https:\/\/whatthefrance.org\/es\/astral-bakers-album-debut-y-una-playlist-exclusiva\/","title":{"rendered":"Astral Bakers | \u00c1lbum debut y una playlist exclusiva"},"content":{"rendered":"<p><span style=\"font-weight: 400;\">La historia de <a href=\"https:\/\/www.instagram.com\/astralbakers\/\">Astral Bakers<\/a> es una historia de lo obvio: cuatro m\u00fasicos experimentados se encuentran en la misma habitaci\u00f3n y hacen m\u00fasica como si fuera la primera vez. El resultado es una especie de \u201cSoft Grunge\u201d, a medio camino entre Big Thief, Supertramp y un concierto unplugged de Nirvana. Seleccionados por Spotify para su programa \u201cRADAR\u201d, y ya aclamado por la cr\u00edtica (Lib\u00e9ration, France Inter, Les Inrocks), su primer \u00e1lbum, titulado \u201cThe all story\u201d, fue lanzado el 9 de febrero en el sello Sage Music. Descubrimos m\u00e1s de 10 temas compuestos en vivo que inmediatamente establecen al grupo como uno de los bandas esenciales del panorama indie franc\u00e9s de 2024.<\/span><\/p>\n<p><span style=\"font-weight: 400;\">Para acompa\u00f1ar esta primera obra, Astral Bakers ha desarrollado una <a href=\"https:\/\/whatthefrance.org\/es\/playlists\/a-made-in-france-selection-by-astral-bakers\/\">playlist exclusiva<\/a> para What the France, que re\u00fane algunos de sus propios t\u00edtulos, as\u00ed como una selecci\u00f3n de sus favoritos \u00abmade in France\u00bb. Podr\u00e1s encontrar piezas de Raoul Vignal, Rouperou, November Ultra, Quasi Qui, Astral Bakers, P\u00e9pite, The Psychotic Monks, Michelle Blades, Moto, Ada Oda, Blumi, Thousand, Hannah Miette &amp; Rozi Plain, Le Collage de France, Theodora, Christine and the Queens, Crayon, Fabio Viscogliosi, Saint DX, Grand Blanc, Domenique Dumont, Alwis &amp; UTO, Hubert lenoir &amp; Bonnie Banane, Pomme &amp; Flavien Berger, Laura Cahen, S\u00e9verin, Pi Ja Ma, Cate Hortl, Marc Meli\u00e0, HSRS, Isaac Delusion &amp; Olivia Merilahti, Ga\u00e9tan Nonchalant, Voyou y Corentin Olivier.<\/span><\/p>\n<div class=\"playListBloc singleBloc\"><div class=\"playListBloc-wrap\">    <div class=\"thumbnail\"><img data-src=\"https:\/\/whatthefrance.org\/wp-content\/uploads\/2024\/03\/a_made_in_france_selection_by_astral_bakers-254x254.jpg\" class=\"lazyload\" alt=\"a_made_in_france_selection_by_astral_bakers\" \/>    <\/div>    <div class=\"infos\">        <span class=\"tag\">Curators<\/span>        <h2>A made in France selection by Astral Bakers<\/h2>        <span class=\"separator\"><\/span>       <span class=\"desc\">Listen to a selection of made in France tracks, handpicked by Astral Bakers<\/span><div class=\"share flex flexAlignCenter \">\t<span class=\"label\">Compartir<\/span>\t<a href=\"https:\/\/www.facebook.com\/sharer\/sharer.php?u=https:\/\/whatthefrance.org\/es\/playlists\/a-made-in-france-selection-by-astral-bakers\/\" class=\"facebook\" target=\"_blank\" rel=\"noreferrer\">Facebook<\/a>\t<a href=\"https:\/\/twitter.com\/intent\/tweet?url=https:\/\/whatthefrance.org\/es\/playlists\/a-made-in-france-selection-by-astral-bakers\/&text=A+made+in+France+selection+by+Astral+Bakers&hashtags=WTF\" class=\"twitter\" target=\"_blank\" rel=\"noreferrer\">Twitter<\/a>\t<a href=\"mailto:?subject=What%20the%20France%20%3A%20A%20made%20in%20France%20selection%20by%20Astral%20Bakers&body=https:\/\/whatthefrance.org\/es\/playlists\/a-made-in-france-selection-by-astral-bakers\/\" class=\"mail\" target=\"_blank\" rel=\"noreferrer\">Email<\/a><\/div>        <a href=\"#\" class=\"btn btnPlaylist orange playlist-click\" data-id=\"66726\">            <svg version=\"1.1\" x=\"0px\" y=\"0px\" width=\"40px\" height=\"40px\" viewBox=\"0 0 213.7 213.7\" enable-background=\"new 0 0 213.7 213.7\" xml:space=\"preserve\">                <polygon class=\"triangle\" fill=\"none\" stroke-width=\"10\" stroke-linecap=\"round\" stroke-linejoin=\"round\" stroke-miterlimit=\"10\" points=\"\n            73.5,62.5 148.5,105.8 73.5,149.1 \"\/>                <circle class=\"circle\" fill=\"none\"  stroke-width=\"8\" stroke-linecap=\"round\" stroke-linejoin=\"round\" stroke-miterlimit=\"10\" cx=\"106.8\" cy=\"106.8\" r=\"103.3\"\/>                <circle class=\"circle-white\" fill=\"none\"  stroke-width=\"8\" stroke-linecap=\"round\" stroke-linejoin=\"round\" stroke-miterlimit=\"10\" cx=\"106.8\" cy=\"106.8\" r=\"103.3\"\/>            <\/svg>Escuchar        <\/a>    <\/div>  <\/div><\/div>\n","protected":false},"excerpt":{"rendered":"<p>La historia de Astral Bakers es una historia de lo obvio: cuatro m\u00fasicos experimentados se encuentran en la misma habitaci\u00f3n y hacen m\u00fasica como si fuera la primera vez. El resultado es una especie de \u201cSoft Grunge\u201d, a medio camino entre Big Thief, Supertramp y un concierto unplugged de Nirvana. Seleccionados por Spotify para su [&hellip;]<\/p>\n","protected":false},"author":35,"featured_media":0,"comment_status":"closed","ping_status":"closed","sticky":false,"template":"","format":"standard","meta":{"_acf_changed":false,"footnotes":""},"categories":[1967],"tags":[1925],"class_list":["post-66830","post","type-post","status-publish","format-standard","hentry","category-curator-es","tag-alternative-es"],"acf":[],"yoast_head":"<!-- This site is optimized with the Yoast SEO plugin v27.3 - https:\/\/yoast.com\/product\/yoast-seo-wordpress\/ -->\n<title>Astral Bakers | \u00c1lbum debut y una playlist exclusiva - What the France<\/title>\n<meta name=\"robots\" content=\"index, follow, max-snippet:-1, max-image-preview:large, max-video-preview:-1\" \/>\n<link rel=\"canonical\" href=\"https:\/\/whatthefrance.org\/es\/astral-bakers-album-debut-y-una-playlist-exclusiva\/\" \/>\n<meta property=\"og:locale\" content=\"es_ES\" \/>\n<meta property=\"og:type\" content=\"article\" \/>\n<meta property=\"og:title\" content=\"Astral Bakers | \u00c1lbum debut y una playlist exclusiva - What the France\" \/>\n<meta property=\"og:description\" content=\"La historia de Astral Bakers es una historia de lo obvio: cuatro m\u00fasicos experimentados se encuentran en la misma habitaci\u00f3n y hacen m\u00fasica como si fuera la primera vez. El resultado es una especie de \u201cSoft Grunge\u201d, a medio camino entre Big Thief, Supertramp y un concierto unplugged de Nirvana. Seleccionados por Spotify para su [&hellip;]\" \/>\n<meta property=\"og:url\" content=\"https:\/\/whatthefrance.org\/es\/astral-bakers-album-debut-y-una-playlist-exclusiva\/\" \/>\n<meta property=\"og:site_name\" content=\"What the France\" \/>\n<meta property=\"article:published_time\" content=\"2024-03-12T16:07:44+00:00\" \/>\n<meta property=\"og:image\" content=\"https:\/\/whatthefrance.org\/wp-content\/uploads\/2024\/03\/ASTRAL-BAKERS-merci-de-crediter-Matthieu-Torres4-scaled.jpg\" \/>\n\t<meta property=\"og:image:width\" content=\"2560\" \/>\n\t<meta property=\"og:image:height\" content=\"1743\" \/>\n<meta name=\"author\" content=\"ultrapop-gustavo\" \/>\n<meta name=\"twitter:card\" content=\"summary_large_image\" \/>\n<meta name=\"twitter:label1\" content=\"Escrito por\" \/>\n\t<meta name=\"twitter:data1\" content=\"ultrapop-gustavo\" \/>\n\t<meta name=\"twitter:label2\" content=\"Tiempo de lectura\" \/>\n\t<meta name=\"twitter:data2\" content=\"1 minuto\" \/>\n<script type=\"application\/ld+json\" class=\"yoast-schema-graph\">{\"@context\":\"https:\\\/\\\/schema.org\",\"@graph\":[{\"@type\":\"Article\",\"@id\":\"https:\\\/\\\/whatthefrance.org\\\/es\\\/astral-bakers-album-debut-y-una-playlist-exclusiva\\\/#article\",\"isPartOf\":{\"@id\":\"https:\\\/\\\/whatthefrance.org\\\/es\\\/astral-bakers-album-debut-y-una-playlist-exclusiva\\\/\"},\"author\":{\"name\":\"ultrapop-gustavo\",\"@id\":\"https:\\\/\\\/whatthefrance.org\\\/es\\\/#\\\/schema\\\/person\\\/ec6689bd96bf81ba9dcf2264cb54c946\"},\"headline\":\"Astral Bakers | \u00c1lbum debut y una playlist exclusiva\",\"datePublished\":\"2024-03-12T16:07:44+00:00\",\"mainEntityOfPage\":{\"@id\":\"https:\\\/\\\/whatthefrance.org\\\/es\\\/astral-bakers-album-debut-y-una-playlist-exclusiva\\\/\"},\"wordCount\":247,\"publisher\":{\"@id\":\"https:\\\/\\\/whatthefrance.org\\\/es\\\/#organization\"},\"keywords\":[\"Alternative\"],\"articleSection\":[\"Curator\"],\"inLanguage\":\"es\"},{\"@type\":\"WebPage\",\"@id\":\"https:\\\/\\\/whatthefrance.org\\\/es\\\/astral-bakers-album-debut-y-una-playlist-exclusiva\\\/\",\"url\":\"https:\\\/\\\/whatthefrance.org\\\/es\\\/astral-bakers-album-debut-y-una-playlist-exclusiva\\\/\",\"name\":\"Astral Bakers | \u00c1lbum debut y una playlist exclusiva - What the France\",\"isPartOf\":{\"@id\":\"https:\\\/\\\/whatthefrance.org\\\/es\\\/#website\"},\"datePublished\":\"2024-03-12T16:07:44+00:00\",\"breadcrumb\":{\"@id\":\"https:\\\/\\\/whatthefrance.org\\\/es\\\/astral-bakers-album-debut-y-una-playlist-exclusiva\\\/#breadcrumb\"},\"inLanguage\":\"es\",\"potentialAction\":[{\"@type\":\"ReadAction\",\"target\":[\"https:\\\/\\\/whatthefrance.org\\\/es\\\/astral-bakers-album-debut-y-una-playlist-exclusiva\\\/\"]}]},{\"@type\":\"BreadcrumbList\",\"@id\":\"https:\\\/\\\/whatthefrance.org\\\/es\\\/astral-bakers-album-debut-y-una-playlist-exclusiva\\\/#breadcrumb\",\"itemListElement\":[{\"@type\":\"ListItem\",\"position\":1,\"name\":\"Home\",\"item\":\"https:\\\/\\\/whatthefrance.org\\\/es\\\/\"},{\"@type\":\"ListItem\",\"position\":2,\"name\":\"Astral Bakers | \u00c1lbum debut y una playlist exclusiva\"}]},{\"@type\":\"WebSite\",\"@id\":\"https:\\\/\\\/whatthefrance.org\\\/es\\\/#website\",\"url\":\"https:\\\/\\\/whatthefrance.org\\\/es\\\/\",\"name\":\"What the France\",\"description\":\"The finest music made in France !\",\"publisher\":{\"@id\":\"https:\\\/\\\/whatthefrance.org\\\/es\\\/#organization\"},\"potentialAction\":[{\"@type\":\"SearchAction\",\"target\":{\"@type\":\"EntryPoint\",\"urlTemplate\":\"https:\\\/\\\/whatthefrance.org\\\/es\\\/?s={search_term_string}\"},\"query-input\":{\"@type\":\"PropertyValueSpecification\",\"valueRequired\":true,\"valueName\":\"search_term_string\"}}],\"inLanguage\":\"es\"},{\"@type\":\"Organization\",\"@id\":\"https:\\\/\\\/whatthefrance.org\\\/es\\\/#organization\",\"name\":\"What The France\",\"url\":\"https:\\\/\\\/whatthefrance.org\\\/es\\\/\",\"logo\":{\"@type\":\"ImageObject\",\"inLanguage\":\"es\",\"@id\":\"https:\\\/\\\/whatthefrance.org\\\/es\\\/#\\\/schema\\\/logo\\\/image\\\/\",\"url\":\"https:\\\/\\\/whatthefrance.org\\\/wp-content\\\/uploads\\\/2019\\\/12\\\/44688719_2251580388408837_694180218134331392_n-e1577679609190.png\",\"contentUrl\":\"https:\\\/\\\/whatthefrance.org\\\/wp-content\\\/uploads\\\/2019\\\/12\\\/44688719_2251580388408837_694180218134331392_n-e1577679609190.png\",\"width\":200,\"height\":200,\"caption\":\"What The France\"},\"image\":{\"@id\":\"https:\\\/\\\/whatthefrance.org\\\/es\\\/#\\\/schema\\\/logo\\\/image\\\/\"}},{\"@type\":\"Person\",\"@id\":\"https:\\\/\\\/whatthefrance.org\\\/es\\\/#\\\/schema\\\/person\\\/ec6689bd96bf81ba9dcf2264cb54c946\",\"name\":\"ultrapop-gustavo\",\"image\":{\"@type\":\"ImageObject\",\"inLanguage\":\"es\",\"@id\":\"https:\\\/\\\/secure.gravatar.com\\\/avatar\\\/9f35e3e5944405caa221d3f9ae6c981bac53ada24e0340936c6d6364326ab920?s=96&d=mm&r=g\",\"url\":\"https:\\\/\\\/secure.gravatar.com\\\/avatar\\\/9f35e3e5944405caa221d3f9ae6c981bac53ada24e0340936c6d6364326ab920?s=96&d=mm&r=g\",\"contentUrl\":\"https:\\\/\\\/secure.gravatar.com\\\/avatar\\\/9f35e3e5944405caa221d3f9ae6c981bac53ada24e0340936c6d6364326ab920?s=96&d=mm&r=g\",\"caption\":\"ultrapop-gustavo\"}}]}<\/script>\n<!-- \/ Yoast SEO plugin. -->","yoast_head_json":{"title":"Astral Bakers | \u00c1lbum debut y una playlist exclusiva - What the France","robots":{"index":"index","follow":"follow","max-snippet":"max-snippet:-1","max-image-preview":"max-image-preview:large","max-video-preview":"max-video-preview:-1"},"canonical":"https:\/\/whatthefrance.org\/es\/astral-bakers-album-debut-y-una-playlist-exclusiva\/","og_locale":"es_ES","og_type":"article","og_title":"Astral Bakers | \u00c1lbum debut y una playlist exclusiva - What the France","og_description":"La historia de Astral Bakers es una historia de lo obvio: cuatro m\u00fasicos experimentados se encuentran en la misma habitaci\u00f3n y hacen m\u00fasica como si fuera la primera vez. El resultado es una especie de \u201cSoft Grunge\u201d, a medio camino entre Big Thief, Supertramp y un concierto unplugged de Nirvana. Seleccionados por Spotify para su [&hellip;]","og_url":"https:\/\/whatthefrance.org\/es\/astral-bakers-album-debut-y-una-playlist-exclusiva\/","og_site_name":"What the France","article_published_time":"2024-03-12T16:07:44+00:00","og_image":[{"url":"https:\/\/whatthefrance.org\/wp-content\/uploads\/2024\/03\/ASTRAL-BAKERS-merci-de-crediter-Matthieu-Torres4-scaled.jpg","height":1743,"width":2560,"type":""}],"author":"ultrapop-gustavo","twitter_card":"summary_large_image","twitter_misc":{"Escrito por":"ultrapop-gustavo","Tiempo de lectura":"1 minuto"},"schema":{"@context":"https:\/\/schema.org","@graph":[{"@type":"Article","@id":"https:\/\/whatthefrance.org\/es\/astral-bakers-album-debut-y-una-playlist-exclusiva\/#article","isPartOf":{"@id":"https:\/\/whatthefrance.org\/es\/astral-bakers-album-debut-y-una-playlist-exclusiva\/"},"author":{"name":"ultrapop-gustavo","@id":"https:\/\/whatthefrance.org\/es\/#\/schema\/person\/ec6689bd96bf81ba9dcf2264cb54c946"},"headline":"Astral Bakers | \u00c1lbum debut y una playlist exclusiva","datePublished":"2024-03-12T16:07:44+00:00","mainEntityOfPage":{"@id":"https:\/\/whatthefrance.org\/es\/astral-bakers-album-debut-y-una-playlist-exclusiva\/"},"wordCount":247,"publisher":{"@id":"https:\/\/whatthefrance.org\/es\/#organization"},"keywords":["Alternative"],"articleSection":["Curator"],"inLanguage":"es"},{"@type":"WebPage","@id":"https:\/\/whatthefrance.org\/es\/astral-bakers-album-debut-y-una-playlist-exclusiva\/","url":"https:\/\/whatthefrance.org\/es\/astral-bakers-album-debut-y-una-playlist-exclusiva\/","name":"Astral Bakers | \u00c1lbum debut y una playlist exclusiva - What the France","isPartOf":{"@id":"https:\/\/whatthefrance.org\/es\/#website"},"datePublished":"2024-03-12T16:07:44+00:00","breadcrumb":{"@id":"https:\/\/whatthefrance.org\/es\/astral-bakers-album-debut-y-una-playlist-exclusiva\/#breadcrumb"},"inLanguage":"es","potentialAction":[{"@type":"ReadAction","target":["https:\/\/whatthefrance.org\/es\/astral-bakers-album-debut-y-una-playlist-exclusiva\/"]}]},{"@type":"BreadcrumbList","@id":"https:\/\/whatthefrance.org\/es\/astral-bakers-album-debut-y-una-playlist-exclusiva\/#breadcrumb","itemListElement":[{"@type":"ListItem","position":1,"name":"Home","item":"https:\/\/whatthefrance.org\/es\/"},{"@type":"ListItem","position":2,"name":"Astral Bakers | \u00c1lbum debut y una playlist exclusiva"}]},{"@type":"WebSite","@id":"https:\/\/whatthefrance.org\/es\/#website","url":"https:\/\/whatthefrance.org\/es\/","name":"What the France","description":"The finest music made in France !","publisher":{"@id":"https:\/\/whatthefrance.org\/es\/#organization"},"potentialAction":[{"@type":"SearchAction","target":{"@type":"EntryPoint","urlTemplate":"https:\/\/whatthefrance.org\/es\/?s={search_term_string}"},"query-input":{"@type":"PropertyValueSpecification","valueRequired":true,"valueName":"search_term_string"}}],"inLanguage":"es"},{"@type":"Organization","@id":"https:\/\/whatthefrance.org\/es\/#organization","name":"What The France","url":"https:\/\/whatthefrance.org\/es\/","logo":{"@type":"ImageObject","inLanguage":"es","@id":"https:\/\/whatthefrance.org\/es\/#\/schema\/logo\/image\/","url":"https:\/\/whatthefrance.org\/wp-content\/uploads\/2019\/12\/44688719_2251580388408837_694180218134331392_n-e1577679609190.png","contentUrl":"https:\/\/whatthefrance.org\/wp-content\/uploads\/2019\/12\/44688719_2251580388408837_694180218134331392_n-e1577679609190.png","width":200,"height":200,"caption":"What The France"},"image":{"@id":"https:\/\/whatthefrance.org\/es\/#\/schema\/logo\/image\/"}},{"@type":"Person","@id":"https:\/\/whatthefrance.org\/es\/#\/schema\/person\/ec6689bd96bf81ba9dcf2264cb54c946","name":"ultrapop-gustavo","image":{"@type":"ImageObject","inLanguage":"es","@id":"https:\/\/secure.gravatar.com\/avatar\/9f35e3e5944405caa221d3f9ae6c981bac53ada24e0340936c6d6364326ab920?s=96&d=mm&r=g","url":"https:\/\/secure.gravatar.com\/avatar\/9f35e3e5944405caa221d3f9ae6c981bac53ada24e0340936c6d6364326ab920?s=96&d=mm&r=g","contentUrl":"https:\/\/secure.gravatar.com\/avatar\/9f35e3e5944405caa221d3f9ae6c981bac53ada24e0340936c6d6364326ab920?s=96&d=mm&r=g","caption":"ultrapop-gustavo"}}]}},"_links":{"self":[{"href":"https:\/\/whatthefrance.org\/es\/wp-json\/wp\/v2\/posts\/66830","targetHints":{"allow":["GET"]}}],"collection":[{"href":"https:\/\/whatthefrance.org\/es\/wp-json\/wp\/v2\/posts"}],"about":[{"href":"https:\/\/whatthefrance.org\/es\/wp-json\/wp\/v2\/types\/post"}],"author":[{"embeddable":true,"href":"https:\/\/whatthefrance.org\/es\/wp-json\/wp\/v2\/users\/35"}],"replies":[{"embeddable":true,"href":"https:\/\/whatthefrance.org\/es\/wp-json\/wp\/v2\/comments?post=66830"}],"version-history":[{"count":3,"href":"https:\/\/whatthefrance.org\/es\/wp-json\/wp\/v2\/posts\/66830\/revisions"}],"predecessor-version":[{"id":66833,"href":"https:\/\/whatthefrance.org\/es\/wp-json\/wp\/v2\/posts\/66830\/revisions\/66833"}],"wp:attachment":[{"href":"https:\/\/whatthefrance.org\/es\/wp-json\/wp\/v2\/media?parent=66830"}],"wp:term":[{"taxonomy":"category","embeddable":true,"href":"https:\/\/whatthefrance.org\/es\/wp-json\/wp\/v2\/categories?post=66830"},{"taxonomy":"post_tag","embeddable":true,"href":"https:\/\/whatthefrance.org\/es\/wp-json\/wp\/v2\/tags?post=66830"}],"curies":[{"name":"wp","href":"https:\/\/api.w.org\/{rel}","templated":true}]}}