{"id":68741,"date":"2024-04-16T10:40:23","date_gmt":"2024-04-16T08:40:23","guid":{"rendered":"https:\/\/whatthefrance.org\/slimane-le-candidat-francais-a-leurovision-2024-devoile-sa-playlist-exclusive-pour-what-the-france\/"},"modified":"2024-05-02T10:57:35","modified_gmt":"2024-05-02T08:57:35","slug":"slimane-le-candidat-francais-a-leurovision-2024-devoile-sa-playlist-exclusive-pour-what-the-france","status":"publish","type":"post","link":"https:\/\/whatthefrance.org\/es\/slimane-le-candidat-francais-a-leurovision-2024-devoile-sa-playlist-exclusive-pour-what-the-france\/","title":{"rendered":"Slimane | Le candidat fran\u00e7ais \u00e0 l\u2019Eurovision 2024 d\u00e9voile sa playlist exclusive pour What the France"},"content":{"rendered":"<p>La septuag\u00e9sima octava edici\u00f3n del Concurso Eurovisi\u00f3n de la Canci\u00f3n 2024 se llevar\u00e1 a cabo en la Malm\u00f6 Arena de Malm\u00f6 (Suecia), con las dos semifinales programadas para los d\u00edas 7 y 9 de mayo, y la final que tendr\u00e1 lugar el pr\u00f3ximo 11 de mayo. En esta ocasi\u00f3n, Francia estar\u00e1 representada por el artista Slimane con su canci\u00f3n \u00abMon amour\u00bb.<\/p>\n<p>Slimane Nebchi, conocido como Slimane, es un cantautor e int\u00e9rprete franc\u00e9s, nacido el 13 de octubre de 1989 en Chelles (Seine-et-Marne). En 2016, alcanz\u00f3 la fama al ganar la quinta temporada del concurso \u00abThe Voice: La plus belle voix\u00bb, antes de lanzar su primer \u00e1lbum, \u00ab\u00c0 bout de r\u00eaves\u00bb, ese mismo a\u00f1o, el cual fue certificado Doble Disco de Platino y lleg\u00f3 al n\u00famero uno de ventas en Francia, B\u00e9lgica y Suiza romanda. En 2018, public\u00f3 su segundo \u00e1lbum, titulado \u00abSolune\u00bb, que tambi\u00e9n alcanz\u00f3 el n\u00famero uno en ventas en Francia.<\/p>\n<p>Despu\u00e9s del \u00e9xito de la canci\u00f3n \u00abJe te le donne\u00bb en colaboraci\u00f3n con Vitaa, ambos artistas decidieron componer un \u00e1lbum en d\u00fao titulado \u00abVersuS\u00bb, lanzado en 2019 y desde entonces ha sido certificado Doble Disco de Diamante. Al a\u00f1o siguiente, ganaron un premio Victoire de la Musique en la categor\u00eda \u00abMejor canci\u00f3n original\u00bb por \u00ab\u00c7a va \u00e7a vient\u00bb. Luego, el d\u00fao lanz\u00f3 los \u00e1lbumes \u00abVersuS: Chapitre II\u00bb (2020) y \u00abVersuS: L&#8217;ultime chapitre\u00bb (2021). Un a\u00f1o m\u00e1s tarde, Slimane regres\u00f3 en solitario con el \u00e1lbum \u00abChroniques d&#8217;un cupidon\u00bb, en el que cont\u00f3 con la colaboraci\u00f3n de La Zarra, Manal, Soprano, Lyna Mahyem y Claudio Cap\u00e9o, entre otros.<\/p>\n<p>El 8 de noviembre de 2023, France T\u00e9l\u00e9visions seleccion\u00f3 al artista para representar a Francia en el Concurso Eurovisi\u00f3n 2024 con su canci\u00f3n \u00abMon amour\u00bb, compuesta por Slimane, Me\u00efr Salah y Yaacov Salah.<\/p>\n<p>Para hacer m\u00e1s llevadera la espera hasta la final de Eurovisi\u00f3n, Slimane ha preparado una lista de reproducci\u00f3n exclusiva para What the France, que incluye algunas de sus propias canciones, as\u00ed como una selecci\u00f3n de sus favoritos \u00abmade in France\u00bb. Podr\u00e1s escuchar canciones interpretadas por Jacques Brel, Sola, Anabel, Vitaa, Charles, Francis Cabrel, Gilbert Montagn\u00e9, Christophe Willem, Lara Fabian, Philippine Lavrey, Claudio Cap\u00e9o, Dadju &amp; Tayc o Amel Bent.<\/p>\n<div class=\"playListBloc singleBloc\"><div class=\"playListBloc-wrap\">    <div class=\"thumbnail\"><img data-src=\"https:\/\/whatthefrance.org\/wp-content\/uploads\/2024\/04\/pochette_a_made_in_france_selection_by_slimane-254x254.png\" class=\"lazyload\" alt=\"pochette_a_made_in_france_selection_by_slimane\" \/>    <\/div>    <div class=\"infos\">        <span class=\"tag\">Curators<\/span>        <h2>Privado: A made in France selection by Slimane<\/h2>        <span class=\"separator\"><\/span>       <span class=\"desc\">Listen to a selection of tracks made in france, curated by Slimane<\/span><div class=\"share flex flexAlignCenter \">\t<span class=\"label\">Compartir<\/span>\t<a href=\"https:\/\/www.facebook.com\/sharer\/sharer.php?u=https:\/\/whatthefrance.org\/?post_type=wtf-playlists&p=67954\" class=\"facebook\" target=\"_blank\" rel=\"noreferrer\">Facebook<\/a>\t<a href=\"https:\/\/twitter.com\/intent\/tweet?url=https:\/\/whatthefrance.org\/?post_type=wtf-playlists&p=67954&text=A+made+in+France+selection+by+Slimane&hashtags=WTF\" class=\"twitter\" target=\"_blank\" rel=\"noreferrer\">Twitter<\/a>\t<a href=\"mailto:?subject=What%20the%20France%20%3A%20A%20made%20in%20France%20selection%20by%20Slimane&body=https:\/\/whatthefrance.org\/?post_type=wtf-playlists&p=67954\" class=\"mail\" target=\"_blank\" rel=\"noreferrer\">Email<\/a><\/div>        <a href=\"#\" class=\"btn btnPlaylist orange playlist-click\" data-id=\"67954\">            <svg version=\"1.1\" x=\"0px\" y=\"0px\" width=\"40px\" height=\"40px\" viewBox=\"0 0 213.7 213.7\" enable-background=\"new 0 0 213.7 213.7\" xml:space=\"preserve\">                <polygon class=\"triangle\" fill=\"none\" stroke-width=\"10\" stroke-linecap=\"round\" stroke-linejoin=\"round\" stroke-miterlimit=\"10\" points=\"\n            73.5,62.5 148.5,105.8 73.5,149.1 \"\/>                <circle class=\"circle\" fill=\"none\"  stroke-width=\"8\" stroke-linecap=\"round\" stroke-linejoin=\"round\" stroke-miterlimit=\"10\" cx=\"106.8\" cy=\"106.8\" r=\"103.3\"\/>                <circle class=\"circle-white\" fill=\"none\"  stroke-width=\"8\" stroke-linecap=\"round\" stroke-linejoin=\"round\" stroke-miterlimit=\"10\" cx=\"106.8\" cy=\"106.8\" r=\"103.3\"\/>            <\/svg>Escuchar        <\/a>    <\/div>  <\/div><\/div>\n","protected":false},"excerpt":{"rendered":"<p>La septuag\u00e9sima octava edici\u00f3n del Concurso Eurovisi\u00f3n de la Canci\u00f3n 2024 se llevar\u00e1 a cabo en la Malm\u00f6 Arena de Malm\u00f6 (Suecia), con las dos semifinales programadas para los d\u00edas 7 y 9 de mayo, y la final que tendr\u00e1 lugar el pr\u00f3ximo 11 de mayo. En esta ocasi\u00f3n, Francia estar\u00e1 representada por el artista [&hellip;]<\/p>\n","protected":false},"author":52,"featured_media":0,"comment_status":"closed","ping_status":"closed","sticky":false,"template":"","format":"standard","meta":{"_acf_changed":false,"footnotes":""},"categories":[1963],"tags":[1928,1955],"class_list":["post-68741","post","type-post","status-publish","format-standard","hentry","category-award-es","tag-chanson-es","tag-variety-es"],"acf":[],"yoast_head":"<!-- This site is optimized with the Yoast SEO plugin v27.3 - https:\/\/yoast.com\/product\/yoast-seo-wordpress\/ -->\n<title>Slimane | Le candidat fran\u00e7ais \u00e0 l\u2019Eurovision 2024 d\u00e9voile sa playlist exclusive pour What the France - What the France<\/title>\n<meta name=\"robots\" content=\"index, follow, max-snippet:-1, max-image-preview:large, max-video-preview:-1\" \/>\n<link rel=\"canonical\" href=\"https:\/\/whatthefrance.org\/es\/slimane-le-candidat-francais-a-leurovision-2024-devoile-sa-playlist-exclusive-pour-what-the-france\/\" \/>\n<meta property=\"og:locale\" content=\"es_ES\" \/>\n<meta property=\"og:type\" content=\"article\" \/>\n<meta property=\"og:title\" content=\"Slimane | Le candidat fran\u00e7ais \u00e0 l\u2019Eurovision 2024 d\u00e9voile sa playlist exclusive pour What the France - What the France\" \/>\n<meta property=\"og:description\" content=\"La septuag\u00e9sima octava edici\u00f3n del Concurso Eurovisi\u00f3n de la Canci\u00f3n 2024 se llevar\u00e1 a cabo en la Malm\u00f6 Arena de Malm\u00f6 (Suecia), con las dos semifinales programadas para los d\u00edas 7 y 9 de mayo, y la final que tendr\u00e1 lugar el pr\u00f3ximo 11 de mayo. En esta ocasi\u00f3n, Francia estar\u00e1 representada por el artista [&hellip;]\" \/>\n<meta property=\"og:url\" content=\"https:\/\/whatthefrance.org\/es\/slimane-le-candidat-francais-a-leurovision-2024-devoile-sa-playlist-exclusive-pour-what-the-france\/\" \/>\n<meta property=\"og:site_name\" content=\"What the France\" \/>\n<meta property=\"article:published_time\" content=\"2024-04-16T08:40:23+00:00\" \/>\n<meta property=\"article:modified_time\" content=\"2024-05-02T08:57:35+00:00\" \/>\n<meta property=\"og:image\" content=\"https:\/\/whatthefrance.org\/wp-content\/uploads\/2024\/04\/slimane_wordpress_cover.jpg\" \/>\n\t<meta property=\"og:image:width\" content=\"1084\" \/>\n\t<meta property=\"og:image:height\" content=\"452\" \/>\n<meta name=\"author\" content=\"Aurelien Castello\" \/>\n<meta name=\"twitter:card\" content=\"summary_large_image\" \/>\n<meta name=\"twitter:label1\" content=\"Escrito por\" \/>\n\t<meta name=\"twitter:data1\" content=\"Aurelien Castello\" \/>\n\t<meta name=\"twitter:label2\" content=\"Tiempo de lectura\" \/>\n\t<meta name=\"twitter:data2\" content=\"2 minutos\" \/>\n<script type=\"application\/ld+json\" class=\"yoast-schema-graph\">{\"@context\":\"https:\\\/\\\/schema.org\",\"@graph\":[{\"@type\":\"Article\",\"@id\":\"https:\\\/\\\/whatthefrance.org\\\/es\\\/slimane-le-candidat-francais-a-leurovision-2024-devoile-sa-playlist-exclusive-pour-what-the-france\\\/#article\",\"isPartOf\":{\"@id\":\"https:\\\/\\\/whatthefrance.org\\\/es\\\/slimane-le-candidat-francais-a-leurovision-2024-devoile-sa-playlist-exclusive-pour-what-the-france\\\/\"},\"author\":{\"name\":\"Aurelien Castello\",\"@id\":\"https:\\\/\\\/whatthefrance.org\\\/es\\\/#\\\/schema\\\/person\\\/409f1eee0a2c94ed5ec0aa697e689d11\"},\"headline\":\"Slimane | Le candidat fran\u00e7ais \u00e0 l\u2019Eurovision 2024 d\u00e9voile sa playlist exclusive pour What the France\",\"datePublished\":\"2024-04-16T08:40:23+00:00\",\"dateModified\":\"2024-05-02T08:57:35+00:00\",\"mainEntityOfPage\":{\"@id\":\"https:\\\/\\\/whatthefrance.org\\\/es\\\/slimane-le-candidat-francais-a-leurovision-2024-devoile-sa-playlist-exclusive-pour-what-the-france\\\/\"},\"wordCount\":404,\"publisher\":{\"@id\":\"https:\\\/\\\/whatthefrance.org\\\/es\\\/#organization\"},\"keywords\":[\"Chanson\",\"Variety\"],\"articleSection\":[\"Award\"],\"inLanguage\":\"es\"},{\"@type\":\"WebPage\",\"@id\":\"https:\\\/\\\/whatthefrance.org\\\/es\\\/slimane-le-candidat-francais-a-leurovision-2024-devoile-sa-playlist-exclusive-pour-what-the-france\\\/\",\"url\":\"https:\\\/\\\/whatthefrance.org\\\/es\\\/slimane-le-candidat-francais-a-leurovision-2024-devoile-sa-playlist-exclusive-pour-what-the-france\\\/\",\"name\":\"Slimane | Le candidat fran\u00e7ais \u00e0 l\u2019Eurovision 2024 d\u00e9voile sa playlist exclusive pour What the France - What the France\",\"isPartOf\":{\"@id\":\"https:\\\/\\\/whatthefrance.org\\\/es\\\/#website\"},\"datePublished\":\"2024-04-16T08:40:23+00:00\",\"dateModified\":\"2024-05-02T08:57:35+00:00\",\"breadcrumb\":{\"@id\":\"https:\\\/\\\/whatthefrance.org\\\/es\\\/slimane-le-candidat-francais-a-leurovision-2024-devoile-sa-playlist-exclusive-pour-what-the-france\\\/#breadcrumb\"},\"inLanguage\":\"es\",\"potentialAction\":[{\"@type\":\"ReadAction\",\"target\":[\"https:\\\/\\\/whatthefrance.org\\\/es\\\/slimane-le-candidat-francais-a-leurovision-2024-devoile-sa-playlist-exclusive-pour-what-the-france\\\/\"]}]},{\"@type\":\"BreadcrumbList\",\"@id\":\"https:\\\/\\\/whatthefrance.org\\\/es\\\/slimane-le-candidat-francais-a-leurovision-2024-devoile-sa-playlist-exclusive-pour-what-the-france\\\/#breadcrumb\",\"itemListElement\":[{\"@type\":\"ListItem\",\"position\":1,\"name\":\"Home\",\"item\":\"https:\\\/\\\/whatthefrance.org\\\/es\\\/\"},{\"@type\":\"ListItem\",\"position\":2,\"name\":\"Slimane | Le candidat fran\u00e7ais \u00e0 l\u2019Eurovision 2024 d\u00e9voile sa playlist exclusive pour What the France\"}]},{\"@type\":\"WebSite\",\"@id\":\"https:\\\/\\\/whatthefrance.org\\\/es\\\/#website\",\"url\":\"https:\\\/\\\/whatthefrance.org\\\/es\\\/\",\"name\":\"What the France\",\"description\":\"The finest music made in France !\",\"publisher\":{\"@id\":\"https:\\\/\\\/whatthefrance.org\\\/es\\\/#organization\"},\"potentialAction\":[{\"@type\":\"SearchAction\",\"target\":{\"@type\":\"EntryPoint\",\"urlTemplate\":\"https:\\\/\\\/whatthefrance.org\\\/es\\\/?s={search_term_string}\"},\"query-input\":{\"@type\":\"PropertyValueSpecification\",\"valueRequired\":true,\"valueName\":\"search_term_string\"}}],\"inLanguage\":\"es\"},{\"@type\":\"Organization\",\"@id\":\"https:\\\/\\\/whatthefrance.org\\\/es\\\/#organization\",\"name\":\"What The France\",\"url\":\"https:\\\/\\\/whatthefrance.org\\\/es\\\/\",\"logo\":{\"@type\":\"ImageObject\",\"inLanguage\":\"es\",\"@id\":\"https:\\\/\\\/whatthefrance.org\\\/es\\\/#\\\/schema\\\/logo\\\/image\\\/\",\"url\":\"https:\\\/\\\/whatthefrance.org\\\/wp-content\\\/uploads\\\/2019\\\/12\\\/44688719_2251580388408837_694180218134331392_n-e1577679609190.png\",\"contentUrl\":\"https:\\\/\\\/whatthefrance.org\\\/wp-content\\\/uploads\\\/2019\\\/12\\\/44688719_2251580388408837_694180218134331392_n-e1577679609190.png\",\"width\":200,\"height\":200,\"caption\":\"What The France\"},\"image\":{\"@id\":\"https:\\\/\\\/whatthefrance.org\\\/es\\\/#\\\/schema\\\/logo\\\/image\\\/\"}},{\"@type\":\"Person\",\"@id\":\"https:\\\/\\\/whatthefrance.org\\\/es\\\/#\\\/schema\\\/person\\\/409f1eee0a2c94ed5ec0aa697e689d11\",\"name\":\"Aurelien Castello\",\"image\":{\"@type\":\"ImageObject\",\"inLanguage\":\"es\",\"@id\":\"https:\\\/\\\/secure.gravatar.com\\\/avatar\\\/a64e3c49e149502bc3920135147e21be7d3ce93fcb38ac6ca03da1ecdb178e19?s=96&d=mm&r=g\",\"url\":\"https:\\\/\\\/secure.gravatar.com\\\/avatar\\\/a64e3c49e149502bc3920135147e21be7d3ce93fcb38ac6ca03da1ecdb178e19?s=96&d=mm&r=g\",\"contentUrl\":\"https:\\\/\\\/secure.gravatar.com\\\/avatar\\\/a64e3c49e149502bc3920135147e21be7d3ce93fcb38ac6ca03da1ecdb178e19?s=96&d=mm&r=g\",\"caption\":\"Aurelien Castello\"}}]}<\/script>\n<!-- \/ Yoast SEO plugin. -->","yoast_head_json":{"title":"Slimane | Le candidat fran\u00e7ais \u00e0 l\u2019Eurovision 2024 d\u00e9voile sa playlist exclusive pour What the France - What the France","robots":{"index":"index","follow":"follow","max-snippet":"max-snippet:-1","max-image-preview":"max-image-preview:large","max-video-preview":"max-video-preview:-1"},"canonical":"https:\/\/whatthefrance.org\/es\/slimane-le-candidat-francais-a-leurovision-2024-devoile-sa-playlist-exclusive-pour-what-the-france\/","og_locale":"es_ES","og_type":"article","og_title":"Slimane | Le candidat fran\u00e7ais \u00e0 l\u2019Eurovision 2024 d\u00e9voile sa playlist exclusive pour What the France - What the France","og_description":"La septuag\u00e9sima octava edici\u00f3n del Concurso Eurovisi\u00f3n de la Canci\u00f3n 2024 se llevar\u00e1 a cabo en la Malm\u00f6 Arena de Malm\u00f6 (Suecia), con las dos semifinales programadas para los d\u00edas 7 y 9 de mayo, y la final que tendr\u00e1 lugar el pr\u00f3ximo 11 de mayo. En esta ocasi\u00f3n, Francia estar\u00e1 representada por el artista [&hellip;]","og_url":"https:\/\/whatthefrance.org\/es\/slimane-le-candidat-francais-a-leurovision-2024-devoile-sa-playlist-exclusive-pour-what-the-france\/","og_site_name":"What the France","article_published_time":"2024-04-16T08:40:23+00:00","article_modified_time":"2024-05-02T08:57:35+00:00","og_image":[{"url":"https:\/\/whatthefrance.org\/wp-content\/uploads\/2024\/04\/slimane_wordpress_cover.jpg","height":452,"width":1084,"type":""}],"author":"Aurelien Castello","twitter_card":"summary_large_image","twitter_misc":{"Escrito por":"Aurelien Castello","Tiempo de lectura":"2 minutos"},"schema":{"@context":"https:\/\/schema.org","@graph":[{"@type":"Article","@id":"https:\/\/whatthefrance.org\/es\/slimane-le-candidat-francais-a-leurovision-2024-devoile-sa-playlist-exclusive-pour-what-the-france\/#article","isPartOf":{"@id":"https:\/\/whatthefrance.org\/es\/slimane-le-candidat-francais-a-leurovision-2024-devoile-sa-playlist-exclusive-pour-what-the-france\/"},"author":{"name":"Aurelien Castello","@id":"https:\/\/whatthefrance.org\/es\/#\/schema\/person\/409f1eee0a2c94ed5ec0aa697e689d11"},"headline":"Slimane | Le candidat fran\u00e7ais \u00e0 l\u2019Eurovision 2024 d\u00e9voile sa playlist exclusive pour What the France","datePublished":"2024-04-16T08:40:23+00:00","dateModified":"2024-05-02T08:57:35+00:00","mainEntityOfPage":{"@id":"https:\/\/whatthefrance.org\/es\/slimane-le-candidat-francais-a-leurovision-2024-devoile-sa-playlist-exclusive-pour-what-the-france\/"},"wordCount":404,"publisher":{"@id":"https:\/\/whatthefrance.org\/es\/#organization"},"keywords":["Chanson","Variety"],"articleSection":["Award"],"inLanguage":"es"},{"@type":"WebPage","@id":"https:\/\/whatthefrance.org\/es\/slimane-le-candidat-francais-a-leurovision-2024-devoile-sa-playlist-exclusive-pour-what-the-france\/","url":"https:\/\/whatthefrance.org\/es\/slimane-le-candidat-francais-a-leurovision-2024-devoile-sa-playlist-exclusive-pour-what-the-france\/","name":"Slimane | Le candidat fran\u00e7ais \u00e0 l\u2019Eurovision 2024 d\u00e9voile sa playlist exclusive pour What the France - What the France","isPartOf":{"@id":"https:\/\/whatthefrance.org\/es\/#website"},"datePublished":"2024-04-16T08:40:23+00:00","dateModified":"2024-05-02T08:57:35+00:00","breadcrumb":{"@id":"https:\/\/whatthefrance.org\/es\/slimane-le-candidat-francais-a-leurovision-2024-devoile-sa-playlist-exclusive-pour-what-the-france\/#breadcrumb"},"inLanguage":"es","potentialAction":[{"@type":"ReadAction","target":["https:\/\/whatthefrance.org\/es\/slimane-le-candidat-francais-a-leurovision-2024-devoile-sa-playlist-exclusive-pour-what-the-france\/"]}]},{"@type":"BreadcrumbList","@id":"https:\/\/whatthefrance.org\/es\/slimane-le-candidat-francais-a-leurovision-2024-devoile-sa-playlist-exclusive-pour-what-the-france\/#breadcrumb","itemListElement":[{"@type":"ListItem","position":1,"name":"Home","item":"https:\/\/whatthefrance.org\/es\/"},{"@type":"ListItem","position":2,"name":"Slimane | Le candidat fran\u00e7ais \u00e0 l\u2019Eurovision 2024 d\u00e9voile sa playlist exclusive pour What the France"}]},{"@type":"WebSite","@id":"https:\/\/whatthefrance.org\/es\/#website","url":"https:\/\/whatthefrance.org\/es\/","name":"What the France","description":"The finest music made in France !","publisher":{"@id":"https:\/\/whatthefrance.org\/es\/#organization"},"potentialAction":[{"@type":"SearchAction","target":{"@type":"EntryPoint","urlTemplate":"https:\/\/whatthefrance.org\/es\/?s={search_term_string}"},"query-input":{"@type":"PropertyValueSpecification","valueRequired":true,"valueName":"search_term_string"}}],"inLanguage":"es"},{"@type":"Organization","@id":"https:\/\/whatthefrance.org\/es\/#organization","name":"What The France","url":"https:\/\/whatthefrance.org\/es\/","logo":{"@type":"ImageObject","inLanguage":"es","@id":"https:\/\/whatthefrance.org\/es\/#\/schema\/logo\/image\/","url":"https:\/\/whatthefrance.org\/wp-content\/uploads\/2019\/12\/44688719_2251580388408837_694180218134331392_n-e1577679609190.png","contentUrl":"https:\/\/whatthefrance.org\/wp-content\/uploads\/2019\/12\/44688719_2251580388408837_694180218134331392_n-e1577679609190.png","width":200,"height":200,"caption":"What The France"},"image":{"@id":"https:\/\/whatthefrance.org\/es\/#\/schema\/logo\/image\/"}},{"@type":"Person","@id":"https:\/\/whatthefrance.org\/es\/#\/schema\/person\/409f1eee0a2c94ed5ec0aa697e689d11","name":"Aurelien Castello","image":{"@type":"ImageObject","inLanguage":"es","@id":"https:\/\/secure.gravatar.com\/avatar\/a64e3c49e149502bc3920135147e21be7d3ce93fcb38ac6ca03da1ecdb178e19?s=96&d=mm&r=g","url":"https:\/\/secure.gravatar.com\/avatar\/a64e3c49e149502bc3920135147e21be7d3ce93fcb38ac6ca03da1ecdb178e19?s=96&d=mm&r=g","contentUrl":"https:\/\/secure.gravatar.com\/avatar\/a64e3c49e149502bc3920135147e21be7d3ce93fcb38ac6ca03da1ecdb178e19?s=96&d=mm&r=g","caption":"Aurelien Castello"}}]}},"_links":{"self":[{"href":"https:\/\/whatthefrance.org\/es\/wp-json\/wp\/v2\/posts\/68741","targetHints":{"allow":["GET"]}}],"collection":[{"href":"https:\/\/whatthefrance.org\/es\/wp-json\/wp\/v2\/posts"}],"about":[{"href":"https:\/\/whatthefrance.org\/es\/wp-json\/wp\/v2\/types\/post"}],"author":[{"embeddable":true,"href":"https:\/\/whatthefrance.org\/es\/wp-json\/wp\/v2\/users\/52"}],"replies":[{"embeddable":true,"href":"https:\/\/whatthefrance.org\/es\/wp-json\/wp\/v2\/comments?post=68741"}],"version-history":[{"count":1,"href":"https:\/\/whatthefrance.org\/es\/wp-json\/wp\/v2\/posts\/68741\/revisions"}],"predecessor-version":[{"id":68742,"href":"https:\/\/whatthefrance.org\/es\/wp-json\/wp\/v2\/posts\/68741\/revisions\/68742"}],"wp:attachment":[{"href":"https:\/\/whatthefrance.org\/es\/wp-json\/wp\/v2\/media?parent=68741"}],"wp:term":[{"taxonomy":"category","embeddable":true,"href":"https:\/\/whatthefrance.org\/es\/wp-json\/wp\/v2\/categories?post=68741"},{"taxonomy":"post_tag","embeddable":true,"href":"https:\/\/whatthefrance.org\/es\/wp-json\/wp\/v2\/tags?post=68741"}],"curies":[{"name":"wp","href":"https:\/\/api.w.org\/{rel}","templated":true}]}}