{"id":73549,"date":"2025-01-14T12:31:05","date_gmt":"2025-01-14T11:31:05","guid":{"rendered":"https:\/\/whatthefrance.org\/nouvelle-vague-un-nouveau-single-et-une-playlist-exclusive\/"},"modified":"2025-01-23T12:42:08","modified_gmt":"2025-01-23T11:42:08","slug":"nouvelle-vague-un-nuevo-sencillo-y-una-playlist-exclusiva","status":"publish","type":"post","link":"https:\/\/whatthefrance.org\/es\/nouvelle-vague-un-nuevo-sencillo-y-una-playlist-exclusiva\/","title":{"rendered":"Nouvelle Vague | \u00a1Un nuevo sencillo y una playlist exclusiva!"},"content":{"rendered":"<p class=\"x_MsoNormal\"><span lang=\"es-419\"><strong><span class=\"markgvzdz2r5s\" data-markjs=\"true\" data-ogac=\"\" data-ogab=\"\" data-ogsc=\"\" data-ogsb=\"\" data-olk-copy-source=\"MessageBody\">Nouvelle<\/span>\u00a0<span class=\"markl9qat786o\" data-markjs=\"true\" data-ogac=\"\" data-ogab=\"\" data-ogsc=\"\" data-ogsb=\"\">Vague<\/span>\u00a0es un grupo franc\u00e9s, originario de Par\u00eds, formado por Marc Collin y Olivier Libaux en 2003. A lo largo de los a\u00f1os, muchos artistas de renombre han pasado por las filas de la formaci\u00f3n, entre ellos Clara Luciani, Camille, Yelle, Julien Dor\u00e9, Olivia Ruiz, Coeur de Pirate, Elodie Fr\u00e9g\u00e9, M\u00e9lanie Pain, Phoebe Killdeer, Marina Celeste, Gerald Toto, Soko, Cocoon, Hugh Coltman, Nadeah, Helena Noguerra, Mareva Galanter o Vanessa Paradis.<\/strong><\/span><\/p>\n<p>El primer \u00e1lbum hom\u00f3nimo del grupo, que sali\u00f3 en 2004, ha vendido desde entonces m\u00e1s de un mill\u00f3n de copias en todo el mundo. Dos a\u00f1os m\u00e1s tarde,\u00a0<span class=\"markgvzdz2r5s\" data-markjs=\"true\" data-ogac=\"\" data-ogab=\"\" data-ogsc=\"\" data-ogsb=\"\">Nouvelle<\/span>\u00a0<span class=\"markl9qat786o\" data-markjs=\"true\" data-ogac=\"\" data-ogab=\"\" data-ogsc=\"\" data-ogsb=\"\">Vague<\/span>\u00a0lanz\u00f3 el opus\u00a0<i>Bande \u00e0 part<\/i>, confirmando el \u00e9xito de su m\u00fasica en la exportaci\u00f3n, ya que estuvo entre los \u00e1lbumes m\u00e1s vendidos en muchos pa\u00edses de Europa, siendo notablemente N\u00b08 en Portugal, N\u00b015 en Alemania o N\u00b079 en el Reino Unido. En 2009, la formaci\u00f3n publico el \u00e1lbum\u00a0<i>3<\/i>, al que le seguir\u00edan los discos\u00a0<i>Version Fran\u00e7aise<\/i>\u00a0(2011),\u00a0<i>Late Night Tales<\/i>\u00a0(2012),\u00a0<i>I Could Be Happy<\/i>\u00a0(2016),\u00a0<i>Rarities\u00a0<\/i>y<i>\u00a0Curiosities<\/i>\u00a0(2019).<\/p>\n<p class=\"x_MsoNormal\"><span lang=\"es-419\">Despu\u00e9s de celebrar su 90 aniversario con el lanzamiento de un nuevo \u00e1lbum, titulado\u00a0<i>Should I Stay Or Should I Go<\/i>, en febrero de 2024,\u00a0<span class=\"markgvzdz2r5s\" data-markjs=\"true\" data-ogac=\"\" data-ogab=\"\" data-ogsc=\"\" data-ogsb=\"\">Nouvelle<\/span>\u00a0<span class=\"markl9qat786o\" data-markjs=\"true\" data-ogac=\"\" data-ogab=\"\" data-ogsc=\"\" data-ogsb=\"\">Vague<\/span>\u00a0lanz\u00f3 recientemente dos nuevos sencillos: \u00abBleu Comme toi\u00bb interpretado por Orlane, que salio este mes de agosto y \u00abEl poder del amor\u00bb cantada por Bobbie, que disponible desde el pasado 13 de noviembre. La formaci\u00f3n esta actualmente de gira mundial con actuaciones en B\u00e9lgica, Portugal, Croacia, M\u00e9xico, Estados Unidos, Canad\u00e1 y Suiza.<\/span><\/p>\n<p class=\"x_MsoNormal\"><span lang=\"es-419\">Antes de irse de viaje,\u00a0<span class=\"markgvzdz2r5s\" data-markjs=\"true\" data-ogac=\"\" data-ogab=\"\" data-ogsc=\"\" data-ogsb=\"\">Nouvelle<\/span>\u00a0<span class=\"markl9qat786o\" data-markjs=\"true\" data-ogac=\"\" data-ogab=\"\" data-ogsc=\"\" data-ogsb=\"\">Vague<\/span>\u00a0se tomo el tiempo de dise\u00f1ar una lista de reproducci\u00f3n exclusiva para What the France que incluye algunos de sus temas \u00abmade in France\u00bb favoritos. El programa incluye canciones de Bon Voyage Organization, Catastrophe, Paradis, Chlo\u00e9, Aquaserge, Alice Lewis, JB Dunckel, Tshegue, Juniore, Paul et Louise, L&#8217;ep\u00e9e, Limousine, Biche, David Shaw and The Beat, Gold Zebra, Gaspard Aug\u00e9, Carte Contact, Sarah Maison, Mansfield.TYA, Plaisir de France, Lucie Antunes, Fred Pallem, S\u00e9verin, Lonny, Marine Qu\u00e9m\u00e9r\u00e9, Julia Jean Baptiste, P\u00e2le Regard, Tentative, Calypso Valois o Sumac Dub.<\/span><\/p>\n<p>&nbsp;<\/p>\n<div class=\"playListBloc singleBloc\"><div class=\"playListBloc-wrap\">    <div class=\"thumbnail\"><img data-src=\"https:\/\/whatthefrance.org\/wp-content\/uploads\/2025\/01\/a_made_in_france_selection_by_nouvelle-vague-254x254.png\" class=\"lazyload\" alt=\"a_made_in_france_selection_by_nouvelle-vague\" \/>    <\/div>    <div class=\"infos\">        <span class=\"tag\">Curators<\/span>        <h2>A made in France selection by Nouvelle Vague<\/h2>        <span class=\"separator\"><\/span>       <span class=\"desc\">Listen to a selection of made in France tracks curated by Nouvelle Vague.<\/span><div class=\"share flex flexAlignCenter \">\t<span class=\"label\">Compartir<\/span>\t<a href=\"https:\/\/www.facebook.com\/sharer\/sharer.php?u=https:\/\/whatthefrance.org\/fr\/playlists\/a-made-in-france-selection-by-maxence-cyrin-2\/\" class=\"facebook\" target=\"_blank\" rel=\"noreferrer\">Facebook<\/a>\t<a href=\"https:\/\/twitter.com\/intent\/tweet?url=https:\/\/whatthefrance.org\/fr\/playlists\/a-made-in-france-selection-by-maxence-cyrin-2\/&text=A+made+in+France+selection+by+Nouvelle+Vague&hashtags=WTF\" class=\"twitter\" target=\"_blank\" rel=\"noreferrer\">Twitter<\/a>\t<a href=\"mailto:?subject=What%20the%20France%20%3A%20A%20made%20in%20France%20selection%20by%20Nouvelle%20Vague&body=https:\/\/whatthefrance.org\/fr\/playlists\/a-made-in-france-selection-by-maxence-cyrin-2\/\" class=\"mail\" target=\"_blank\" rel=\"noreferrer\">Email<\/a><\/div>        <a href=\"#\" class=\"btn btnPlaylist orange playlist-click\" data-id=\"73520\">            <svg version=\"1.1\" x=\"0px\" y=\"0px\" width=\"40px\" height=\"40px\" viewBox=\"0 0 213.7 213.7\" enable-background=\"new 0 0 213.7 213.7\" xml:space=\"preserve\">                <polygon class=\"triangle\" fill=\"none\" stroke-width=\"10\" stroke-linecap=\"round\" stroke-linejoin=\"round\" stroke-miterlimit=\"10\" points=\"\n            73.5,62.5 148.5,105.8 73.5,149.1 \"\/>                <circle class=\"circle\" fill=\"none\"  stroke-width=\"8\" stroke-linecap=\"round\" stroke-linejoin=\"round\" stroke-miterlimit=\"10\" cx=\"106.8\" cy=\"106.8\" r=\"103.3\"\/>                <circle class=\"circle-white\" fill=\"none\"  stroke-width=\"8\" stroke-linecap=\"round\" stroke-linejoin=\"round\" stroke-miterlimit=\"10\" cx=\"106.8\" cy=\"106.8\" r=\"103.3\"\/>            <\/svg>Escuchar        <\/a>    <\/div>  <\/div><\/div>\n","protected":false},"excerpt":{"rendered":"<p>Nouvelle\u00a0Vague\u00a0es un grupo franc\u00e9s, originario de Par\u00eds, formado por Marc Collin y Olivier Libaux en 2003. A lo largo de los a\u00f1os, muchos artistas de renombre han pasado por las filas de la formaci\u00f3n, entre ellos Clara Luciani, Camille, Yelle, Julien Dor\u00e9, Olivia Ruiz, Coeur de Pirate, Elodie Fr\u00e9g\u00e9, M\u00e9lanie Pain, Phoebe Killdeer, Marina Celeste, [&hellip;]<\/p>\n","protected":false},"author":52,"featured_media":0,"comment_status":"closed","ping_status":"closed","sticky":false,"template":"","format":"standard","meta":{"_acf_changed":false,"footnotes":""},"categories":[300,1966],"tags":[1927,1928,1945,7752,1955],"class_list":["post-73549","post","type-post","status-publish","format-standard","hentry","category-playlist-curator-fr","category-playlist-es","tag-bossa-nova-es","tag-chanson-es","tag-pop-es","tag-pop-folk-es","tag-variety-es"],"acf":[],"yoast_head":"<!-- This site is optimized with the Yoast SEO plugin v27.3 - https:\/\/yoast.com\/product\/yoast-seo-wordpress\/ -->\n<title>Nouvelle Vague | \u00a1Un nuevo sencillo y una playlist exclusiva! - What the France<\/title>\n<meta name=\"robots\" content=\"index, follow, max-snippet:-1, max-image-preview:large, max-video-preview:-1\" \/>\n<link rel=\"canonical\" href=\"https:\/\/whatthefrance.org\/es\/nouvelle-vague-un-nuevo-sencillo-y-una-playlist-exclusiva\/\" \/>\n<meta property=\"og:locale\" content=\"es_ES\" \/>\n<meta property=\"og:type\" content=\"article\" \/>\n<meta property=\"og:title\" content=\"Nouvelle Vague | \u00a1Un nuevo sencillo y una playlist exclusiva! - What the France\" \/>\n<meta property=\"og:description\" content=\"Nouvelle\u00a0Vague\u00a0es un grupo franc\u00e9s, originario de Par\u00eds, formado por Marc Collin y Olivier Libaux en 2003. A lo largo de los a\u00f1os, muchos artistas de renombre han pasado por las filas de la formaci\u00f3n, entre ellos Clara Luciani, Camille, Yelle, Julien Dor\u00e9, Olivia Ruiz, Coeur de Pirate, Elodie Fr\u00e9g\u00e9, M\u00e9lanie Pain, Phoebe Killdeer, Marina Celeste, [&hellip;]\" \/>\n<meta property=\"og:url\" content=\"https:\/\/whatthefrance.org\/es\/nouvelle-vague-un-nuevo-sencillo-y-una-playlist-exclusiva\/\" \/>\n<meta property=\"og:site_name\" content=\"What the France\" \/>\n<meta property=\"article:published_time\" content=\"2025-01-14T11:31:05+00:00\" \/>\n<meta property=\"article:modified_time\" content=\"2025-01-23T11:42:08+00:00\" \/>\n<meta property=\"og:image\" content=\"https:\/\/whatthefrance.org\/wp-content\/uploads\/2025\/01\/nouvelle-vague.jpg\" \/>\n\t<meta property=\"og:image:width\" content=\"1084\" \/>\n\t<meta property=\"og:image:height\" content=\"452\" \/>\n<meta name=\"author\" content=\"Aurelien Castello\" \/>\n<meta name=\"twitter:card\" content=\"summary_large_image\" \/>\n<meta name=\"twitter:label1\" content=\"Escrito por\" \/>\n\t<meta name=\"twitter:data1\" content=\"Aurelien Castello\" \/>\n\t<meta name=\"twitter:label2\" content=\"Tiempo de lectura\" \/>\n\t<meta name=\"twitter:data2\" content=\"2 minutos\" \/>\n<script type=\"application\/ld+json\" class=\"yoast-schema-graph\">{\"@context\":\"https:\\\/\\\/schema.org\",\"@graph\":[{\"@type\":\"Article\",\"@id\":\"https:\\\/\\\/whatthefrance.org\\\/es\\\/nouvelle-vague-un-nuevo-sencillo-y-una-playlist-exclusiva\\\/#article\",\"isPartOf\":{\"@id\":\"https:\\\/\\\/whatthefrance.org\\\/es\\\/nouvelle-vague-un-nuevo-sencillo-y-una-playlist-exclusiva\\\/\"},\"author\":{\"name\":\"Aurelien Castello\",\"@id\":\"https:\\\/\\\/whatthefrance.org\\\/es\\\/#\\\/schema\\\/person\\\/409f1eee0a2c94ed5ec0aa697e689d11\"},\"headline\":\"Nouvelle Vague | \u00a1Un nuevo sencillo y una playlist exclusiva!\",\"datePublished\":\"2025-01-14T11:31:05+00:00\",\"dateModified\":\"2025-01-23T11:42:08+00:00\",\"mainEntityOfPage\":{\"@id\":\"https:\\\/\\\/whatthefrance.org\\\/es\\\/nouvelle-vague-un-nuevo-sencillo-y-una-playlist-exclusiva\\\/\"},\"wordCount\":375,\"publisher\":{\"@id\":\"https:\\\/\\\/whatthefrance.org\\\/es\\\/#organization\"},\"keywords\":[\"Bossa Nova\",\"Chanson\",\"Pop\",\"Pop Folk\",\"Variety\"],\"articleSection\":[\"Curator\",\"Playlist\"],\"inLanguage\":\"es\"},{\"@type\":\"WebPage\",\"@id\":\"https:\\\/\\\/whatthefrance.org\\\/es\\\/nouvelle-vague-un-nuevo-sencillo-y-una-playlist-exclusiva\\\/\",\"url\":\"https:\\\/\\\/whatthefrance.org\\\/es\\\/nouvelle-vague-un-nuevo-sencillo-y-una-playlist-exclusiva\\\/\",\"name\":\"Nouvelle Vague | \u00a1Un nuevo sencillo y una playlist exclusiva! - What the France\",\"isPartOf\":{\"@id\":\"https:\\\/\\\/whatthefrance.org\\\/es\\\/#website\"},\"datePublished\":\"2025-01-14T11:31:05+00:00\",\"dateModified\":\"2025-01-23T11:42:08+00:00\",\"breadcrumb\":{\"@id\":\"https:\\\/\\\/whatthefrance.org\\\/es\\\/nouvelle-vague-un-nuevo-sencillo-y-una-playlist-exclusiva\\\/#breadcrumb\"},\"inLanguage\":\"es\",\"potentialAction\":[{\"@type\":\"ReadAction\",\"target\":[\"https:\\\/\\\/whatthefrance.org\\\/es\\\/nouvelle-vague-un-nuevo-sencillo-y-una-playlist-exclusiva\\\/\"]}]},{\"@type\":\"BreadcrumbList\",\"@id\":\"https:\\\/\\\/whatthefrance.org\\\/es\\\/nouvelle-vague-un-nuevo-sencillo-y-una-playlist-exclusiva\\\/#breadcrumb\",\"itemListElement\":[{\"@type\":\"ListItem\",\"position\":1,\"name\":\"Home\",\"item\":\"https:\\\/\\\/whatthefrance.org\\\/es\\\/\"},{\"@type\":\"ListItem\",\"position\":2,\"name\":\"Nouvelle Vague | \u00a1Un nuevo sencillo y una playlist exclusiva!\"}]},{\"@type\":\"WebSite\",\"@id\":\"https:\\\/\\\/whatthefrance.org\\\/es\\\/#website\",\"url\":\"https:\\\/\\\/whatthefrance.org\\\/es\\\/\",\"name\":\"What the France\",\"description\":\"The finest music made in France !\",\"publisher\":{\"@id\":\"https:\\\/\\\/whatthefrance.org\\\/es\\\/#organization\"},\"potentialAction\":[{\"@type\":\"SearchAction\",\"target\":{\"@type\":\"EntryPoint\",\"urlTemplate\":\"https:\\\/\\\/whatthefrance.org\\\/es\\\/?s={search_term_string}\"},\"query-input\":{\"@type\":\"PropertyValueSpecification\",\"valueRequired\":true,\"valueName\":\"search_term_string\"}}],\"inLanguage\":\"es\"},{\"@type\":\"Organization\",\"@id\":\"https:\\\/\\\/whatthefrance.org\\\/es\\\/#organization\",\"name\":\"What The France\",\"url\":\"https:\\\/\\\/whatthefrance.org\\\/es\\\/\",\"logo\":{\"@type\":\"ImageObject\",\"inLanguage\":\"es\",\"@id\":\"https:\\\/\\\/whatthefrance.org\\\/es\\\/#\\\/schema\\\/logo\\\/image\\\/\",\"url\":\"https:\\\/\\\/whatthefrance.org\\\/wp-content\\\/uploads\\\/2019\\\/12\\\/44688719_2251580388408837_694180218134331392_n-e1577679609190.png\",\"contentUrl\":\"https:\\\/\\\/whatthefrance.org\\\/wp-content\\\/uploads\\\/2019\\\/12\\\/44688719_2251580388408837_694180218134331392_n-e1577679609190.png\",\"width\":200,\"height\":200,\"caption\":\"What The France\"},\"image\":{\"@id\":\"https:\\\/\\\/whatthefrance.org\\\/es\\\/#\\\/schema\\\/logo\\\/image\\\/\"}},{\"@type\":\"Person\",\"@id\":\"https:\\\/\\\/whatthefrance.org\\\/es\\\/#\\\/schema\\\/person\\\/409f1eee0a2c94ed5ec0aa697e689d11\",\"name\":\"Aurelien Castello\",\"image\":{\"@type\":\"ImageObject\",\"inLanguage\":\"es\",\"@id\":\"https:\\\/\\\/secure.gravatar.com\\\/avatar\\\/a64e3c49e149502bc3920135147e21be7d3ce93fcb38ac6ca03da1ecdb178e19?s=96&d=mm&r=g\",\"url\":\"https:\\\/\\\/secure.gravatar.com\\\/avatar\\\/a64e3c49e149502bc3920135147e21be7d3ce93fcb38ac6ca03da1ecdb178e19?s=96&d=mm&r=g\",\"contentUrl\":\"https:\\\/\\\/secure.gravatar.com\\\/avatar\\\/a64e3c49e149502bc3920135147e21be7d3ce93fcb38ac6ca03da1ecdb178e19?s=96&d=mm&r=g\",\"caption\":\"Aurelien Castello\"}}]}<\/script>\n<!-- \/ Yoast SEO plugin. -->","yoast_head_json":{"title":"Nouvelle Vague | \u00a1Un nuevo sencillo y una playlist exclusiva! - What the France","robots":{"index":"index","follow":"follow","max-snippet":"max-snippet:-1","max-image-preview":"max-image-preview:large","max-video-preview":"max-video-preview:-1"},"canonical":"https:\/\/whatthefrance.org\/es\/nouvelle-vague-un-nuevo-sencillo-y-una-playlist-exclusiva\/","og_locale":"es_ES","og_type":"article","og_title":"Nouvelle Vague | \u00a1Un nuevo sencillo y una playlist exclusiva! - What the France","og_description":"Nouvelle\u00a0Vague\u00a0es un grupo franc\u00e9s, originario de Par\u00eds, formado por Marc Collin y Olivier Libaux en 2003. A lo largo de los a\u00f1os, muchos artistas de renombre han pasado por las filas de la formaci\u00f3n, entre ellos Clara Luciani, Camille, Yelle, Julien Dor\u00e9, Olivia Ruiz, Coeur de Pirate, Elodie Fr\u00e9g\u00e9, M\u00e9lanie Pain, Phoebe Killdeer, Marina Celeste, [&hellip;]","og_url":"https:\/\/whatthefrance.org\/es\/nouvelle-vague-un-nuevo-sencillo-y-una-playlist-exclusiva\/","og_site_name":"What the France","article_published_time":"2025-01-14T11:31:05+00:00","article_modified_time":"2025-01-23T11:42:08+00:00","og_image":[{"url":"https:\/\/whatthefrance.org\/wp-content\/uploads\/2025\/01\/nouvelle-vague.jpg","height":452,"width":1084,"type":""}],"author":"Aurelien Castello","twitter_card":"summary_large_image","twitter_misc":{"Escrito por":"Aurelien Castello","Tiempo de lectura":"2 minutos"},"schema":{"@context":"https:\/\/schema.org","@graph":[{"@type":"Article","@id":"https:\/\/whatthefrance.org\/es\/nouvelle-vague-un-nuevo-sencillo-y-una-playlist-exclusiva\/#article","isPartOf":{"@id":"https:\/\/whatthefrance.org\/es\/nouvelle-vague-un-nuevo-sencillo-y-una-playlist-exclusiva\/"},"author":{"name":"Aurelien Castello","@id":"https:\/\/whatthefrance.org\/es\/#\/schema\/person\/409f1eee0a2c94ed5ec0aa697e689d11"},"headline":"Nouvelle Vague | \u00a1Un nuevo sencillo y una playlist exclusiva!","datePublished":"2025-01-14T11:31:05+00:00","dateModified":"2025-01-23T11:42:08+00:00","mainEntityOfPage":{"@id":"https:\/\/whatthefrance.org\/es\/nouvelle-vague-un-nuevo-sencillo-y-una-playlist-exclusiva\/"},"wordCount":375,"publisher":{"@id":"https:\/\/whatthefrance.org\/es\/#organization"},"keywords":["Bossa Nova","Chanson","Pop","Pop Folk","Variety"],"articleSection":["Curator","Playlist"],"inLanguage":"es"},{"@type":"WebPage","@id":"https:\/\/whatthefrance.org\/es\/nouvelle-vague-un-nuevo-sencillo-y-una-playlist-exclusiva\/","url":"https:\/\/whatthefrance.org\/es\/nouvelle-vague-un-nuevo-sencillo-y-una-playlist-exclusiva\/","name":"Nouvelle Vague | \u00a1Un nuevo sencillo y una playlist exclusiva! - What the France","isPartOf":{"@id":"https:\/\/whatthefrance.org\/es\/#website"},"datePublished":"2025-01-14T11:31:05+00:00","dateModified":"2025-01-23T11:42:08+00:00","breadcrumb":{"@id":"https:\/\/whatthefrance.org\/es\/nouvelle-vague-un-nuevo-sencillo-y-una-playlist-exclusiva\/#breadcrumb"},"inLanguage":"es","potentialAction":[{"@type":"ReadAction","target":["https:\/\/whatthefrance.org\/es\/nouvelle-vague-un-nuevo-sencillo-y-una-playlist-exclusiva\/"]}]},{"@type":"BreadcrumbList","@id":"https:\/\/whatthefrance.org\/es\/nouvelle-vague-un-nuevo-sencillo-y-una-playlist-exclusiva\/#breadcrumb","itemListElement":[{"@type":"ListItem","position":1,"name":"Home","item":"https:\/\/whatthefrance.org\/es\/"},{"@type":"ListItem","position":2,"name":"Nouvelle Vague | \u00a1Un nuevo sencillo y una playlist exclusiva!"}]},{"@type":"WebSite","@id":"https:\/\/whatthefrance.org\/es\/#website","url":"https:\/\/whatthefrance.org\/es\/","name":"What the France","description":"The finest music made in France !","publisher":{"@id":"https:\/\/whatthefrance.org\/es\/#organization"},"potentialAction":[{"@type":"SearchAction","target":{"@type":"EntryPoint","urlTemplate":"https:\/\/whatthefrance.org\/es\/?s={search_term_string}"},"query-input":{"@type":"PropertyValueSpecification","valueRequired":true,"valueName":"search_term_string"}}],"inLanguage":"es"},{"@type":"Organization","@id":"https:\/\/whatthefrance.org\/es\/#organization","name":"What The France","url":"https:\/\/whatthefrance.org\/es\/","logo":{"@type":"ImageObject","inLanguage":"es","@id":"https:\/\/whatthefrance.org\/es\/#\/schema\/logo\/image\/","url":"https:\/\/whatthefrance.org\/wp-content\/uploads\/2019\/12\/44688719_2251580388408837_694180218134331392_n-e1577679609190.png","contentUrl":"https:\/\/whatthefrance.org\/wp-content\/uploads\/2019\/12\/44688719_2251580388408837_694180218134331392_n-e1577679609190.png","width":200,"height":200,"caption":"What The France"},"image":{"@id":"https:\/\/whatthefrance.org\/es\/#\/schema\/logo\/image\/"}},{"@type":"Person","@id":"https:\/\/whatthefrance.org\/es\/#\/schema\/person\/409f1eee0a2c94ed5ec0aa697e689d11","name":"Aurelien Castello","image":{"@type":"ImageObject","inLanguage":"es","@id":"https:\/\/secure.gravatar.com\/avatar\/a64e3c49e149502bc3920135147e21be7d3ce93fcb38ac6ca03da1ecdb178e19?s=96&d=mm&r=g","url":"https:\/\/secure.gravatar.com\/avatar\/a64e3c49e149502bc3920135147e21be7d3ce93fcb38ac6ca03da1ecdb178e19?s=96&d=mm&r=g","contentUrl":"https:\/\/secure.gravatar.com\/avatar\/a64e3c49e149502bc3920135147e21be7d3ce93fcb38ac6ca03da1ecdb178e19?s=96&d=mm&r=g","caption":"Aurelien Castello"}}]}},"_links":{"self":[{"href":"https:\/\/whatthefrance.org\/es\/wp-json\/wp\/v2\/posts\/73549","targetHints":{"allow":["GET"]}}],"collection":[{"href":"https:\/\/whatthefrance.org\/es\/wp-json\/wp\/v2\/posts"}],"about":[{"href":"https:\/\/whatthefrance.org\/es\/wp-json\/wp\/v2\/types\/post"}],"author":[{"embeddable":true,"href":"https:\/\/whatthefrance.org\/es\/wp-json\/wp\/v2\/users\/52"}],"replies":[{"embeddable":true,"href":"https:\/\/whatthefrance.org\/es\/wp-json\/wp\/v2\/comments?post=73549"}],"version-history":[{"count":2,"href":"https:\/\/whatthefrance.org\/es\/wp-json\/wp\/v2\/posts\/73549\/revisions"}],"predecessor-version":[{"id":73554,"href":"https:\/\/whatthefrance.org\/es\/wp-json\/wp\/v2\/posts\/73549\/revisions\/73554"}],"wp:attachment":[{"href":"https:\/\/whatthefrance.org\/es\/wp-json\/wp\/v2\/media?parent=73549"}],"wp:term":[{"taxonomy":"category","embeddable":true,"href":"https:\/\/whatthefrance.org\/es\/wp-json\/wp\/v2\/categories?post=73549"},{"taxonomy":"post_tag","embeddable":true,"href":"https:\/\/whatthefrance.org\/es\/wp-json\/wp\/v2\/tags?post=73549"}],"curies":[{"name":"wp","href":"https:\/\/api.w.org\/{rel}","templated":true}]}}