{"id":73658,"date":"2025-02-04T11:46:28","date_gmt":"2025-02-04T10:46:28","guid":{"rendered":"https:\/\/whatthefrance.org\/grammy-awards-2025-justice-and-gojira-rewarded\/"},"modified":"2025-02-04T14:46:19","modified_gmt":"2025-02-04T13:46:19","slug":"grammy-awards-2025-jjusticia-y-gojira-premiados","status":"publish","type":"post","link":"https:\/\/whatthefrance.org\/es\/grammy-awards-2025-jjusticia-y-gojira-premiados\/","title":{"rendered":"GRAMMY Awards 2025 | \u00a1Justice y Gojira premiados!"},"content":{"rendered":"<p class=\"x_MsoNormal\">La ceremonia de los Premios GRAMMY se transmitio en vivo este domingo 2 de febrero de 2025 desde la Cypto.com Arena de Los \u00c1ngeles. En esta ocasi\u00f3n, el d\u00fao franc\u00e9s\u00a0<span class=\"mark36vb048zh\" data-markjs=\"true\" data-ogac=\"\" data-ogab=\"\" data-ogsc=\"\" data-ogsb=\"\">Justice<\/span>\u00a0gan\u00f3 el premio GRAMMY al \u201cmejor t\u00edtulo dance\/electr\u00f3nico\u201d por su tema \u201cNeverender\u201d, en el que colaboraron con el artista Tame Impala. Este es su tercer premio, recordemos que\u00a0<span class=\"mark36vb048zh\" data-markjs=\"true\" data-ogac=\"\" data-ogab=\"\" data-ogsc=\"\" data-ogsb=\"\">Justice<\/span>\u00a0ya hab\u00eda ganado un primer premio en 2009 en la categor\u00eda \u00abmejor remix\u00bb por su versi\u00f3n de la canci\u00f3n \u00abElectric Feel\u00bb de MGMT, seguido de un segundo en 2019, en la categor\u00eda \u00abmejor \u00e1lbum dance\/electr\u00f3nico\u201d con\u00a0<i>Woman Worldwide<\/i>.<\/p>\n<p><iframe loading=\"lazy\" title=\"Justice \u2013 Neverender (Starring Tame Impala) (Official Video)\" width=\"500\" height=\"281\" src=\"https:\/\/www.youtube.com\/embed\/E7FU_mqhFGk?feature=oembed\" frameborder=\"0\" allow=\"accelerometer; autoplay; clipboard-write; encrypted-media; gyroscope; picture-in-picture; web-share\" referrerpolicy=\"strict-origin-when-cross-origin\" allowfullscreen><\/iframe><\/p>\n<p class=\"x_MsoNormal\"><span lang=\"EN-US\" data-olk-copy-source=\"MessageBody\">Por su parte, el grupo de metal franc\u00e9s Gojira se llev\u00f3 anoche su primer premio GRAMMY por el t\u00edtulo \u00abMea Culpa (Ah! \u00c7a ira!)\u00bb. Este prestigioso premio reconoce su revolucionaria actuaci\u00f3n con la cantante de \u00f3pera Marina Viotti y el compositor Victor Le Masne en la ceremonia de apertura de los Juegos Ol\u00edmpicos de Par\u00eds el verano pasado. Desde entonces, el t\u00e9ma se lanz\u00f3 como sencillo y hoy en dia ya tiene m\u00e1s de 9,8 millones de reproducciones en Spotify.<\/span><\/p>\n<p><iframe loading=\"lazy\" title=\"Gojira - Mea Culpa (Ah! \u00c7a ira!) [OFFICIAL VIDEO]\" width=\"500\" height=\"281\" src=\"https:\/\/www.youtube.com\/embed\/5hTMYk7orHw?feature=oembed\" frameborder=\"0\" allow=\"accelerometer; autoplay; clipboard-write; encrypted-media; gyroscope; picture-in-picture; web-share\" referrerpolicy=\"strict-origin-when-cross-origin\" allowfullscreen><\/iframe><\/p>\n<p>Encuentra a\u00a0<span class=\"mark36vb048zh\" data-markjs=\"true\" data-ogac=\"\" data-ogab=\"\" data-ogsc=\"\" data-ogsb=\"\">Justice<\/span>\u00a0en la portada de nuestra lista de reproducci\u00f3n \u201cFrench Touch 2.0\u201d y a Gojira en la portada de nuestra lista de reproducci\u00f3n \u201cRock Around The Eiffel\u201d.<\/p>\n<p class=\"x_MsoNormal\"><div class=\"playListBloc singleBloc\"><div class=\"playListBloc-wrap\">    <div class=\"thumbnail\"><img data-src=\"https:\/\/whatthefrance.org\/wp-content\/uploads\/2018\/11\/WTF-Pochettes_rock_8-2-254x254.jpg\" class=\"lazyload\" alt=\"WTF&#8212;Pochettes_rock_8\" \/>    <\/div>    <div class=\"infos\">        <span class=\"tag\">Genres<\/span>        <h2>Rock around the Eiffel<\/h2>        <span class=\"separator\"><\/span>       <span class=\"desc\">Discover the latest rock hits made in France.<\/span><div class=\"share flex flexAlignCenter \">\t<span class=\"label\">Compartir<\/span>\t<a href=\"https:\/\/www.facebook.com\/sharer\/sharer.php?u=https:\/\/whatthefrance.org\/playlists\/rock-around-the-eiffel\/\" class=\"facebook\" target=\"_blank\" rel=\"noreferrer\">Facebook<\/a>\t<a href=\"https:\/\/twitter.com\/intent\/tweet?url=https:\/\/whatthefrance.org\/playlists\/rock-around-the-eiffel\/&text=Rock+around+the+Eiffel&hashtags=WTF\" class=\"twitter\" target=\"_blank\" rel=\"noreferrer\">Twitter<\/a>\t<a href=\"mailto:?subject=What%20the%20France%20%3A%20Rock%20around%20the%20Eiffel&body=https:\/\/whatthefrance.org\/playlists\/rock-around-the-eiffel\/\" class=\"mail\" target=\"_blank\" rel=\"noreferrer\">Email<\/a><\/div>        <a href=\"#\" class=\"btn btnPlaylist orange playlist-click\" data-id=\"901\">            <svg version=\"1.1\" x=\"0px\" y=\"0px\" width=\"40px\" height=\"40px\" viewBox=\"0 0 213.7 213.7\" enable-background=\"new 0 0 213.7 213.7\" xml:space=\"preserve\">                <polygon class=\"triangle\" fill=\"none\" stroke-width=\"10\" stroke-linecap=\"round\" stroke-linejoin=\"round\" stroke-miterlimit=\"10\" points=\"\n            73.5,62.5 148.5,105.8 73.5,149.1 \"\/>                <circle class=\"circle\" fill=\"none\"  stroke-width=\"8\" stroke-linecap=\"round\" stroke-linejoin=\"round\" stroke-miterlimit=\"10\" cx=\"106.8\" cy=\"106.8\" r=\"103.3\"\/>                <circle class=\"circle-white\" fill=\"none\"  stroke-width=\"8\" stroke-linecap=\"round\" stroke-linejoin=\"round\" stroke-miterlimit=\"10\" cx=\"106.8\" cy=\"106.8\" r=\"103.3\"\/>            <\/svg>Escuchar        <\/a>    <\/div>  <\/div><\/div><\/p>\n<p class=\"x_MsoNormal\"><div class=\"playListBloc singleBloc\"><div class=\"playListBloc-wrap\">    <div class=\"thumbnail\"><img data-src=\"https:\/\/whatthefrance.org\/wp-content\/uploads\/2018\/11\/WTF-Pochettes_french_touch_5-254x254.jpg\" class=\"lazyload\" alt=\"WTF&#8212;Pochettes_french_touch_5\" \/>    <\/div>    <div class=\"infos\">        <span class=\"tag\">Genres<\/span>        <h2>French Touch 2.0<\/h2>        <span class=\"separator\"><\/span>       <span class=\"desc\">Get your hands on the latest electronic music hits made in France.<\/span><div class=\"share flex flexAlignCenter \">\t<span class=\"label\">Compartir<\/span>\t<a href=\"https:\/\/www.facebook.com\/sharer\/sharer.php?u=https:\/\/whatthefrance.org\/playlists\/french-touch-2-0\/\" class=\"facebook\" target=\"_blank\" rel=\"noreferrer\">Facebook<\/a>\t<a href=\"https:\/\/twitter.com\/intent\/tweet?url=https:\/\/whatthefrance.org\/playlists\/french-touch-2-0\/&text=French+Touch+2.0&hashtags=WTF\" class=\"twitter\" target=\"_blank\" rel=\"noreferrer\">Twitter<\/a>\t<a href=\"mailto:?subject=What%20the%20France%20%3A%20French%20Touch%202.0&body=https:\/\/whatthefrance.org\/playlists\/french-touch-2-0\/\" class=\"mail\" target=\"_blank\" rel=\"noreferrer\">Email<\/a><\/div>        <a href=\"#\" class=\"btn btnPlaylist orange playlist-click\" data-id=\"914\">            <svg version=\"1.1\" x=\"0px\" y=\"0px\" width=\"40px\" height=\"40px\" viewBox=\"0 0 213.7 213.7\" enable-background=\"new 0 0 213.7 213.7\" xml:space=\"preserve\">                <polygon class=\"triangle\" fill=\"none\" stroke-width=\"10\" stroke-linecap=\"round\" stroke-linejoin=\"round\" stroke-miterlimit=\"10\" points=\"\n            73.5,62.5 148.5,105.8 73.5,149.1 \"\/>                <circle class=\"circle\" fill=\"none\"  stroke-width=\"8\" stroke-linecap=\"round\" stroke-linejoin=\"round\" stroke-miterlimit=\"10\" cx=\"106.8\" cy=\"106.8\" r=\"103.3\"\/>                <circle class=\"circle-white\" fill=\"none\"  stroke-width=\"8\" stroke-linecap=\"round\" stroke-linejoin=\"round\" stroke-miterlimit=\"10\" cx=\"106.8\" cy=\"106.8\" r=\"103.3\"\/>            <\/svg>Escuchar        <\/a>    <\/div>  <\/div><\/div><\/p>\n","protected":false},"excerpt":{"rendered":"<p>La ceremonia de los Premios GRAMMY se transmitio en vivo este domingo 2 de febrero de 2025 desde la Cypto.com Arena de Los \u00c1ngeles. En esta ocasi\u00f3n, el d\u00fao franc\u00e9s\u00a0Justice\u00a0gan\u00f3 el premio GRAMMY al \u201cmejor t\u00edtulo dance\/electr\u00f3nico\u201d por su tema \u201cNeverender\u201d, en el que colaboraron con el artista Tame Impala. Este es su tercer premio, [&hellip;]<\/p>\n","protected":false},"author":52,"featured_media":0,"comment_status":"closed","ping_status":"closed","sticky":false,"template":"","format":"standard","meta":{"_acf_changed":false,"footnotes":""},"categories":[1963],"tags":[],"class_list":["post-73658","post","type-post","status-publish","format-standard","hentry","category-award-es"],"acf":[],"yoast_head":"<!-- This site is optimized with the Yoast SEO plugin v27.3 - https:\/\/yoast.com\/product\/yoast-seo-wordpress\/ -->\n<title>GRAMMY Awards 2025 | \u00a1Justice y Gojira premiados! - What the France<\/title>\n<meta name=\"robots\" content=\"index, follow, max-snippet:-1, max-image-preview:large, max-video-preview:-1\" \/>\n<link rel=\"canonical\" href=\"https:\/\/whatthefrance.org\/es\/grammy-awards-2025-jjusticia-y-gojira-premiados\/\" \/>\n<meta property=\"og:locale\" content=\"es_ES\" \/>\n<meta property=\"og:type\" content=\"article\" \/>\n<meta property=\"og:title\" content=\"GRAMMY Awards 2025 | \u00a1Justice y Gojira premiados! - What the France\" \/>\n<meta property=\"og:description\" content=\"La ceremonia de los Premios GRAMMY se transmitio en vivo este domingo 2 de febrero de 2025 desde la Cypto.com Arena de Los \u00c1ngeles. En esta ocasi\u00f3n, el d\u00fao franc\u00e9s\u00a0Justice\u00a0gan\u00f3 el premio GRAMMY al \u201cmejor t\u00edtulo dance\/electr\u00f3nico\u201d por su tema \u201cNeverender\u201d, en el que colaboraron con el artista Tame Impala. Este es su tercer premio, [&hellip;]\" \/>\n<meta property=\"og:url\" content=\"https:\/\/whatthefrance.org\/es\/grammy-awards-2025-jjusticia-y-gojira-premiados\/\" \/>\n<meta property=\"og:site_name\" content=\"What the France\" \/>\n<meta property=\"article:published_time\" content=\"2025-02-04T10:46:28+00:00\" \/>\n<meta property=\"article:modified_time\" content=\"2025-02-04T13:46:19+00:00\" \/>\n<meta property=\"og:image\" content=\"https:\/\/whatthefrance.org\/wp-content\/uploads\/2025\/02\/Grammy-awards-v2.jpg\" \/>\n\t<meta property=\"og:image:width\" content=\"1084\" \/>\n\t<meta property=\"og:image:height\" content=\"452\" \/>\n<meta name=\"author\" content=\"Aurelien Castello\" \/>\n<meta name=\"twitter:card\" content=\"summary_large_image\" \/>\n<meta name=\"twitter:label1\" content=\"Escrito por\" \/>\n\t<meta name=\"twitter:data1\" content=\"Aurelien Castello\" \/>\n\t<meta name=\"twitter:label2\" content=\"Tiempo de lectura\" \/>\n\t<meta name=\"twitter:data2\" content=\"1 minuto\" \/>\n<script type=\"application\/ld+json\" class=\"yoast-schema-graph\">{\"@context\":\"https:\\\/\\\/schema.org\",\"@graph\":[{\"@type\":\"Article\",\"@id\":\"https:\\\/\\\/whatthefrance.org\\\/es\\\/grammy-awards-2025-jjusticia-y-gojira-premiados\\\/#article\",\"isPartOf\":{\"@id\":\"https:\\\/\\\/whatthefrance.org\\\/es\\\/grammy-awards-2025-jjusticia-y-gojira-premiados\\\/\"},\"author\":{\"name\":\"Aurelien Castello\",\"@id\":\"https:\\\/\\\/whatthefrance.org\\\/es\\\/#\\\/schema\\\/person\\\/409f1eee0a2c94ed5ec0aa697e689d11\"},\"headline\":\"GRAMMY Awards 2025 | \u00a1Justice y Gojira premiados!\",\"datePublished\":\"2025-02-04T10:46:28+00:00\",\"dateModified\":\"2025-02-04T13:46:19+00:00\",\"mainEntityOfPage\":{\"@id\":\"https:\\\/\\\/whatthefrance.org\\\/es\\\/grammy-awards-2025-jjusticia-y-gojira-premiados\\\/\"},\"wordCount\":251,\"publisher\":{\"@id\":\"https:\\\/\\\/whatthefrance.org\\\/es\\\/#organization\"},\"articleSection\":[\"Award\"],\"inLanguage\":\"es\"},{\"@type\":\"WebPage\",\"@id\":\"https:\\\/\\\/whatthefrance.org\\\/es\\\/grammy-awards-2025-jjusticia-y-gojira-premiados\\\/\",\"url\":\"https:\\\/\\\/whatthefrance.org\\\/es\\\/grammy-awards-2025-jjusticia-y-gojira-premiados\\\/\",\"name\":\"GRAMMY Awards 2025 | \u00a1Justice y Gojira premiados! - What the France\",\"isPartOf\":{\"@id\":\"https:\\\/\\\/whatthefrance.org\\\/es\\\/#website\"},\"datePublished\":\"2025-02-04T10:46:28+00:00\",\"dateModified\":\"2025-02-04T13:46:19+00:00\",\"breadcrumb\":{\"@id\":\"https:\\\/\\\/whatthefrance.org\\\/es\\\/grammy-awards-2025-jjusticia-y-gojira-premiados\\\/#breadcrumb\"},\"inLanguage\":\"es\",\"potentialAction\":[{\"@type\":\"ReadAction\",\"target\":[\"https:\\\/\\\/whatthefrance.org\\\/es\\\/grammy-awards-2025-jjusticia-y-gojira-premiados\\\/\"]}]},{\"@type\":\"BreadcrumbList\",\"@id\":\"https:\\\/\\\/whatthefrance.org\\\/es\\\/grammy-awards-2025-jjusticia-y-gojira-premiados\\\/#breadcrumb\",\"itemListElement\":[{\"@type\":\"ListItem\",\"position\":1,\"name\":\"Home\",\"item\":\"https:\\\/\\\/whatthefrance.org\\\/es\\\/\"},{\"@type\":\"ListItem\",\"position\":2,\"name\":\"GRAMMY Awards 2025 | \u00a1Justice y Gojira premiados!\"}]},{\"@type\":\"WebSite\",\"@id\":\"https:\\\/\\\/whatthefrance.org\\\/es\\\/#website\",\"url\":\"https:\\\/\\\/whatthefrance.org\\\/es\\\/\",\"name\":\"What the France\",\"description\":\"The finest music made in France !\",\"publisher\":{\"@id\":\"https:\\\/\\\/whatthefrance.org\\\/es\\\/#organization\"},\"potentialAction\":[{\"@type\":\"SearchAction\",\"target\":{\"@type\":\"EntryPoint\",\"urlTemplate\":\"https:\\\/\\\/whatthefrance.org\\\/es\\\/?s={search_term_string}\"},\"query-input\":{\"@type\":\"PropertyValueSpecification\",\"valueRequired\":true,\"valueName\":\"search_term_string\"}}],\"inLanguage\":\"es\"},{\"@type\":\"Organization\",\"@id\":\"https:\\\/\\\/whatthefrance.org\\\/es\\\/#organization\",\"name\":\"What The France\",\"url\":\"https:\\\/\\\/whatthefrance.org\\\/es\\\/\",\"logo\":{\"@type\":\"ImageObject\",\"inLanguage\":\"es\",\"@id\":\"https:\\\/\\\/whatthefrance.org\\\/es\\\/#\\\/schema\\\/logo\\\/image\\\/\",\"url\":\"https:\\\/\\\/whatthefrance.org\\\/wp-content\\\/uploads\\\/2019\\\/12\\\/44688719_2251580388408837_694180218134331392_n-e1577679609190.png\",\"contentUrl\":\"https:\\\/\\\/whatthefrance.org\\\/wp-content\\\/uploads\\\/2019\\\/12\\\/44688719_2251580388408837_694180218134331392_n-e1577679609190.png\",\"width\":200,\"height\":200,\"caption\":\"What The France\"},\"image\":{\"@id\":\"https:\\\/\\\/whatthefrance.org\\\/es\\\/#\\\/schema\\\/logo\\\/image\\\/\"}},{\"@type\":\"Person\",\"@id\":\"https:\\\/\\\/whatthefrance.org\\\/es\\\/#\\\/schema\\\/person\\\/409f1eee0a2c94ed5ec0aa697e689d11\",\"name\":\"Aurelien Castello\",\"image\":{\"@type\":\"ImageObject\",\"inLanguage\":\"es\",\"@id\":\"https:\\\/\\\/secure.gravatar.com\\\/avatar\\\/a64e3c49e149502bc3920135147e21be7d3ce93fcb38ac6ca03da1ecdb178e19?s=96&d=mm&r=g\",\"url\":\"https:\\\/\\\/secure.gravatar.com\\\/avatar\\\/a64e3c49e149502bc3920135147e21be7d3ce93fcb38ac6ca03da1ecdb178e19?s=96&d=mm&r=g\",\"contentUrl\":\"https:\\\/\\\/secure.gravatar.com\\\/avatar\\\/a64e3c49e149502bc3920135147e21be7d3ce93fcb38ac6ca03da1ecdb178e19?s=96&d=mm&r=g\",\"caption\":\"Aurelien Castello\"}}]}<\/script>\n<!-- \/ Yoast SEO plugin. -->","yoast_head_json":{"title":"GRAMMY Awards 2025 | \u00a1Justice y Gojira premiados! - What the France","robots":{"index":"index","follow":"follow","max-snippet":"max-snippet:-1","max-image-preview":"max-image-preview:large","max-video-preview":"max-video-preview:-1"},"canonical":"https:\/\/whatthefrance.org\/es\/grammy-awards-2025-jjusticia-y-gojira-premiados\/","og_locale":"es_ES","og_type":"article","og_title":"GRAMMY Awards 2025 | \u00a1Justice y Gojira premiados! - What the France","og_description":"La ceremonia de los Premios GRAMMY se transmitio en vivo este domingo 2 de febrero de 2025 desde la Cypto.com Arena de Los \u00c1ngeles. En esta ocasi\u00f3n, el d\u00fao franc\u00e9s\u00a0Justice\u00a0gan\u00f3 el premio GRAMMY al \u201cmejor t\u00edtulo dance\/electr\u00f3nico\u201d por su tema \u201cNeverender\u201d, en el que colaboraron con el artista Tame Impala. Este es su tercer premio, [&hellip;]","og_url":"https:\/\/whatthefrance.org\/es\/grammy-awards-2025-jjusticia-y-gojira-premiados\/","og_site_name":"What the France","article_published_time":"2025-02-04T10:46:28+00:00","article_modified_time":"2025-02-04T13:46:19+00:00","og_image":[{"url":"https:\/\/whatthefrance.org\/wp-content\/uploads\/2025\/02\/Grammy-awards-v2.jpg","height":452,"width":1084,"type":""}],"author":"Aurelien Castello","twitter_card":"summary_large_image","twitter_misc":{"Escrito por":"Aurelien Castello","Tiempo de lectura":"1 minuto"},"schema":{"@context":"https:\/\/schema.org","@graph":[{"@type":"Article","@id":"https:\/\/whatthefrance.org\/es\/grammy-awards-2025-jjusticia-y-gojira-premiados\/#article","isPartOf":{"@id":"https:\/\/whatthefrance.org\/es\/grammy-awards-2025-jjusticia-y-gojira-premiados\/"},"author":{"name":"Aurelien Castello","@id":"https:\/\/whatthefrance.org\/es\/#\/schema\/person\/409f1eee0a2c94ed5ec0aa697e689d11"},"headline":"GRAMMY Awards 2025 | \u00a1Justice y Gojira premiados!","datePublished":"2025-02-04T10:46:28+00:00","dateModified":"2025-02-04T13:46:19+00:00","mainEntityOfPage":{"@id":"https:\/\/whatthefrance.org\/es\/grammy-awards-2025-jjusticia-y-gojira-premiados\/"},"wordCount":251,"publisher":{"@id":"https:\/\/whatthefrance.org\/es\/#organization"},"articleSection":["Award"],"inLanguage":"es"},{"@type":"WebPage","@id":"https:\/\/whatthefrance.org\/es\/grammy-awards-2025-jjusticia-y-gojira-premiados\/","url":"https:\/\/whatthefrance.org\/es\/grammy-awards-2025-jjusticia-y-gojira-premiados\/","name":"GRAMMY Awards 2025 | \u00a1Justice y Gojira premiados! - What the France","isPartOf":{"@id":"https:\/\/whatthefrance.org\/es\/#website"},"datePublished":"2025-02-04T10:46:28+00:00","dateModified":"2025-02-04T13:46:19+00:00","breadcrumb":{"@id":"https:\/\/whatthefrance.org\/es\/grammy-awards-2025-jjusticia-y-gojira-premiados\/#breadcrumb"},"inLanguage":"es","potentialAction":[{"@type":"ReadAction","target":["https:\/\/whatthefrance.org\/es\/grammy-awards-2025-jjusticia-y-gojira-premiados\/"]}]},{"@type":"BreadcrumbList","@id":"https:\/\/whatthefrance.org\/es\/grammy-awards-2025-jjusticia-y-gojira-premiados\/#breadcrumb","itemListElement":[{"@type":"ListItem","position":1,"name":"Home","item":"https:\/\/whatthefrance.org\/es\/"},{"@type":"ListItem","position":2,"name":"GRAMMY Awards 2025 | \u00a1Justice y Gojira premiados!"}]},{"@type":"WebSite","@id":"https:\/\/whatthefrance.org\/es\/#website","url":"https:\/\/whatthefrance.org\/es\/","name":"What the France","description":"The finest music made in France !","publisher":{"@id":"https:\/\/whatthefrance.org\/es\/#organization"},"potentialAction":[{"@type":"SearchAction","target":{"@type":"EntryPoint","urlTemplate":"https:\/\/whatthefrance.org\/es\/?s={search_term_string}"},"query-input":{"@type":"PropertyValueSpecification","valueRequired":true,"valueName":"search_term_string"}}],"inLanguage":"es"},{"@type":"Organization","@id":"https:\/\/whatthefrance.org\/es\/#organization","name":"What The France","url":"https:\/\/whatthefrance.org\/es\/","logo":{"@type":"ImageObject","inLanguage":"es","@id":"https:\/\/whatthefrance.org\/es\/#\/schema\/logo\/image\/","url":"https:\/\/whatthefrance.org\/wp-content\/uploads\/2019\/12\/44688719_2251580388408837_694180218134331392_n-e1577679609190.png","contentUrl":"https:\/\/whatthefrance.org\/wp-content\/uploads\/2019\/12\/44688719_2251580388408837_694180218134331392_n-e1577679609190.png","width":200,"height":200,"caption":"What The France"},"image":{"@id":"https:\/\/whatthefrance.org\/es\/#\/schema\/logo\/image\/"}},{"@type":"Person","@id":"https:\/\/whatthefrance.org\/es\/#\/schema\/person\/409f1eee0a2c94ed5ec0aa697e689d11","name":"Aurelien Castello","image":{"@type":"ImageObject","inLanguage":"es","@id":"https:\/\/secure.gravatar.com\/avatar\/a64e3c49e149502bc3920135147e21be7d3ce93fcb38ac6ca03da1ecdb178e19?s=96&d=mm&r=g","url":"https:\/\/secure.gravatar.com\/avatar\/a64e3c49e149502bc3920135147e21be7d3ce93fcb38ac6ca03da1ecdb178e19?s=96&d=mm&r=g","contentUrl":"https:\/\/secure.gravatar.com\/avatar\/a64e3c49e149502bc3920135147e21be7d3ce93fcb38ac6ca03da1ecdb178e19?s=96&d=mm&r=g","caption":"Aurelien Castello"}}]}},"_links":{"self":[{"href":"https:\/\/whatthefrance.org\/es\/wp-json\/wp\/v2\/posts\/73658","targetHints":{"allow":["GET"]}}],"collection":[{"href":"https:\/\/whatthefrance.org\/es\/wp-json\/wp\/v2\/posts"}],"about":[{"href":"https:\/\/whatthefrance.org\/es\/wp-json\/wp\/v2\/types\/post"}],"author":[{"embeddable":true,"href":"https:\/\/whatthefrance.org\/es\/wp-json\/wp\/v2\/users\/52"}],"replies":[{"embeddable":true,"href":"https:\/\/whatthefrance.org\/es\/wp-json\/wp\/v2\/comments?post=73658"}],"version-history":[{"count":2,"href":"https:\/\/whatthefrance.org\/es\/wp-json\/wp\/v2\/posts\/73658\/revisions"}],"predecessor-version":[{"id":73697,"href":"https:\/\/whatthefrance.org\/es\/wp-json\/wp\/v2\/posts\/73658\/revisions\/73697"}],"wp:attachment":[{"href":"https:\/\/whatthefrance.org\/es\/wp-json\/wp\/v2\/media?parent=73658"}],"wp:term":[{"taxonomy":"category","embeddable":true,"href":"https:\/\/whatthefrance.org\/es\/wp-json\/wp\/v2\/categories?post=73658"},{"taxonomy":"post_tag","embeddable":true,"href":"https:\/\/whatthefrance.org\/es\/wp-json\/wp\/v2\/tags?post=73658"}],"curies":[{"name":"wp","href":"https:\/\/api.w.org\/{rel}","templated":true}]}}