{"id":75288,"date":"2025-10-20T18:18:10","date_gmt":"2025-10-20T16:18:10","guid":{"rendered":"https:\/\/whatthefrance.org\/benjamin-biolay-a-new-album-and-an-exclusive-playlist-for-what-the-france\/"},"modified":"2025-10-21T10:47:57","modified_gmt":"2025-10-21T08:47:57","slug":"un-nuevo-album-y-una-lista-de-reproduccion-exclusiva-para-what-the-france","status":"publish","type":"post","link":"https:\/\/whatthefrance.org\/es\/un-nuevo-album-y-una-lista-de-reproduccion-exclusiva-para-what-the-france\/","title":{"rendered":"Benjamin Biolay | \u00a1Un nuevo \u00e1lbum y una lista de reproducci\u00f3n exclusiva para What the France!"},"content":{"rendered":"<p>El cantautor, m\u00fasico y productor <strong>Benjamin Biolay<\/strong> es uno de los artistas m\u00e1s influyentes y respetados de la escena musical francesa gracias a su estilo \u00fanico que fusiona pop, rock y chanson francesa.<\/p>\n<p>&nbsp;<\/p>\n<p>Irrumpi\u00f3 en la escena con el aclamado \u00e1lbum <em>Rose Kennedy<\/em> en 2001. Desde entonces, ha publicado nueve \u00e1lbumes m\u00e1s a lo largo de su carrera. Su trayectoria le ha valido numerosos premios, incluyendo varios galardones en las Victoires de la Musique, que ha ganado. Desde 2002, cuando fue nombrado \u00abArtista Revelaci\u00f3n Masculino del A\u00f1o\u00bb, ha sido reconocido en las categor\u00edas de \u00abArtista Masculino del A\u00f1o\u00bb, \u00ab\u00c1lbum del A\u00f1o\u00bb y \u00abCanci\u00f3n del A\u00f1o\u00bb en 2021. Sus canciones, a menudo elogiadas por su profundidad l\u00edrica y sofisticaci\u00f3n musical, refuerzan su reputaci\u00f3n como uno de los compositores m\u00e1s cre\u00edbles. Benjamin Biolay tambi\u00e9n es conocido por sus numerosas colaboraciones con otros artistas de renombre, lo que demuestra su influencia y prestigio en la industria musical, mucho m\u00e1s all\u00e1 de sus fronteras. Su conexi\u00f3n con Latinoam\u00e9rica ha sido una constante en su obra durante a\u00f1os.<\/p>\n<p>&nbsp;<\/p>\n<p><strong><em>Le Disque Bleu<\/em><\/strong> es el und\u00e9cimo \u00e1lbum de la discograf\u00eda de Benjamin Biolay. Compuesto, escrito y grabado en Par\u00eds, S\u00e8te, Bruselas, Buenos Aires y R\u00edo de Janeiro, est\u00e1 disponible desde el 17 de octubre en dos vol\u00famenes distintos pero complementarios: <em>R\u00e9sidents<\/em> (el primero) y <em>Visiteurs<\/em> (el segundo). Esta nueva obra invita a viajar entre ambas orillas del Atl\u00e1ntico, un viaje de incre\u00edble riqueza musical y profundidad l\u00e9xica entre Francia y Sudam\u00e9rica.<\/p>\n<p>&nbsp;<\/p>\n<p>Para acompa\u00f1ar este lanzamiento, Benjamin Biolay ha creado una lista de reproducci\u00f3n exclusiva para What the France con algunos de sus temas favoritos \u00abmade in France\u00bb. Podr\u00e1s encontrar t\u00edtulos de L\u2019Affaire Louis\u2019 Trio, Georges Moustaki, Henri Salvador, Laurent Voulzy, Julien Baer, \u200b\u200bPierre Barouh, Brigitte Fontaine &amp; Areski Belkacem, Fran\u00e7oise Hardy, Stacey Kent, Etienne Daho &amp; Astrud Gilberto, Serge Gainsbourg, Claude Nougaro, Pauline Croze, Coralie Cl\u00e9ment, Maxime Le Forestier, Philippe Katerine y Bernard Lavaliers.<\/p>\n<div class=\"playListBloc singleBloc\"><div class=\"playListBloc-wrap\">    <div class=\"thumbnail\"><img data-src=\"https:\/\/whatthefrance.org\/wp-content\/uploads\/2025\/10\/WTF_pochette_benjamin_biolay-254x254.jpg\" class=\"lazyload\" alt=\"WTF_pochette_benjamin_biolay\" \/>    <\/div>    <div class=\"infos\">        <span class=\"tag\">Curators<\/span>        <h2>A made in France selection by Benjamin Biolay<\/h2>        <span class=\"separator\"><\/span>       <span class=\"desc\">Listen to a selection of made in France titles by Benjamin Biolay!<\/span><div class=\"share flex flexAlignCenter \">\t<span class=\"label\">Compartir<\/span>\t<a href=\"https:\/\/www.facebook.com\/sharer\/sharer.php?u=https:\/\/whatthefrance.org\/playlists\/a-made-in-france-selection-by-benjamin-biolay\/\" class=\"facebook\" target=\"_blank\" rel=\"noreferrer\">Facebook<\/a>\t<a href=\"https:\/\/twitter.com\/intent\/tweet?url=https:\/\/whatthefrance.org\/playlists\/a-made-in-france-selection-by-benjamin-biolay\/&text=A+made+in+France+selection+by+Benjamin+Biolay&hashtags=WTF\" class=\"twitter\" target=\"_blank\" rel=\"noreferrer\">Twitter<\/a>\t<a href=\"mailto:?subject=What%20the%20France%20%3A%20A%20made%20in%20France%20selection%20by%20Benjamin%20Biolay&body=https:\/\/whatthefrance.org\/playlists\/a-made-in-france-selection-by-benjamin-biolay\/\" class=\"mail\" target=\"_blank\" rel=\"noreferrer\">Email<\/a><\/div>        <a href=\"#\" class=\"btn btnPlaylist orange playlist-click\" data-id=\"75261\">            <svg version=\"1.1\" x=\"0px\" y=\"0px\" width=\"40px\" height=\"40px\" viewBox=\"0 0 213.7 213.7\" enable-background=\"new 0 0 213.7 213.7\" xml:space=\"preserve\">                <polygon class=\"triangle\" fill=\"none\" stroke-width=\"10\" stroke-linecap=\"round\" stroke-linejoin=\"round\" stroke-miterlimit=\"10\" points=\"\n            73.5,62.5 148.5,105.8 73.5,149.1 \"\/>                <circle class=\"circle\" fill=\"none\"  stroke-width=\"8\" stroke-linecap=\"round\" stroke-linejoin=\"round\" stroke-miterlimit=\"10\" cx=\"106.8\" cy=\"106.8\" r=\"103.3\"\/>                <circle class=\"circle-white\" fill=\"none\"  stroke-width=\"8\" stroke-linecap=\"round\" stroke-linejoin=\"round\" stroke-miterlimit=\"10\" cx=\"106.8\" cy=\"106.8\" r=\"103.3\"\/>            <\/svg>Escuchar        <\/a>    <\/div>  <\/div><\/div>\n","protected":false},"excerpt":{"rendered":"<p>El cantautor, m\u00fasico y productor Benjamin Biolay es uno de los artistas m\u00e1s influyentes y respetados de la escena musical francesa gracias a su estilo \u00fanico que fusiona pop, rock y chanson francesa. &nbsp; Irrumpi\u00f3 en la escena con el aclamado \u00e1lbum Rose Kennedy en 2001. Desde entonces, ha publicado nueve \u00e1lbumes m\u00e1s a lo [&hellip;]<\/p>\n","protected":false},"author":52,"featured_media":0,"comment_status":"closed","ping_status":"closed","sticky":false,"template":"","format":"standard","meta":{"_acf_changed":false,"footnotes":""},"categories":[1967],"tags":[],"class_list":["post-75288","post","type-post","status-publish","format-standard","hentry","category-curator-es"],"acf":[],"yoast_head":"<!-- This site is optimized with the Yoast SEO plugin v27.3 - https:\/\/yoast.com\/product\/yoast-seo-wordpress\/ -->\n<title>Benjamin Biolay | \u00a1Un nuevo \u00e1lbum y una lista de reproducci\u00f3n exclusiva para What the France! - What the France<\/title>\n<meta name=\"robots\" content=\"index, follow, max-snippet:-1, max-image-preview:large, max-video-preview:-1\" \/>\n<link rel=\"canonical\" href=\"https:\/\/whatthefrance.org\/es\/un-nuevo-album-y-una-lista-de-reproduccion-exclusiva-para-what-the-france\/\" \/>\n<meta property=\"og:locale\" content=\"es_ES\" \/>\n<meta property=\"og:type\" content=\"article\" \/>\n<meta property=\"og:title\" content=\"Benjamin Biolay | \u00a1Un nuevo \u00e1lbum y una lista de reproducci\u00f3n exclusiva para What the France! - What the France\" \/>\n<meta property=\"og:description\" content=\"El cantautor, m\u00fasico y productor Benjamin Biolay es uno de los artistas m\u00e1s influyentes y respetados de la escena musical francesa gracias a su estilo \u00fanico que fusiona pop, rock y chanson francesa. &nbsp; Irrumpi\u00f3 en la escena con el aclamado \u00e1lbum Rose Kennedy en 2001. Desde entonces, ha publicado nueve \u00e1lbumes m\u00e1s a lo [&hellip;]\" \/>\n<meta property=\"og:url\" content=\"https:\/\/whatthefrance.org\/es\/un-nuevo-album-y-una-lista-de-reproduccion-exclusiva-para-what-the-france\/\" \/>\n<meta property=\"og:site_name\" content=\"What the France\" \/>\n<meta property=\"article:published_time\" content=\"2025-10-20T16:18:10+00:00\" \/>\n<meta property=\"article:modified_time\" content=\"2025-10-21T08:47:57+00:00\" \/>\n<meta property=\"og:image\" content=\"https:\/\/whatthefrance.org\/wp-content\/uploads\/2025\/10\/biolay-cover-2025-whatthefrance.jpg\" \/>\n\t<meta property=\"og:image:width\" content=\"1084\" \/>\n\t<meta property=\"og:image:height\" content=\"452\" \/>\n<meta name=\"author\" content=\"Aurelien Castello\" \/>\n<meta name=\"twitter:card\" content=\"summary_large_image\" \/>\n<meta name=\"twitter:label1\" content=\"Escrito por\" \/>\n\t<meta name=\"twitter:data1\" content=\"Aurelien Castello\" \/>\n\t<meta name=\"twitter:label2\" content=\"Tiempo de lectura\" \/>\n\t<meta name=\"twitter:data2\" content=\"2 minutos\" \/>\n<script type=\"application\/ld+json\" class=\"yoast-schema-graph\">{\"@context\":\"https:\\\/\\\/schema.org\",\"@graph\":[{\"@type\":\"Article\",\"@id\":\"https:\\\/\\\/whatthefrance.org\\\/es\\\/un-nuevo-album-y-una-lista-de-reproduccion-exclusiva-para-what-the-france\\\/#article\",\"isPartOf\":{\"@id\":\"https:\\\/\\\/whatthefrance.org\\\/es\\\/un-nuevo-album-y-una-lista-de-reproduccion-exclusiva-para-what-the-france\\\/\"},\"author\":{\"name\":\"Aurelien Castello\",\"@id\":\"https:\\\/\\\/whatthefrance.org\\\/es\\\/#\\\/schema\\\/person\\\/409f1eee0a2c94ed5ec0aa697e689d11\"},\"headline\":\"Benjamin Biolay | \u00a1Un nuevo \u00e1lbum y una lista de reproducci\u00f3n exclusiva para What the France!\",\"datePublished\":\"2025-10-20T16:18:10+00:00\",\"dateModified\":\"2025-10-21T08:47:57+00:00\",\"mainEntityOfPage\":{\"@id\":\"https:\\\/\\\/whatthefrance.org\\\/es\\\/un-nuevo-album-y-una-lista-de-reproduccion-exclusiva-para-what-the-france\\\/\"},\"wordCount\":372,\"publisher\":{\"@id\":\"https:\\\/\\\/whatthefrance.org\\\/es\\\/#organization\"},\"articleSection\":[\"Curator\"],\"inLanguage\":\"es\"},{\"@type\":\"WebPage\",\"@id\":\"https:\\\/\\\/whatthefrance.org\\\/es\\\/un-nuevo-album-y-una-lista-de-reproduccion-exclusiva-para-what-the-france\\\/\",\"url\":\"https:\\\/\\\/whatthefrance.org\\\/es\\\/un-nuevo-album-y-una-lista-de-reproduccion-exclusiva-para-what-the-france\\\/\",\"name\":\"Benjamin Biolay | \u00a1Un nuevo \u00e1lbum y una lista de reproducci\u00f3n exclusiva para What the France! - What the France\",\"isPartOf\":{\"@id\":\"https:\\\/\\\/whatthefrance.org\\\/es\\\/#website\"},\"datePublished\":\"2025-10-20T16:18:10+00:00\",\"dateModified\":\"2025-10-21T08:47:57+00:00\",\"breadcrumb\":{\"@id\":\"https:\\\/\\\/whatthefrance.org\\\/es\\\/un-nuevo-album-y-una-lista-de-reproduccion-exclusiva-para-what-the-france\\\/#breadcrumb\"},\"inLanguage\":\"es\",\"potentialAction\":[{\"@type\":\"ReadAction\",\"target\":[\"https:\\\/\\\/whatthefrance.org\\\/es\\\/un-nuevo-album-y-una-lista-de-reproduccion-exclusiva-para-what-the-france\\\/\"]}]},{\"@type\":\"BreadcrumbList\",\"@id\":\"https:\\\/\\\/whatthefrance.org\\\/es\\\/un-nuevo-album-y-una-lista-de-reproduccion-exclusiva-para-what-the-france\\\/#breadcrumb\",\"itemListElement\":[{\"@type\":\"ListItem\",\"position\":1,\"name\":\"Home\",\"item\":\"https:\\\/\\\/whatthefrance.org\\\/es\\\/\"},{\"@type\":\"ListItem\",\"position\":2,\"name\":\"Benjamin Biolay | \u00a1Un nuevo \u00e1lbum y una lista de reproducci\u00f3n exclusiva para What the France!\"}]},{\"@type\":\"WebSite\",\"@id\":\"https:\\\/\\\/whatthefrance.org\\\/es\\\/#website\",\"url\":\"https:\\\/\\\/whatthefrance.org\\\/es\\\/\",\"name\":\"What the France\",\"description\":\"The finest music made in France !\",\"publisher\":{\"@id\":\"https:\\\/\\\/whatthefrance.org\\\/es\\\/#organization\"},\"potentialAction\":[{\"@type\":\"SearchAction\",\"target\":{\"@type\":\"EntryPoint\",\"urlTemplate\":\"https:\\\/\\\/whatthefrance.org\\\/es\\\/?s={search_term_string}\"},\"query-input\":{\"@type\":\"PropertyValueSpecification\",\"valueRequired\":true,\"valueName\":\"search_term_string\"}}],\"inLanguage\":\"es\"},{\"@type\":\"Organization\",\"@id\":\"https:\\\/\\\/whatthefrance.org\\\/es\\\/#organization\",\"name\":\"What The France\",\"url\":\"https:\\\/\\\/whatthefrance.org\\\/es\\\/\",\"logo\":{\"@type\":\"ImageObject\",\"inLanguage\":\"es\",\"@id\":\"https:\\\/\\\/whatthefrance.org\\\/es\\\/#\\\/schema\\\/logo\\\/image\\\/\",\"url\":\"https:\\\/\\\/whatthefrance.org\\\/wp-content\\\/uploads\\\/2019\\\/12\\\/44688719_2251580388408837_694180218134331392_n-e1577679609190.png\",\"contentUrl\":\"https:\\\/\\\/whatthefrance.org\\\/wp-content\\\/uploads\\\/2019\\\/12\\\/44688719_2251580388408837_694180218134331392_n-e1577679609190.png\",\"width\":200,\"height\":200,\"caption\":\"What The France\"},\"image\":{\"@id\":\"https:\\\/\\\/whatthefrance.org\\\/es\\\/#\\\/schema\\\/logo\\\/image\\\/\"}},{\"@type\":\"Person\",\"@id\":\"https:\\\/\\\/whatthefrance.org\\\/es\\\/#\\\/schema\\\/person\\\/409f1eee0a2c94ed5ec0aa697e689d11\",\"name\":\"Aurelien Castello\",\"image\":{\"@type\":\"ImageObject\",\"inLanguage\":\"es\",\"@id\":\"https:\\\/\\\/secure.gravatar.com\\\/avatar\\\/a64e3c49e149502bc3920135147e21be7d3ce93fcb38ac6ca03da1ecdb178e19?s=96&d=mm&r=g\",\"url\":\"https:\\\/\\\/secure.gravatar.com\\\/avatar\\\/a64e3c49e149502bc3920135147e21be7d3ce93fcb38ac6ca03da1ecdb178e19?s=96&d=mm&r=g\",\"contentUrl\":\"https:\\\/\\\/secure.gravatar.com\\\/avatar\\\/a64e3c49e149502bc3920135147e21be7d3ce93fcb38ac6ca03da1ecdb178e19?s=96&d=mm&r=g\",\"caption\":\"Aurelien Castello\"}}]}<\/script>\n<!-- \/ Yoast SEO plugin. -->","yoast_head_json":{"title":"Benjamin Biolay | \u00a1Un nuevo \u00e1lbum y una lista de reproducci\u00f3n exclusiva para What the France! - What the France","robots":{"index":"index","follow":"follow","max-snippet":"max-snippet:-1","max-image-preview":"max-image-preview:large","max-video-preview":"max-video-preview:-1"},"canonical":"https:\/\/whatthefrance.org\/es\/un-nuevo-album-y-una-lista-de-reproduccion-exclusiva-para-what-the-france\/","og_locale":"es_ES","og_type":"article","og_title":"Benjamin Biolay | \u00a1Un nuevo \u00e1lbum y una lista de reproducci\u00f3n exclusiva para What the France! - What the France","og_description":"El cantautor, m\u00fasico y productor Benjamin Biolay es uno de los artistas m\u00e1s influyentes y respetados de la escena musical francesa gracias a su estilo \u00fanico que fusiona pop, rock y chanson francesa. &nbsp; Irrumpi\u00f3 en la escena con el aclamado \u00e1lbum Rose Kennedy en 2001. Desde entonces, ha publicado nueve \u00e1lbumes m\u00e1s a lo [&hellip;]","og_url":"https:\/\/whatthefrance.org\/es\/un-nuevo-album-y-una-lista-de-reproduccion-exclusiva-para-what-the-france\/","og_site_name":"What the France","article_published_time":"2025-10-20T16:18:10+00:00","article_modified_time":"2025-10-21T08:47:57+00:00","og_image":[{"url":"https:\/\/whatthefrance.org\/wp-content\/uploads\/2025\/10\/biolay-cover-2025-whatthefrance.jpg","height":452,"width":1084,"type":""}],"author":"Aurelien Castello","twitter_card":"summary_large_image","twitter_misc":{"Escrito por":"Aurelien Castello","Tiempo de lectura":"2 minutos"},"schema":{"@context":"https:\/\/schema.org","@graph":[{"@type":"Article","@id":"https:\/\/whatthefrance.org\/es\/un-nuevo-album-y-una-lista-de-reproduccion-exclusiva-para-what-the-france\/#article","isPartOf":{"@id":"https:\/\/whatthefrance.org\/es\/un-nuevo-album-y-una-lista-de-reproduccion-exclusiva-para-what-the-france\/"},"author":{"name":"Aurelien Castello","@id":"https:\/\/whatthefrance.org\/es\/#\/schema\/person\/409f1eee0a2c94ed5ec0aa697e689d11"},"headline":"Benjamin Biolay | \u00a1Un nuevo \u00e1lbum y una lista de reproducci\u00f3n exclusiva para What the France!","datePublished":"2025-10-20T16:18:10+00:00","dateModified":"2025-10-21T08:47:57+00:00","mainEntityOfPage":{"@id":"https:\/\/whatthefrance.org\/es\/un-nuevo-album-y-una-lista-de-reproduccion-exclusiva-para-what-the-france\/"},"wordCount":372,"publisher":{"@id":"https:\/\/whatthefrance.org\/es\/#organization"},"articleSection":["Curator"],"inLanguage":"es"},{"@type":"WebPage","@id":"https:\/\/whatthefrance.org\/es\/un-nuevo-album-y-una-lista-de-reproduccion-exclusiva-para-what-the-france\/","url":"https:\/\/whatthefrance.org\/es\/un-nuevo-album-y-una-lista-de-reproduccion-exclusiva-para-what-the-france\/","name":"Benjamin Biolay | \u00a1Un nuevo \u00e1lbum y una lista de reproducci\u00f3n exclusiva para What the France! - What the France","isPartOf":{"@id":"https:\/\/whatthefrance.org\/es\/#website"},"datePublished":"2025-10-20T16:18:10+00:00","dateModified":"2025-10-21T08:47:57+00:00","breadcrumb":{"@id":"https:\/\/whatthefrance.org\/es\/un-nuevo-album-y-una-lista-de-reproduccion-exclusiva-para-what-the-france\/#breadcrumb"},"inLanguage":"es","potentialAction":[{"@type":"ReadAction","target":["https:\/\/whatthefrance.org\/es\/un-nuevo-album-y-una-lista-de-reproduccion-exclusiva-para-what-the-france\/"]}]},{"@type":"BreadcrumbList","@id":"https:\/\/whatthefrance.org\/es\/un-nuevo-album-y-una-lista-de-reproduccion-exclusiva-para-what-the-france\/#breadcrumb","itemListElement":[{"@type":"ListItem","position":1,"name":"Home","item":"https:\/\/whatthefrance.org\/es\/"},{"@type":"ListItem","position":2,"name":"Benjamin Biolay | \u00a1Un nuevo \u00e1lbum y una lista de reproducci\u00f3n exclusiva para What the France!"}]},{"@type":"WebSite","@id":"https:\/\/whatthefrance.org\/es\/#website","url":"https:\/\/whatthefrance.org\/es\/","name":"What the France","description":"The finest music made in France !","publisher":{"@id":"https:\/\/whatthefrance.org\/es\/#organization"},"potentialAction":[{"@type":"SearchAction","target":{"@type":"EntryPoint","urlTemplate":"https:\/\/whatthefrance.org\/es\/?s={search_term_string}"},"query-input":{"@type":"PropertyValueSpecification","valueRequired":true,"valueName":"search_term_string"}}],"inLanguage":"es"},{"@type":"Organization","@id":"https:\/\/whatthefrance.org\/es\/#organization","name":"What The France","url":"https:\/\/whatthefrance.org\/es\/","logo":{"@type":"ImageObject","inLanguage":"es","@id":"https:\/\/whatthefrance.org\/es\/#\/schema\/logo\/image\/","url":"https:\/\/whatthefrance.org\/wp-content\/uploads\/2019\/12\/44688719_2251580388408837_694180218134331392_n-e1577679609190.png","contentUrl":"https:\/\/whatthefrance.org\/wp-content\/uploads\/2019\/12\/44688719_2251580388408837_694180218134331392_n-e1577679609190.png","width":200,"height":200,"caption":"What The France"},"image":{"@id":"https:\/\/whatthefrance.org\/es\/#\/schema\/logo\/image\/"}},{"@type":"Person","@id":"https:\/\/whatthefrance.org\/es\/#\/schema\/person\/409f1eee0a2c94ed5ec0aa697e689d11","name":"Aurelien Castello","image":{"@type":"ImageObject","inLanguage":"es","@id":"https:\/\/secure.gravatar.com\/avatar\/a64e3c49e149502bc3920135147e21be7d3ce93fcb38ac6ca03da1ecdb178e19?s=96&d=mm&r=g","url":"https:\/\/secure.gravatar.com\/avatar\/a64e3c49e149502bc3920135147e21be7d3ce93fcb38ac6ca03da1ecdb178e19?s=96&d=mm&r=g","contentUrl":"https:\/\/secure.gravatar.com\/avatar\/a64e3c49e149502bc3920135147e21be7d3ce93fcb38ac6ca03da1ecdb178e19?s=96&d=mm&r=g","caption":"Aurelien Castello"}}]}},"_links":{"self":[{"href":"https:\/\/whatthefrance.org\/es\/wp-json\/wp\/v2\/posts\/75288","targetHints":{"allow":["GET"]}}],"collection":[{"href":"https:\/\/whatthefrance.org\/es\/wp-json\/wp\/v2\/posts"}],"about":[{"href":"https:\/\/whatthefrance.org\/es\/wp-json\/wp\/v2\/types\/post"}],"author":[{"embeddable":true,"href":"https:\/\/whatthefrance.org\/es\/wp-json\/wp\/v2\/users\/52"}],"replies":[{"embeddable":true,"href":"https:\/\/whatthefrance.org\/es\/wp-json\/wp\/v2\/comments?post=75288"}],"version-history":[{"count":1,"href":"https:\/\/whatthefrance.org\/es\/wp-json\/wp\/v2\/posts\/75288\/revisions"}],"predecessor-version":[{"id":75290,"href":"https:\/\/whatthefrance.org\/es\/wp-json\/wp\/v2\/posts\/75288\/revisions\/75290"}],"wp:attachment":[{"href":"https:\/\/whatthefrance.org\/es\/wp-json\/wp\/v2\/media?parent=75288"}],"wp:term":[{"taxonomy":"category","embeddable":true,"href":"https:\/\/whatthefrance.org\/es\/wp-json\/wp\/v2\/categories?post=75288"},{"taxonomy":"post_tag","embeddable":true,"href":"https:\/\/whatthefrance.org\/es\/wp-json\/wp\/v2\/tags?post=75288"}],"curies":[{"name":"wp","href":"https:\/\/api.w.org\/{rel}","templated":true}]}}