{"id":75308,"date":"2025-10-22T17:45:59","date_gmt":"2025-10-22T15:45:59","guid":{"rendered":"https:\/\/whatthefrance.org\/?p=75308"},"modified":"2026-01-22T17:13:37","modified_gmt":"2026-01-22T16:13:37","slug":"georges-brassens-un-episode-inedit-de-once-upon-a-song-une-playlist-exclusive-pour-le-104eme-anniversaire-de-sa-naissance","status":"publish","type":"post","link":"https:\/\/whatthefrance.org\/es\/georges-brassens-un-episode-inedit-de-once-upon-a-song-une-playlist-exclusive-pour-le-104eme-anniversaire-de-sa-naissance\/","title":{"rendered":"Georges Brassens | Un episodio in\u00e9dito de Once Upon a Song y una playlist exclusiva para celebrar el 104\u00ba aniversario de su nacimiento!"},"content":{"rendered":"<p data-start=\"0\" data-end=\"418\">En este mes de octubre de 2025 celebramos el <strong data-start=\"45\" data-end=\"113\">104\u00ba aniversario del nacimiento del inolvidable Georges Brassens<\/strong> (22\/10\/1921 \u2013 29\/10\/1981), un brillante cantautor y guitarrista franc\u00e9s cuya obra ha trascendido generaciones y conquistado al mundo entero. Con cerca de <strong data-start=\"268\" data-end=\"314\">veinte millones de discos vendidos en vida<\/strong>, dej\u00f3 un repertorio excepcional que marc\u00f3 su \u00e9poca y sigue cautivando a un amplio p\u00fablico hoy en d\u00eda.<\/p>\n<p data-start=\"420\" data-end=\"916\" data-is-last-node=\"\" data-is-only-node=\"\">Con motivo de este aniversario, <strong data-start=\"452\" data-end=\"471\">What The France<\/strong> presenta un <strong data-start=\"484\" data-end=\"542\">nuevo episodio en v\u00eddeo de la serie <em data-start=\"522\" data-end=\"540\">Once Upon a Song<\/em><\/strong>. En este episodio, <strong data-start=\"562\" data-end=\"581\">Bertrand Dicale<\/strong> (narraci\u00f3n) y <strong data-start=\"596\" data-end=\"607\">Dugudus<\/strong> (ilustraci\u00f3n) repasan la historia de una de las canciones m\u00e1s emblem\u00e1ticas del artista de S\u00e8te, <em data-start=\"704\" data-end=\"732\">\u201cChanson pour l\u2019Auvergnat\u201d<\/em> \u2014 la historia de un joven que huye del servicio de trabajo obligatorio (STO) durante la Segunda Guerra Mundial y encuentra refugio al final de un callej\u00f3n en el 14\u00ba distrito de Par\u00eds\u2026<\/p>\n<p><iframe loading=\"lazy\" title=\"Brassens - Chanson pour l&#039;Auvergnat | Once Upon a Song\" width=\"500\" height=\"281\" src=\"https:\/\/www.youtube.com\/embed\/ghWJ3m9vMFA?feature=oembed\" frameborder=\"0\" allow=\"accelerometer; autoplay; clipboard-write; encrypted-media; gyroscope; picture-in-picture; web-share\" referrerpolicy=\"strict-origin-when-cross-origin\" allowfullscreen><\/iframe><\/p>\n<p data-start=\"0\" data-end=\"769\">Mientras que artistas internacionales como <strong data-start=\"43\" data-end=\"58\">Nina Simone<\/strong> e <strong data-start=\"61\" data-end=\"73\">Iggy Pop<\/strong> eligieron interpretar su obra en franc\u00e9s, el car\u00e1cter universal del mensaje del gigante de S\u00e8te permiti\u00f3 que muchos de sus textos trascendieran las barreras del idioma. Existen versiones de sus canciones en <strong data-start=\"281\" data-end=\"293\">italiano<\/strong> (Fabrizio De Andr\u00e9), <strong data-start=\"315\" data-end=\"325\">hebreo<\/strong> (Yael Na\u00efm), <strong data-start=\"339\" data-end=\"350\">espa\u00f1ol<\/strong> (Paco Iba\u00f1ez, Loquillo), <strong data-start=\"376\" data-end=\"386\">alem\u00e1n<\/strong> (Franz Josef Degenhardt), <strong data-start=\"413\" data-end=\"423\">ingl\u00e9s<\/strong> (Jake Thackray, Graeme Allwright o el grupo jamaicano Black Uhuru), <strong data-start=\"492\" data-end=\"501\">fin\u00e9s<\/strong> (Tuula Amberla), <strong data-start=\"519\" data-end=\"529\">polaco<\/strong> (Justyna Bacz) y <strong data-start=\"547\" data-end=\"556\">sueco<\/strong> (Thorstein Bergman). Tambi\u00e9n se han adaptado al <strong data-start=\"605\" data-end=\"616\">japon\u00e9s<\/strong>, <strong data-start=\"618\" data-end=\"628\">griego<\/strong>, <strong data-start=\"630\" data-end=\"638\">ruso<\/strong>, <strong data-start=\"640\" data-end=\"653\">portugu\u00e9s<\/strong>, <strong data-start=\"655\" data-end=\"669\">neerland\u00e9s<\/strong>, <strong data-start=\"671\" data-end=\"680\">checo<\/strong>, y de forma a\u00fan m\u00e1s inesperada, al <strong data-start=\"716\" data-end=\"727\">catal\u00e1n<\/strong>, <strong data-start=\"729\" data-end=\"740\">cabilio<\/strong>, <strong data-start=\"742\" data-end=\"751\">corso<\/strong> y <strong data-start=\"754\" data-end=\"766\">occitano<\/strong>.<\/p>\n<p data-start=\"771\" data-end=\"982\" data-is-last-node=\"\" data-is-only-node=\"\">A trav\u00e9s de nuestra playlist <em data-start=\"800\" data-end=\"837\">\u201cGeorges Brassens Around The World\u201d<\/em>, <strong data-start=\"839\" data-end=\"858\">What The France<\/strong> te invita a (re)descubrir una selecci\u00f3n de sus grandes canciones, reinterpretadas por artistas franceses e internacionales.<\/p>\n<div class=\"playListBloc singleBloc\"><div class=\"playListBloc-wrap\">    <div class=\"thumbnail\"><img data-src=\"https:\/\/whatthefrance.org\/wp-content\/uploads\/2021\/10\/WTF-Cover-Themes_brassens-254x254.jpg\" class=\"lazyload\" alt=\"WTF&#8212;Cover-Th\u00e8mes_brassens\" \/>    <\/div>    <div class=\"infos\">        <span class=\"tag\">Themes<\/span>        <h2>Georges Brassens All Over The World<\/h2>        <span class=\"separator\"><\/span>       <span class=\"desc\">On October 22, 2021, we celebrate the 100th anniversary of Georges Brassens birth...<\/span><div class=\"share flex flexAlignCenter \">\t<span class=\"label\">Compartir<\/span>\t<a href=\"https:\/\/www.facebook.com\/sharer\/sharer.php?u=https:\/\/whatthefrance.org\/fr\/playlists\/georges-brassens-all-over-the-world\/\" class=\"facebook\" target=\"_blank\" rel=\"noreferrer\">Facebook<\/a>\t<a href=\"https:\/\/twitter.com\/intent\/tweet?url=https:\/\/whatthefrance.org\/fr\/playlists\/georges-brassens-all-over-the-world\/&text=Georges+Brassens+All+Over+The+World&hashtags=WTF\" class=\"twitter\" target=\"_blank\" rel=\"noreferrer\">Twitter<\/a>\t<a href=\"mailto:?subject=What%20the%20France%20%3A%20Georges%20Brassens%20All%20Over%20The%20World&body=https:\/\/whatthefrance.org\/fr\/playlists\/georges-brassens-all-over-the-world\/\" class=\"mail\" target=\"_blank\" rel=\"noreferrer\">Email<\/a><\/div>        <a href=\"#\" class=\"btn btnPlaylist orange playlist-click\" data-id=\"33833\">            <svg version=\"1.1\" x=\"0px\" y=\"0px\" width=\"40px\" height=\"40px\" viewBox=\"0 0 213.7 213.7\" enable-background=\"new 0 0 213.7 213.7\" xml:space=\"preserve\">                <polygon class=\"triangle\" fill=\"none\" stroke-width=\"10\" stroke-linecap=\"round\" stroke-linejoin=\"round\" stroke-miterlimit=\"10\" points=\"\n            73.5,62.5 148.5,105.8 73.5,149.1 \"\/>                <circle class=\"circle\" fill=\"none\"  stroke-width=\"8\" stroke-linecap=\"round\" stroke-linejoin=\"round\" stroke-miterlimit=\"10\" cx=\"106.8\" cy=\"106.8\" r=\"103.3\"\/>                <circle class=\"circle-white\" fill=\"none\"  stroke-width=\"8\" stroke-linecap=\"round\" stroke-linejoin=\"round\" stroke-miterlimit=\"10\" cx=\"106.8\" cy=\"106.8\" r=\"103.3\"\/>            <\/svg>Escuchar        <\/a>    <\/div>  <\/div><\/div>\n","protected":false},"excerpt":{"rendered":"<p>En este mes de octubre de 2025 celebramos el 104\u00ba aniversario del nacimiento del inolvidable Georges Brassens (22\/10\/1921 \u2013 29\/10\/1981), un brillante cantautor y guitarrista franc\u00e9s cuya obra ha trascendido generaciones y conquistado al mundo entero. Con cerca de veinte millones de discos vendidos en vida, dej\u00f3 un repertorio excepcional que marc\u00f3 su \u00e9poca y [&hellip;]<\/p>\n","protected":false},"author":52,"featured_media":0,"comment_status":"closed","ping_status":"closed","sticky":false,"template":"","format":"standard","meta":{"_acf_changed":false,"footnotes":""},"categories":[1969],"tags":[1928,1955],"class_list":["post-75308","post","type-post","status-publish","format-standard","hentry","category-video-es","tag-chanson-es","tag-variety-es"],"acf":[],"yoast_head":"<!-- This site is optimized with the Yoast SEO plugin v27.3 - https:\/\/yoast.com\/product\/yoast-seo-wordpress\/ -->\n<title>Georges Brassens | Un episodio in\u00e9dito de Once Upon a Song y una playlist exclusiva para celebrar el 104\u00ba aniversario de su nacimiento! - What the France<\/title>\n<meta name=\"robots\" content=\"index, follow, max-snippet:-1, max-image-preview:large, max-video-preview:-1\" \/>\n<link rel=\"canonical\" href=\"https:\/\/whatthefrance.org\/es\/georges-brassens-un-episode-inedit-de-once-upon-a-song-une-playlist-exclusive-pour-le-104eme-anniversaire-de-sa-naissance\/\" \/>\n<meta property=\"og:locale\" content=\"es_ES\" \/>\n<meta property=\"og:type\" content=\"article\" \/>\n<meta property=\"og:title\" content=\"Georges Brassens | Un episodio in\u00e9dito de Once Upon a Song y una playlist exclusiva para celebrar el 104\u00ba aniversario de su nacimiento! - What the France\" \/>\n<meta property=\"og:description\" content=\"En este mes de octubre de 2025 celebramos el 104\u00ba aniversario del nacimiento del inolvidable Georges Brassens (22\/10\/1921 \u2013 29\/10\/1981), un brillante cantautor y guitarrista franc\u00e9s cuya obra ha trascendido generaciones y conquistado al mundo entero. Con cerca de veinte millones de discos vendidos en vida, dej\u00f3 un repertorio excepcional que marc\u00f3 su \u00e9poca y [&hellip;]\" \/>\n<meta property=\"og:url\" content=\"https:\/\/whatthefrance.org\/es\/georges-brassens-un-episode-inedit-de-once-upon-a-song-une-playlist-exclusive-pour-le-104eme-anniversaire-de-sa-naissance\/\" \/>\n<meta property=\"og:site_name\" content=\"What the France\" \/>\n<meta property=\"article:published_time\" content=\"2025-10-22T15:45:59+00:00\" \/>\n<meta property=\"article:modified_time\" content=\"2026-01-22T16:13:37+00:00\" \/>\n<meta property=\"og:image\" content=\"https:\/\/whatthefrance.org\/wp-content\/uploads\/2025\/10\/banner-brassens-onceuponasong-1.jpg\" \/>\n\t<meta property=\"og:image:width\" content=\"1084\" \/>\n\t<meta property=\"og:image:height\" content=\"452\" \/>\n<meta name=\"author\" content=\"Aurelien Castello\" \/>\n<meta name=\"twitter:card\" content=\"summary_large_image\" \/>\n<meta name=\"twitter:label1\" content=\"Escrito por\" \/>\n\t<meta name=\"twitter:data1\" content=\"Aurelien Castello\" \/>\n\t<meta name=\"twitter:label2\" content=\"Tiempo de lectura\" \/>\n\t<meta name=\"twitter:data2\" content=\"2 minutos\" \/>\n<script type=\"application\/ld+json\" class=\"yoast-schema-graph\">{\"@context\":\"https:\\\/\\\/schema.org\",\"@graph\":[{\"@type\":\"Article\",\"@id\":\"https:\\\/\\\/whatthefrance.org\\\/es\\\/georges-brassens-un-episode-inedit-de-once-upon-a-song-une-playlist-exclusive-pour-le-104eme-anniversaire-de-sa-naissance\\\/#article\",\"isPartOf\":{\"@id\":\"https:\\\/\\\/whatthefrance.org\\\/es\\\/georges-brassens-un-episode-inedit-de-once-upon-a-song-une-playlist-exclusive-pour-le-104eme-anniversaire-de-sa-naissance\\\/\"},\"author\":{\"name\":\"Aurelien Castello\",\"@id\":\"https:\\\/\\\/whatthefrance.org\\\/es\\\/#\\\/schema\\\/person\\\/409f1eee0a2c94ed5ec0aa697e689d11\"},\"headline\":\"Georges Brassens | Un episodio in\u00e9dito de Once Upon a Song y una playlist exclusiva para celebrar el 104\u00ba aniversario de su nacimiento!\",\"datePublished\":\"2025-10-22T15:45:59+00:00\",\"dateModified\":\"2026-01-22T16:13:37+00:00\",\"mainEntityOfPage\":{\"@id\":\"https:\\\/\\\/whatthefrance.org\\\/es\\\/georges-brassens-un-episode-inedit-de-once-upon-a-song-une-playlist-exclusive-pour-le-104eme-anniversaire-de-sa-naissance\\\/\"},\"wordCount\":328,\"publisher\":{\"@id\":\"https:\\\/\\\/whatthefrance.org\\\/es\\\/#organization\"},\"keywords\":[\"Chanson\",\"Variety\"],\"articleSection\":[\"Video\"],\"inLanguage\":\"es\"},{\"@type\":\"WebPage\",\"@id\":\"https:\\\/\\\/whatthefrance.org\\\/es\\\/georges-brassens-un-episode-inedit-de-once-upon-a-song-une-playlist-exclusive-pour-le-104eme-anniversaire-de-sa-naissance\\\/\",\"url\":\"https:\\\/\\\/whatthefrance.org\\\/es\\\/georges-brassens-un-episode-inedit-de-once-upon-a-song-une-playlist-exclusive-pour-le-104eme-anniversaire-de-sa-naissance\\\/\",\"name\":\"Georges Brassens | Un episodio in\u00e9dito de Once Upon a Song y una playlist exclusiva para celebrar el 104\u00ba aniversario de su nacimiento! - What the France\",\"isPartOf\":{\"@id\":\"https:\\\/\\\/whatthefrance.org\\\/es\\\/#website\"},\"datePublished\":\"2025-10-22T15:45:59+00:00\",\"dateModified\":\"2026-01-22T16:13:37+00:00\",\"breadcrumb\":{\"@id\":\"https:\\\/\\\/whatthefrance.org\\\/es\\\/georges-brassens-un-episode-inedit-de-once-upon-a-song-une-playlist-exclusive-pour-le-104eme-anniversaire-de-sa-naissance\\\/#breadcrumb\"},\"inLanguage\":\"es\",\"potentialAction\":[{\"@type\":\"ReadAction\",\"target\":[\"https:\\\/\\\/whatthefrance.org\\\/es\\\/georges-brassens-un-episode-inedit-de-once-upon-a-song-une-playlist-exclusive-pour-le-104eme-anniversaire-de-sa-naissance\\\/\"]}]},{\"@type\":\"BreadcrumbList\",\"@id\":\"https:\\\/\\\/whatthefrance.org\\\/es\\\/georges-brassens-un-episode-inedit-de-once-upon-a-song-une-playlist-exclusive-pour-le-104eme-anniversaire-de-sa-naissance\\\/#breadcrumb\",\"itemListElement\":[{\"@type\":\"ListItem\",\"position\":1,\"name\":\"Home\",\"item\":\"https:\\\/\\\/whatthefrance.org\\\/es\\\/\"},{\"@type\":\"ListItem\",\"position\":2,\"name\":\"Georges Brassens | Un episodio in\u00e9dito de Once Upon a Song y una playlist exclusiva para celebrar el 104\u00ba aniversario de su nacimiento!\"}]},{\"@type\":\"WebSite\",\"@id\":\"https:\\\/\\\/whatthefrance.org\\\/es\\\/#website\",\"url\":\"https:\\\/\\\/whatthefrance.org\\\/es\\\/\",\"name\":\"What the France\",\"description\":\"The finest music made in France !\",\"publisher\":{\"@id\":\"https:\\\/\\\/whatthefrance.org\\\/es\\\/#organization\"},\"potentialAction\":[{\"@type\":\"SearchAction\",\"target\":{\"@type\":\"EntryPoint\",\"urlTemplate\":\"https:\\\/\\\/whatthefrance.org\\\/es\\\/?s={search_term_string}\"},\"query-input\":{\"@type\":\"PropertyValueSpecification\",\"valueRequired\":true,\"valueName\":\"search_term_string\"}}],\"inLanguage\":\"es\"},{\"@type\":\"Organization\",\"@id\":\"https:\\\/\\\/whatthefrance.org\\\/es\\\/#organization\",\"name\":\"What The France\",\"url\":\"https:\\\/\\\/whatthefrance.org\\\/es\\\/\",\"logo\":{\"@type\":\"ImageObject\",\"inLanguage\":\"es\",\"@id\":\"https:\\\/\\\/whatthefrance.org\\\/es\\\/#\\\/schema\\\/logo\\\/image\\\/\",\"url\":\"https:\\\/\\\/whatthefrance.org\\\/wp-content\\\/uploads\\\/2019\\\/12\\\/44688719_2251580388408837_694180218134331392_n-e1577679609190.png\",\"contentUrl\":\"https:\\\/\\\/whatthefrance.org\\\/wp-content\\\/uploads\\\/2019\\\/12\\\/44688719_2251580388408837_694180218134331392_n-e1577679609190.png\",\"width\":200,\"height\":200,\"caption\":\"What The France\"},\"image\":{\"@id\":\"https:\\\/\\\/whatthefrance.org\\\/es\\\/#\\\/schema\\\/logo\\\/image\\\/\"}},{\"@type\":\"Person\",\"@id\":\"https:\\\/\\\/whatthefrance.org\\\/es\\\/#\\\/schema\\\/person\\\/409f1eee0a2c94ed5ec0aa697e689d11\",\"name\":\"Aurelien Castello\",\"image\":{\"@type\":\"ImageObject\",\"inLanguage\":\"es\",\"@id\":\"https:\\\/\\\/secure.gravatar.com\\\/avatar\\\/a64e3c49e149502bc3920135147e21be7d3ce93fcb38ac6ca03da1ecdb178e19?s=96&d=mm&r=g\",\"url\":\"https:\\\/\\\/secure.gravatar.com\\\/avatar\\\/a64e3c49e149502bc3920135147e21be7d3ce93fcb38ac6ca03da1ecdb178e19?s=96&d=mm&r=g\",\"contentUrl\":\"https:\\\/\\\/secure.gravatar.com\\\/avatar\\\/a64e3c49e149502bc3920135147e21be7d3ce93fcb38ac6ca03da1ecdb178e19?s=96&d=mm&r=g\",\"caption\":\"Aurelien Castello\"}}]}<\/script>\n<!-- \/ Yoast SEO plugin. -->","yoast_head_json":{"title":"Georges Brassens | Un episodio in\u00e9dito de Once Upon a Song y una playlist exclusiva para celebrar el 104\u00ba aniversario de su nacimiento! - What the France","robots":{"index":"index","follow":"follow","max-snippet":"max-snippet:-1","max-image-preview":"max-image-preview:large","max-video-preview":"max-video-preview:-1"},"canonical":"https:\/\/whatthefrance.org\/es\/georges-brassens-un-episode-inedit-de-once-upon-a-song-une-playlist-exclusive-pour-le-104eme-anniversaire-de-sa-naissance\/","og_locale":"es_ES","og_type":"article","og_title":"Georges Brassens | Un episodio in\u00e9dito de Once Upon a Song y una playlist exclusiva para celebrar el 104\u00ba aniversario de su nacimiento! - What the France","og_description":"En este mes de octubre de 2025 celebramos el 104\u00ba aniversario del nacimiento del inolvidable Georges Brassens (22\/10\/1921 \u2013 29\/10\/1981), un brillante cantautor y guitarrista franc\u00e9s cuya obra ha trascendido generaciones y conquistado al mundo entero. Con cerca de veinte millones de discos vendidos en vida, dej\u00f3 un repertorio excepcional que marc\u00f3 su \u00e9poca y [&hellip;]","og_url":"https:\/\/whatthefrance.org\/es\/georges-brassens-un-episode-inedit-de-once-upon-a-song-une-playlist-exclusive-pour-le-104eme-anniversaire-de-sa-naissance\/","og_site_name":"What the France","article_published_time":"2025-10-22T15:45:59+00:00","article_modified_time":"2026-01-22T16:13:37+00:00","og_image":[{"url":"https:\/\/whatthefrance.org\/wp-content\/uploads\/2025\/10\/banner-brassens-onceuponasong-1.jpg","height":452,"width":1084,"type":""}],"author":"Aurelien Castello","twitter_card":"summary_large_image","twitter_misc":{"Escrito por":"Aurelien Castello","Tiempo de lectura":"2 minutos"},"schema":{"@context":"https:\/\/schema.org","@graph":[{"@type":"Article","@id":"https:\/\/whatthefrance.org\/es\/georges-brassens-un-episode-inedit-de-once-upon-a-song-une-playlist-exclusive-pour-le-104eme-anniversaire-de-sa-naissance\/#article","isPartOf":{"@id":"https:\/\/whatthefrance.org\/es\/georges-brassens-un-episode-inedit-de-once-upon-a-song-une-playlist-exclusive-pour-le-104eme-anniversaire-de-sa-naissance\/"},"author":{"name":"Aurelien Castello","@id":"https:\/\/whatthefrance.org\/es\/#\/schema\/person\/409f1eee0a2c94ed5ec0aa697e689d11"},"headline":"Georges Brassens | Un episodio in\u00e9dito de Once Upon a Song y una playlist exclusiva para celebrar el 104\u00ba aniversario de su nacimiento!","datePublished":"2025-10-22T15:45:59+00:00","dateModified":"2026-01-22T16:13:37+00:00","mainEntityOfPage":{"@id":"https:\/\/whatthefrance.org\/es\/georges-brassens-un-episode-inedit-de-once-upon-a-song-une-playlist-exclusive-pour-le-104eme-anniversaire-de-sa-naissance\/"},"wordCount":328,"publisher":{"@id":"https:\/\/whatthefrance.org\/es\/#organization"},"keywords":["Chanson","Variety"],"articleSection":["Video"],"inLanguage":"es"},{"@type":"WebPage","@id":"https:\/\/whatthefrance.org\/es\/georges-brassens-un-episode-inedit-de-once-upon-a-song-une-playlist-exclusive-pour-le-104eme-anniversaire-de-sa-naissance\/","url":"https:\/\/whatthefrance.org\/es\/georges-brassens-un-episode-inedit-de-once-upon-a-song-une-playlist-exclusive-pour-le-104eme-anniversaire-de-sa-naissance\/","name":"Georges Brassens | Un episodio in\u00e9dito de Once Upon a Song y una playlist exclusiva para celebrar el 104\u00ba aniversario de su nacimiento! - What the France","isPartOf":{"@id":"https:\/\/whatthefrance.org\/es\/#website"},"datePublished":"2025-10-22T15:45:59+00:00","dateModified":"2026-01-22T16:13:37+00:00","breadcrumb":{"@id":"https:\/\/whatthefrance.org\/es\/georges-brassens-un-episode-inedit-de-once-upon-a-song-une-playlist-exclusive-pour-le-104eme-anniversaire-de-sa-naissance\/#breadcrumb"},"inLanguage":"es","potentialAction":[{"@type":"ReadAction","target":["https:\/\/whatthefrance.org\/es\/georges-brassens-un-episode-inedit-de-once-upon-a-song-une-playlist-exclusive-pour-le-104eme-anniversaire-de-sa-naissance\/"]}]},{"@type":"BreadcrumbList","@id":"https:\/\/whatthefrance.org\/es\/georges-brassens-un-episode-inedit-de-once-upon-a-song-une-playlist-exclusive-pour-le-104eme-anniversaire-de-sa-naissance\/#breadcrumb","itemListElement":[{"@type":"ListItem","position":1,"name":"Home","item":"https:\/\/whatthefrance.org\/es\/"},{"@type":"ListItem","position":2,"name":"Georges Brassens | Un episodio in\u00e9dito de Once Upon a Song y una playlist exclusiva para celebrar el 104\u00ba aniversario de su nacimiento!"}]},{"@type":"WebSite","@id":"https:\/\/whatthefrance.org\/es\/#website","url":"https:\/\/whatthefrance.org\/es\/","name":"What the France","description":"The finest music made in France !","publisher":{"@id":"https:\/\/whatthefrance.org\/es\/#organization"},"potentialAction":[{"@type":"SearchAction","target":{"@type":"EntryPoint","urlTemplate":"https:\/\/whatthefrance.org\/es\/?s={search_term_string}"},"query-input":{"@type":"PropertyValueSpecification","valueRequired":true,"valueName":"search_term_string"}}],"inLanguage":"es"},{"@type":"Organization","@id":"https:\/\/whatthefrance.org\/es\/#organization","name":"What The France","url":"https:\/\/whatthefrance.org\/es\/","logo":{"@type":"ImageObject","inLanguage":"es","@id":"https:\/\/whatthefrance.org\/es\/#\/schema\/logo\/image\/","url":"https:\/\/whatthefrance.org\/wp-content\/uploads\/2019\/12\/44688719_2251580388408837_694180218134331392_n-e1577679609190.png","contentUrl":"https:\/\/whatthefrance.org\/wp-content\/uploads\/2019\/12\/44688719_2251580388408837_694180218134331392_n-e1577679609190.png","width":200,"height":200,"caption":"What The France"},"image":{"@id":"https:\/\/whatthefrance.org\/es\/#\/schema\/logo\/image\/"}},{"@type":"Person","@id":"https:\/\/whatthefrance.org\/es\/#\/schema\/person\/409f1eee0a2c94ed5ec0aa697e689d11","name":"Aurelien Castello","image":{"@type":"ImageObject","inLanguage":"es","@id":"https:\/\/secure.gravatar.com\/avatar\/a64e3c49e149502bc3920135147e21be7d3ce93fcb38ac6ca03da1ecdb178e19?s=96&d=mm&r=g","url":"https:\/\/secure.gravatar.com\/avatar\/a64e3c49e149502bc3920135147e21be7d3ce93fcb38ac6ca03da1ecdb178e19?s=96&d=mm&r=g","contentUrl":"https:\/\/secure.gravatar.com\/avatar\/a64e3c49e149502bc3920135147e21be7d3ce93fcb38ac6ca03da1ecdb178e19?s=96&d=mm&r=g","caption":"Aurelien Castello"}}]}},"_links":{"self":[{"href":"https:\/\/whatthefrance.org\/es\/wp-json\/wp\/v2\/posts\/75308","targetHints":{"allow":["GET"]}}],"collection":[{"href":"https:\/\/whatthefrance.org\/es\/wp-json\/wp\/v2\/posts"}],"about":[{"href":"https:\/\/whatthefrance.org\/es\/wp-json\/wp\/v2\/types\/post"}],"author":[{"embeddable":true,"href":"https:\/\/whatthefrance.org\/es\/wp-json\/wp\/v2\/users\/52"}],"replies":[{"embeddable":true,"href":"https:\/\/whatthefrance.org\/es\/wp-json\/wp\/v2\/comments?post=75308"}],"version-history":[{"count":3,"href":"https:\/\/whatthefrance.org\/es\/wp-json\/wp\/v2\/posts\/75308\/revisions"}],"predecessor-version":[{"id":75759,"href":"https:\/\/whatthefrance.org\/es\/wp-json\/wp\/v2\/posts\/75308\/revisions\/75759"}],"wp:attachment":[{"href":"https:\/\/whatthefrance.org\/es\/wp-json\/wp\/v2\/media?parent=75308"}],"wp:term":[{"taxonomy":"category","embeddable":true,"href":"https:\/\/whatthefrance.org\/es\/wp-json\/wp\/v2\/categories?post=75308"},{"taxonomy":"post_tag","embeddable":true,"href":"https:\/\/whatthefrance.org\/es\/wp-json\/wp\/v2\/tags?post=75308"}],"curies":[{"name":"wp","href":"https:\/\/api.w.org\/{rel}","templated":true}]}}