{"id":76177,"date":"2026-03-29T06:00:57","date_gmt":"2026-03-29T04:00:57","guid":{"rendered":"https:\/\/whatthefrance.org\/?p=76177"},"modified":"2026-03-30T10:46:47","modified_gmt":"2026-03-30T08:46:47","slug":"all-about-piano-la-playlist-de-la-journee-mondiale-du-piano-2","status":"publish","type":"post","link":"https:\/\/whatthefrance.org\/es\/all-about-piano-la-playlist-de-la-journee-mondiale-du-piano-2\/","title":{"rendered":"All About Piano | \u00a1La playlist del D\u00eda Mundial del Piano!"},"content":{"rendered":"<p class=\"elementtoproof\"><span lang=\"es-419\">Con motivo <b>del D\u00eda Mundial del Piano<\/b>, What the France rinde homenaje a esta fascinante caja negra, considerado como el rey de los instrumentos musicales. Ya sea solo, como acompa\u00f1amiento o destac\u00e1ndose en un concierto, el piano es una orquesta por s\u00ed misma y tiene algo con lo que so\u00f1ar.<\/span><\/p>\n<p class=\"elementtoproof\"><span lang=\"es-419\">\u00a0<\/span><\/p>\n<p class=\"elementtoproof\"><span lang=\"es-419\">La escuela francesa de piano es un g\u00e9nero en s\u00ed mismo: artistas como Ravel, Debussy o Satie, por nombrar solo algunos, se han distinguido por escribir obras importantes y adoradas, que son silbadas en todo el mundo. Ya sea con Satie y sus <i>Gymnop\u00e9dies<\/i>\u00a0o Debussy y su <i>Clair de Lune<\/i>; el piano nos transporta a otros mundos. Aunque tan solo sea un instrumento de percusi\u00f3n con martillos, es capaz de producir la mayor de las dulzuras. Y est\u00e1 en el centro de tanta m\u00fasica. Nos lleva hasta el horizonte y nos pasea por todos los campos est\u00e9ticos: desde la escritura cl\u00e1sica hasta la experimental, pasando por el jazz, donde tambi\u00e9n est\u00e1 en el coraz\u00f3n de todas las \u00abbandas\u00bb.<\/span><\/p>\n<p class=\"elementtoproof\"><span lang=\"es-419\">\u00a0<\/span><\/p>\n<p class=\"elementtoproof\"><span lang=\"es-419\">Nuestra playlist titulada \u201c<b>All About Piano<\/b>\u201d est\u00e1 dedicada a un vasto repertorio para piano que va desde Bach hasta algunas piezas de jazz, incluidas las \u00faltimas novedades. Interpretadas por los mejores pianistas franceses, o por producciones \u201cmade in France\u201d, todos los temas incluidos en la playlist destacan por una excelente ejecuci\u00f3n. En el programa de la edici\u00f3n de 2026, encontrar\u00e1 nuevas canciones de artistas como Sofiane Pamart, Vanessa Wagner, Maxence Cyrin, Anne Queff\u00e9lec, Alexandre Kantorow, Chlo\u00e9 Antoniotti, Baltimores, Lise De La Salle, Trio Wanderer, Sebastien Tellier, C\u00e9lim\u00e8ne Daudet, Edouard Ferlet, FKJ, Clintis, Vulax, Alban Claudin\u00a0o Koki Nakano.<\/span><\/p>\n<div class=\"playListBloc singleBloc\"><div class=\"playListBloc-wrap\">    <div class=\"thumbnail\"><img data-src=\"https:\/\/whatthefrance.org\/wp-content\/uploads\/2026\/03\/All_About_Piano-1-254x254.jpg\" class=\"lazyload\" alt=\"All_About_Piano\" \/>    <\/div>    <div class=\"infos\">        <span class=\"tag\">Themes<\/span>        <h2>All about Piano<\/h2>        <span class=\"separator\"><\/span>       <span class=\"desc\">D\u00e9couvrez la playlist \u00e0 l'occasion de la journ\u00e9e mondiale du Piano ! <\/span><div class=\"share flex flexAlignCenter \">\t<span class=\"label\">Compartir<\/span>\t<a href=\"https:\/\/www.facebook.com\/sharer\/sharer.php?u=https:\/\/whatthefrance.org\/fr\/playlists\/all-about-piano-2\/\" class=\"facebook\" target=\"_blank\" rel=\"noreferrer\">Facebook<\/a>\t<a href=\"https:\/\/twitter.com\/intent\/tweet?url=https:\/\/whatthefrance.org\/fr\/playlists\/all-about-piano-2\/&text=All+about+Piano&hashtags=WTF\" class=\"twitter\" target=\"_blank\" rel=\"noreferrer\">Twitter<\/a>\t<a href=\"mailto:?subject=What%20the%20France%20%3A%20All%20about%20Piano&body=https:\/\/whatthefrance.org\/fr\/playlists\/all-about-piano-2\/\" class=\"mail\" target=\"_blank\" rel=\"noreferrer\">Email<\/a><\/div>        <a href=\"#\" class=\"btn btnPlaylist orange playlist-click\" data-id=\"76168\">            <svg version=\"1.1\" x=\"0px\" y=\"0px\" width=\"40px\" height=\"40px\" viewBox=\"0 0 213.7 213.7\" enable-background=\"new 0 0 213.7 213.7\" xml:space=\"preserve\">                <polygon class=\"triangle\" fill=\"none\" stroke-width=\"10\" stroke-linecap=\"round\" stroke-linejoin=\"round\" stroke-miterlimit=\"10\" points=\"\n            73.5,62.5 148.5,105.8 73.5,149.1 \"\/>                <circle class=\"circle\" fill=\"none\"  stroke-width=\"8\" stroke-linecap=\"round\" stroke-linejoin=\"round\" stroke-miterlimit=\"10\" cx=\"106.8\" cy=\"106.8\" r=\"103.3\"\/>                <circle class=\"circle-white\" fill=\"none\"  stroke-width=\"8\" stroke-linecap=\"round\" stroke-linejoin=\"round\" stroke-miterlimit=\"10\" cx=\"106.8\" cy=\"106.8\" r=\"103.3\"\/>            <\/svg>Escuchar        <\/a>    <\/div>  <\/div><\/div>\n","protected":false},"excerpt":{"rendered":"<p>Con motivo del D\u00eda Mundial del Piano, What the France rinde homenaje a esta fascinante caja negra, considerado como el rey de los instrumentos musicales. Ya sea solo, como acompa\u00f1amiento o destac\u00e1ndose en un concierto, el piano es una orquesta por s\u00ed misma y tiene algo con lo que so\u00f1ar. \u00a0 La escuela francesa de [&hellip;]<\/p>\n","protected":false},"author":55,"featured_media":0,"comment_status":"open","ping_status":"open","sticky":false,"template":"","format":"standard","meta":{"_acf_changed":false,"footnotes":""},"categories":[1966],"tags":[],"class_list":["post-76177","post","type-post","status-publish","format-standard","hentry","category-playlist-es"],"acf":[],"yoast_head":"<!-- This site is optimized with the Yoast SEO plugin v27.3 - https:\/\/yoast.com\/product\/yoast-seo-wordpress\/ -->\n<title>All About Piano | \u00a1La playlist del D\u00eda Mundial del Piano! - What the France<\/title>\n<meta name=\"robots\" content=\"index, follow, max-snippet:-1, max-image-preview:large, max-video-preview:-1\" \/>\n<link rel=\"canonical\" href=\"https:\/\/whatthefrance.org\/es\/all-about-piano-la-playlist-de-la-journee-mondiale-du-piano-2\/\" \/>\n<meta property=\"og:locale\" content=\"es_ES\" \/>\n<meta property=\"og:type\" content=\"article\" \/>\n<meta property=\"og:title\" content=\"All About Piano | \u00a1La playlist del D\u00eda Mundial del Piano! - What the France\" \/>\n<meta property=\"og:description\" content=\"Con motivo del D\u00eda Mundial del Piano, What the France rinde homenaje a esta fascinante caja negra, considerado como el rey de los instrumentos musicales. Ya sea solo, como acompa\u00f1amiento o destac\u00e1ndose en un concierto, el piano es una orquesta por s\u00ed misma y tiene algo con lo que so\u00f1ar. \u00a0 La escuela francesa de [&hellip;]\" \/>\n<meta property=\"og:url\" content=\"https:\/\/whatthefrance.org\/es\/all-about-piano-la-playlist-de-la-journee-mondiale-du-piano-2\/\" \/>\n<meta property=\"og:site_name\" content=\"What the France\" \/>\n<meta property=\"article:published_time\" content=\"2026-03-29T04:00:57+00:00\" \/>\n<meta property=\"article:modified_time\" content=\"2026-03-30T08:46:47+00:00\" \/>\n<meta property=\"og:image\" content=\"https:\/\/whatthefrance.org\/wp-content\/uploads\/2026\/03\/Cover-Wordpress-Articles-5.png\" \/>\n\t<meta property=\"og:image:width\" content=\"1084\" \/>\n\t<meta property=\"og:image:height\" content=\"452\" \/>\n<meta name=\"author\" content=\"Clara Michaux\" \/>\n<meta name=\"twitter:card\" content=\"summary_large_image\" \/>\n<meta name=\"twitter:label1\" content=\"Escrito por\" \/>\n\t<meta name=\"twitter:data1\" content=\"Clara Michaux\" \/>\n\t<meta name=\"twitter:label2\" content=\"Tiempo de lectura\" \/>\n\t<meta name=\"twitter:data2\" content=\"2 minutos\" \/>\n<script type=\"application\/ld+json\" class=\"yoast-schema-graph\">{\"@context\":\"https:\\\/\\\/schema.org\",\"@graph\":[{\"@type\":\"Article\",\"@id\":\"https:\\\/\\\/whatthefrance.org\\\/es\\\/all-about-piano-la-playlist-de-la-journee-mondiale-du-piano-2\\\/#article\",\"isPartOf\":{\"@id\":\"https:\\\/\\\/whatthefrance.org\\\/es\\\/all-about-piano-la-playlist-de-la-journee-mondiale-du-piano-2\\\/\"},\"author\":{\"name\":\"Clara Michaux\",\"@id\":\"https:\\\/\\\/whatthefrance.org\\\/es\\\/#\\\/schema\\\/person\\\/c4ed8c9d5437561a49988084ecf8daa5\"},\"headline\":\"All About Piano | \u00a1La playlist del D\u00eda Mundial del Piano!\",\"datePublished\":\"2026-03-29T04:00:57+00:00\",\"dateModified\":\"2026-03-30T08:46:47+00:00\",\"mainEntityOfPage\":{\"@id\":\"https:\\\/\\\/whatthefrance.org\\\/es\\\/all-about-piano-la-playlist-de-la-journee-mondiale-du-piano-2\\\/\"},\"wordCount\":296,\"commentCount\":0,\"publisher\":{\"@id\":\"https:\\\/\\\/whatthefrance.org\\\/es\\\/#organization\"},\"articleSection\":[\"Playlist\"],\"inLanguage\":\"es\",\"potentialAction\":[{\"@type\":\"CommentAction\",\"name\":\"Comment\",\"target\":[\"https:\\\/\\\/whatthefrance.org\\\/es\\\/all-about-piano-la-playlist-de-la-journee-mondiale-du-piano-2\\\/#respond\"]}]},{\"@type\":\"WebPage\",\"@id\":\"https:\\\/\\\/whatthefrance.org\\\/es\\\/all-about-piano-la-playlist-de-la-journee-mondiale-du-piano-2\\\/\",\"url\":\"https:\\\/\\\/whatthefrance.org\\\/es\\\/all-about-piano-la-playlist-de-la-journee-mondiale-du-piano-2\\\/\",\"name\":\"All About Piano | \u00a1La playlist del D\u00eda Mundial del Piano! - What the France\",\"isPartOf\":{\"@id\":\"https:\\\/\\\/whatthefrance.org\\\/es\\\/#website\"},\"datePublished\":\"2026-03-29T04:00:57+00:00\",\"dateModified\":\"2026-03-30T08:46:47+00:00\",\"breadcrumb\":{\"@id\":\"https:\\\/\\\/whatthefrance.org\\\/es\\\/all-about-piano-la-playlist-de-la-journee-mondiale-du-piano-2\\\/#breadcrumb\"},\"inLanguage\":\"es\",\"potentialAction\":[{\"@type\":\"ReadAction\",\"target\":[\"https:\\\/\\\/whatthefrance.org\\\/es\\\/all-about-piano-la-playlist-de-la-journee-mondiale-du-piano-2\\\/\"]}]},{\"@type\":\"BreadcrumbList\",\"@id\":\"https:\\\/\\\/whatthefrance.org\\\/es\\\/all-about-piano-la-playlist-de-la-journee-mondiale-du-piano-2\\\/#breadcrumb\",\"itemListElement\":[{\"@type\":\"ListItem\",\"position\":1,\"name\":\"Home\",\"item\":\"https:\\\/\\\/whatthefrance.org\\\/es\\\/\"},{\"@type\":\"ListItem\",\"position\":2,\"name\":\"All About Piano | \u00a1La playlist del D\u00eda Mundial del Piano!\"}]},{\"@type\":\"WebSite\",\"@id\":\"https:\\\/\\\/whatthefrance.org\\\/es\\\/#website\",\"url\":\"https:\\\/\\\/whatthefrance.org\\\/es\\\/\",\"name\":\"What the France\",\"description\":\"The finest music made in France !\",\"publisher\":{\"@id\":\"https:\\\/\\\/whatthefrance.org\\\/es\\\/#organization\"},\"potentialAction\":[{\"@type\":\"SearchAction\",\"target\":{\"@type\":\"EntryPoint\",\"urlTemplate\":\"https:\\\/\\\/whatthefrance.org\\\/es\\\/?s={search_term_string}\"},\"query-input\":{\"@type\":\"PropertyValueSpecification\",\"valueRequired\":true,\"valueName\":\"search_term_string\"}}],\"inLanguage\":\"es\"},{\"@type\":\"Organization\",\"@id\":\"https:\\\/\\\/whatthefrance.org\\\/es\\\/#organization\",\"name\":\"What The France\",\"url\":\"https:\\\/\\\/whatthefrance.org\\\/es\\\/\",\"logo\":{\"@type\":\"ImageObject\",\"inLanguage\":\"es\",\"@id\":\"https:\\\/\\\/whatthefrance.org\\\/es\\\/#\\\/schema\\\/logo\\\/image\\\/\",\"url\":\"https:\\\/\\\/whatthefrance.org\\\/wp-content\\\/uploads\\\/2019\\\/12\\\/44688719_2251580388408837_694180218134331392_n-e1577679609190.png\",\"contentUrl\":\"https:\\\/\\\/whatthefrance.org\\\/wp-content\\\/uploads\\\/2019\\\/12\\\/44688719_2251580388408837_694180218134331392_n-e1577679609190.png\",\"width\":200,\"height\":200,\"caption\":\"What The France\"},\"image\":{\"@id\":\"https:\\\/\\\/whatthefrance.org\\\/es\\\/#\\\/schema\\\/logo\\\/image\\\/\"}},{\"@type\":\"Person\",\"@id\":\"https:\\\/\\\/whatthefrance.org\\\/es\\\/#\\\/schema\\\/person\\\/c4ed8c9d5437561a49988084ecf8daa5\",\"name\":\"Clara Michaux\",\"image\":{\"@type\":\"ImageObject\",\"inLanguage\":\"es\",\"@id\":\"https:\\\/\\\/secure.gravatar.com\\\/avatar\\\/69707c2ec31253389a6a4dcd657d8c6b8f55b4d2ac228e1bde9e8d7fccddfe21?s=96&d=mm&r=g\",\"url\":\"https:\\\/\\\/secure.gravatar.com\\\/avatar\\\/69707c2ec31253389a6a4dcd657d8c6b8f55b4d2ac228e1bde9e8d7fccddfe21?s=96&d=mm&r=g\",\"contentUrl\":\"https:\\\/\\\/secure.gravatar.com\\\/avatar\\\/69707c2ec31253389a6a4dcd657d8c6b8f55b4d2ac228e1bde9e8d7fccddfe21?s=96&d=mm&r=g\",\"caption\":\"Clara Michaux\"}}]}<\/script>\n<!-- \/ Yoast SEO plugin. -->","yoast_head_json":{"title":"All About Piano | \u00a1La playlist del D\u00eda Mundial del Piano! - What the France","robots":{"index":"index","follow":"follow","max-snippet":"max-snippet:-1","max-image-preview":"max-image-preview:large","max-video-preview":"max-video-preview:-1"},"canonical":"https:\/\/whatthefrance.org\/es\/all-about-piano-la-playlist-de-la-journee-mondiale-du-piano-2\/","og_locale":"es_ES","og_type":"article","og_title":"All About Piano | \u00a1La playlist del D\u00eda Mundial del Piano! - What the France","og_description":"Con motivo del D\u00eda Mundial del Piano, What the France rinde homenaje a esta fascinante caja negra, considerado como el rey de los instrumentos musicales. Ya sea solo, como acompa\u00f1amiento o destac\u00e1ndose en un concierto, el piano es una orquesta por s\u00ed misma y tiene algo con lo que so\u00f1ar. \u00a0 La escuela francesa de [&hellip;]","og_url":"https:\/\/whatthefrance.org\/es\/all-about-piano-la-playlist-de-la-journee-mondiale-du-piano-2\/","og_site_name":"What the France","article_published_time":"2026-03-29T04:00:57+00:00","article_modified_time":"2026-03-30T08:46:47+00:00","og_image":[{"url":"https:\/\/whatthefrance.org\/wp-content\/uploads\/2026\/03\/Cover-Wordpress-Articles-5.png","height":452,"width":1084,"type":""}],"author":"Clara Michaux","twitter_card":"summary_large_image","twitter_misc":{"Escrito por":"Clara Michaux","Tiempo de lectura":"2 minutos"},"schema":{"@context":"https:\/\/schema.org","@graph":[{"@type":"Article","@id":"https:\/\/whatthefrance.org\/es\/all-about-piano-la-playlist-de-la-journee-mondiale-du-piano-2\/#article","isPartOf":{"@id":"https:\/\/whatthefrance.org\/es\/all-about-piano-la-playlist-de-la-journee-mondiale-du-piano-2\/"},"author":{"name":"Clara Michaux","@id":"https:\/\/whatthefrance.org\/es\/#\/schema\/person\/c4ed8c9d5437561a49988084ecf8daa5"},"headline":"All About Piano | \u00a1La playlist del D\u00eda Mundial del Piano!","datePublished":"2026-03-29T04:00:57+00:00","dateModified":"2026-03-30T08:46:47+00:00","mainEntityOfPage":{"@id":"https:\/\/whatthefrance.org\/es\/all-about-piano-la-playlist-de-la-journee-mondiale-du-piano-2\/"},"wordCount":296,"commentCount":0,"publisher":{"@id":"https:\/\/whatthefrance.org\/es\/#organization"},"articleSection":["Playlist"],"inLanguage":"es","potentialAction":[{"@type":"CommentAction","name":"Comment","target":["https:\/\/whatthefrance.org\/es\/all-about-piano-la-playlist-de-la-journee-mondiale-du-piano-2\/#respond"]}]},{"@type":"WebPage","@id":"https:\/\/whatthefrance.org\/es\/all-about-piano-la-playlist-de-la-journee-mondiale-du-piano-2\/","url":"https:\/\/whatthefrance.org\/es\/all-about-piano-la-playlist-de-la-journee-mondiale-du-piano-2\/","name":"All About Piano | \u00a1La playlist del D\u00eda Mundial del Piano! - What the France","isPartOf":{"@id":"https:\/\/whatthefrance.org\/es\/#website"},"datePublished":"2026-03-29T04:00:57+00:00","dateModified":"2026-03-30T08:46:47+00:00","breadcrumb":{"@id":"https:\/\/whatthefrance.org\/es\/all-about-piano-la-playlist-de-la-journee-mondiale-du-piano-2\/#breadcrumb"},"inLanguage":"es","potentialAction":[{"@type":"ReadAction","target":["https:\/\/whatthefrance.org\/es\/all-about-piano-la-playlist-de-la-journee-mondiale-du-piano-2\/"]}]},{"@type":"BreadcrumbList","@id":"https:\/\/whatthefrance.org\/es\/all-about-piano-la-playlist-de-la-journee-mondiale-du-piano-2\/#breadcrumb","itemListElement":[{"@type":"ListItem","position":1,"name":"Home","item":"https:\/\/whatthefrance.org\/es\/"},{"@type":"ListItem","position":2,"name":"All About Piano | \u00a1La playlist del D\u00eda Mundial del Piano!"}]},{"@type":"WebSite","@id":"https:\/\/whatthefrance.org\/es\/#website","url":"https:\/\/whatthefrance.org\/es\/","name":"What the France","description":"The finest music made in France !","publisher":{"@id":"https:\/\/whatthefrance.org\/es\/#organization"},"potentialAction":[{"@type":"SearchAction","target":{"@type":"EntryPoint","urlTemplate":"https:\/\/whatthefrance.org\/es\/?s={search_term_string}"},"query-input":{"@type":"PropertyValueSpecification","valueRequired":true,"valueName":"search_term_string"}}],"inLanguage":"es"},{"@type":"Organization","@id":"https:\/\/whatthefrance.org\/es\/#organization","name":"What The France","url":"https:\/\/whatthefrance.org\/es\/","logo":{"@type":"ImageObject","inLanguage":"es","@id":"https:\/\/whatthefrance.org\/es\/#\/schema\/logo\/image\/","url":"https:\/\/whatthefrance.org\/wp-content\/uploads\/2019\/12\/44688719_2251580388408837_694180218134331392_n-e1577679609190.png","contentUrl":"https:\/\/whatthefrance.org\/wp-content\/uploads\/2019\/12\/44688719_2251580388408837_694180218134331392_n-e1577679609190.png","width":200,"height":200,"caption":"What The France"},"image":{"@id":"https:\/\/whatthefrance.org\/es\/#\/schema\/logo\/image\/"}},{"@type":"Person","@id":"https:\/\/whatthefrance.org\/es\/#\/schema\/person\/c4ed8c9d5437561a49988084ecf8daa5","name":"Clara Michaux","image":{"@type":"ImageObject","inLanguage":"es","@id":"https:\/\/secure.gravatar.com\/avatar\/69707c2ec31253389a6a4dcd657d8c6b8f55b4d2ac228e1bde9e8d7fccddfe21?s=96&d=mm&r=g","url":"https:\/\/secure.gravatar.com\/avatar\/69707c2ec31253389a6a4dcd657d8c6b8f55b4d2ac228e1bde9e8d7fccddfe21?s=96&d=mm&r=g","contentUrl":"https:\/\/secure.gravatar.com\/avatar\/69707c2ec31253389a6a4dcd657d8c6b8f55b4d2ac228e1bde9e8d7fccddfe21?s=96&d=mm&r=g","caption":"Clara Michaux"}}]}},"_links":{"self":[{"href":"https:\/\/whatthefrance.org\/es\/wp-json\/wp\/v2\/posts\/76177","targetHints":{"allow":["GET"]}}],"collection":[{"href":"https:\/\/whatthefrance.org\/es\/wp-json\/wp\/v2\/posts"}],"about":[{"href":"https:\/\/whatthefrance.org\/es\/wp-json\/wp\/v2\/types\/post"}],"author":[{"embeddable":true,"href":"https:\/\/whatthefrance.org\/es\/wp-json\/wp\/v2\/users\/55"}],"replies":[{"embeddable":true,"href":"https:\/\/whatthefrance.org\/es\/wp-json\/wp\/v2\/comments?post=76177"}],"version-history":[{"count":2,"href":"https:\/\/whatthefrance.org\/es\/wp-json\/wp\/v2\/posts\/76177\/revisions"}],"predecessor-version":[{"id":76205,"href":"https:\/\/whatthefrance.org\/es\/wp-json\/wp\/v2\/posts\/76177\/revisions\/76205"}],"wp:attachment":[{"href":"https:\/\/whatthefrance.org\/es\/wp-json\/wp\/v2\/media?parent=76177"}],"wp:term":[{"taxonomy":"category","embeddable":true,"href":"https:\/\/whatthefrance.org\/es\/wp-json\/wp\/v2\/categories?post=76177"},{"taxonomy":"post_tag","embeddable":true,"href":"https:\/\/whatthefrance.org\/es\/wp-json\/wp\/v2\/tags?post=76177"}],"curies":[{"name":"wp","href":"https:\/\/api.w.org\/{rel}","templated":true}]}}